{"id":167059,"date":"2026-03-02T14:15:12","date_gmt":"2026-03-02T19:15:12","guid":{"rendered":"https:\/\/graziamagazine.com\/mx\/?post_type=articles&#038;p=167059"},"modified":"2026-03-02T14:19:08","modified_gmt":"2026-03-02T19:19:08","slug":"co-fall-2026-paris-fashion-week","status":"publish","type":"articles","link":"https:\/\/graziamagazine.com\/mx\/articles\/co-fall-2026-paris-fashion-week\/","title":{"rendered":"CO Fall 2026 Paris Fashion Week"},"content":{"rendered":"<p data-path-to-node=\"2\">La temporada de moda en Par\u00eds siempre nos regala momentos de absoluta reflexi\u00f3n est\u00e9tica, y la reciente presentaci\u00f3n de la marca CO no fue la excepci\u00f3n. Bajo un aura de quietud y refinamiento, la colecci\u00f3n se consolid\u00f3 como un referente de lo que significa el lujo contempor\u00e1neo.<\/p>\n<p data-path-to-node=\"2\">Las prendas expuestas no gritan para llamar la atenci\u00f3n; por el contrario, susurran a trav\u00e9s de una calidad impecable y una arquitectura que favorece la silueta femenina con una naturalidad asombrosa.<\/p>\n<h3 data-path-to-node=\"3\">La sastrer\u00eda impecable<\/h3>\n<div class=\"content-gallery\"><div class=\"gallery-placeholder\"><div class=\"spinner\"><\/div><\/div><span class=\"gallery-pagination\"><\/span><div id=\"gallery-1\" class=\"gallery galleryid-167059 gallery-columns- gallery-size-\"><figure class=\"gallery-item\"><div class=\"gallery-icon landscape\"><img loading=\"lazy\" decoding=\"async\" width=\"922\" height=\"1396\" src=\"https:\/\/graziamagazine.com\/mx\/wp-content\/uploads\/sites\/13\/2026\/03\/Captura-de-Pantalla-2026-03-02-a-las-13.10.05.png\" class=\"lazy\" alt=\"\" srcset=\"https:\/\/graziamagazine.com\/mx\/wp-content\/uploads\/sites\/13\/2026\/03\/Captura-de-Pantalla-2026-03-02-a-las-13.10.05.png 922w, https:\/\/graziamagazine.com\/mx\/wp-content\/uploads\/sites\/13\/2026\/03\/Captura-de-Pantalla-2026-03-02-a-las-13.10.05-297x450.png 297w, https:\/\/graziamagazine.com\/mx\/wp-content\/uploads\/sites\/13\/2026\/03\/Captura-de-Pantalla-2026-03-02-a-las-13.10.05-676x1024.png 676w, https:\/\/graziamagazine.com\/mx\/wp-content\/uploads\/sites\/13\/2026\/03\/Captura-de-Pantalla-2026-03-02-a-las-13.10.05-768x1163.png 768w, https:\/\/graziamagazine.com\/mx\/wp-content\/uploads\/sites\/13\/2026\/03\/Captura-de-Pantalla-2026-03-02-a-las-13.10.05-400x606.png 400w, https:\/\/graziamagazine.com\/mx\/wp-content\/uploads\/sites\/13\/2026\/03\/Captura-de-Pantalla-2026-03-02-a-las-13.10.05-142x215.png 142w\" sizes=\"(max-width: 922px) 100vw, 922px\" \/><\/div><\/figure><figure class=\"gallery-item\"><div class=\"gallery-icon landscape\"><img loading=\"lazy\" decoding=\"async\" width=\"922\" height=\"1396\" src=\"https:\/\/graziamagazine.com\/mx\/wp-content\/uploads\/sites\/13\/2026\/03\/Captura-de-Pantalla-2026-03-02-a-las-13.10.07.png\" class=\"lazy\" alt=\"\" srcset=\"https:\/\/graziamagazine.com\/mx\/wp-content\/uploads\/sites\/13\/2026\/03\/Captura-de-Pantalla-2026-03-02-a-las-13.10.07.png 922w, https:\/\/graziamagazine.com\/mx\/wp-content\/uploads\/sites\/13\/2026\/03\/Captura-de-Pantalla-2026-03-02-a-las-13.10.07-297x450.png 297w, https:\/\/graziamagazine.com\/mx\/wp-content\/uploads\/sites\/13\/2026\/03\/Captura-de-Pantalla-2026-03-02-a-las-13.10.07-676x1024.png 676w, https:\/\/graziamagazine.com\/mx\/wp-content\/uploads\/sites\/13\/2026\/03\/Captura-de-Pantalla-2026-03-02-a-las-13.10.07-768x1163.png 768w, https:\/\/graziamagazine.com\/mx\/wp-content\/uploads\/sites\/13\/2026\/03\/Captura-de-Pantalla-2026-03-02-a-las-13.10.07-400x606.png 400w, https:\/\/graziamagazine.com\/mx\/wp-content\/uploads\/sites\/13\/2026\/03\/Captura-de-Pantalla-2026-03-02-a-las-13.10.07-142x215.png 142w\" sizes=\"(max-width: 922px) 100vw, 922px\" \/><\/div><\/figure><figure class=\"gallery-item\"><div class=\"gallery-icon landscape\"><img loading=\"lazy\" decoding=\"async\" width=\"922\" height=\"1396\" src=\"https:\/\/graziamagazine.com\/mx\/wp-content\/uploads\/sites\/13\/2026\/03\/Captura-de-Pantalla-2026-03-02-a-las-13.10.09.png\" class=\"lazy\" alt=\"\" srcset=\"https:\/\/graziamagazine.com\/mx\/wp-content\/uploads\/sites\/13\/2026\/03\/Captura-de-Pantalla-2026-03-02-a-las-13.10.09.png 922w, https:\/\/graziamagazine.com\/mx\/wp-content\/uploads\/sites\/13\/2026\/03\/Captura-de-Pantalla-2026-03-02-a-las-13.10.09-297x450.png 297w, https:\/\/graziamagazine.com\/mx\/wp-content\/uploads\/sites\/13\/2026\/03\/Captura-de-Pantalla-2026-03-02-a-las-13.10.09-676x1024.png 676w, https:\/\/graziamagazine.com\/mx\/wp-content\/uploads\/sites\/13\/2026\/03\/Captura-de-Pantalla-2026-03-02-a-las-13.10.09-768x1163.png 768w, https:\/\/graziamagazine.com\/mx\/wp-content\/uploads\/sites\/13\/2026\/03\/Captura-de-Pantalla-2026-03-02-a-las-13.10.09-400x606.png 400w, https:\/\/graziamagazine.com\/mx\/wp-content\/uploads\/sites\/13\/2026\/03\/Captura-de-Pantalla-2026-03-02-a-las-13.10.09-142x215.png 142w\" sizes=\"(max-width: 922px) 100vw, 922px\" \/><\/div><\/figure><figure class=\"gallery-item\"><div class=\"gallery-icon landscape\"><img loading=\"lazy\" decoding=\"async\" width=\"922\" height=\"1396\" src=\"https:\/\/graziamagazine.com\/mx\/wp-content\/uploads\/sites\/13\/2026\/03\/Captura-de-Pantalla-2026-03-02-a-las-13.10.10.png\" class=\"lazy\" alt=\"\" srcset=\"https:\/\/graziamagazine.com\/mx\/wp-content\/uploads\/sites\/13\/2026\/03\/Captura-de-Pantalla-2026-03-02-a-las-13.10.10.png 922w, https:\/\/graziamagazine.com\/mx\/wp-content\/uploads\/sites\/13\/2026\/03\/Captura-de-Pantalla-2026-03-02-a-las-13.10.10-297x450.png 297w, https:\/\/graziamagazine.com\/mx\/wp-content\/uploads\/sites\/13\/2026\/03\/Captura-de-Pantalla-2026-03-02-a-las-13.10.10-676x1024.png 676w, https:\/\/graziamagazine.com\/mx\/wp-content\/uploads\/sites\/13\/2026\/03\/Captura-de-Pantalla-2026-03-02-a-las-13.10.10-768x1163.png 768w, https:\/\/graziamagazine.com\/mx\/wp-content\/uploads\/sites\/13\/2026\/03\/Captura-de-Pantalla-2026-03-02-a-las-13.10.10-400x606.png 400w, https:\/\/graziamagazine.com\/mx\/wp-content\/uploads\/sites\/13\/2026\/03\/Captura-de-Pantalla-2026-03-02-a-las-13.10.10-142x215.png 142w\" sizes=\"(max-width: 922px) 100vw, 922px\" \/><\/div><\/figure><figure class=\"gallery-item\"><div class=\"gallery-icon landscape\"><img loading=\"lazy\" decoding=\"async\" width=\"922\" height=\"1396\" src=\"https:\/\/graziamagazine.com\/mx\/wp-content\/uploads\/sites\/13\/2026\/03\/Captura-de-Pantalla-2026-03-02-a-las-13.10.11.png\" class=\"lazy\" alt=\"\" srcset=\"https:\/\/graziamagazine.com\/mx\/wp-content\/uploads\/sites\/13\/2026\/03\/Captura-de-Pantalla-2026-03-02-a-las-13.10.11.png 922w, https:\/\/graziamagazine.com\/mx\/wp-content\/uploads\/sites\/13\/2026\/03\/Captura-de-Pantalla-2026-03-02-a-las-13.10.11-297x450.png 297w, https:\/\/graziamagazine.com\/mx\/wp-content\/uploads\/sites\/13\/2026\/03\/Captura-de-Pantalla-2026-03-02-a-las-13.10.11-676x1024.png 676w, https:\/\/graziamagazine.com\/mx\/wp-content\/uploads\/sites\/13\/2026\/03\/Captura-de-Pantalla-2026-03-02-a-las-13.10.11-768x1163.png 768w, https:\/\/graziamagazine.com\/mx\/wp-content\/uploads\/sites\/13\/2026\/03\/Captura-de-Pantalla-2026-03-02-a-las-13.10.11-400x606.png 400w, https:\/\/graziamagazine.com\/mx\/wp-content\/uploads\/sites\/13\/2026\/03\/Captura-de-Pantalla-2026-03-02-a-las-13.10.11-142x215.png 142w\" sizes=\"(max-width: 922px) 100vw, 922px\" \/><\/div><\/figure><\/div><\/div>\n<p data-path-to-node=\"4\">El desfile comenz\u00f3 con una serie de conjuntos que rinden homenaje al poder de la sastrer\u00eda. Vimos blazers de hombros estructurados, cortados con una precisi\u00f3n milim\u00e9trica que evoca la tradici\u00f3n de la alta costura pero con una ligereza moderna. La paleta crom\u00e1tica en tonos grises cenizos y carb\u00f3n permiti\u00f3 que el corte fuera el verdadero protagonista, logrando un equilibrio perfecto entre la formalidad de oficina y la versatilidad necesaria para el d\u00eda a d\u00eda.<\/p>\n<h3 data-path-to-node=\"5\">Volumen y superposici\u00f3n<\/h3>\n<div class=\"content-gallery\"><div class=\"gallery-placeholder\"><div class=\"spinner\"><\/div><\/div><span class=\"gallery-pagination\"><\/span><div id=\"gallery-2\" class=\"gallery galleryid-167059 gallery-columns- gallery-size-\"><figure class=\"gallery-item\"><div class=\"gallery-icon landscape\"><img loading=\"lazy\" decoding=\"async\" width=\"922\" height=\"1396\" src=\"https:\/\/graziamagazine.com\/mx\/wp-content\/uploads\/sites\/13\/2026\/03\/Captura-de-Pantalla-2026-03-02-a-las-13.10.12.png\" class=\"lazy\" alt=\"\" srcset=\"https:\/\/graziamagazine.com\/mx\/wp-content\/uploads\/sites\/13\/2026\/03\/Captura-de-Pantalla-2026-03-02-a-las-13.10.12.png 922w, https:\/\/graziamagazine.com\/mx\/wp-content\/uploads\/sites\/13\/2026\/03\/Captura-de-Pantalla-2026-03-02-a-las-13.10.12-297x450.png 297w, https:\/\/graziamagazine.com\/mx\/wp-content\/uploads\/sites\/13\/2026\/03\/Captura-de-Pantalla-2026-03-02-a-las-13.10.12-676x1024.png 676w, https:\/\/graziamagazine.com\/mx\/wp-content\/uploads\/sites\/13\/2026\/03\/Captura-de-Pantalla-2026-03-02-a-las-13.10.12-768x1163.png 768w, https:\/\/graziamagazine.com\/mx\/wp-content\/uploads\/sites\/13\/2026\/03\/Captura-de-Pantalla-2026-03-02-a-las-13.10.12-400x606.png 400w, https:\/\/graziamagazine.com\/mx\/wp-content\/uploads\/sites\/13\/2026\/03\/Captura-de-Pantalla-2026-03-02-a-las-13.10.12-142x215.png 142w\" sizes=\"(max-width: 922px) 100vw, 922px\" \/><\/div><\/figure><figure class=\"gallery-item\"><div class=\"gallery-icon landscape\"><img loading=\"lazy\" decoding=\"async\" width=\"922\" height=\"1396\" src=\"https:\/\/graziamagazine.com\/mx\/wp-content\/uploads\/sites\/13\/2026\/03\/Captura-de-Pantalla-2026-03-02-a-las-13.10.13.png\" class=\"lazy\" alt=\"\" srcset=\"https:\/\/graziamagazine.com\/mx\/wp-content\/uploads\/sites\/13\/2026\/03\/Captura-de-Pantalla-2026-03-02-a-las-13.10.13.png 922w, https:\/\/graziamagazine.com\/mx\/wp-content\/uploads\/sites\/13\/2026\/03\/Captura-de-Pantalla-2026-03-02-a-las-13.10.13-297x450.png 297w, https:\/\/graziamagazine.com\/mx\/wp-content\/uploads\/sites\/13\/2026\/03\/Captura-de-Pantalla-2026-03-02-a-las-13.10.13-676x1024.png 676w, https:\/\/graziamagazine.com\/mx\/wp-content\/uploads\/sites\/13\/2026\/03\/Captura-de-Pantalla-2026-03-02-a-las-13.10.13-768x1163.png 768w, https:\/\/graziamagazine.com\/mx\/wp-content\/uploads\/sites\/13\/2026\/03\/Captura-de-Pantalla-2026-03-02-a-las-13.10.13-400x606.png 400w, https:\/\/graziamagazine.com\/mx\/wp-content\/uploads\/sites\/13\/2026\/03\/Captura-de-Pantalla-2026-03-02-a-las-13.10.13-142x215.png 142w\" sizes=\"(max-width: 922px) 100vw, 922px\" \/><\/div><\/figure><figure class=\"gallery-item\"><div class=\"gallery-icon landscape\"><img loading=\"lazy\" decoding=\"async\" width=\"922\" height=\"1396\" src=\"https:\/\/graziamagazine.com\/mx\/wp-content\/uploads\/sites\/13\/2026\/03\/Captura-de-Pantalla-2026-03-02-a-las-13.10.14.png\" class=\"lazy\" alt=\"\" srcset=\"https:\/\/graziamagazine.com\/mx\/wp-content\/uploads\/sites\/13\/2026\/03\/Captura-de-Pantalla-2026-03-02-a-las-13.10.14.png 922w, https:\/\/graziamagazine.com\/mx\/wp-content\/uploads\/sites\/13\/2026\/03\/Captura-de-Pantalla-2026-03-02-a-las-13.10.14-297x450.png 297w, https:\/\/graziamagazine.com\/mx\/wp-content\/uploads\/sites\/13\/2026\/03\/Captura-de-Pantalla-2026-03-02-a-las-13.10.14-676x1024.png 676w, https:\/\/graziamagazine.com\/mx\/wp-content\/uploads\/sites\/13\/2026\/03\/Captura-de-Pantalla-2026-03-02-a-las-13.10.14-768x1163.png 768w, https:\/\/graziamagazine.com\/mx\/wp-content\/uploads\/sites\/13\/2026\/03\/Captura-de-Pantalla-2026-03-02-a-las-13.10.14-400x606.png 400w, https:\/\/graziamagazine.com\/mx\/wp-content\/uploads\/sites\/13\/2026\/03\/Captura-de-Pantalla-2026-03-02-a-las-13.10.14-142x215.png 142w\" sizes=\"(max-width: 922px) 100vw, 922px\" \/><\/div><\/figure><figure class=\"gallery-item\"><div class=\"gallery-icon landscape\"><img loading=\"lazy\" decoding=\"async\" width=\"922\" height=\"1396\" src=\"https:\/\/graziamagazine.com\/mx\/wp-content\/uploads\/sites\/13\/2026\/03\/Captura-de-Pantalla-2026-03-02-a-las-13.10.15.png\" class=\"lazy\" alt=\"\" srcset=\"https:\/\/graziamagazine.com\/mx\/wp-content\/uploads\/sites\/13\/2026\/03\/Captura-de-Pantalla-2026-03-02-a-las-13.10.15.png 922w, https:\/\/graziamagazine.com\/mx\/wp-content\/uploads\/sites\/13\/2026\/03\/Captura-de-Pantalla-2026-03-02-a-las-13.10.15-297x450.png 297w, https:\/\/graziamagazine.com\/mx\/wp-content\/uploads\/sites\/13\/2026\/03\/Captura-de-Pantalla-2026-03-02-a-las-13.10.15-676x1024.png 676w, https:\/\/graziamagazine.com\/mx\/wp-content\/uploads\/sites\/13\/2026\/03\/Captura-de-Pantalla-2026-03-02-a-las-13.10.15-768x1163.png 768w, https:\/\/graziamagazine.com\/mx\/wp-content\/uploads\/sites\/13\/2026\/03\/Captura-de-Pantalla-2026-03-02-a-las-13.10.15-400x606.png 400w, https:\/\/graziamagazine.com\/mx\/wp-content\/uploads\/sites\/13\/2026\/03\/Captura-de-Pantalla-2026-03-02-a-las-13.10.15-142x215.png 142w\" sizes=\"(max-width: 922px) 100vw, 922px\" \/><\/div><\/figure><figure class=\"gallery-item\"><div class=\"gallery-icon landscape\"><img loading=\"lazy\" decoding=\"async\" width=\"922\" height=\"1396\" src=\"https:\/\/graziamagazine.com\/mx\/wp-content\/uploads\/sites\/13\/2026\/03\/Captura-de-Pantalla-2026-03-02-a-las-13.10.16.png\" class=\"lazy\" alt=\"\" srcset=\"https:\/\/graziamagazine.com\/mx\/wp-content\/uploads\/sites\/13\/2026\/03\/Captura-de-Pantalla-2026-03-02-a-las-13.10.16.png 922w, https:\/\/graziamagazine.com\/mx\/wp-content\/uploads\/sites\/13\/2026\/03\/Captura-de-Pantalla-2026-03-02-a-las-13.10.16-297x450.png 297w, https:\/\/graziamagazine.com\/mx\/wp-content\/uploads\/sites\/13\/2026\/03\/Captura-de-Pantalla-2026-03-02-a-las-13.10.16-676x1024.png 676w, https:\/\/graziamagazine.com\/mx\/wp-content\/uploads\/sites\/13\/2026\/03\/Captura-de-Pantalla-2026-03-02-a-las-13.10.16-768x1163.png 768w, https:\/\/graziamagazine.com\/mx\/wp-content\/uploads\/sites\/13\/2026\/03\/Captura-de-Pantalla-2026-03-02-a-las-13.10.16-400x606.png 400w, https:\/\/graziamagazine.com\/mx\/wp-content\/uploads\/sites\/13\/2026\/03\/Captura-de-Pantalla-2026-03-02-a-las-13.10.16-142x215.png 142w\" sizes=\"(max-width: 922px) 100vw, 922px\" \/><\/div><\/figure><\/div><\/div>\n<p data-path-to-node=\"6\">A medida que avanzaba la colecci\u00f3n, las capas se convirtieron en el eje central. Abrigos de corte amplio, confeccionados en lanas suntuosas, se combinaban con piezas inferiores m\u00e1s ajustadas para jugar con las proporciones. La maestr\u00eda de la marca reside en su capacidad para superponer texturas sin a\u00f1adir peso visual, creando un efecto de profundidad que resulta fascinante. Es una oda al dise\u00f1o funcional donde cada elemento tiene una raz\u00f3n de ser.<\/p>\n<h3 data-path-to-node=\"7\">La audacia del color<\/h3>\n<div class=\"content-gallery\"><div class=\"gallery-placeholder\"><div class=\"spinner\"><\/div><\/div><span class=\"gallery-pagination\"><\/span><div id=\"gallery-3\" class=\"gallery galleryid-167059 gallery-columns- gallery-size-\"><figure class=\"gallery-item\"><div class=\"gallery-icon landscape\"><img loading=\"lazy\" decoding=\"async\" width=\"922\" height=\"1396\" src=\"https:\/\/graziamagazine.com\/mx\/wp-content\/uploads\/sites\/13\/2026\/03\/Captura-de-Pantalla-2026-03-02-a-las-13.10.26.png\" class=\"lazy\" alt=\"\" srcset=\"https:\/\/graziamagazine.com\/mx\/wp-content\/uploads\/sites\/13\/2026\/03\/Captura-de-Pantalla-2026-03-02-a-las-13.10.26.png 922w, https:\/\/graziamagazine.com\/mx\/wp-content\/uploads\/sites\/13\/2026\/03\/Captura-de-Pantalla-2026-03-02-a-las-13.10.26-297x450.png 297w, https:\/\/graziamagazine.com\/mx\/wp-content\/uploads\/sites\/13\/2026\/03\/Captura-de-Pantalla-2026-03-02-a-las-13.10.26-676x1024.png 676w, https:\/\/graziamagazine.com\/mx\/wp-content\/uploads\/sites\/13\/2026\/03\/Captura-de-Pantalla-2026-03-02-a-las-13.10.26-768x1163.png 768w, https:\/\/graziamagazine.com\/mx\/wp-content\/uploads\/sites\/13\/2026\/03\/Captura-de-Pantalla-2026-03-02-a-las-13.10.26-400x606.png 400w, https:\/\/graziamagazine.com\/mx\/wp-content\/uploads\/sites\/13\/2026\/03\/Captura-de-Pantalla-2026-03-02-a-las-13.10.26-142x215.png 142w\" sizes=\"(max-width: 922px) 100vw, 922px\" \/><\/div><\/figure><figure class=\"gallery-item\"><div class=\"gallery-icon landscape\"><img loading=\"lazy\" decoding=\"async\" width=\"922\" height=\"1396\" src=\"https:\/\/graziamagazine.com\/mx\/wp-content\/uploads\/sites\/13\/2026\/03\/Captura-de-Pantalla-2026-03-02-a-las-13.10.21.png\" class=\"lazy\" alt=\"\" srcset=\"https:\/\/graziamagazine.com\/mx\/wp-content\/uploads\/sites\/13\/2026\/03\/Captura-de-Pantalla-2026-03-02-a-las-13.10.21.png 922w, https:\/\/graziamagazine.com\/mx\/wp-content\/uploads\/sites\/13\/2026\/03\/Captura-de-Pantalla-2026-03-02-a-las-13.10.21-297x450.png 297w, https:\/\/graziamagazine.com\/mx\/wp-content\/uploads\/sites\/13\/2026\/03\/Captura-de-Pantalla-2026-03-02-a-las-13.10.21-676x1024.png 676w, https:\/\/graziamagazine.com\/mx\/wp-content\/uploads\/sites\/13\/2026\/03\/Captura-de-Pantalla-2026-03-02-a-las-13.10.21-768x1163.png 768w, https:\/\/graziamagazine.com\/mx\/wp-content\/uploads\/sites\/13\/2026\/03\/Captura-de-Pantalla-2026-03-02-a-las-13.10.21-400x606.png 400w, https:\/\/graziamagazine.com\/mx\/wp-content\/uploads\/sites\/13\/2026\/03\/Captura-de-Pantalla-2026-03-02-a-las-13.10.21-142x215.png 142w\" sizes=\"(max-width: 922px) 100vw, 922px\" \/><\/div><\/figure><figure class=\"gallery-item\"><div class=\"gallery-icon landscape\"><img loading=\"lazy\" decoding=\"async\" width=\"922\" height=\"1396\" src=\"https:\/\/graziamagazine.com\/mx\/wp-content\/uploads\/sites\/13\/2026\/03\/Captura-de-Pantalla-2026-03-02-a-las-13.10.17.png\" class=\"lazy\" alt=\"\" srcset=\"https:\/\/graziamagazine.com\/mx\/wp-content\/uploads\/sites\/13\/2026\/03\/Captura-de-Pantalla-2026-03-02-a-las-13.10.17.png 922w, https:\/\/graziamagazine.com\/mx\/wp-content\/uploads\/sites\/13\/2026\/03\/Captura-de-Pantalla-2026-03-02-a-las-13.10.17-297x450.png 297w, https:\/\/graziamagazine.com\/mx\/wp-content\/uploads\/sites\/13\/2026\/03\/Captura-de-Pantalla-2026-03-02-a-las-13.10.17-676x1024.png 676w, https:\/\/graziamagazine.com\/mx\/wp-content\/uploads\/sites\/13\/2026\/03\/Captura-de-Pantalla-2026-03-02-a-las-13.10.17-768x1163.png 768w, https:\/\/graziamagazine.com\/mx\/wp-content\/uploads\/sites\/13\/2026\/03\/Captura-de-Pantalla-2026-03-02-a-las-13.10.17-400x606.png 400w, https:\/\/graziamagazine.com\/mx\/wp-content\/uploads\/sites\/13\/2026\/03\/Captura-de-Pantalla-2026-03-02-a-las-13.10.17-142x215.png 142w\" sizes=\"(max-width: 922px) 100vw, 922px\" \/><\/div><\/figure><figure class=\"gallery-item\"><div class=\"gallery-icon landscape\"><img loading=\"lazy\" decoding=\"async\" width=\"922\" height=\"1396\" src=\"https:\/\/graziamagazine.com\/mx\/wp-content\/uploads\/sites\/13\/2026\/03\/Captura-de-Pantalla-2026-03-02-a-las-13.10.19.png\" class=\"lazy\" alt=\"\" srcset=\"https:\/\/graziamagazine.com\/mx\/wp-content\/uploads\/sites\/13\/2026\/03\/Captura-de-Pantalla-2026-03-02-a-las-13.10.19.png 922w, https:\/\/graziamagazine.com\/mx\/wp-content\/uploads\/sites\/13\/2026\/03\/Captura-de-Pantalla-2026-03-02-a-las-13.10.19-297x450.png 297w, https:\/\/graziamagazine.com\/mx\/wp-content\/uploads\/sites\/13\/2026\/03\/Captura-de-Pantalla-2026-03-02-a-las-13.10.19-676x1024.png 676w, https:\/\/graziamagazine.com\/mx\/wp-content\/uploads\/sites\/13\/2026\/03\/Captura-de-Pantalla-2026-03-02-a-las-13.10.19-768x1163.png 768w, https:\/\/graziamagazine.com\/mx\/wp-content\/uploads\/sites\/13\/2026\/03\/Captura-de-Pantalla-2026-03-02-a-las-13.10.19-400x606.png 400w, https:\/\/graziamagazine.com\/mx\/wp-content\/uploads\/sites\/13\/2026\/03\/Captura-de-Pantalla-2026-03-02-a-las-13.10.19-142x215.png 142w\" sizes=\"(max-width: 922px) 100vw, 922px\" \/><\/div><\/figure><figure class=\"gallery-item\"><div class=\"gallery-icon landscape\"><img loading=\"lazy\" decoding=\"async\" width=\"922\" height=\"1396\" src=\"https:\/\/graziamagazine.com\/mx\/wp-content\/uploads\/sites\/13\/2026\/03\/Captura-de-Pantalla-2026-03-02-a-las-13.10.20.png\" class=\"lazy\" alt=\"\" srcset=\"https:\/\/graziamagazine.com\/mx\/wp-content\/uploads\/sites\/13\/2026\/03\/Captura-de-Pantalla-2026-03-02-a-las-13.10.20.png 922w, https:\/\/graziamagazine.com\/mx\/wp-content\/uploads\/sites\/13\/2026\/03\/Captura-de-Pantalla-2026-03-02-a-las-13.10.20-297x450.png 297w, https:\/\/graziamagazine.com\/mx\/wp-content\/uploads\/sites\/13\/2026\/03\/Captura-de-Pantalla-2026-03-02-a-las-13.10.20-676x1024.png 676w, https:\/\/graziamagazine.com\/mx\/wp-content\/uploads\/sites\/13\/2026\/03\/Captura-de-Pantalla-2026-03-02-a-las-13.10.20-768x1163.png 768w, https:\/\/graziamagazine.com\/mx\/wp-content\/uploads\/sites\/13\/2026\/03\/Captura-de-Pantalla-2026-03-02-a-las-13.10.20-400x606.png 400w, https:\/\/graziamagazine.com\/mx\/wp-content\/uploads\/sites\/13\/2026\/03\/Captura-de-Pantalla-2026-03-02-a-las-13.10.20-142x215.png 142w\" sizes=\"(max-width: 922px) 100vw, 922px\" \/><\/div><\/figure><\/div><\/div>\n<p data-path-to-node=\"8\">Hacia el final de la presentaci\u00f3n, la paleta neutral se vio interrumpida por una pieza que captur\u00f3 todas las miradas. Un dise\u00f1o en cuero de un rojo vibrante rompi\u00f3 la hegemon\u00eda de los neutros, demostrando que CO tambi\u00e9n entiende el valor de la declaraci\u00f3n de estilo cuando se ejecuta con la contenci\u00f3n adecuada. Este look final no solo destac\u00f3 por su tonalidad, sino por c\u00f3mo el material se adaptaba al movimiento del cuerpo.<\/p>\n<h2 data-path-to-node=\"9\">Una visi\u00f3n hacia el futuro<\/h2>\n<div class=\"content-gallery\"><div class=\"gallery-placeholder\"><div class=\"spinner\"><\/div><\/div><span class=\"gallery-pagination\"><\/span><div id=\"gallery-4\" class=\"gallery galleryid-167059 gallery-columns- gallery-size-\"><figure class=\"gallery-item\"><div class=\"gallery-icon landscape\"><img loading=\"lazy\" decoding=\"async\" width=\"922\" height=\"1396\" src=\"https:\/\/graziamagazine.com\/mx\/wp-content\/uploads\/sites\/13\/2026\/03\/Captura-de-Pantalla-2026-03-02-a-las-13.10.22.png\" class=\"lazy\" alt=\"\" srcset=\"https:\/\/graziamagazine.com\/mx\/wp-content\/uploads\/sites\/13\/2026\/03\/Captura-de-Pantalla-2026-03-02-a-las-13.10.22.png 922w, https:\/\/graziamagazine.com\/mx\/wp-content\/uploads\/sites\/13\/2026\/03\/Captura-de-Pantalla-2026-03-02-a-las-13.10.22-297x450.png 297w, https:\/\/graziamagazine.com\/mx\/wp-content\/uploads\/sites\/13\/2026\/03\/Captura-de-Pantalla-2026-03-02-a-las-13.10.22-676x1024.png 676w, https:\/\/graziamagazine.com\/mx\/wp-content\/uploads\/sites\/13\/2026\/03\/Captura-de-Pantalla-2026-03-02-a-las-13.10.22-768x1163.png 768w, https:\/\/graziamagazine.com\/mx\/wp-content\/uploads\/sites\/13\/2026\/03\/Captura-de-Pantalla-2026-03-02-a-las-13.10.22-400x606.png 400w, https:\/\/graziamagazine.com\/mx\/wp-content\/uploads\/sites\/13\/2026\/03\/Captura-de-Pantalla-2026-03-02-a-las-13.10.22-142x215.png 142w\" sizes=\"(max-width: 922px) 100vw, 922px\" \/><\/div><\/figure><figure class=\"gallery-item\"><div class=\"gallery-icon landscape\"><img loading=\"lazy\" decoding=\"async\" width=\"922\" height=\"1396\" src=\"https:\/\/graziamagazine.com\/mx\/wp-content\/uploads\/sites\/13\/2026\/03\/Captura-de-Pantalla-2026-03-02-a-las-13.10.23.png\" class=\"lazy\" alt=\"\" srcset=\"https:\/\/graziamagazine.com\/mx\/wp-content\/uploads\/sites\/13\/2026\/03\/Captura-de-Pantalla-2026-03-02-a-las-13.10.23.png 922w, https:\/\/graziamagazine.com\/mx\/wp-content\/uploads\/sites\/13\/2026\/03\/Captura-de-Pantalla-2026-03-02-a-las-13.10.23-297x450.png 297w, https:\/\/graziamagazine.com\/mx\/wp-content\/uploads\/sites\/13\/2026\/03\/Captura-de-Pantalla-2026-03-02-a-las-13.10.23-676x1024.png 676w, https:\/\/graziamagazine.com\/mx\/wp-content\/uploads\/sites\/13\/2026\/03\/Captura-de-Pantalla-2026-03-02-a-las-13.10.23-768x1163.png 768w, https:\/\/graziamagazine.com\/mx\/wp-content\/uploads\/sites\/13\/2026\/03\/Captura-de-Pantalla-2026-03-02-a-las-13.10.23-400x606.png 400w, https:\/\/graziamagazine.com\/mx\/wp-content\/uploads\/sites\/13\/2026\/03\/Captura-de-Pantalla-2026-03-02-a-las-13.10.23-142x215.png 142w\" sizes=\"(max-width: 922px) 100vw, 922px\" \/><\/div><\/figure><figure class=\"gallery-item\"><div class=\"gallery-icon landscape\"><img loading=\"lazy\" decoding=\"async\" width=\"922\" height=\"1396\" src=\"https:\/\/graziamagazine.com\/mx\/wp-content\/uploads\/sites\/13\/2026\/03\/Captura-de-Pantalla-2026-03-02-a-las-13.10.24.png\" class=\"lazy\" alt=\"\" srcset=\"https:\/\/graziamagazine.com\/mx\/wp-content\/uploads\/sites\/13\/2026\/03\/Captura-de-Pantalla-2026-03-02-a-las-13.10.24.png 922w, https:\/\/graziamagazine.com\/mx\/wp-content\/uploads\/sites\/13\/2026\/03\/Captura-de-Pantalla-2026-03-02-a-las-13.10.24-297x450.png 297w, https:\/\/graziamagazine.com\/mx\/wp-content\/uploads\/sites\/13\/2026\/03\/Captura-de-Pantalla-2026-03-02-a-las-13.10.24-676x1024.png 676w, https:\/\/graziamagazine.com\/mx\/wp-content\/uploads\/sites\/13\/2026\/03\/Captura-de-Pantalla-2026-03-02-a-las-13.10.24-768x1163.png 768w, https:\/\/graziamagazine.com\/mx\/wp-content\/uploads\/sites\/13\/2026\/03\/Captura-de-Pantalla-2026-03-02-a-las-13.10.24-400x606.png 400w, https:\/\/graziamagazine.com\/mx\/wp-content\/uploads\/sites\/13\/2026\/03\/Captura-de-Pantalla-2026-03-02-a-las-13.10.24-142x215.png 142w\" sizes=\"(max-width: 922px) 100vw, 922px\" \/><\/div><\/figure><figure class=\"gallery-item\"><div class=\"gallery-icon landscape\"><img loading=\"lazy\" decoding=\"async\" width=\"922\" height=\"1396\" src=\"https:\/\/graziamagazine.com\/mx\/wp-content\/uploads\/sites\/13\/2026\/03\/Captura-de-Pantalla-2026-03-02-a-las-13.10.25.png\" class=\"lazy\" alt=\"\" srcset=\"https:\/\/graziamagazine.com\/mx\/wp-content\/uploads\/sites\/13\/2026\/03\/Captura-de-Pantalla-2026-03-02-a-las-13.10.25.png 922w, https:\/\/graziamagazine.com\/mx\/wp-content\/uploads\/sites\/13\/2026\/03\/Captura-de-Pantalla-2026-03-02-a-las-13.10.25-297x450.png 297w, https:\/\/graziamagazine.com\/mx\/wp-content\/uploads\/sites\/13\/2026\/03\/Captura-de-Pantalla-2026-03-02-a-las-13.10.25-676x1024.png 676w, https:\/\/graziamagazine.com\/mx\/wp-content\/uploads\/sites\/13\/2026\/03\/Captura-de-Pantalla-2026-03-02-a-las-13.10.25-768x1163.png 768w, https:\/\/graziamagazine.com\/mx\/wp-content\/uploads\/sites\/13\/2026\/03\/Captura-de-Pantalla-2026-03-02-a-las-13.10.25-400x606.png 400w, https:\/\/graziamagazine.com\/mx\/wp-content\/uploads\/sites\/13\/2026\/03\/Captura-de-Pantalla-2026-03-02-a-las-13.10.25-142x215.png 142w\" sizes=\"(max-width: 922px) 100vw, 922px\" \/><\/div><\/figure><\/div><\/div>\n<p data-path-to-node=\"10\">El cierre de este desfile nos deja una lecci\u00f3n clara sobre el estado de la industria. La moda no necesita excesos para ser memorable. Al enfocarse en materiales nobles y una construcci\u00f3n impecable, la firma reafirma su posici\u00f3n como un pilar del estilo sofisticado.<\/p>\n<p data-path-to-node=\"11\"><em><strong>*IMAGEN: Google Images<\/strong><\/em><\/p>\n","protected":false},"author":28953,"featured_media":167060,"template":"","format":"standard","categories":[4],"acf":[],"yoast_head":"<!-- This site is optimized with the Yoast SEO Premium plugin v18.5 (Yoast SEO v20.4) - https:\/\/yoast.com\/wordpress\/plugins\/seo\/ -->\n<title>CO Fall 2026 Paris Fashion Week | Grazia M\u00e9xico y Latinoam\u00e9rica<\/title>\n<meta name=\"description\" content=\"La temporada de moda en Par\u00eds siempre nos regala momentos de absoluta reflexi\u00f3n est\u00e9tica, y la reciente presentaci\u00f3n de la marca CO no fue la excepci\u00f3n.\" \/>\n<meta name=\"robots\" content=\"index, follow, max-snippet:-1, max-image-preview:large, max-video-preview:-1\" \/>\n<link rel=\"canonical\" href=\"https:\/\/graziamagazine.com\/mx\/articles\/co-fall-2026-paris-fashion-week\/\" \/>\n<meta property=\"og:locale\" content=\"es_MX\" \/>\n<meta property=\"og:type\" content=\"article\" \/>\n<meta property=\"og:title\" content=\"CO Fall 2026 Paris Fashion Week\" \/>\n<meta property=\"og:description\" content=\"La temporada de moda en Par\u00eds siempre nos regala momentos de absoluta reflexi\u00f3n est\u00e9tica, y la reciente presentaci\u00f3n de la marca CO no fue la excepci\u00f3n.\" \/>\n<meta property=\"og:url\" content=\"https:\/\/graziamagazine.com\/mx\/articles\/co-fall-2026-paris-fashion-week\/\" \/>\n<meta property=\"og:site_name\" content=\"Grazia M\u00e9xico y Latinoam\u00e9rica\" \/>\n<meta property=\"article:modified_time\" content=\"2026-03-02T19:19:08+00:00\" \/>\n<meta property=\"og:image\" content=\"https:\/\/graziamagazine.com\/mx\/wp-content\/uploads\/sites\/13\/2026\/03\/Captura-de-Pantalla-2026-03-02-a-las-13.10.02-e1772479001772.png\" \/>\n\t<meta property=\"og:image:width\" content=\"919\" \/>\n\t<meta property=\"og:image:height\" content=\"649\" \/>\n\t<meta property=\"og:image:type\" content=\"image\/png\" \/>\n<meta name=\"twitter:card\" content=\"summary_large_image\" \/>\n<meta name=\"twitter:label1\" content=\"Est. reading time\" \/>\n\t<meta name=\"twitter:data1\" content=\"2 minutos\" \/>\n<script type=\"application\/ld+json\" class=\"yoast-schema-graph\">{\"@context\":\"https:\/\/schema.org\",\"@graph\":[{\"@type\":\"WebPage\",\"@id\":\"https:\/\/graziamagazine.com\/mx\/articles\/co-fall-2026-paris-fashion-week\/\",\"url\":\"https:\/\/graziamagazine.com\/mx\/articles\/co-fall-2026-paris-fashion-week\/\",\"name\":\"CO Fall 2026 Paris Fashion Week | Grazia M\u00e9xico y Latinoam\u00e9rica\",\"isPartOf\":{\"@id\":\"https:\/\/graziamagazine.com\/mx\/#website\"},\"datePublished\":\"2026-03-02T19:15:12+00:00\",\"dateModified\":\"2026-03-02T19:19:08+00:00\",\"description\":\"La temporada de moda en Par\u00eds siempre nos regala momentos de absoluta reflexi\u00f3n est\u00e9tica, y la reciente presentaci\u00f3n de la marca CO no fue la excepci\u00f3n.\",\"breadcrumb\":{\"@id\":\"https:\/\/graziamagazine.com\/mx\/articles\/co-fall-2026-paris-fashion-week\/#breadcrumb\"},\"inLanguage\":\"es-MX\",\"potentialAction\":[{\"@type\":\"ReadAction\",\"target\":[\"https:\/\/graziamagazine.com\/mx\/articles\/co-fall-2026-paris-fashion-week\/\"]}]},{\"@type\":\"BreadcrumbList\",\"@id\":\"https:\/\/graziamagazine.com\/mx\/articles\/co-fall-2026-paris-fashion-week\/#breadcrumb\",\"itemListElement\":[{\"@type\":\"ListItem\",\"position\":1,\"name\":\"Home\",\"item\":\"https:\/\/graziamagazine.com\/mx\/\"},{\"@type\":\"ListItem\",\"position\":2,\"name\":\"CO Fall 2026 Paris Fashion Week\"}]},{\"@type\":\"WebSite\",\"@id\":\"https:\/\/graziamagazine.com\/mx\/#website\",\"url\":\"https:\/\/graziamagazine.com\/mx\/\",\"name\":\"Grazia M\u00e9xico y Latinoam\u00e9rica\",\"description\":\"Grazia es moda, belleza y noticias  de actualidad \",\"potentialAction\":[{\"@type\":\"SearchAction\",\"target\":{\"@type\":\"EntryPoint\",\"urlTemplate\":\"https:\/\/graziamagazine.com\/mx\/?s={search_term_string}\"},\"query-input\":\"required name=search_term_string\"}],\"inLanguage\":\"es-MX\"}]}<\/script>\n<!-- \/ Yoast SEO Premium plugin. -->","yoast_head_json":{"title":"CO Fall 2026 Paris Fashion Week | Grazia M\u00e9xico y Latinoam\u00e9rica","description":"La temporada de moda en Par\u00eds siempre nos regala momentos de absoluta reflexi\u00f3n est\u00e9tica, y la reciente presentaci\u00f3n de la marca CO no fue la excepci\u00f3n.","robots":{"index":"index","follow":"follow","max-snippet":"max-snippet:-1","max-image-preview":"max-image-preview:large","max-video-preview":"max-video-preview:-1"},"canonical":"https:\/\/graziamagazine.com\/mx\/articles\/co-fall-2026-paris-fashion-week\/","og_locale":"es_MX","og_type":"article","og_title":"CO Fall 2026 Paris Fashion Week","og_description":"La temporada de moda en Par\u00eds siempre nos regala momentos de absoluta reflexi\u00f3n est\u00e9tica, y la reciente presentaci\u00f3n de la marca CO no fue la excepci\u00f3n.","og_url":"https:\/\/graziamagazine.com\/mx\/articles\/co-fall-2026-paris-fashion-week\/","og_site_name":"Grazia M\u00e9xico y Latinoam\u00e9rica","article_modified_time":"2026-03-02T19:19:08+00:00","og_image":[{"width":919,"height":649,"url":"https:\/\/graziamagazine.com\/mx\/wp-content\/uploads\/sites\/13\/2026\/03\/Captura-de-Pantalla-2026-03-02-a-las-13.10.02-e1772479001772.png","type":"image\/png"}],"twitter_card":"summary_large_image","twitter_misc":{"Est. reading time":"2 minutos"},"schema":{"@context":"https:\/\/schema.org","@graph":[{"@type":"WebPage","@id":"https:\/\/graziamagazine.com\/mx\/articles\/co-fall-2026-paris-fashion-week\/","url":"https:\/\/graziamagazine.com\/mx\/articles\/co-fall-2026-paris-fashion-week\/","name":"CO Fall 2026 Paris Fashion Week | Grazia M\u00e9xico y Latinoam\u00e9rica","isPartOf":{"@id":"https:\/\/graziamagazine.com\/mx\/#website"},"datePublished":"2026-03-02T19:15:12+00:00","dateModified":"2026-03-02T19:19:08+00:00","description":"La temporada de moda en Par\u00eds siempre nos regala momentos de absoluta reflexi\u00f3n est\u00e9tica, y la reciente presentaci\u00f3n de la marca CO no fue la excepci\u00f3n.","breadcrumb":{"@id":"https:\/\/graziamagazine.com\/mx\/articles\/co-fall-2026-paris-fashion-week\/#breadcrumb"},"inLanguage":"es-MX","potentialAction":[{"@type":"ReadAction","target":["https:\/\/graziamagazine.com\/mx\/articles\/co-fall-2026-paris-fashion-week\/"]}]},{"@type":"BreadcrumbList","@id":"https:\/\/graziamagazine.com\/mx\/articles\/co-fall-2026-paris-fashion-week\/#breadcrumb","itemListElement":[{"@type":"ListItem","position":1,"name":"Home","item":"https:\/\/graziamagazine.com\/mx\/"},{"@type":"ListItem","position":2,"name":"CO Fall 2026 Paris Fashion Week"}]},{"@type":"WebSite","@id":"https:\/\/graziamagazine.com\/mx\/#website","url":"https:\/\/graziamagazine.com\/mx\/","name":"Grazia M\u00e9xico y Latinoam\u00e9rica","description":"Grazia es moda, belleza y noticias  de actualidad ","potentialAction":[{"@type":"SearchAction","target":{"@type":"EntryPoint","urlTemplate":"https:\/\/graziamagazine.com\/mx\/?s={search_term_string}"},"query-input":"required name=search_term_string"}],"inLanguage":"es-MX"}]}},"jetpack_sharing_enabled":true,"distributor_meta":false,"distributor_terms":false,"distributor_media":false,"distributor_original_site_name":"Grazia M\u00e9xico y Latinoam\u00e9rica","distributor_original_site_url":"https:\/\/graziamagazine.com\/mx","push-errors":false,"_links":{"self":[{"href":"https:\/\/graziamagazine.com\/mx\/wp-json\/wp\/v2\/articles\/167059"}],"collection":[{"href":"https:\/\/graziamagazine.com\/mx\/wp-json\/wp\/v2\/articles"}],"about":[{"href":"https:\/\/graziamagazine.com\/mx\/wp-json\/wp\/v2\/types\/articles"}],"author":[{"embeddable":true,"href":"https:\/\/graziamagazine.com\/mx\/wp-json\/wp\/v2\/users\/28953"}],"wp:featuredmedia":[{"embeddable":true,"href":"https:\/\/graziamagazine.com\/mx\/wp-json\/wp\/v2\/media\/167060"}],"wp:attachment":[{"href":"https:\/\/graziamagazine.com\/mx\/wp-json\/wp\/v2\/media?parent=167059"}],"wp:term":[{"taxonomy":"category","embeddable":true,"href":"https:\/\/graziamagazine.com\/mx\/wp-json\/wp\/v2\/categories?post=167059"}],"curies":[{"name":"wp","href":"https:\/\/api.w.org\/{rel}","templated":true}]}}