{"id":166628,"date":"2026-02-23T09:00:59","date_gmt":"2026-02-23T14:00:59","guid":{"rendered":"https:\/\/graziamagazine.com\/mx\/?post_type=articles&#038;p=166628"},"modified":"2026-02-23T00:23:58","modified_gmt":"2026-02-23T05:23:58","slug":"accesorios-ss26-el-legado-creativo-de-silvia-venturini-fendi-x-grazia","status":"publish","type":"articles","link":"https:\/\/graziamagazine.com\/mx\/articles\/accesorios-ss26-el-legado-creativo-de-silvia-venturini-fendi-x-grazia\/","title":{"rendered":"Accesorios SS26: El legado creativo de Silvia Venturini FENDI X Grazia"},"content":{"rendered":"<p data-start=\"164\" data-end=\"568\">La colecci\u00f3n de Accesorios SS26 de FENDI se presenta como un homenaje al legado creativo de Silvia Venturini Fendi, figura clave en la construcci\u00f3n del imaginario contempor\u00e1neo de la firma.<\/p>\n<p data-start=\"164\" data-end=\"568\"><span style=\"color: #000000;font-family: BrandonGrotesque, Arial, Helvetica, sans-serif;font-size: 23px;font-weight: bold;letter-spacing: 2px;text-transform: uppercase\">Legado reinterpretado<\/span><\/p>\n<p data-start=\"1001\" data-end=\"1575\">En el universo del desfile Primavera\/Verano 2026, cada pieza celebra la artesan\u00eda de la Maison, a trav\u00e9s de nuevas interpretaciones como la <a href=\"https:\/\/graziamagazine.com\/mx\/search\/?search=Peekaboo+Inner+Beauty\">Peekaboo Inner Beauty<\/a> pero tambi\u00e9n con siluetas contempor\u00e1neas como la FENDI Way. As\u00ed, la colecci\u00f3n conecta historia y presente, reafirmando esa capacidad \u00fanica para reinventarse sin perder su esencia.<\/p>\n<p><a href=\"https:\/\/www.instagram.com\/silviaventurinifendi?igsh=em9kcm82aWZkOTg0\" target=\"_blank\">Silvia Venturini Fendi<\/a>, es la mente maestra detr\u00e1s de \u00edconos que perdurar\u00e1n en el tiempo. La Baguette y la Peekaboo, son un ejemplo de los cl\u00e1sicos contempor\u00e1neos que ella contin\u00faa expandiendo en su archivo creativo.<br \/>\nEsta temporada, la narrativa se construye a partir de nuevas interpretaciones que celebran el savoir-faire de la Casa, con una sensibilidad contempor\u00e1nea.<\/p>\n<h3 data-start=\"1001\" data-end=\"1575\">Peekaboo Inner Beauty<\/h3>\n<div class=\"content-gallery\"><div class=\"gallery-placeholder\"><div class=\"spinner\"><\/div><\/div><span class=\"gallery-pagination\"><\/span><div id=\"gallery-1\" class=\"gallery galleryid-166628 gallery-columns-2 gallery-size-medium\"><figure class=\"gallery-item\"><div class=\"gallery-icon landscape\"><img loading=\"lazy\" decoding=\"async\" width=\"2560\" height=\"1707\" src=\"https:\/\/graziamagazine.com\/mx\/wp-content\/uploads\/sites\/13\/2026\/02\/IMG_0566-scaled.jpeg\" class=\"lazy\" alt=\"Accesorios SS26: El legado creativo de Silvia Venturini FENDI X Grazia\" srcset=\"https:\/\/graziamagazine.com\/mx\/wp-content\/uploads\/sites\/13\/2026\/02\/IMG_0566-scaled.jpeg 2560w, https:\/\/graziamagazine.com\/mx\/wp-content\/uploads\/sites\/13\/2026\/02\/IMG_0566-450x300.jpeg 450w, https:\/\/graziamagazine.com\/mx\/wp-content\/uploads\/sites\/13\/2026\/02\/IMG_0566-1024x683.jpeg 1024w, https:\/\/graziamagazine.com\/mx\/wp-content\/uploads\/sites\/13\/2026\/02\/IMG_0566-768x512.jpeg 768w, https:\/\/graziamagazine.com\/mx\/wp-content\/uploads\/sites\/13\/2026\/02\/IMG_0566-1536x1024.jpeg 1536w, https:\/\/graziamagazine.com\/mx\/wp-content\/uploads\/sites\/13\/2026\/02\/IMG_0566-2048x1365.jpeg 2048w, https:\/\/graziamagazine.com\/mx\/wp-content\/uploads\/sites\/13\/2026\/02\/IMG_0566-400x267.jpeg 400w, https:\/\/graziamagazine.com\/mx\/wp-content\/uploads\/sites\/13\/2026\/02\/IMG_0566-155x103.jpeg 155w\" sizes=\"(max-width: 2560px) 100vw, 2560px\" \/><\/div><\/figure><figure class=\"gallery-item\"><div class=\"gallery-icon landscape\"><img loading=\"lazy\" decoding=\"async\" width=\"2560\" height=\"1707\" src=\"https:\/\/graziamagazine.com\/mx\/wp-content\/uploads\/sites\/13\/2026\/02\/IMG_0569-scaled.jpeg\" class=\"lazy\" alt=\"Accesorios SS26: El legado creativo de Silvia Venturini FENDI X Grazia\" srcset=\"https:\/\/graziamagazine.com\/mx\/wp-content\/uploads\/sites\/13\/2026\/02\/IMG_0569-scaled.jpeg 2560w, https:\/\/graziamagazine.com\/mx\/wp-content\/uploads\/sites\/13\/2026\/02\/IMG_0569-450x300.jpeg 450w, https:\/\/graziamagazine.com\/mx\/wp-content\/uploads\/sites\/13\/2026\/02\/IMG_0569-1024x683.jpeg 1024w, https:\/\/graziamagazine.com\/mx\/wp-content\/uploads\/sites\/13\/2026\/02\/IMG_0569-768x512.jpeg 768w, https:\/\/graziamagazine.com\/mx\/wp-content\/uploads\/sites\/13\/2026\/02\/IMG_0569-1536x1024.jpeg 1536w, https:\/\/graziamagazine.com\/mx\/wp-content\/uploads\/sites\/13\/2026\/02\/IMG_0569-2048x1365.jpeg 2048w, https:\/\/graziamagazine.com\/mx\/wp-content\/uploads\/sites\/13\/2026\/02\/IMG_0569-400x267.jpeg 400w, https:\/\/graziamagazine.com\/mx\/wp-content\/uploads\/sites\/13\/2026\/02\/IMG_0569-155x103.jpeg 155w\" sizes=\"(max-width: 2560px) 100vw, 2560px\" \/><\/div><\/figure><figure class=\"gallery-item\"><div class=\"gallery-icon landscape\"><img loading=\"lazy\" decoding=\"async\" width=\"2560\" height=\"1707\" src=\"https:\/\/graziamagazine.com\/mx\/wp-content\/uploads\/sites\/13\/2026\/02\/IMG_0568-scaled.jpeg\" class=\"lazy\" alt=\"Accesorios SS26: El legado creativo de Silvia Venturini FENDI X Grazia\" srcset=\"https:\/\/graziamagazine.com\/mx\/wp-content\/uploads\/sites\/13\/2026\/02\/IMG_0568-scaled.jpeg 2560w, https:\/\/graziamagazine.com\/mx\/wp-content\/uploads\/sites\/13\/2026\/02\/IMG_0568-450x300.jpeg 450w, https:\/\/graziamagazine.com\/mx\/wp-content\/uploads\/sites\/13\/2026\/02\/IMG_0568-1024x683.jpeg 1024w, https:\/\/graziamagazine.com\/mx\/wp-content\/uploads\/sites\/13\/2026\/02\/IMG_0568-768x512.jpeg 768w, https:\/\/graziamagazine.com\/mx\/wp-content\/uploads\/sites\/13\/2026\/02\/IMG_0568-1536x1024.jpeg 1536w, https:\/\/graziamagazine.com\/mx\/wp-content\/uploads\/sites\/13\/2026\/02\/IMG_0568-2048x1365.jpeg 2048w, https:\/\/graziamagazine.com\/mx\/wp-content\/uploads\/sites\/13\/2026\/02\/IMG_0568-400x267.jpeg 400w, https:\/\/graziamagazine.com\/mx\/wp-content\/uploads\/sites\/13\/2026\/02\/IMG_0568-155x103.jpeg 155w\" sizes=\"(max-width: 2560px) 100vw, 2560px\" \/><\/div><\/figure><figure class=\"gallery-item\"><div class=\"gallery-icon landscape\"><img loading=\"lazy\" decoding=\"async\" width=\"2560\" height=\"1707\" src=\"https:\/\/graziamagazine.com\/mx\/wp-content\/uploads\/sites\/13\/2026\/02\/IMG_0567-scaled.jpeg\" class=\"lazy\" alt=\"Accesorios SS26: El legado creativo de Silvia Venturini FENDI X Grazia\" srcset=\"https:\/\/graziamagazine.com\/mx\/wp-content\/uploads\/sites\/13\/2026\/02\/IMG_0567-scaled.jpeg 2560w, https:\/\/graziamagazine.com\/mx\/wp-content\/uploads\/sites\/13\/2026\/02\/IMG_0567-450x300.jpeg 450w, https:\/\/graziamagazine.com\/mx\/wp-content\/uploads\/sites\/13\/2026\/02\/IMG_0567-1024x683.jpeg 1024w, https:\/\/graziamagazine.com\/mx\/wp-content\/uploads\/sites\/13\/2026\/02\/IMG_0567-768x512.jpeg 768w, https:\/\/graziamagazine.com\/mx\/wp-content\/uploads\/sites\/13\/2026\/02\/IMG_0567-1536x1024.jpeg 1536w, https:\/\/graziamagazine.com\/mx\/wp-content\/uploads\/sites\/13\/2026\/02\/IMG_0567-2048x1365.jpeg 2048w, https:\/\/graziamagazine.com\/mx\/wp-content\/uploads\/sites\/13\/2026\/02\/IMG_0567-400x267.jpeg 400w, https:\/\/graziamagazine.com\/mx\/wp-content\/uploads\/sites\/13\/2026\/02\/IMG_0567-155x103.jpeg 155w\" sizes=\"(max-width: 2560px) 100vw, 2560px\" \/><\/div><\/figure><\/div><\/div>\n<p data-start=\"1001\" data-end=\"1575\">Desde su primera creaci\u00f3n en 2008, ha sido un \u00edcono de la Maison. En esta nueva colecci\u00f3n, expone su arquitectura interior con una elegancia que se vuelve protagonista gracias a las texturas, colores y distintos materiales que hacen arte.<\/p>\n<h3 data-start=\"1001\" data-end=\"1575\">FENDI WAY<\/h3>\n<div class=\"content-gallery\"><div class=\"gallery-placeholder\"><div class=\"spinner\"><\/div><\/div><span class=\"gallery-pagination\"><\/span><div id=\"gallery-2\" class=\"gallery galleryid-166628 gallery-columns-2 gallery-size-medium\"><figure class=\"gallery-item\"><div class=\"gallery-icon landscape\"><img loading=\"lazy\" decoding=\"async\" width=\"2560\" height=\"1707\" src=\"https:\/\/graziamagazine.com\/mx\/wp-content\/uploads\/sites\/13\/2026\/02\/IMG_0572-scaled.jpeg\" class=\"lazy\" alt=\"\" srcset=\"https:\/\/graziamagazine.com\/mx\/wp-content\/uploads\/sites\/13\/2026\/02\/IMG_0572-scaled.jpeg 2560w, https:\/\/graziamagazine.com\/mx\/wp-content\/uploads\/sites\/13\/2026\/02\/IMG_0572-450x300.jpeg 450w, https:\/\/graziamagazine.com\/mx\/wp-content\/uploads\/sites\/13\/2026\/02\/IMG_0572-1024x683.jpeg 1024w, https:\/\/graziamagazine.com\/mx\/wp-content\/uploads\/sites\/13\/2026\/02\/IMG_0572-768x512.jpeg 768w, https:\/\/graziamagazine.com\/mx\/wp-content\/uploads\/sites\/13\/2026\/02\/IMG_0572-1536x1024.jpeg 1536w, https:\/\/graziamagazine.com\/mx\/wp-content\/uploads\/sites\/13\/2026\/02\/IMG_0572-2048x1365.jpeg 2048w, https:\/\/graziamagazine.com\/mx\/wp-content\/uploads\/sites\/13\/2026\/02\/IMG_0572-400x267.jpeg 400w, https:\/\/graziamagazine.com\/mx\/wp-content\/uploads\/sites\/13\/2026\/02\/IMG_0572-155x103.jpeg 155w\" sizes=\"(max-width: 2560px) 100vw, 2560px\" \/><\/div><\/figure><figure class=\"gallery-item\"><div class=\"gallery-icon landscape\"><img loading=\"lazy\" decoding=\"async\" width=\"2560\" height=\"1707\" src=\"https:\/\/graziamagazine.com\/mx\/wp-content\/uploads\/sites\/13\/2026\/02\/IMG_0574-scaled.jpeg\" class=\"lazy\" alt=\"\" srcset=\"https:\/\/graziamagazine.com\/mx\/wp-content\/uploads\/sites\/13\/2026\/02\/IMG_0574-scaled.jpeg 2560w, https:\/\/graziamagazine.com\/mx\/wp-content\/uploads\/sites\/13\/2026\/02\/IMG_0574-450x300.jpeg 450w, https:\/\/graziamagazine.com\/mx\/wp-content\/uploads\/sites\/13\/2026\/02\/IMG_0574-1024x683.jpeg 1024w, https:\/\/graziamagazine.com\/mx\/wp-content\/uploads\/sites\/13\/2026\/02\/IMG_0574-768x512.jpeg 768w, https:\/\/graziamagazine.com\/mx\/wp-content\/uploads\/sites\/13\/2026\/02\/IMG_0574-1536x1024.jpeg 1536w, https:\/\/graziamagazine.com\/mx\/wp-content\/uploads\/sites\/13\/2026\/02\/IMG_0574-2048x1365.jpeg 2048w, https:\/\/graziamagazine.com\/mx\/wp-content\/uploads\/sites\/13\/2026\/02\/IMG_0574-400x267.jpeg 400w, https:\/\/graziamagazine.com\/mx\/wp-content\/uploads\/sites\/13\/2026\/02\/IMG_0574-155x103.jpeg 155w\" sizes=\"(max-width: 2560px) 100vw, 2560px\" \/><\/div><\/figure><figure class=\"gallery-item\"><div class=\"gallery-icon landscape\"><img loading=\"lazy\" decoding=\"async\" width=\"2560\" height=\"1707\" src=\"https:\/\/graziamagazine.com\/mx\/wp-content\/uploads\/sites\/13\/2026\/02\/IMG_0573-scaled.jpeg\" class=\"lazy\" alt=\"\" srcset=\"https:\/\/graziamagazine.com\/mx\/wp-content\/uploads\/sites\/13\/2026\/02\/IMG_0573-scaled.jpeg 2560w, https:\/\/graziamagazine.com\/mx\/wp-content\/uploads\/sites\/13\/2026\/02\/IMG_0573-450x300.jpeg 450w, https:\/\/graziamagazine.com\/mx\/wp-content\/uploads\/sites\/13\/2026\/02\/IMG_0573-1024x683.jpeg 1024w, https:\/\/graziamagazine.com\/mx\/wp-content\/uploads\/sites\/13\/2026\/02\/IMG_0573-768x512.jpeg 768w, https:\/\/graziamagazine.com\/mx\/wp-content\/uploads\/sites\/13\/2026\/02\/IMG_0573-1536x1024.jpeg 1536w, https:\/\/graziamagazine.com\/mx\/wp-content\/uploads\/sites\/13\/2026\/02\/IMG_0573-2048x1365.jpeg 2048w, https:\/\/graziamagazine.com\/mx\/wp-content\/uploads\/sites\/13\/2026\/02\/IMG_0573-400x267.jpeg 400w, https:\/\/graziamagazine.com\/mx\/wp-content\/uploads\/sites\/13\/2026\/02\/IMG_0573-155x103.jpeg 155w\" sizes=\"(max-width: 2560px) 100vw, 2560px\" \/><\/div><\/figure><figure class=\"gallery-item\"><div class=\"gallery-icon landscape\"><img loading=\"lazy\" decoding=\"async\" width=\"2560\" height=\"1707\" src=\"https:\/\/graziamagazine.com\/mx\/wp-content\/uploads\/sites\/13\/2026\/02\/IMG_0570-scaled.jpeg\" class=\"lazy\" alt=\"\" srcset=\"https:\/\/graziamagazine.com\/mx\/wp-content\/uploads\/sites\/13\/2026\/02\/IMG_0570-scaled.jpeg 2560w, https:\/\/graziamagazine.com\/mx\/wp-content\/uploads\/sites\/13\/2026\/02\/IMG_0570-450x300.jpeg 450w, https:\/\/graziamagazine.com\/mx\/wp-content\/uploads\/sites\/13\/2026\/02\/IMG_0570-1024x683.jpeg 1024w, https:\/\/graziamagazine.com\/mx\/wp-content\/uploads\/sites\/13\/2026\/02\/IMG_0570-768x512.jpeg 768w, https:\/\/graziamagazine.com\/mx\/wp-content\/uploads\/sites\/13\/2026\/02\/IMG_0570-1536x1024.jpeg 1536w, https:\/\/graziamagazine.com\/mx\/wp-content\/uploads\/sites\/13\/2026\/02\/IMG_0570-2048x1365.jpeg 2048w, https:\/\/graziamagazine.com\/mx\/wp-content\/uploads\/sites\/13\/2026\/02\/IMG_0570-400x267.jpeg 400w, https:\/\/graziamagazine.com\/mx\/wp-content\/uploads\/sites\/13\/2026\/02\/IMG_0570-155x103.jpeg 155w\" sizes=\"(max-width: 2560px) 100vw, 2560px\" \/><\/div><\/figure><\/div><\/div>\n<p>Siluetas como la de este bolso, acompa\u00f1a el ritmo de la ciudad abrazando su funcionalidad sin renunciar al car\u00e1cter, siendo una declaraci\u00f3n de estilo contempor\u00e1neo. Sus proporciones, herrajes y acabados hablan de un lujo silencioso, pero lleno de intenci\u00f3n.<\/p>\n<h3 data-start=\"1577\" data-end=\"1606\">FENDI Lui<\/h3>\n<div class=\"content-gallery\"><div class=\"gallery-placeholder\"><div class=\"spinner\"><\/div><\/div><span class=\"gallery-pagination\"><\/span><div id=\"gallery-3\" class=\"gallery galleryid-166628 gallery-columns- gallery-size-medium\"><figure class=\"gallery-item\"><div class=\"gallery-icon landscape\"><img loading=\"lazy\" decoding=\"async\" width=\"2560\" height=\"1707\" src=\"https:\/\/graziamagazine.com\/mx\/wp-content\/uploads\/sites\/13\/2026\/02\/IMG_0563-scaled.jpeg\" class=\"lazy\" alt=\"\" srcset=\"https:\/\/graziamagazine.com\/mx\/wp-content\/uploads\/sites\/13\/2026\/02\/IMG_0563-scaled.jpeg 2560w, https:\/\/graziamagazine.com\/mx\/wp-content\/uploads\/sites\/13\/2026\/02\/IMG_0563-450x300.jpeg 450w, https:\/\/graziamagazine.com\/mx\/wp-content\/uploads\/sites\/13\/2026\/02\/IMG_0563-1024x683.jpeg 1024w, https:\/\/graziamagazine.com\/mx\/wp-content\/uploads\/sites\/13\/2026\/02\/IMG_0563-768x512.jpeg 768w, https:\/\/graziamagazine.com\/mx\/wp-content\/uploads\/sites\/13\/2026\/02\/IMG_0563-1536x1024.jpeg 1536w, https:\/\/graziamagazine.com\/mx\/wp-content\/uploads\/sites\/13\/2026\/02\/IMG_0563-2048x1365.jpeg 2048w, https:\/\/graziamagazine.com\/mx\/wp-content\/uploads\/sites\/13\/2026\/02\/IMG_0563-400x267.jpeg 400w, https:\/\/graziamagazine.com\/mx\/wp-content\/uploads\/sites\/13\/2026\/02\/IMG_0563-155x103.jpeg 155w\" sizes=\"(max-width: 2560px) 100vw, 2560px\" \/><\/div><figcaption class=\"wp-caption-text gallery-caption\" id=\"gallery-3-166635\">Fotos: Cortes\u00eda FENDI<\/figcaption><\/figure><figure class=\"gallery-item\"><div class=\"gallery-icon landscape\"><img loading=\"lazy\" decoding=\"async\" width=\"2560\" height=\"1707\" src=\"https:\/\/graziamagazine.com\/mx\/wp-content\/uploads\/sites\/13\/2026\/02\/IMG_0564-scaled.jpeg\" class=\"lazy\" alt=\"\" srcset=\"https:\/\/graziamagazine.com\/mx\/wp-content\/uploads\/sites\/13\/2026\/02\/IMG_0564-scaled.jpeg 2560w, https:\/\/graziamagazine.com\/mx\/wp-content\/uploads\/sites\/13\/2026\/02\/IMG_0564-450x300.jpeg 450w, https:\/\/graziamagazine.com\/mx\/wp-content\/uploads\/sites\/13\/2026\/02\/IMG_0564-1024x683.jpeg 1024w, https:\/\/graziamagazine.com\/mx\/wp-content\/uploads\/sites\/13\/2026\/02\/IMG_0564-768x512.jpeg 768w, https:\/\/graziamagazine.com\/mx\/wp-content\/uploads\/sites\/13\/2026\/02\/IMG_0564-1536x1024.jpeg 1536w, https:\/\/graziamagazine.com\/mx\/wp-content\/uploads\/sites\/13\/2026\/02\/IMG_0564-2048x1365.jpeg 2048w, https:\/\/graziamagazine.com\/mx\/wp-content\/uploads\/sites\/13\/2026\/02\/IMG_0564-400x267.jpeg 400w, https:\/\/graziamagazine.com\/mx\/wp-content\/uploads\/sites\/13\/2026\/02\/IMG_0564-155x103.jpeg 155w\" sizes=\"(max-width: 2560px) 100vw, 2560px\" \/><\/div><figcaption class=\"wp-caption-text gallery-caption\" id=\"gallery-3-166636\">Fotos: Cortes\u00eda FENDI<\/figcaption><\/figure><figure class=\"gallery-item\"><div class=\"gallery-icon landscape\"><img loading=\"lazy\" decoding=\"async\" width=\"2560\" height=\"1707\" src=\"https:\/\/graziamagazine.com\/mx\/wp-content\/uploads\/sites\/13\/2026\/02\/IMG_0562-scaled.jpeg\" class=\"lazy\" alt=\"\" srcset=\"https:\/\/graziamagazine.com\/mx\/wp-content\/uploads\/sites\/13\/2026\/02\/IMG_0562-scaled.jpeg 2560w, https:\/\/graziamagazine.com\/mx\/wp-content\/uploads\/sites\/13\/2026\/02\/IMG_0562-450x300.jpeg 450w, https:\/\/graziamagazine.com\/mx\/wp-content\/uploads\/sites\/13\/2026\/02\/IMG_0562-1024x683.jpeg 1024w, https:\/\/graziamagazine.com\/mx\/wp-content\/uploads\/sites\/13\/2026\/02\/IMG_0562-768x512.jpeg 768w, https:\/\/graziamagazine.com\/mx\/wp-content\/uploads\/sites\/13\/2026\/02\/IMG_0562-1536x1024.jpeg 1536w, https:\/\/graziamagazine.com\/mx\/wp-content\/uploads\/sites\/13\/2026\/02\/IMG_0562-2048x1365.jpeg 2048w, https:\/\/graziamagazine.com\/mx\/wp-content\/uploads\/sites\/13\/2026\/02\/IMG_0562-400x267.jpeg 400w, https:\/\/graziamagazine.com\/mx\/wp-content\/uploads\/sites\/13\/2026\/02\/IMG_0562-155x103.jpeg 155w\" sizes=\"(max-width: 2560px) 100vw, 2560px\" \/><\/div><\/figure><\/div><\/div>\n<p data-start=\"1608\" data-end=\"1870\">En la l\u00ednea masculina, este bolso se posiciona como una pieza \u00edcono. Es funcional, refinado y profundamente contempor\u00e1neo. Aqu\u00ed, la tradici\u00f3n artesanal se encuentra con una visi\u00f3n mucho m\u00e1s relajada de la masculinidad. \u00a0El detalle y la textura son los elementos protagonistas de todo el bolso.<\/p>\n<p data-start=\"164\" data-end=\"568\">\n","protected":false},"author":42774,"featured_media":166629,"template":"","format":"standard","categories":[13540,4],"acf":[],"yoast_head":"<!-- This site is optimized with the Yoast SEO Premium plugin v18.5 (Yoast SEO v20.4) - https:\/\/yoast.com\/wordpress\/plugins\/seo\/ -->\n<title>Accesorios SS26: El legado creativo de Silvia Venturini FENDI X Grazia | Grazia M\u00e9xico y Latinoam\u00e9rica<\/title>\n<meta name=\"description\" content=\"Un homenaje al legado creativo de Silvia Venturini Fendi, celebrado a trav\u00e9s de los accesorios SS26 de FENDI, con una mirada contempor\u00e1nea.\" \/>\n<meta name=\"robots\" content=\"index, follow, max-snippet:-1, max-image-preview:large, max-video-preview:-1\" \/>\n<link rel=\"canonical\" href=\"https:\/\/graziamagazine.com\/mx\/articles\/accesorios-ss26-el-legado-creativo-de-silvia-venturini-fendi-x-grazia\/\" \/>\n<meta property=\"og:locale\" content=\"es_MX\" \/>\n<meta property=\"og:type\" content=\"article\" \/>\n<meta property=\"og:title\" content=\"Accesorios SS26: El legado creativo de Silvia Venturini FENDI X Grazia\" \/>\n<meta property=\"og:description\" content=\"Un homenaje al legado creativo de Silvia Venturini Fendi, celebrado a trav\u00e9s de los accesorios SS26 de FENDI, con una mirada contempor\u00e1nea.\" \/>\n<meta property=\"og:url\" content=\"https:\/\/graziamagazine.com\/mx\/articles\/accesorios-ss26-el-legado-creativo-de-silvia-venturini-fendi-x-grazia\/\" \/>\n<meta property=\"og:site_name\" content=\"Grazia M\u00e9xico y Latinoam\u00e9rica\" \/>\n<meta property=\"article:modified_time\" content=\"2026-02-23T05:23:58+00:00\" \/>\n<meta property=\"og:image\" content=\"https:\/\/graziamagazine.com\/mx\/wp-content\/uploads\/sites\/13\/2026\/02\/8BR600-AWUI-F1VF3-scaled.jpg\" \/>\n\t<meta property=\"og:image:width\" content=\"2560\" \/>\n\t<meta property=\"og:image:height\" content=\"1707\" \/>\n\t<meta property=\"og:image:type\" content=\"image\/jpeg\" \/>\n<meta name=\"twitter:card\" content=\"summary_large_image\" \/>\n<meta name=\"twitter:label1\" content=\"Est. reading time\" \/>\n\t<meta name=\"twitter:data1\" content=\"2 minutos\" \/>\n<script type=\"application\/ld+json\" class=\"yoast-schema-graph\">{\"@context\":\"https:\/\/schema.org\",\"@graph\":[{\"@type\":\"WebPage\",\"@id\":\"https:\/\/graziamagazine.com\/mx\/articles\/accesorios-ss26-el-legado-creativo-de-silvia-venturini-fendi-x-grazia\/\",\"url\":\"https:\/\/graziamagazine.com\/mx\/articles\/accesorios-ss26-el-legado-creativo-de-silvia-venturini-fendi-x-grazia\/\",\"name\":\"Accesorios SS26: El legado creativo de Silvia Venturini FENDI X Grazia | Grazia M\u00e9xico y Latinoam\u00e9rica\",\"isPartOf\":{\"@id\":\"https:\/\/graziamagazine.com\/mx\/#website\"},\"datePublished\":\"2026-02-23T14:00:59+00:00\",\"dateModified\":\"2026-02-23T05:23:58+00:00\",\"description\":\"Un homenaje al legado creativo de Silvia Venturini Fendi, celebrado a trav\u00e9s de los accesorios SS26 de FENDI, con una mirada contempor\u00e1nea.\",\"breadcrumb\":{\"@id\":\"https:\/\/graziamagazine.com\/mx\/articles\/accesorios-ss26-el-legado-creativo-de-silvia-venturini-fendi-x-grazia\/#breadcrumb\"},\"inLanguage\":\"es-MX\",\"potentialAction\":[{\"@type\":\"ReadAction\",\"target\":[\"https:\/\/graziamagazine.com\/mx\/articles\/accesorios-ss26-el-legado-creativo-de-silvia-venturini-fendi-x-grazia\/\"]}]},{\"@type\":\"BreadcrumbList\",\"@id\":\"https:\/\/graziamagazine.com\/mx\/articles\/accesorios-ss26-el-legado-creativo-de-silvia-venturini-fendi-x-grazia\/#breadcrumb\",\"itemListElement\":[{\"@type\":\"ListItem\",\"position\":1,\"name\":\"Home\",\"item\":\"https:\/\/graziamagazine.com\/mx\/\"},{\"@type\":\"ListItem\",\"position\":2,\"name\":\"Accesorios SS26: El legado creativo de Silvia Venturini FENDI X Grazia\"}]},{\"@type\":\"WebSite\",\"@id\":\"https:\/\/graziamagazine.com\/mx\/#website\",\"url\":\"https:\/\/graziamagazine.com\/mx\/\",\"name\":\"Grazia M\u00e9xico y Latinoam\u00e9rica\",\"description\":\"Grazia es moda, belleza y noticias  de actualidad \",\"potentialAction\":[{\"@type\":\"SearchAction\",\"target\":{\"@type\":\"EntryPoint\",\"urlTemplate\":\"https:\/\/graziamagazine.com\/mx\/?s={search_term_string}\"},\"query-input\":\"required name=search_term_string\"}],\"inLanguage\":\"es-MX\"}]}<\/script>\n<!-- \/ Yoast SEO Premium plugin. -->","yoast_head_json":{"title":"Accesorios SS26: El legado creativo de Silvia Venturini FENDI X Grazia | Grazia M\u00e9xico y Latinoam\u00e9rica","description":"Un homenaje al legado creativo de Silvia Venturini Fendi, celebrado a trav\u00e9s de los accesorios SS26 de FENDI, con una mirada contempor\u00e1nea.","robots":{"index":"index","follow":"follow","max-snippet":"max-snippet:-1","max-image-preview":"max-image-preview:large","max-video-preview":"max-video-preview:-1"},"canonical":"https:\/\/graziamagazine.com\/mx\/articles\/accesorios-ss26-el-legado-creativo-de-silvia-venturini-fendi-x-grazia\/","og_locale":"es_MX","og_type":"article","og_title":"Accesorios SS26: El legado creativo de Silvia Venturini FENDI X Grazia","og_description":"Un homenaje al legado creativo de Silvia Venturini Fendi, celebrado a trav\u00e9s de los accesorios SS26 de FENDI, con una mirada contempor\u00e1nea.","og_url":"https:\/\/graziamagazine.com\/mx\/articles\/accesorios-ss26-el-legado-creativo-de-silvia-venturini-fendi-x-grazia\/","og_site_name":"Grazia M\u00e9xico y Latinoam\u00e9rica","article_modified_time":"2026-02-23T05:23:58+00:00","og_image":[{"width":2560,"height":1707,"url":"https:\/\/graziamagazine.com\/mx\/wp-content\/uploads\/sites\/13\/2026\/02\/8BR600-AWUI-F1VF3-scaled.jpg","type":"image\/jpeg"}],"twitter_card":"summary_large_image","twitter_misc":{"Est. reading time":"2 minutos"},"schema":{"@context":"https:\/\/schema.org","@graph":[{"@type":"WebPage","@id":"https:\/\/graziamagazine.com\/mx\/articles\/accesorios-ss26-el-legado-creativo-de-silvia-venturini-fendi-x-grazia\/","url":"https:\/\/graziamagazine.com\/mx\/articles\/accesorios-ss26-el-legado-creativo-de-silvia-venturini-fendi-x-grazia\/","name":"Accesorios SS26: El legado creativo de Silvia Venturini FENDI X Grazia | Grazia M\u00e9xico y Latinoam\u00e9rica","isPartOf":{"@id":"https:\/\/graziamagazine.com\/mx\/#website"},"datePublished":"2026-02-23T14:00:59+00:00","dateModified":"2026-02-23T05:23:58+00:00","description":"Un homenaje al legado creativo de Silvia Venturini Fendi, celebrado a trav\u00e9s de los accesorios SS26 de FENDI, con una mirada contempor\u00e1nea.","breadcrumb":{"@id":"https:\/\/graziamagazine.com\/mx\/articles\/accesorios-ss26-el-legado-creativo-de-silvia-venturini-fendi-x-grazia\/#breadcrumb"},"inLanguage":"es-MX","potentialAction":[{"@type":"ReadAction","target":["https:\/\/graziamagazine.com\/mx\/articles\/accesorios-ss26-el-legado-creativo-de-silvia-venturini-fendi-x-grazia\/"]}]},{"@type":"BreadcrumbList","@id":"https:\/\/graziamagazine.com\/mx\/articles\/accesorios-ss26-el-legado-creativo-de-silvia-venturini-fendi-x-grazia\/#breadcrumb","itemListElement":[{"@type":"ListItem","position":1,"name":"Home","item":"https:\/\/graziamagazine.com\/mx\/"},{"@type":"ListItem","position":2,"name":"Accesorios SS26: El legado creativo de Silvia Venturini FENDI X Grazia"}]},{"@type":"WebSite","@id":"https:\/\/graziamagazine.com\/mx\/#website","url":"https:\/\/graziamagazine.com\/mx\/","name":"Grazia M\u00e9xico y Latinoam\u00e9rica","description":"Grazia es moda, belleza y noticias  de actualidad ","potentialAction":[{"@type":"SearchAction","target":{"@type":"EntryPoint","urlTemplate":"https:\/\/graziamagazine.com\/mx\/?s={search_term_string}"},"query-input":"required name=search_term_string"}],"inLanguage":"es-MX"}]}},"jetpack_sharing_enabled":true,"distributor_meta":false,"distributor_terms":false,"distributor_media":false,"distributor_original_site_name":"Grazia M\u00e9xico y Latinoam\u00e9rica","distributor_original_site_url":"https:\/\/graziamagazine.com\/mx","push-errors":false,"_links":{"self":[{"href":"https:\/\/graziamagazine.com\/mx\/wp-json\/wp\/v2\/articles\/166628"}],"collection":[{"href":"https:\/\/graziamagazine.com\/mx\/wp-json\/wp\/v2\/articles"}],"about":[{"href":"https:\/\/graziamagazine.com\/mx\/wp-json\/wp\/v2\/types\/articles"}],"author":[{"embeddable":true,"href":"https:\/\/graziamagazine.com\/mx\/wp-json\/wp\/v2\/users\/42774"}],"wp:featuredmedia":[{"embeddable":true,"href":"https:\/\/graziamagazine.com\/mx\/wp-json\/wp\/v2\/media\/166629"}],"wp:attachment":[{"href":"https:\/\/graziamagazine.com\/mx\/wp-json\/wp\/v2\/media?parent=166628"}],"wp:term":[{"taxonomy":"category","embeddable":true,"href":"https:\/\/graziamagazine.com\/mx\/wp-json\/wp\/v2\/categories?post=166628"}],"curies":[{"name":"wp","href":"https:\/\/api.w.org\/{rel}","templated":true}]}}