{"id":166374,"date":"2026-02-17T18:17:54","date_gmt":"2026-02-17T23:17:54","guid":{"rendered":"https:\/\/graziamagazine.com\/mx\/?post_type=articles&#038;p=166374"},"modified":"2026-02-17T18:20:13","modified_gmt":"2026-02-17T23:20:13","slug":"cruz-beckham-cumple-21-anos-y-celebra-con-su-familia","status":"publish","type":"articles","link":"https:\/\/graziamagazine.com\/mx\/articles\/cruz-beckham-cumple-21-anos-y-celebra-con-su-familia\/","title":{"rendered":"Cruz Beckham cumple 21 a\u00f1os y celebra con su familia"},"content":{"rendered":"<p><span style=\"font-weight: 400\">La familia Beckham celebr\u00f3 el cumplea\u00f1os de su hijo menor, Cruz Beckham, por adelantado, ya que el 20 de febrero cumple 21 a\u00f1os. Para celebrarlo, David y Victoria Beckham organizaron una fiesta el fin de semana en The Maine, en Mayfair, Londres.\u00a0<\/span><\/p>\n<p><span style=\"font-weight: 400\">La novia de Cruz, Jackie Apostel, Romeo Beckham y su novia, Kim Turnbull, Harper Beckham y Emma Bunton asistieron a celebrar, y en las fotograf\u00edas que Victoria comparti\u00f3 en Instagram se ve lo bien que se la pas\u00f3 toda la familia\u2026 con la notable ausencia de Brooklyn Beckham y Nicola Peltz.<\/span><\/p>\n<p><img loading=\"lazy\" decoding=\"async\" class=\"alignnone size-medium wp-image-166375\" src=\"https:\/\/graziamagazine.com\/mx\/wp-content\/uploads\/sites\/13\/2026\/02\/1-6-450x410.jpg\" alt=\"\" width=\"450\" height=\"410\" srcset=\"https:\/\/graziamagazine.com\/mx\/wp-content\/uploads\/sites\/13\/2026\/02\/1-6-450x410.jpg 450w, https:\/\/graziamagazine.com\/mx\/wp-content\/uploads\/sites\/13\/2026\/02\/1-6-400x364.jpg 400w, https:\/\/graziamagazine.com\/mx\/wp-content\/uploads\/sites\/13\/2026\/02\/1-6-155x141.jpg 155w, https:\/\/graziamagazine.com\/mx\/wp-content\/uploads\/sites\/13\/2026\/02\/1-6.jpg 708w\" sizes=\"(max-width: 450px) 100vw, 450px\" \/><\/p>\n<p><span style=\"font-weight: 400\">&#8220;\u00a1Celebrando a Cruz por adelantado! \u00a1Te queremos much\u00edsimo!&#8221;, escribi\u00f3 la dise\u00f1adora de moda en su cuenta. La publicaci\u00f3n de Victoria tambi\u00e9n incluy\u00f3 una reuni\u00f3n de las Spice Girls, con una foto de Bunton y ella posando juntas en la fiesta.\u00a0<\/span><\/p>\n<p><span style=\"font-weight: 400\">La fiesta de Cruz, con la tem\u00e1tica del Gran Baile de los Beatles, cont\u00f3 con la actuaci\u00f3n de una banda tributo a los Beatles. El cumplea\u00f1ero tambi\u00e9n actu\u00f3 para los invitados junto a su nueva banda, Cruz Beckham &amp; The Breakers. Cruz cant\u00f3 y toc\u00f3 la guitarra junto a sus compa\u00f1eros de banda, el bajista Dan Ewins, el guitarrista Telmo Seixas y el baterista Dario Scott.<\/span><\/p>\n<p><img loading=\"lazy\" decoding=\"async\" class=\"alignnone size-medium wp-image-166376\" src=\"https:\/\/graziamagazine.com\/mx\/wp-content\/uploads\/sites\/13\/2026\/02\/2-6-430x450.jpg\" alt=\"\" width=\"430\" height=\"450\" srcset=\"https:\/\/graziamagazine.com\/mx\/wp-content\/uploads\/sites\/13\/2026\/02\/2-6-430x450.jpg 430w, https:\/\/graziamagazine.com\/mx\/wp-content\/uploads\/sites\/13\/2026\/02\/2-6-400x419.jpg 400w, https:\/\/graziamagazine.com\/mx\/wp-content\/uploads\/sites\/13\/2026\/02\/2-6-155x162.jpg 155w, https:\/\/graziamagazine.com\/mx\/wp-content\/uploads\/sites\/13\/2026\/02\/2-6.jpg 582w\" sizes=\"(max-width: 430px) 100vw, 430px\" \/><\/p>\n<p><span style=\"font-weight: 400\">El 16 de febrero, Jackie Apostel tambi\u00e9n comparti\u00f3 fotos de la noche de celebraci\u00f3n a trav\u00e9s de Instagram. Su publicaci\u00f3n destaca a Cruz actuando en el escenario, a la banda tributo a los Beatles, The Breakers, y fotos de la pareja bailando toda la noche.<\/span><\/p>\n<p><span style=\"font-weight: 400\">&#8220;La celebraci\u00f3n de cumplea\u00f1os anticipada m\u00e1s especial para nuestra persona favorita&#8221;, escribi\u00f3 Apostel en su descripci\u00f3n. \u201cLos quiero much\u00edsimo a todos y \u00a1qu\u00e9 noche tan hermosa pasamos!\u201d.<\/span><\/p>\n<p><img loading=\"lazy\" decoding=\"async\" class=\"alignnone size-medium wp-image-166377\" src=\"https:\/\/graziamagazine.com\/mx\/wp-content\/uploads\/sites\/13\/2026\/02\/3-6-387x450.jpg\" alt=\"\" width=\"387\" height=\"450\" srcset=\"https:\/\/graziamagazine.com\/mx\/wp-content\/uploads\/sites\/13\/2026\/02\/3-6-387x450.jpg 387w, https:\/\/graziamagazine.com\/mx\/wp-content\/uploads\/sites\/13\/2026\/02\/3-6-400x465.jpg 400w, https:\/\/graziamagazine.com\/mx\/wp-content\/uploads\/sites\/13\/2026\/02\/3-6-155x180.jpg 155w, https:\/\/graziamagazine.com\/mx\/wp-content\/uploads\/sites\/13\/2026\/02\/3-6.jpg 562w\" sizes=\"(max-width: 387px) 100vw, 387px\" \/><\/p>\n<p><span style=\"font-weight: 400\">Esta fiesta ha ocurrido en medio de la disputa familiar que ha generado titulares entre los Beckham. Recientemente, Brooklyn, de 26 a\u00f1os, comparti\u00f3 en Instagram una extensa declaraci\u00f3n sobre el distanciamiento con sus padres. En su declaraci\u00f3n, Brooklyn acus\u00f3 a su familia de intentar arruinar su matrimonio con Peltz, de 31 a\u00f1os.<\/span><\/p>\n<p><span style=\"font-weight: 400\">&#8220;La idea de que mi esposa me controla es completamente err\u00f3nea. Mis padres me han controlado la mayor parte de mi vida&#8221;, escribi\u00f3 en Instagram Stories. \u201cCrec\u00ed con una ansiedad abrumadora. Por primera vez en mi vida, desde que me separ\u00e9 de mi familia, esa ansiedad ha desaparecido. Me despierto cada ma\u00f1ana agradecido por la vida que eleg\u00ed y he encontrado paz y alivio. Mi esposa y yo no queremos una vida marcada por la imagen, la prensa ni la manipulaci\u00f3n. Lo \u00fanico que queremos es paz, privacidad y felicidad para nosotros y nuestra futura familia\u201d.<\/span><\/p>\n<p><img loading=\"lazy\" decoding=\"async\" class=\"alignnone size-medium wp-image-166378\" src=\"https:\/\/graziamagazine.com\/mx\/wp-content\/uploads\/sites\/13\/2026\/02\/4-6-426x450.jpg\" alt=\"\" width=\"426\" height=\"450\" srcset=\"https:\/\/graziamagazine.com\/mx\/wp-content\/uploads\/sites\/13\/2026\/02\/4-6-426x450.jpg 426w, https:\/\/graziamagazine.com\/mx\/wp-content\/uploads\/sites\/13\/2026\/02\/4-6-400x422.jpg 400w, https:\/\/graziamagazine.com\/mx\/wp-content\/uploads\/sites\/13\/2026\/02\/4-6-155x164.jpg 155w, https:\/\/graziamagazine.com\/mx\/wp-content\/uploads\/sites\/13\/2026\/02\/4-6.jpg 595w\" sizes=\"(max-width: 426px) 100vw, 426px\" \/><\/p>\n<p><span style=\"font-weight: 400\">\u201cMi familia ha faltado al respeto a mi esposa constantemente, por mucho que hayamos intentado unirnos. Mi madre ha invitado repetidamente a mujeres de mi pasado a nuestras vidas con la clara intenci\u00f3n de incomodarnos a ambos\u201d, agreg\u00f3.<\/span><\/p>\n<p><span style=\"font-weight: 400\">\u201cHe guardado silencio durante a\u00f1os e hice todo lo posible por mantener estos asuntos en privado. Desafortunadamente, mis padres y su equipo han seguido acudiendo a la prensa, dej\u00e1ndome sin otra opci\u00f3n que hablar por m\u00ed mismo y decir la verdad sobre solo algunas de las mentiras que se han publicado\u201d, continu\u00f3 Brooklyn. \u201cNo quiero reconciliarme con mi familia. No me est\u00e1n controlando, me estoy defendiendo por primera vez en mi vida\u201d.<\/span><\/p>\n<p><img loading=\"lazy\" decoding=\"async\" class=\"alignnone size-medium wp-image-166379\" src=\"https:\/\/graziamagazine.com\/mx\/wp-content\/uploads\/sites\/13\/2026\/02\/5-6-411x450.jpg\" alt=\"\" width=\"411\" height=\"450\" srcset=\"https:\/\/graziamagazine.com\/mx\/wp-content\/uploads\/sites\/13\/2026\/02\/5-6-411x450.jpg 411w, https:\/\/graziamagazine.com\/mx\/wp-content\/uploads\/sites\/13\/2026\/02\/5-6-400x438.jpg 400w, https:\/\/graziamagazine.com\/mx\/wp-content\/uploads\/sites\/13\/2026\/02\/5-6-155x170.jpg 155w, https:\/\/graziamagazine.com\/mx\/wp-content\/uploads\/sites\/13\/2026\/02\/5-6.jpg 565w\" sizes=\"(max-width: 411px) 100vw, 411px\" \/><\/p>\n","protected":false},"author":11628,"featured_media":166380,"template":"","format":"standard","categories":[2],"acf":[],"yoast_head":"<!-- This site is optimized with the Yoast SEO Premium plugin v18.5 (Yoast SEO v20.4) - https:\/\/yoast.com\/wordpress\/plugins\/seo\/ -->\n<title>Cruz Beckham cumple 21 a\u00f1os y celebra con su familia<\/title>\n<meta name=\"description\" content=\"La familia Beckham celebr\u00f3 el cumplea\u00f1os de su hijo menor, Cruz Beckham, por adelantado, ya que el 20 de febrero cumple 21 a\u00f1os. Para celebrarlo, David y\" \/>\n<meta name=\"robots\" content=\"index, follow, max-snippet:-1, max-image-preview:large, max-video-preview:-1\" \/>\n<link rel=\"canonical\" href=\"https:\/\/graziamagazine.com\/mx\/articles\/cruz-beckham-cumple-21-anos-y-celebra-con-su-familia\/\" \/>\n<meta property=\"og:locale\" content=\"es_MX\" \/>\n<meta property=\"og:type\" content=\"article\" \/>\n<meta property=\"og:title\" content=\"Cruz Beckham cumple 21 a\u00f1os y celebra con su familia\" \/>\n<meta property=\"og:description\" content=\"La familia Beckham celebr\u00f3 el cumplea\u00f1os de su hijo menor, Cruz Beckham, por adelantado, ya que el 20 de febrero cumple 21 a\u00f1os. Para celebrarlo, David y\" \/>\n<meta property=\"og:url\" content=\"https:\/\/graziamagazine.com\/mx\/articles\/cruz-beckham-cumple-21-anos-y-celebra-con-su-familia\/\" \/>\n<meta property=\"og:site_name\" content=\"Grazia M\u00e9xico y Latinoam\u00e9rica\" \/>\n<meta property=\"article:modified_time\" content=\"2026-02-17T23:20:13+00:00\" \/>\n<meta property=\"og:image\" content=\"https:\/\/graziamagazine.com\/mx\/wp-content\/uploads\/sites\/13\/2026\/02\/6-6.jpg\" \/>\n\t<meta property=\"og:image:width\" content=\"581\" \/>\n\t<meta property=\"og:image:height\" content=\"324\" \/>\n\t<meta property=\"og:image:type\" content=\"image\/jpeg\" \/>\n<meta name=\"twitter:card\" content=\"summary_large_image\" \/>\n<meta name=\"twitter:label1\" content=\"Est. reading time\" \/>\n\t<meta name=\"twitter:data1\" content=\"4 minutos\" \/>\n<script type=\"application\/ld+json\" class=\"yoast-schema-graph\">{\"@context\":\"https:\/\/schema.org\",\"@graph\":[{\"@type\":\"WebPage\",\"@id\":\"https:\/\/graziamagazine.com\/mx\/articles\/cruz-beckham-cumple-21-anos-y-celebra-con-su-familia\/\",\"url\":\"https:\/\/graziamagazine.com\/mx\/articles\/cruz-beckham-cumple-21-anos-y-celebra-con-su-familia\/\",\"name\":\"Cruz Beckham cumple 21 a\u00f1os y celebra con su familia\",\"isPartOf\":{\"@id\":\"https:\/\/graziamagazine.com\/mx\/#website\"},\"datePublished\":\"2026-02-17T23:17:54+00:00\",\"dateModified\":\"2026-02-17T23:20:13+00:00\",\"description\":\"La familia Beckham celebr\u00f3 el cumplea\u00f1os de su hijo menor, Cruz Beckham, por adelantado, ya que el 20 de febrero cumple 21 a\u00f1os. Para celebrarlo, David y\",\"breadcrumb\":{\"@id\":\"https:\/\/graziamagazine.com\/mx\/articles\/cruz-beckham-cumple-21-anos-y-celebra-con-su-familia\/#breadcrumb\"},\"inLanguage\":\"es-MX\",\"potentialAction\":[{\"@type\":\"ReadAction\",\"target\":[\"https:\/\/graziamagazine.com\/mx\/articles\/cruz-beckham-cumple-21-anos-y-celebra-con-su-familia\/\"]}]},{\"@type\":\"BreadcrumbList\",\"@id\":\"https:\/\/graziamagazine.com\/mx\/articles\/cruz-beckham-cumple-21-anos-y-celebra-con-su-familia\/#breadcrumb\",\"itemListElement\":[{\"@type\":\"ListItem\",\"position\":1,\"name\":\"Home\",\"item\":\"https:\/\/graziamagazine.com\/mx\/\"},{\"@type\":\"ListItem\",\"position\":2,\"name\":\"Cruz Beckham cumple 21 a\u00f1os y celebra con su familia\"}]},{\"@type\":\"WebSite\",\"@id\":\"https:\/\/graziamagazine.com\/mx\/#website\",\"url\":\"https:\/\/graziamagazine.com\/mx\/\",\"name\":\"Grazia M\u00e9xico y Latinoam\u00e9rica\",\"description\":\"Grazia es moda, belleza y noticias  de actualidad \",\"potentialAction\":[{\"@type\":\"SearchAction\",\"target\":{\"@type\":\"EntryPoint\",\"urlTemplate\":\"https:\/\/graziamagazine.com\/mx\/?s={search_term_string}\"},\"query-input\":\"required name=search_term_string\"}],\"inLanguage\":\"es-MX\"}]}<\/script>\n<!-- \/ Yoast SEO Premium plugin. -->","yoast_head_json":{"title":"Cruz Beckham cumple 21 a\u00f1os y celebra con su familia","description":"La familia Beckham celebr\u00f3 el cumplea\u00f1os de su hijo menor, Cruz Beckham, por adelantado, ya que el 20 de febrero cumple 21 a\u00f1os. Para celebrarlo, David y","robots":{"index":"index","follow":"follow","max-snippet":"max-snippet:-1","max-image-preview":"max-image-preview:large","max-video-preview":"max-video-preview:-1"},"canonical":"https:\/\/graziamagazine.com\/mx\/articles\/cruz-beckham-cumple-21-anos-y-celebra-con-su-familia\/","og_locale":"es_MX","og_type":"article","og_title":"Cruz Beckham cumple 21 a\u00f1os y celebra con su familia","og_description":"La familia Beckham celebr\u00f3 el cumplea\u00f1os de su hijo menor, Cruz Beckham, por adelantado, ya que el 20 de febrero cumple 21 a\u00f1os. Para celebrarlo, David y","og_url":"https:\/\/graziamagazine.com\/mx\/articles\/cruz-beckham-cumple-21-anos-y-celebra-con-su-familia\/","og_site_name":"Grazia M\u00e9xico y Latinoam\u00e9rica","article_modified_time":"2026-02-17T23:20:13+00:00","og_image":[{"width":581,"height":324,"url":"https:\/\/graziamagazine.com\/mx\/wp-content\/uploads\/sites\/13\/2026\/02\/6-6.jpg","type":"image\/jpeg"}],"twitter_card":"summary_large_image","twitter_misc":{"Est. reading time":"4 minutos"},"schema":{"@context":"https:\/\/schema.org","@graph":[{"@type":"WebPage","@id":"https:\/\/graziamagazine.com\/mx\/articles\/cruz-beckham-cumple-21-anos-y-celebra-con-su-familia\/","url":"https:\/\/graziamagazine.com\/mx\/articles\/cruz-beckham-cumple-21-anos-y-celebra-con-su-familia\/","name":"Cruz Beckham cumple 21 a\u00f1os y celebra con su familia","isPartOf":{"@id":"https:\/\/graziamagazine.com\/mx\/#website"},"datePublished":"2026-02-17T23:17:54+00:00","dateModified":"2026-02-17T23:20:13+00:00","description":"La familia Beckham celebr\u00f3 el cumplea\u00f1os de su hijo menor, Cruz Beckham, por adelantado, ya que el 20 de febrero cumple 21 a\u00f1os. Para celebrarlo, David y","breadcrumb":{"@id":"https:\/\/graziamagazine.com\/mx\/articles\/cruz-beckham-cumple-21-anos-y-celebra-con-su-familia\/#breadcrumb"},"inLanguage":"es-MX","potentialAction":[{"@type":"ReadAction","target":["https:\/\/graziamagazine.com\/mx\/articles\/cruz-beckham-cumple-21-anos-y-celebra-con-su-familia\/"]}]},{"@type":"BreadcrumbList","@id":"https:\/\/graziamagazine.com\/mx\/articles\/cruz-beckham-cumple-21-anos-y-celebra-con-su-familia\/#breadcrumb","itemListElement":[{"@type":"ListItem","position":1,"name":"Home","item":"https:\/\/graziamagazine.com\/mx\/"},{"@type":"ListItem","position":2,"name":"Cruz Beckham cumple 21 a\u00f1os y celebra con su familia"}]},{"@type":"WebSite","@id":"https:\/\/graziamagazine.com\/mx\/#website","url":"https:\/\/graziamagazine.com\/mx\/","name":"Grazia M\u00e9xico y Latinoam\u00e9rica","description":"Grazia es moda, belleza y noticias  de actualidad ","potentialAction":[{"@type":"SearchAction","target":{"@type":"EntryPoint","urlTemplate":"https:\/\/graziamagazine.com\/mx\/?s={search_term_string}"},"query-input":"required name=search_term_string"}],"inLanguage":"es-MX"}]}},"jetpack_sharing_enabled":true,"distributor_meta":false,"distributor_terms":false,"distributor_media":false,"distributor_original_site_name":"Grazia M\u00e9xico y Latinoam\u00e9rica","distributor_original_site_url":"https:\/\/graziamagazine.com\/mx","push-errors":false,"_links":{"self":[{"href":"https:\/\/graziamagazine.com\/mx\/wp-json\/wp\/v2\/articles\/166374"}],"collection":[{"href":"https:\/\/graziamagazine.com\/mx\/wp-json\/wp\/v2\/articles"}],"about":[{"href":"https:\/\/graziamagazine.com\/mx\/wp-json\/wp\/v2\/types\/articles"}],"author":[{"embeddable":true,"href":"https:\/\/graziamagazine.com\/mx\/wp-json\/wp\/v2\/users\/11628"}],"wp:featuredmedia":[{"embeddable":true,"href":"https:\/\/graziamagazine.com\/mx\/wp-json\/wp\/v2\/media\/166380"}],"wp:attachment":[{"href":"https:\/\/graziamagazine.com\/mx\/wp-json\/wp\/v2\/media?parent=166374"}],"wp:term":[{"taxonomy":"category","embeddable":true,"href":"https:\/\/graziamagazine.com\/mx\/wp-json\/wp\/v2\/categories?post=166374"}],"curies":[{"name":"wp","href":"https:\/\/api.w.org\/{rel}","templated":true}]}}