{"id":166275,"date":"2026-02-16T08:52:24","date_gmt":"2026-02-16T13:52:24","guid":{"rendered":"https:\/\/graziamagazine.com\/mx\/?post_type=articles&#038;p=166275"},"modified":"2026-02-15T23:00:52","modified_gmt":"2026-02-16T04:00:52","slug":"los-10-mejores-looks-de-campillo-en-nueva-york","status":"publish","type":"articles","link":"https:\/\/graziamagazine.com\/mx\/articles\/los-10-mejores-looks-de-campillo-en-nueva-york\/","title":{"rendered":"Los 10 mejores looks de Campillo en Nueva York"},"content":{"rendered":"<p data-start=\"173\" data-end=\"552\">En Boom at The Standard Hotel, bajo la luz del d\u00eda, Campillo transform\u00f3 un espacio conocido por su energ\u00eda nocturna en un sal\u00f3n \u00edntimo donde cada prenda exig\u00eda atenci\u00f3n cercana. Esa capacidad de alterar la percepci\u00f3n del entorno es coherente con su filosof\u00eda creativa. Para el dise\u00f1ador, la ropa no es solo imagen, es un m\u00e9todo para cuestionar c\u00f3mo nos vemos y c\u00f3mo nos sentimos.<\/p>\n<p data-start=\"554\" data-end=\"922\">Su colecci\u00f3n Fall 2026 Ready to Wear parte de una pregunta esencial: \u00bfqu\u00e9 buscamos cuando proyectamos una imagen de nosotros mismos? Campillo entiende el cuerpo como un veh\u00edculo de disciplina y precisi\u00f3n. Su pr\u00e1ctica es rigurosa, casi obsesiva, y esa intensidad se traduce en piezas que exploran la idea de restricci\u00f3n desde m\u00faltiples \u00e1ngulos hist\u00f3ricos y emocionales.<\/p>\n<div class=\"content-gallery\"><div class=\"gallery-placeholder\"><div class=\"spinner\"><\/div><\/div><span class=\"gallery-pagination\"><\/span><div id=\"gallery-1\" class=\"gallery galleryid-166275 gallery-columns- gallery-size-\"><figure class=\"gallery-item\"><div class=\"gallery-icon landscape\"><img loading=\"lazy\" decoding=\"async\" width=\"740\" height=\"1132\" src=\"https:\/\/graziamagazine.com\/mx\/wp-content\/uploads\/sites\/13\/2026\/02\/Captura-de-Pantalla-2026-02-15-a-las-21.53.35.png\" class=\"lazy\" alt=\"\" srcset=\"https:\/\/graziamagazine.com\/mx\/wp-content\/uploads\/sites\/13\/2026\/02\/Captura-de-Pantalla-2026-02-15-a-las-21.53.35.png 740w, https:\/\/graziamagazine.com\/mx\/wp-content\/uploads\/sites\/13\/2026\/02\/Captura-de-Pantalla-2026-02-15-a-las-21.53.35-294x450.png 294w, https:\/\/graziamagazine.com\/mx\/wp-content\/uploads\/sites\/13\/2026\/02\/Captura-de-Pantalla-2026-02-15-a-las-21.53.35-669x1024.png 669w, https:\/\/graziamagazine.com\/mx\/wp-content\/uploads\/sites\/13\/2026\/02\/Captura-de-Pantalla-2026-02-15-a-las-21.53.35-400x612.png 400w, https:\/\/graziamagazine.com\/mx\/wp-content\/uploads\/sites\/13\/2026\/02\/Captura-de-Pantalla-2026-02-15-a-las-21.53.35-141x215.png 141w\" sizes=\"(max-width: 740px) 100vw, 740px\" \/><\/div><\/figure><figure class=\"gallery-item\"><div class=\"gallery-icon landscape\"><img loading=\"lazy\" decoding=\"async\" width=\"740\" height=\"1132\" src=\"https:\/\/graziamagazine.com\/mx\/wp-content\/uploads\/sites\/13\/2026\/02\/Captura-de-Pantalla-2026-02-15-a-las-21.53.41.png\" class=\"lazy\" alt=\"\" srcset=\"https:\/\/graziamagazine.com\/mx\/wp-content\/uploads\/sites\/13\/2026\/02\/Captura-de-Pantalla-2026-02-15-a-las-21.53.41.png 740w, https:\/\/graziamagazine.com\/mx\/wp-content\/uploads\/sites\/13\/2026\/02\/Captura-de-Pantalla-2026-02-15-a-las-21.53.41-294x450.png 294w, https:\/\/graziamagazine.com\/mx\/wp-content\/uploads\/sites\/13\/2026\/02\/Captura-de-Pantalla-2026-02-15-a-las-21.53.41-669x1024.png 669w, https:\/\/graziamagazine.com\/mx\/wp-content\/uploads\/sites\/13\/2026\/02\/Captura-de-Pantalla-2026-02-15-a-las-21.53.41-400x612.png 400w, https:\/\/graziamagazine.com\/mx\/wp-content\/uploads\/sites\/13\/2026\/02\/Captura-de-Pantalla-2026-02-15-a-las-21.53.41-141x215.png 141w\" sizes=\"(max-width: 740px) 100vw, 740px\" \/><\/div><\/figure><figure class=\"gallery-item\"><div class=\"gallery-icon landscape\"><img loading=\"lazy\" decoding=\"async\" width=\"740\" height=\"1132\" src=\"https:\/\/graziamagazine.com\/mx\/wp-content\/uploads\/sites\/13\/2026\/02\/Captura-de-Pantalla-2026-02-15-a-las-21.53.46.png\" class=\"lazy\" alt=\"\" srcset=\"https:\/\/graziamagazine.com\/mx\/wp-content\/uploads\/sites\/13\/2026\/02\/Captura-de-Pantalla-2026-02-15-a-las-21.53.46.png 740w, https:\/\/graziamagazine.com\/mx\/wp-content\/uploads\/sites\/13\/2026\/02\/Captura-de-Pantalla-2026-02-15-a-las-21.53.46-294x450.png 294w, https:\/\/graziamagazine.com\/mx\/wp-content\/uploads\/sites\/13\/2026\/02\/Captura-de-Pantalla-2026-02-15-a-las-21.53.46-669x1024.png 669w, https:\/\/graziamagazine.com\/mx\/wp-content\/uploads\/sites\/13\/2026\/02\/Captura-de-Pantalla-2026-02-15-a-las-21.53.46-400x612.png 400w, https:\/\/graziamagazine.com\/mx\/wp-content\/uploads\/sites\/13\/2026\/02\/Captura-de-Pantalla-2026-02-15-a-las-21.53.46-141x215.png 141w\" sizes=\"(max-width: 740px) 100vw, 740px\" \/><\/div><\/figure><\/div><\/div>\n<p data-start=\"924\" data-end=\"1508\">El dise\u00f1ador investig\u00f3 la corseter\u00eda de los a\u00f1os veinte y las prendas inc\u00f3modas que durante siglos moldearon el cuerpo femenino. Estos c\u00f3digos aparecen reinterpretados en cinturones tipo cors\u00e9 que evocan la silueta de una silla de montar.<\/p>\n<p data-start=\"924\" data-end=\"1508\">Sin embargo, no se trata de una reproducci\u00f3n literal. La t\u00e9cnica desplaza el significado. Una chaqueta verde de construcci\u00f3n impecable sugiere la vista de una crin desde lo alto de un caballo, mientras su cuello alto de crin r\u00edgida, desarrollado en colaboraci\u00f3n con Christian Rodriguez, impone una estructura que abraza y limita al mismo tiempo.<\/p>\n<div class=\"content-gallery\"><div class=\"gallery-placeholder\"><div class=\"spinner\"><\/div><\/div><span class=\"gallery-pagination\"><\/span><div id=\"gallery-2\" class=\"gallery galleryid-166275 gallery-columns- gallery-size-\"><figure class=\"gallery-item\"><div class=\"gallery-icon landscape\"><img loading=\"lazy\" decoding=\"async\" width=\"740\" height=\"1132\" src=\"https:\/\/graziamagazine.com\/mx\/wp-content\/uploads\/sites\/13\/2026\/02\/Captura-de-Pantalla-2026-02-15-a-las-21.53.51.png\" class=\"lazy\" alt=\"\" srcset=\"https:\/\/graziamagazine.com\/mx\/wp-content\/uploads\/sites\/13\/2026\/02\/Captura-de-Pantalla-2026-02-15-a-las-21.53.51.png 740w, https:\/\/graziamagazine.com\/mx\/wp-content\/uploads\/sites\/13\/2026\/02\/Captura-de-Pantalla-2026-02-15-a-las-21.53.51-294x450.png 294w, https:\/\/graziamagazine.com\/mx\/wp-content\/uploads\/sites\/13\/2026\/02\/Captura-de-Pantalla-2026-02-15-a-las-21.53.51-669x1024.png 669w, https:\/\/graziamagazine.com\/mx\/wp-content\/uploads\/sites\/13\/2026\/02\/Captura-de-Pantalla-2026-02-15-a-las-21.53.51-400x612.png 400w, https:\/\/graziamagazine.com\/mx\/wp-content\/uploads\/sites\/13\/2026\/02\/Captura-de-Pantalla-2026-02-15-a-las-21.53.51-141x215.png 141w\" sizes=\"(max-width: 740px) 100vw, 740px\" \/><\/div><\/figure><figure class=\"gallery-item\"><div class=\"gallery-icon landscape\"><img loading=\"lazy\" decoding=\"async\" width=\"740\" height=\"1132\" src=\"https:\/\/graziamagazine.com\/mx\/wp-content\/uploads\/sites\/13\/2026\/02\/Captura-de-Pantalla-2026-02-15-a-las-21.53.56.png\" class=\"lazy\" alt=\"\" srcset=\"https:\/\/graziamagazine.com\/mx\/wp-content\/uploads\/sites\/13\/2026\/02\/Captura-de-Pantalla-2026-02-15-a-las-21.53.56.png 740w, https:\/\/graziamagazine.com\/mx\/wp-content\/uploads\/sites\/13\/2026\/02\/Captura-de-Pantalla-2026-02-15-a-las-21.53.56-294x450.png 294w, https:\/\/graziamagazine.com\/mx\/wp-content\/uploads\/sites\/13\/2026\/02\/Captura-de-Pantalla-2026-02-15-a-las-21.53.56-669x1024.png 669w, https:\/\/graziamagazine.com\/mx\/wp-content\/uploads\/sites\/13\/2026\/02\/Captura-de-Pantalla-2026-02-15-a-las-21.53.56-400x612.png 400w, https:\/\/graziamagazine.com\/mx\/wp-content\/uploads\/sites\/13\/2026\/02\/Captura-de-Pantalla-2026-02-15-a-las-21.53.56-141x215.png 141w\" sizes=\"(max-width: 740px) 100vw, 740px\" \/><\/div><\/figure><figure class=\"gallery-item\"><div class=\"gallery-icon landscape\"><img loading=\"lazy\" decoding=\"async\" width=\"740\" height=\"1132\" src=\"https:\/\/graziamagazine.com\/mx\/wp-content\/uploads\/sites\/13\/2026\/02\/Captura-de-Pantalla-2026-02-15-a-las-21.54.05.png\" class=\"lazy\" alt=\"\" srcset=\"https:\/\/graziamagazine.com\/mx\/wp-content\/uploads\/sites\/13\/2026\/02\/Captura-de-Pantalla-2026-02-15-a-las-21.54.05.png 740w, https:\/\/graziamagazine.com\/mx\/wp-content\/uploads\/sites\/13\/2026\/02\/Captura-de-Pantalla-2026-02-15-a-las-21.54.05-294x450.png 294w, https:\/\/graziamagazine.com\/mx\/wp-content\/uploads\/sites\/13\/2026\/02\/Captura-de-Pantalla-2026-02-15-a-las-21.54.05-669x1024.png 669w, https:\/\/graziamagazine.com\/mx\/wp-content\/uploads\/sites\/13\/2026\/02\/Captura-de-Pantalla-2026-02-15-a-las-21.54.05-400x612.png 400w, https:\/\/graziamagazine.com\/mx\/wp-content\/uploads\/sites\/13\/2026\/02\/Captura-de-Pantalla-2026-02-15-a-las-21.54.05-141x215.png 141w\" sizes=\"(max-width: 740px) 100vw, 740px\" \/><\/div><\/figure><\/div><\/div>\n<p data-start=\"1510\" data-end=\"1823\">La referencia ecuestre contin\u00faa en una chaqueta cuyo frente parece atrapado por el viento, como si el movimiento hubiera sido fijado con alfileres. Esta tensi\u00f3n entre control y libertad atraviesa toda la colecci\u00f3n. La ropa no solo cubre, interviene. Obliga a reconsiderar la postura, el gesto y la autopercepci\u00f3n.<\/p>\n<p data-start=\"1825\" data-end=\"2184\">Campillo tambi\u00e9n profundiza en la est\u00e9tica del traje tradicional charro, subrayando su potencia homoer\u00f3tica. Espaldas amplias, cinturas marcadas y piernas elongadas construyen una silueta casi escult\u00f3rica. Al desmontar estos elementos y reconfigurarlos, el dise\u00f1ador propone una lectura contempor\u00e1nea donde la masculinidad se vuelve performativa y consciente.<\/p>\n<div class=\"content-gallery\"><div class=\"gallery-placeholder\"><div class=\"spinner\"><\/div><\/div><span class=\"gallery-pagination\"><\/span><div id=\"gallery-3\" class=\"gallery galleryid-166275 gallery-columns- gallery-size-\"><figure class=\"gallery-item\"><div class=\"gallery-icon landscape\"><img loading=\"lazy\" decoding=\"async\" width=\"740\" height=\"1132\" src=\"https:\/\/graziamagazine.com\/mx\/wp-content\/uploads\/sites\/13\/2026\/02\/Captura-de-Pantalla-2026-02-15-a-las-21.54.10.png\" class=\"lazy\" alt=\"\" srcset=\"https:\/\/graziamagazine.com\/mx\/wp-content\/uploads\/sites\/13\/2026\/02\/Captura-de-Pantalla-2026-02-15-a-las-21.54.10.png 740w, https:\/\/graziamagazine.com\/mx\/wp-content\/uploads\/sites\/13\/2026\/02\/Captura-de-Pantalla-2026-02-15-a-las-21.54.10-294x450.png 294w, https:\/\/graziamagazine.com\/mx\/wp-content\/uploads\/sites\/13\/2026\/02\/Captura-de-Pantalla-2026-02-15-a-las-21.54.10-669x1024.png 669w, https:\/\/graziamagazine.com\/mx\/wp-content\/uploads\/sites\/13\/2026\/02\/Captura-de-Pantalla-2026-02-15-a-las-21.54.10-400x612.png 400w, https:\/\/graziamagazine.com\/mx\/wp-content\/uploads\/sites\/13\/2026\/02\/Captura-de-Pantalla-2026-02-15-a-las-21.54.10-141x215.png 141w\" sizes=\"(max-width: 740px) 100vw, 740px\" \/><\/div><\/figure><figure class=\"gallery-item\"><div class=\"gallery-icon landscape\"><img loading=\"lazy\" decoding=\"async\" width=\"740\" height=\"1132\" src=\"https:\/\/graziamagazine.com\/mx\/wp-content\/uploads\/sites\/13\/2026\/02\/Captura-de-Pantalla-2026-02-15-a-las-21.54.16.png\" class=\"lazy\" alt=\"\" srcset=\"https:\/\/graziamagazine.com\/mx\/wp-content\/uploads\/sites\/13\/2026\/02\/Captura-de-Pantalla-2026-02-15-a-las-21.54.16.png 740w, https:\/\/graziamagazine.com\/mx\/wp-content\/uploads\/sites\/13\/2026\/02\/Captura-de-Pantalla-2026-02-15-a-las-21.54.16-294x450.png 294w, https:\/\/graziamagazine.com\/mx\/wp-content\/uploads\/sites\/13\/2026\/02\/Captura-de-Pantalla-2026-02-15-a-las-21.54.16-669x1024.png 669w, https:\/\/graziamagazine.com\/mx\/wp-content\/uploads\/sites\/13\/2026\/02\/Captura-de-Pantalla-2026-02-15-a-las-21.54.16-400x612.png 400w, https:\/\/graziamagazine.com\/mx\/wp-content\/uploads\/sites\/13\/2026\/02\/Captura-de-Pantalla-2026-02-15-a-las-21.54.16-141x215.png 141w\" sizes=\"(max-width: 740px) 100vw, 740px\" \/><\/div><\/figure><figure class=\"gallery-item\"><div class=\"gallery-icon landscape\"><img loading=\"lazy\" decoding=\"async\" width=\"740\" height=\"1132\" src=\"https:\/\/graziamagazine.com\/mx\/wp-content\/uploads\/sites\/13\/2026\/02\/Captura-de-Pantalla-2026-02-15-a-las-21.54.46.png\" class=\"lazy\" alt=\"\" srcset=\"https:\/\/graziamagazine.com\/mx\/wp-content\/uploads\/sites\/13\/2026\/02\/Captura-de-Pantalla-2026-02-15-a-las-21.54.46.png 740w, https:\/\/graziamagazine.com\/mx\/wp-content\/uploads\/sites\/13\/2026\/02\/Captura-de-Pantalla-2026-02-15-a-las-21.54.46-294x450.png 294w, https:\/\/graziamagazine.com\/mx\/wp-content\/uploads\/sites\/13\/2026\/02\/Captura-de-Pantalla-2026-02-15-a-las-21.54.46-669x1024.png 669w, https:\/\/graziamagazine.com\/mx\/wp-content\/uploads\/sites\/13\/2026\/02\/Captura-de-Pantalla-2026-02-15-a-las-21.54.46-400x612.png 400w, https:\/\/graziamagazine.com\/mx\/wp-content\/uploads\/sites\/13\/2026\/02\/Captura-de-Pantalla-2026-02-15-a-las-21.54.46-141x215.png 141w\" sizes=\"(max-width: 740px) 100vw, 740px\" \/><\/div><\/figure><figure class=\"gallery-item\"><div class=\"gallery-icon landscape\"><img loading=\"lazy\" decoding=\"async\" width=\"740\" height=\"1132\" src=\"https:\/\/graziamagazine.com\/mx\/wp-content\/uploads\/sites\/13\/2026\/02\/Captura-de-Pantalla-2026-02-15-a-las-21.54.26.png\" class=\"lazy\" alt=\"\" srcset=\"https:\/\/graziamagazine.com\/mx\/wp-content\/uploads\/sites\/13\/2026\/02\/Captura-de-Pantalla-2026-02-15-a-las-21.54.26.png 740w, https:\/\/graziamagazine.com\/mx\/wp-content\/uploads\/sites\/13\/2026\/02\/Captura-de-Pantalla-2026-02-15-a-las-21.54.26-294x450.png 294w, https:\/\/graziamagazine.com\/mx\/wp-content\/uploads\/sites\/13\/2026\/02\/Captura-de-Pantalla-2026-02-15-a-las-21.54.26-669x1024.png 669w, https:\/\/graziamagazine.com\/mx\/wp-content\/uploads\/sites\/13\/2026\/02\/Captura-de-Pantalla-2026-02-15-a-las-21.54.26-400x612.png 400w, https:\/\/graziamagazine.com\/mx\/wp-content\/uploads\/sites\/13\/2026\/02\/Captura-de-Pantalla-2026-02-15-a-las-21.54.26-141x215.png 141w\" sizes=\"(max-width: 740px) 100vw, 740px\" \/><\/div><\/figure><\/div><\/div>\n<p data-start=\"2186\" data-end=\"2455\">El resultado es una colecci\u00f3n que incomoda y seduce a partes iguales. \u00bfPuede la restricci\u00f3n ser liberadora? Campillo sugiere que s\u00ed. Al imponer estructura, invita a tomar control del propio relato visual. La moda, en su visi\u00f3n, es herramienta de transformaci\u00f3n interna.<\/p>\n<p data-start=\"2457\" data-end=\"2708\">Fall 2026 no es una propuesta complaciente. Es un ejercicio de introspecci\u00f3n material donde cada costura dialoga con la identidad. En un panorama saturado de est\u00edmulos r\u00e1pidos, Campillo apuesta por la concentraci\u00f3n y la precisi\u00f3n como actos radicales.<\/p>\n<p data-start=\"2710\" data-end=\"2907\" data-is-last-node=\"\" data-is-only-node=\"\"><em><strong>*IMAGEN: Google Images<\/strong><\/em><\/p>\n","protected":false},"author":28953,"featured_media":166281,"template":"","format":"standard","categories":[4],"acf":[],"yoast_head":"<!-- This site is optimized with the Yoast SEO Premium plugin v18.5 (Yoast SEO v20.4) - https:\/\/yoast.com\/wordpress\/plugins\/seo\/ -->\n<title>Los 10 mejores looks de Campillo en Nueva York<\/title>\n<meta name=\"description\" content=\"Una reflexi\u00f3n sobre restricci\u00f3n, cuerpo y percepci\u00f3n redefine el ready to wear desde una disciplina est\u00e9tica intensa y provocadora\" \/>\n<meta name=\"robots\" content=\"index, follow, max-snippet:-1, max-image-preview:large, max-video-preview:-1\" \/>\n<link rel=\"canonical\" href=\"https:\/\/graziamagazine.com\/mx\/articles\/los-10-mejores-looks-de-campillo-en-nueva-york\/\" \/>\n<meta property=\"og:locale\" content=\"es_MX\" \/>\n<meta property=\"og:type\" content=\"article\" \/>\n<meta property=\"og:title\" content=\"Los 10 mejores looks de Campillo en Nueva York\" \/>\n<meta property=\"og:description\" content=\"Una reflexi\u00f3n sobre restricci\u00f3n, cuerpo y percepci\u00f3n redefine el ready to wear desde una disciplina est\u00e9tica intensa y provocadora\" \/>\n<meta property=\"og:url\" content=\"https:\/\/graziamagazine.com\/mx\/articles\/los-10-mejores-looks-de-campillo-en-nueva-york\/\" \/>\n<meta property=\"og:site_name\" content=\"Grazia M\u00e9xico y Latinoam\u00e9rica\" \/>\n<meta property=\"article:modified_time\" content=\"2026-02-16T04:00:52+00:00\" \/>\n<meta property=\"og:image\" content=\"https:\/\/graziamagazine.com\/mx\/wp-content\/uploads\/sites\/13\/2026\/02\/Captura-de-Pantalla-2026-02-15-a-las-21.54.01-e1771214274184.png\" \/>\n\t<meta property=\"og:image:width\" content=\"737\" \/>\n\t<meta property=\"og:image:height\" content=\"554\" \/>\n\t<meta property=\"og:image:type\" content=\"image\/png\" \/>\n<meta name=\"twitter:card\" content=\"summary_large_image\" \/>\n<meta name=\"twitter:label1\" content=\"Est. reading time\" \/>\n\t<meta name=\"twitter:data1\" content=\"2 minutos\" \/>\n<script type=\"application\/ld+json\" class=\"yoast-schema-graph\">{\"@context\":\"https:\/\/schema.org\",\"@graph\":[{\"@type\":\"WebPage\",\"@id\":\"https:\/\/graziamagazine.com\/mx\/articles\/los-10-mejores-looks-de-campillo-en-nueva-york\/\",\"url\":\"https:\/\/graziamagazine.com\/mx\/articles\/los-10-mejores-looks-de-campillo-en-nueva-york\/\",\"name\":\"Los 10 mejores looks de Campillo en Nueva York\",\"isPartOf\":{\"@id\":\"https:\/\/graziamagazine.com\/mx\/#website\"},\"datePublished\":\"2026-02-16T13:52:24+00:00\",\"dateModified\":\"2026-02-16T04:00:52+00:00\",\"description\":\"Una reflexi\u00f3n sobre restricci\u00f3n, cuerpo y percepci\u00f3n redefine el ready to wear desde una disciplina est\u00e9tica intensa y provocadora\",\"breadcrumb\":{\"@id\":\"https:\/\/graziamagazine.com\/mx\/articles\/los-10-mejores-looks-de-campillo-en-nueva-york\/#breadcrumb\"},\"inLanguage\":\"es-MX\",\"potentialAction\":[{\"@type\":\"ReadAction\",\"target\":[\"https:\/\/graziamagazine.com\/mx\/articles\/los-10-mejores-looks-de-campillo-en-nueva-york\/\"]}]},{\"@type\":\"BreadcrumbList\",\"@id\":\"https:\/\/graziamagazine.com\/mx\/articles\/los-10-mejores-looks-de-campillo-en-nueva-york\/#breadcrumb\",\"itemListElement\":[{\"@type\":\"ListItem\",\"position\":1,\"name\":\"Home\",\"item\":\"https:\/\/graziamagazine.com\/mx\/\"},{\"@type\":\"ListItem\",\"position\":2,\"name\":\"Los 10 mejores looks de Campillo en Nueva York\"}]},{\"@type\":\"WebSite\",\"@id\":\"https:\/\/graziamagazine.com\/mx\/#website\",\"url\":\"https:\/\/graziamagazine.com\/mx\/\",\"name\":\"Grazia M\u00e9xico y Latinoam\u00e9rica\",\"description\":\"Grazia es moda, belleza y noticias  de actualidad \",\"potentialAction\":[{\"@type\":\"SearchAction\",\"target\":{\"@type\":\"EntryPoint\",\"urlTemplate\":\"https:\/\/graziamagazine.com\/mx\/?s={search_term_string}\"},\"query-input\":\"required name=search_term_string\"}],\"inLanguage\":\"es-MX\"}]}<\/script>\n<!-- \/ Yoast SEO Premium plugin. -->","yoast_head_json":{"title":"Los 10 mejores looks de Campillo en Nueva York","description":"Una reflexi\u00f3n sobre restricci\u00f3n, cuerpo y percepci\u00f3n redefine el ready to wear desde una disciplina est\u00e9tica intensa y provocadora","robots":{"index":"index","follow":"follow","max-snippet":"max-snippet:-1","max-image-preview":"max-image-preview:large","max-video-preview":"max-video-preview:-1"},"canonical":"https:\/\/graziamagazine.com\/mx\/articles\/los-10-mejores-looks-de-campillo-en-nueva-york\/","og_locale":"es_MX","og_type":"article","og_title":"Los 10 mejores looks de Campillo en Nueva York","og_description":"Una reflexi\u00f3n sobre restricci\u00f3n, cuerpo y percepci\u00f3n redefine el ready to wear desde una disciplina est\u00e9tica intensa y provocadora","og_url":"https:\/\/graziamagazine.com\/mx\/articles\/los-10-mejores-looks-de-campillo-en-nueva-york\/","og_site_name":"Grazia M\u00e9xico y Latinoam\u00e9rica","article_modified_time":"2026-02-16T04:00:52+00:00","og_image":[{"width":737,"height":554,"url":"https:\/\/graziamagazine.com\/mx\/wp-content\/uploads\/sites\/13\/2026\/02\/Captura-de-Pantalla-2026-02-15-a-las-21.54.01-e1771214274184.png","type":"image\/png"}],"twitter_card":"summary_large_image","twitter_misc":{"Est. reading time":"2 minutos"},"schema":{"@context":"https:\/\/schema.org","@graph":[{"@type":"WebPage","@id":"https:\/\/graziamagazine.com\/mx\/articles\/los-10-mejores-looks-de-campillo-en-nueva-york\/","url":"https:\/\/graziamagazine.com\/mx\/articles\/los-10-mejores-looks-de-campillo-en-nueva-york\/","name":"Los 10 mejores looks de Campillo en Nueva York","isPartOf":{"@id":"https:\/\/graziamagazine.com\/mx\/#website"},"datePublished":"2026-02-16T13:52:24+00:00","dateModified":"2026-02-16T04:00:52+00:00","description":"Una reflexi\u00f3n sobre restricci\u00f3n, cuerpo y percepci\u00f3n redefine el ready to wear desde una disciplina est\u00e9tica intensa y provocadora","breadcrumb":{"@id":"https:\/\/graziamagazine.com\/mx\/articles\/los-10-mejores-looks-de-campillo-en-nueva-york\/#breadcrumb"},"inLanguage":"es-MX","potentialAction":[{"@type":"ReadAction","target":["https:\/\/graziamagazine.com\/mx\/articles\/los-10-mejores-looks-de-campillo-en-nueva-york\/"]}]},{"@type":"BreadcrumbList","@id":"https:\/\/graziamagazine.com\/mx\/articles\/los-10-mejores-looks-de-campillo-en-nueva-york\/#breadcrumb","itemListElement":[{"@type":"ListItem","position":1,"name":"Home","item":"https:\/\/graziamagazine.com\/mx\/"},{"@type":"ListItem","position":2,"name":"Los 10 mejores looks de Campillo en Nueva York"}]},{"@type":"WebSite","@id":"https:\/\/graziamagazine.com\/mx\/#website","url":"https:\/\/graziamagazine.com\/mx\/","name":"Grazia M\u00e9xico y Latinoam\u00e9rica","description":"Grazia es moda, belleza y noticias  de actualidad ","potentialAction":[{"@type":"SearchAction","target":{"@type":"EntryPoint","urlTemplate":"https:\/\/graziamagazine.com\/mx\/?s={search_term_string}"},"query-input":"required name=search_term_string"}],"inLanguage":"es-MX"}]}},"jetpack_sharing_enabled":true,"distributor_meta":false,"distributor_terms":false,"distributor_media":false,"distributor_original_site_name":"Grazia M\u00e9xico y Latinoam\u00e9rica","distributor_original_site_url":"https:\/\/graziamagazine.com\/mx","push-errors":false,"_links":{"self":[{"href":"https:\/\/graziamagazine.com\/mx\/wp-json\/wp\/v2\/articles\/166275"}],"collection":[{"href":"https:\/\/graziamagazine.com\/mx\/wp-json\/wp\/v2\/articles"}],"about":[{"href":"https:\/\/graziamagazine.com\/mx\/wp-json\/wp\/v2\/types\/articles"}],"author":[{"embeddable":true,"href":"https:\/\/graziamagazine.com\/mx\/wp-json\/wp\/v2\/users\/28953"}],"wp:featuredmedia":[{"embeddable":true,"href":"https:\/\/graziamagazine.com\/mx\/wp-json\/wp\/v2\/media\/166281"}],"wp:attachment":[{"href":"https:\/\/graziamagazine.com\/mx\/wp-json\/wp\/v2\/media?parent=166275"}],"wp:term":[{"taxonomy":"category","embeddable":true,"href":"https:\/\/graziamagazine.com\/mx\/wp-json\/wp\/v2\/categories?post=166275"}],"curies":[{"name":"wp","href":"https:\/\/api.w.org\/{rel}","templated":true}]}}