{"id":165994,"date":"2026-02-11T17:20:52","date_gmt":"2026-02-11T22:20:52","guid":{"rendered":"https:\/\/graziamagazine.com\/mx\/?post_type=articles&#038;p=165994"},"modified":"2026-02-11T17:26:39","modified_gmt":"2026-02-11T22:26:39","slug":"rachel-scott-debuta-en-proenza-schouler-con-la-coleccion-otono-2026-ready-to-wear","status":"publish","type":"articles","link":"https:\/\/graziamagazine.com\/mx\/articles\/rachel-scott-debuta-en-proenza-schouler-con-la-coleccion-otono-2026-ready-to-wear\/","title":{"rendered":"Rachel Scott debuta en Proenza Schouler con la colecci\u00f3n Oto\u00f1o 2026 Ready to Wear"},"content":{"rendered":"<p>Rachel Scott fue nombrada directora creativa de Proenza Schouler d\u00edas antes de la presentaci\u00f3n de la marca en la semana de la moda de Nueva York el pasado septiembre. Sin embargo, el desfile de hoy fue su verdadero adelanto inaugural, ya que fue la primera colecci\u00f3n en la que trabaj\u00f3 de principio a fin tras reemplazar a los fundadores de la marca, Jack McCollough y L\u00e1zaro Hern\u00e1ndez, quienes se mudaron a Par\u00eds y tuvieron la oportunidad de dirigir Loewe. Un gran grupo de dise\u00f1adores, entre ellos Mar\u00eda Cornejo, Ver\u00f3nica Leoni de Calvin Klein y Ra\u00fal L\u00f3pez de Luar, acudieron para apoyar a Scott, quien presentar\u00e1 un desfile para su propia marca, Diotima, en tan solo cuatro d\u00edas.<\/p>\n<p>Este debut formal de Scott en Proenza fue el desfile m\u00e1s esperado de la semana. Hasta ahora, se han vislumbrado indicios del recorrido que quiere emprender con la clienta, ya que el desfile de septiembre incluy\u00f3 detalles de su toque personal y una nueva campa\u00f1a publicitaria lanzada recientemente, centrada en la autenticidad. Scott comparti\u00f3 con franqueza que ha sido meticulosa al estudiar la marca y sus c\u00f3digos, identificando los colores, su conexi\u00f3n con el arte, la sastrer\u00eda y la artesan\u00eda. Los fundadores, L\u00e1zaro Hern\u00e1ndez y Jack McCollough, aman a las mujeres; ella lo tiene claro. Pero, al ser mujer, aporta un matiz diferente a la marca. &#8220;El perfeccionismo me parece una especie de prisi\u00f3n&#8221;, dijo un d\u00eda antes de su debut, contrastando la idea de idolatrar a una mujer con ser una.<\/p>\n<p>La forma se revis\u00f3 en todo el desfile, por ejemplo, con su propio atuendo de chamarra vaquera en tonos arena y un traje. Se percib\u00eda una tensi\u00f3n vibrante entre la mano y la m\u00e1quina, como sus estampados de orqu\u00eddeas, primero fotografiados, pintados encima y luego digitalizados sobre vestidos con flecos y conjuntos, recuperando a la mujer Proenza Schouler, sencilla y moderna, con nuevas ideas para la actualidad.<\/p>\n<p>El ADN de Proenza se integr\u00f3 con algunos detalles de los primeros trabajos de los fundadores, como los ojales, con una nueva exigencia en los abrigos. El calzado retom\u00f3 estilos anteriores y los actualiz\u00f3, como un tac\u00f3n de suela afelpada con cordones de cuero con tiras, mientras que otros optaron por un estilo masculino con mocasines con puntas alargadas. La marca tambi\u00e9n retom\u00f3 el legado del bolso PS1 con nuevas y contundentes propuestas, incluyendo bolsos bowler con orqu\u00eddeas pintadas a mano, bolsos tote flexibles y un bolso cubo con tiras de pelo de becerro y ante, un gui\u00f1o a una de las primeras formas que la marca lanz\u00f3 en la categor\u00eda.<\/p>\n<p>Scott, ganadora del Premio CFDA de moda femenina en 2024, la primera dise\u00f1adora afroamericana en conseguirlo, logr\u00f3 varios vestidos con estampados florales, dobladillos asim\u00e9tricos tipo pa\u00f1uelo, flecos y ojales, todo ello combinado con capas de estilo moderno.<\/p>\n<p>Estos son nuestros looks favoritos de la colecci\u00f3n:<\/p>\n<p><img loading=\"lazy\" decoding=\"async\" class=\"alignnone size-medium wp-image-165995\" src=\"https:\/\/graziamagazine.com\/mx\/wp-content\/uploads\/sites\/13\/2026\/02\/8-1-298x450.jpg\" alt=\"\" width=\"298\" height=\"450\" srcset=\"https:\/\/graziamagazine.com\/mx\/wp-content\/uploads\/sites\/13\/2026\/02\/8-1-298x450.jpg 298w, https:\/\/graziamagazine.com\/mx\/wp-content\/uploads\/sites\/13\/2026\/02\/8-1-400x604.jpg 400w, https:\/\/graziamagazine.com\/mx\/wp-content\/uploads\/sites\/13\/2026\/02\/8-1-142x215.jpg 142w, https:\/\/graziamagazine.com\/mx\/wp-content\/uploads\/sites\/13\/2026\/02\/8-1.jpg 593w\" sizes=\"(max-width: 298px) 100vw, 298px\" \/> <img loading=\"lazy\" decoding=\"async\" class=\"alignnone size-medium wp-image-165996\" src=\"https:\/\/graziamagazine.com\/mx\/wp-content\/uploads\/sites\/13\/2026\/02\/9-1-303x450.jpg\" alt=\"\" width=\"303\" height=\"450\" srcset=\"https:\/\/graziamagazine.com\/mx\/wp-content\/uploads\/sites\/13\/2026\/02\/9-1-303x450.jpg 303w, https:\/\/graziamagazine.com\/mx\/wp-content\/uploads\/sites\/13\/2026\/02\/9-1-400x594.jpg 400w, https:\/\/graziamagazine.com\/mx\/wp-content\/uploads\/sites\/13\/2026\/02\/9-1-145x215.jpg 145w, https:\/\/graziamagazine.com\/mx\/wp-content\/uploads\/sites\/13\/2026\/02\/9-1.jpg 600w\" sizes=\"(max-width: 303px) 100vw, 303px\" \/> <img loading=\"lazy\" decoding=\"async\" class=\"alignnone size-medium wp-image-165997\" src=\"https:\/\/graziamagazine.com\/mx\/wp-content\/uploads\/sites\/13\/2026\/02\/10-1-281x450.jpg\" alt=\"\" width=\"281\" height=\"450\" srcset=\"https:\/\/graziamagazine.com\/mx\/wp-content\/uploads\/sites\/13\/2026\/02\/10-1-281x450.jpg 281w, https:\/\/graziamagazine.com\/mx\/wp-content\/uploads\/sites\/13\/2026\/02\/10-1-400x640.jpg 400w, https:\/\/graziamagazine.com\/mx\/wp-content\/uploads\/sites\/13\/2026\/02\/10-1-134x215.jpg 134w, https:\/\/graziamagazine.com\/mx\/wp-content\/uploads\/sites\/13\/2026\/02\/10-1.jpg 560w\" sizes=\"(max-width: 281px) 100vw, 281px\" \/> <img loading=\"lazy\" decoding=\"async\" class=\"alignnone size-medium wp-image-165998\" src=\"https:\/\/graziamagazine.com\/mx\/wp-content\/uploads\/sites\/13\/2026\/02\/11-1-295x450.jpg\" alt=\"\" width=\"295\" height=\"450\" srcset=\"https:\/\/graziamagazine.com\/mx\/wp-content\/uploads\/sites\/13\/2026\/02\/11-1-295x450.jpg 295w, https:\/\/graziamagazine.com\/mx\/wp-content\/uploads\/sites\/13\/2026\/02\/11-1-400x611.jpg 400w, https:\/\/graziamagazine.com\/mx\/wp-content\/uploads\/sites\/13\/2026\/02\/11-1-141x215.jpg 141w, https:\/\/graziamagazine.com\/mx\/wp-content\/uploads\/sites\/13\/2026\/02\/11-1.jpg 587w\" sizes=\"(max-width: 295px) 100vw, 295px\" \/> <img loading=\"lazy\" decoding=\"async\" class=\"alignnone size-medium wp-image-165999\" src=\"https:\/\/graziamagazine.com\/mx\/wp-content\/uploads\/sites\/13\/2026\/02\/12-1-289x450.jpg\" alt=\"\" width=\"289\" height=\"450\" srcset=\"https:\/\/graziamagazine.com\/mx\/wp-content\/uploads\/sites\/13\/2026\/02\/12-1-289x450.jpg 289w, https:\/\/graziamagazine.com\/mx\/wp-content\/uploads\/sites\/13\/2026\/02\/12-1-400x623.jpg 400w, https:\/\/graziamagazine.com\/mx\/wp-content\/uploads\/sites\/13\/2026\/02\/12-1-138x215.jpg 138w, https:\/\/graziamagazine.com\/mx\/wp-content\/uploads\/sites\/13\/2026\/02\/12-1.jpg 575w\" sizes=\"(max-width: 289px) 100vw, 289px\" \/> <img loading=\"lazy\" decoding=\"async\" class=\"alignnone size-medium wp-image-166000\" src=\"https:\/\/graziamagazine.com\/mx\/wp-content\/uploads\/sites\/13\/2026\/02\/13-289x450.jpg\" alt=\"\" width=\"289\" height=\"450\" srcset=\"https:\/\/graziamagazine.com\/mx\/wp-content\/uploads\/sites\/13\/2026\/02\/13-289x450.jpg 289w, https:\/\/graziamagazine.com\/mx\/wp-content\/uploads\/sites\/13\/2026\/02\/13-400x622.jpg 400w, https:\/\/graziamagazine.com\/mx\/wp-content\/uploads\/sites\/13\/2026\/02\/13-138x215.jpg 138w, https:\/\/graziamagazine.com\/mx\/wp-content\/uploads\/sites\/13\/2026\/02\/13.jpg 576w\" sizes=\"(max-width: 289px) 100vw, 289px\" \/> <img loading=\"lazy\" decoding=\"async\" class=\"alignnone size-medium wp-image-166001\" src=\"https:\/\/graziamagazine.com\/mx\/wp-content\/uploads\/sites\/13\/2026\/02\/14-293x450.jpg\" alt=\"\" width=\"293\" height=\"450\" srcset=\"https:\/\/graziamagazine.com\/mx\/wp-content\/uploads\/sites\/13\/2026\/02\/14-293x450.jpg 293w, https:\/\/graziamagazine.com\/mx\/wp-content\/uploads\/sites\/13\/2026\/02\/14-400x614.jpg 400w, https:\/\/graziamagazine.com\/mx\/wp-content\/uploads\/sites\/13\/2026\/02\/14-140x215.jpg 140w, https:\/\/graziamagazine.com\/mx\/wp-content\/uploads\/sites\/13\/2026\/02\/14.jpg 581w\" sizes=\"(max-width: 293px) 100vw, 293px\" \/> <img loading=\"lazy\" decoding=\"async\" class=\"alignnone size-medium wp-image-166002\" src=\"https:\/\/graziamagazine.com\/mx\/wp-content\/uploads\/sites\/13\/2026\/02\/15-293x450.jpg\" alt=\"\" width=\"293\" height=\"450\" srcset=\"https:\/\/graziamagazine.com\/mx\/wp-content\/uploads\/sites\/13\/2026\/02\/15-293x450.jpg 293w, https:\/\/graziamagazine.com\/mx\/wp-content\/uploads\/sites\/13\/2026\/02\/15-400x613.jpg 400w, https:\/\/graziamagazine.com\/mx\/wp-content\/uploads\/sites\/13\/2026\/02\/15-140x215.jpg 140w, https:\/\/graziamagazine.com\/mx\/wp-content\/uploads\/sites\/13\/2026\/02\/15.jpg 581w\" sizes=\"(max-width: 293px) 100vw, 293px\" \/> <img loading=\"lazy\" decoding=\"async\" class=\"alignnone size-medium wp-image-166004\" src=\"https:\/\/graziamagazine.com\/mx\/wp-content\/uploads\/sites\/13\/2026\/02\/1-1-296x450.jpg\" alt=\"\" width=\"296\" height=\"450\" srcset=\"https:\/\/graziamagazine.com\/mx\/wp-content\/uploads\/sites\/13\/2026\/02\/1-1-296x450.jpg 296w, https:\/\/graziamagazine.com\/mx\/wp-content\/uploads\/sites\/13\/2026\/02\/1-1-400x609.jpg 400w, https:\/\/graziamagazine.com\/mx\/wp-content\/uploads\/sites\/13\/2026\/02\/1-1-141x215.jpg 141w, https:\/\/graziamagazine.com\/mx\/wp-content\/uploads\/sites\/13\/2026\/02\/1-1.jpg 590w\" sizes=\"(max-width: 296px) 100vw, 296px\" \/> <img loading=\"lazy\" decoding=\"async\" class=\"alignnone size-medium wp-image-166005\" src=\"https:\/\/graziamagazine.com\/mx\/wp-content\/uploads\/sites\/13\/2026\/02\/2-1-289x450.jpg\" alt=\"\" width=\"289\" height=\"450\" srcset=\"https:\/\/graziamagazine.com\/mx\/wp-content\/uploads\/sites\/13\/2026\/02\/2-1-289x450.jpg 289w, https:\/\/graziamagazine.com\/mx\/wp-content\/uploads\/sites\/13\/2026\/02\/2-1-400x622.jpg 400w, https:\/\/graziamagazine.com\/mx\/wp-content\/uploads\/sites\/13\/2026\/02\/2-1-138x215.jpg 138w, https:\/\/graziamagazine.com\/mx\/wp-content\/uploads\/sites\/13\/2026\/02\/2-1.jpg 577w\" sizes=\"(max-width: 289px) 100vw, 289px\" \/> <img loading=\"lazy\" decoding=\"async\" class=\"alignnone size-medium wp-image-166006\" src=\"https:\/\/graziamagazine.com\/mx\/wp-content\/uploads\/sites\/13\/2026\/02\/3-1-296x450.jpg\" alt=\"\" width=\"296\" height=\"450\" srcset=\"https:\/\/graziamagazine.com\/mx\/wp-content\/uploads\/sites\/13\/2026\/02\/3-1-296x450.jpg 296w, https:\/\/graziamagazine.com\/mx\/wp-content\/uploads\/sites\/13\/2026\/02\/3-1-400x609.jpg 400w, https:\/\/graziamagazine.com\/mx\/wp-content\/uploads\/sites\/13\/2026\/02\/3-1-141x215.jpg 141w, https:\/\/graziamagazine.com\/mx\/wp-content\/uploads\/sites\/13\/2026\/02\/3-1.jpg 587w\" sizes=\"(max-width: 296px) 100vw, 296px\" \/> <img loading=\"lazy\" decoding=\"async\" class=\"alignnone size-medium wp-image-166007\" src=\"https:\/\/graziamagazine.com\/mx\/wp-content\/uploads\/sites\/13\/2026\/02\/4-1-297x450.jpg\" alt=\"\" width=\"297\" height=\"450\" srcset=\"https:\/\/graziamagazine.com\/mx\/wp-content\/uploads\/sites\/13\/2026\/02\/4-1-297x450.jpg 297w, https:\/\/graziamagazine.com\/mx\/wp-content\/uploads\/sites\/13\/2026\/02\/4-1-400x606.jpg 400w, https:\/\/graziamagazine.com\/mx\/wp-content\/uploads\/sites\/13\/2026\/02\/4-1-142x215.jpg 142w, https:\/\/graziamagazine.com\/mx\/wp-content\/uploads\/sites\/13\/2026\/02\/4-1.jpg 588w\" sizes=\"(max-width: 297px) 100vw, 297px\" \/> <img loading=\"lazy\" decoding=\"async\" class=\"alignnone size-medium wp-image-166008\" src=\"https:\/\/graziamagazine.com\/mx\/wp-content\/uploads\/sites\/13\/2026\/02\/5-1-299x450.jpg\" alt=\"\" width=\"299\" height=\"450\" srcset=\"https:\/\/graziamagazine.com\/mx\/wp-content\/uploads\/sites\/13\/2026\/02\/5-1-299x450.jpg 299w, https:\/\/graziamagazine.com\/mx\/wp-content\/uploads\/sites\/13\/2026\/02\/5-1-400x601.jpg 400w, https:\/\/graziamagazine.com\/mx\/wp-content\/uploads\/sites\/13\/2026\/02\/5-1-143x215.jpg 143w, https:\/\/graziamagazine.com\/mx\/wp-content\/uploads\/sites\/13\/2026\/02\/5-1.jpg 596w\" sizes=\"(max-width: 299px) 100vw, 299px\" \/> <img loading=\"lazy\" decoding=\"async\" class=\"alignnone size-medium wp-image-166009\" src=\"https:\/\/graziamagazine.com\/mx\/wp-content\/uploads\/sites\/13\/2026\/02\/6-1-300x450.jpg\" alt=\"\" width=\"300\" height=\"450\" srcset=\"https:\/\/graziamagazine.com\/mx\/wp-content\/uploads\/sites\/13\/2026\/02\/6-1-300x450.jpg 300w, https:\/\/graziamagazine.com\/mx\/wp-content\/uploads\/sites\/13\/2026\/02\/6-1-400x600.jpg 400w, https:\/\/graziamagazine.com\/mx\/wp-content\/uploads\/sites\/13\/2026\/02\/6-1-143x215.jpg 143w, https:\/\/graziamagazine.com\/mx\/wp-content\/uploads\/sites\/13\/2026\/02\/6-1.jpg 586w\" sizes=\"(max-width: 300px) 100vw, 300px\" \/> <img loading=\"lazy\" decoding=\"async\" class=\"alignnone size-medium wp-image-166010\" src=\"https:\/\/graziamagazine.com\/mx\/wp-content\/uploads\/sites\/13\/2026\/02\/7-1-293x450.jpg\" alt=\"\" width=\"293\" height=\"450\" srcset=\"https:\/\/graziamagazine.com\/mx\/wp-content\/uploads\/sites\/13\/2026\/02\/7-1-293x450.jpg 293w, https:\/\/graziamagazine.com\/mx\/wp-content\/uploads\/sites\/13\/2026\/02\/7-1-400x614.jpg 400w, https:\/\/graziamagazine.com\/mx\/wp-content\/uploads\/sites\/13\/2026\/02\/7-1-140x215.jpg 140w, https:\/\/graziamagazine.com\/mx\/wp-content\/uploads\/sites\/13\/2026\/02\/7-1.jpg 586w\" sizes=\"(max-width: 293px) 100vw, 293px\" \/><\/p>\n","protected":false},"author":11628,"featured_media":166003,"template":"","format":"standard","categories":[4],"acf":[],"yoast_head":"<!-- This site is optimized with the Yoast SEO Premium plugin v18.5 (Yoast SEO v20.4) - https:\/\/yoast.com\/wordpress\/plugins\/seo\/ -->\n<title>Rachel Scott debuta en Proenza Schouler con la colecci\u00f3n Oto\u00f1o 2026 Ready to Wear<\/title>\n<meta name=\"description\" content=\"Rachel Scott fue nombrada directora creativa de Proenza Schouler d\u00edas antes de la presentaci\u00f3n de la marca en la semana de la moda de Nueva York el pasado\" \/>\n<meta name=\"robots\" content=\"index, follow, max-snippet:-1, max-image-preview:large, max-video-preview:-1\" \/>\n<link rel=\"canonical\" href=\"https:\/\/graziamagazine.com\/mx\/articles\/rachel-scott-debuta-en-proenza-schouler-con-la-coleccion-otono-2026-ready-to-wear\/\" \/>\n<meta property=\"og:locale\" content=\"es_MX\" \/>\n<meta property=\"og:type\" content=\"article\" \/>\n<meta property=\"og:title\" content=\"Rachel Scott debuta en Proenza Schouler con la colecci\u00f3n Oto\u00f1o 2026 Ready to Wear\" \/>\n<meta property=\"og:description\" content=\"Rachel Scott fue nombrada directora creativa de Proenza Schouler d\u00edas antes de la presentaci\u00f3n de la marca en la semana de la moda de Nueva York el pasado\" \/>\n<meta property=\"og:url\" content=\"https:\/\/graziamagazine.com\/mx\/articles\/rachel-scott-debuta-en-proenza-schouler-con-la-coleccion-otono-2026-ready-to-wear\/\" \/>\n<meta property=\"og:site_name\" content=\"Grazia M\u00e9xico y Latinoam\u00e9rica\" \/>\n<meta property=\"article:modified_time\" content=\"2026-02-11T22:26:39+00:00\" \/>\n<meta property=\"og:image\" content=\"https:\/\/graziamagazine.com\/mx\/wp-content\/uploads\/sites\/13\/2026\/02\/515165.jpg\" \/>\n\t<meta property=\"og:image:width\" content=\"585\" \/>\n\t<meta property=\"og:image:height\" content=\"390\" \/>\n\t<meta property=\"og:image:type\" content=\"image\/jpeg\" \/>\n<meta name=\"twitter:card\" content=\"summary_large_image\" \/>\n<meta name=\"twitter:label1\" content=\"Est. reading time\" \/>\n\t<meta name=\"twitter:data1\" content=\"6 minutos\" \/>\n<script type=\"application\/ld+json\" class=\"yoast-schema-graph\">{\"@context\":\"https:\/\/schema.org\",\"@graph\":[{\"@type\":\"WebPage\",\"@id\":\"https:\/\/graziamagazine.com\/mx\/articles\/rachel-scott-debuta-en-proenza-schouler-con-la-coleccion-otono-2026-ready-to-wear\/\",\"url\":\"https:\/\/graziamagazine.com\/mx\/articles\/rachel-scott-debuta-en-proenza-schouler-con-la-coleccion-otono-2026-ready-to-wear\/\",\"name\":\"Rachel Scott debuta en Proenza Schouler con la colecci\u00f3n Oto\u00f1o 2026 Ready to Wear\",\"isPartOf\":{\"@id\":\"https:\/\/graziamagazine.com\/mx\/#website\"},\"datePublished\":\"2026-02-11T22:20:52+00:00\",\"dateModified\":\"2026-02-11T22:26:39+00:00\",\"description\":\"Rachel Scott fue nombrada directora creativa de Proenza Schouler d\u00edas antes de la presentaci\u00f3n de la marca en la semana de la moda de Nueva York el pasado\",\"breadcrumb\":{\"@id\":\"https:\/\/graziamagazine.com\/mx\/articles\/rachel-scott-debuta-en-proenza-schouler-con-la-coleccion-otono-2026-ready-to-wear\/#breadcrumb\"},\"inLanguage\":\"es-MX\",\"potentialAction\":[{\"@type\":\"ReadAction\",\"target\":[\"https:\/\/graziamagazine.com\/mx\/articles\/rachel-scott-debuta-en-proenza-schouler-con-la-coleccion-otono-2026-ready-to-wear\/\"]}]},{\"@type\":\"BreadcrumbList\",\"@id\":\"https:\/\/graziamagazine.com\/mx\/articles\/rachel-scott-debuta-en-proenza-schouler-con-la-coleccion-otono-2026-ready-to-wear\/#breadcrumb\",\"itemListElement\":[{\"@type\":\"ListItem\",\"position\":1,\"name\":\"Home\",\"item\":\"https:\/\/graziamagazine.com\/mx\/\"},{\"@type\":\"ListItem\",\"position\":2,\"name\":\"Rachel Scott debuta en Proenza Schouler con la colecci\u00f3n Oto\u00f1o 2026 Ready to Wear\"}]},{\"@type\":\"WebSite\",\"@id\":\"https:\/\/graziamagazine.com\/mx\/#website\",\"url\":\"https:\/\/graziamagazine.com\/mx\/\",\"name\":\"Grazia M\u00e9xico y Latinoam\u00e9rica\",\"description\":\"Grazia es moda, belleza y noticias  de actualidad \",\"potentialAction\":[{\"@type\":\"SearchAction\",\"target\":{\"@type\":\"EntryPoint\",\"urlTemplate\":\"https:\/\/graziamagazine.com\/mx\/?s={search_term_string}\"},\"query-input\":\"required name=search_term_string\"}],\"inLanguage\":\"es-MX\"}]}<\/script>\n<!-- \/ Yoast SEO Premium plugin. -->","yoast_head_json":{"title":"Rachel Scott debuta en Proenza Schouler con la colecci\u00f3n Oto\u00f1o 2026 Ready to Wear","description":"Rachel Scott fue nombrada directora creativa de Proenza Schouler d\u00edas antes de la presentaci\u00f3n de la marca en la semana de la moda de Nueva York el pasado","robots":{"index":"index","follow":"follow","max-snippet":"max-snippet:-1","max-image-preview":"max-image-preview:large","max-video-preview":"max-video-preview:-1"},"canonical":"https:\/\/graziamagazine.com\/mx\/articles\/rachel-scott-debuta-en-proenza-schouler-con-la-coleccion-otono-2026-ready-to-wear\/","og_locale":"es_MX","og_type":"article","og_title":"Rachel Scott debuta en Proenza Schouler con la colecci\u00f3n Oto\u00f1o 2026 Ready to Wear","og_description":"Rachel Scott fue nombrada directora creativa de Proenza Schouler d\u00edas antes de la presentaci\u00f3n de la marca en la semana de la moda de Nueva York el pasado","og_url":"https:\/\/graziamagazine.com\/mx\/articles\/rachel-scott-debuta-en-proenza-schouler-con-la-coleccion-otono-2026-ready-to-wear\/","og_site_name":"Grazia M\u00e9xico y Latinoam\u00e9rica","article_modified_time":"2026-02-11T22:26:39+00:00","og_image":[{"width":585,"height":390,"url":"https:\/\/graziamagazine.com\/mx\/wp-content\/uploads\/sites\/13\/2026\/02\/515165.jpg","type":"image\/jpeg"}],"twitter_card":"summary_large_image","twitter_misc":{"Est. reading time":"6 minutos"},"schema":{"@context":"https:\/\/schema.org","@graph":[{"@type":"WebPage","@id":"https:\/\/graziamagazine.com\/mx\/articles\/rachel-scott-debuta-en-proenza-schouler-con-la-coleccion-otono-2026-ready-to-wear\/","url":"https:\/\/graziamagazine.com\/mx\/articles\/rachel-scott-debuta-en-proenza-schouler-con-la-coleccion-otono-2026-ready-to-wear\/","name":"Rachel Scott debuta en Proenza Schouler con la colecci\u00f3n Oto\u00f1o 2026 Ready to Wear","isPartOf":{"@id":"https:\/\/graziamagazine.com\/mx\/#website"},"datePublished":"2026-02-11T22:20:52+00:00","dateModified":"2026-02-11T22:26:39+00:00","description":"Rachel Scott fue nombrada directora creativa de Proenza Schouler d\u00edas antes de la presentaci\u00f3n de la marca en la semana de la moda de Nueva York el pasado","breadcrumb":{"@id":"https:\/\/graziamagazine.com\/mx\/articles\/rachel-scott-debuta-en-proenza-schouler-con-la-coleccion-otono-2026-ready-to-wear\/#breadcrumb"},"inLanguage":"es-MX","potentialAction":[{"@type":"ReadAction","target":["https:\/\/graziamagazine.com\/mx\/articles\/rachel-scott-debuta-en-proenza-schouler-con-la-coleccion-otono-2026-ready-to-wear\/"]}]},{"@type":"BreadcrumbList","@id":"https:\/\/graziamagazine.com\/mx\/articles\/rachel-scott-debuta-en-proenza-schouler-con-la-coleccion-otono-2026-ready-to-wear\/#breadcrumb","itemListElement":[{"@type":"ListItem","position":1,"name":"Home","item":"https:\/\/graziamagazine.com\/mx\/"},{"@type":"ListItem","position":2,"name":"Rachel Scott debuta en Proenza Schouler con la colecci\u00f3n Oto\u00f1o 2026 Ready to Wear"}]},{"@type":"WebSite","@id":"https:\/\/graziamagazine.com\/mx\/#website","url":"https:\/\/graziamagazine.com\/mx\/","name":"Grazia M\u00e9xico y Latinoam\u00e9rica","description":"Grazia es moda, belleza y noticias  de actualidad ","potentialAction":[{"@type":"SearchAction","target":{"@type":"EntryPoint","urlTemplate":"https:\/\/graziamagazine.com\/mx\/?s={search_term_string}"},"query-input":"required name=search_term_string"}],"inLanguage":"es-MX"}]}},"jetpack_sharing_enabled":true,"distributor_meta":false,"distributor_terms":false,"distributor_media":false,"distributor_original_site_name":"Grazia M\u00e9xico y Latinoam\u00e9rica","distributor_original_site_url":"https:\/\/graziamagazine.com\/mx","push-errors":false,"_links":{"self":[{"href":"https:\/\/graziamagazine.com\/mx\/wp-json\/wp\/v2\/articles\/165994"}],"collection":[{"href":"https:\/\/graziamagazine.com\/mx\/wp-json\/wp\/v2\/articles"}],"about":[{"href":"https:\/\/graziamagazine.com\/mx\/wp-json\/wp\/v2\/types\/articles"}],"author":[{"embeddable":true,"href":"https:\/\/graziamagazine.com\/mx\/wp-json\/wp\/v2\/users\/11628"}],"wp:featuredmedia":[{"embeddable":true,"href":"https:\/\/graziamagazine.com\/mx\/wp-json\/wp\/v2\/media\/166003"}],"wp:attachment":[{"href":"https:\/\/graziamagazine.com\/mx\/wp-json\/wp\/v2\/media?parent=165994"}],"wp:term":[{"taxonomy":"category","embeddable":true,"href":"https:\/\/graziamagazine.com\/mx\/wp-json\/wp\/v2\/categories?post=165994"}],"curies":[{"name":"wp","href":"https:\/\/api.w.org\/{rel}","templated":true}]}}