{"id":165610,"date":"2026-02-03T11:02:18","date_gmt":"2026-02-03T16:02:18","guid":{"rendered":"https:\/\/graziamagazine.com\/mx\/?post_type=articles&#038;p=165610"},"modified":"2026-02-03T12:07:08","modified_gmt":"2026-02-03T17:07:08","slug":"cuando-la-moda-deja-de-tener-genero-harry-styles-y-jacob-elordi-nos-lo-demuestran","status":"publish","type":"articles","link":"https:\/\/graziamagazine.com\/mx\/articles\/cuando-la-moda-deja-de-tener-genero-harry-styles-y-jacob-elordi-nos-lo-demuestran\/","title":{"rendered":"Cuando la moda deja de tener g\u00e9nero: Harry Styles y Jacob Elordi nos lo demuestran"},"content":{"rendered":"<p><span class=\"_aupe copyable-text xkrh14z\">Es evidente que durante los \u00faltimos a\u00f1os la industria de la moda ha cambiado. Y en este camino, las r\u00edgidas l\u00edneas sobre el g\u00e9nero y estilo se han ido difuminando. Hoy en d\u00eda las faldas no son solo para mujeres, los mocasines no son \u00fanicamente para hombres, y las colecciones de moda menswear y womensewear pueden ser totalmente usadas por cualquiera \u2014como nos han mostrado tanto Jacob Elordi como Harry Styles\u2014. Con mucho esfuerzo, se han roto estereotipos y la visi\u00f3n de muchos alrededor del mundo se ha transformado.<\/span><\/p>\n<figure id=\"attachment_165614\" aria-describedby=\"caption-attachment-165614\" style=\"width: 796px\" class=\"wp-caption alignnone\"><img loading=\"lazy\" decoding=\"async\" class=\"wp-image-165614 size-full\" src=\"https:\/\/graziamagazine.com\/mx\/wp-content\/uploads\/sites\/13\/2026\/02\/cuando-la-moda-deja-de-tener-genero-harry-styles-y-jacob-elordi-nos-lo-demuestran-2-e1770138359665.jpg\" alt=\"Cuando la moda deja de tener g\u00e9nero: Harry Styles y Jacob Elordi nos lo demuestran\" width=\"796\" height=\"1182\" srcset=\"https:\/\/graziamagazine.com\/mx\/wp-content\/uploads\/sites\/13\/2026\/02\/cuando-la-moda-deja-de-tener-genero-harry-styles-y-jacob-elordi-nos-lo-demuestran-2-e1770138359665.jpg 796w, https:\/\/graziamagazine.com\/mx\/wp-content\/uploads\/sites\/13\/2026\/02\/cuando-la-moda-deja-de-tener-genero-harry-styles-y-jacob-elordi-nos-lo-demuestran-2-e1770138359665-303x450.jpg 303w, https:\/\/graziamagazine.com\/mx\/wp-content\/uploads\/sites\/13\/2026\/02\/cuando-la-moda-deja-de-tener-genero-harry-styles-y-jacob-elordi-nos-lo-demuestran-2-e1770138359665-690x1024.jpg 690w, https:\/\/graziamagazine.com\/mx\/wp-content\/uploads\/sites\/13\/2026\/02\/cuando-la-moda-deja-de-tener-genero-harry-styles-y-jacob-elordi-nos-lo-demuestran-2-e1770138359665-768x1140.jpg 768w, https:\/\/graziamagazine.com\/mx\/wp-content\/uploads\/sites\/13\/2026\/02\/cuando-la-moda-deja-de-tener-genero-harry-styles-y-jacob-elordi-nos-lo-demuestran-2-e1770138359665-400x594.jpg 400w, https:\/\/graziamagazine.com\/mx\/wp-content\/uploads\/sites\/13\/2026\/02\/cuando-la-moda-deja-de-tener-genero-harry-styles-y-jacob-elordi-nos-lo-demuestran-2-e1770138359665-145x215.jpg 145w\" sizes=\"(max-width: 796px) 100vw, 796px\" \/><figcaption id=\"caption-attachment-165614\" class=\"wp-caption-text\">Foto: Getty Images<\/figcaption><\/figure>\n<figure id=\"attachment_165611\" aria-describedby=\"caption-attachment-165611\" style=\"width: 1732px\" class=\"wp-caption alignnone\"><img loading=\"lazy\" decoding=\"async\" class=\"wp-image-165611 size-full\" src=\"https:\/\/graziamagazine.com\/mx\/wp-content\/uploads\/sites\/13\/2026\/02\/chanel_spring-summer-2026_copyright-chanel_look-1-HD-scaled-1.jpg\" alt=\"Cuando la moda deja de tener g\u00e9nero: Harry Styles y Jacob Elordi nos lo demuestran\" width=\"1732\" height=\"2560\" srcset=\"https:\/\/graziamagazine.com\/mx\/wp-content\/uploads\/sites\/13\/2026\/02\/chanel_spring-summer-2026_copyright-chanel_look-1-HD-scaled-1.jpg 1732w, https:\/\/graziamagazine.com\/mx\/wp-content\/uploads\/sites\/13\/2026\/02\/chanel_spring-summer-2026_copyright-chanel_look-1-HD-scaled-1-304x450.jpg 304w, https:\/\/graziamagazine.com\/mx\/wp-content\/uploads\/sites\/13\/2026\/02\/chanel_spring-summer-2026_copyright-chanel_look-1-HD-scaled-1-693x1024.jpg 693w, https:\/\/graziamagazine.com\/mx\/wp-content\/uploads\/sites\/13\/2026\/02\/chanel_spring-summer-2026_copyright-chanel_look-1-HD-scaled-1-768x1135.jpg 768w, https:\/\/graziamagazine.com\/mx\/wp-content\/uploads\/sites\/13\/2026\/02\/chanel_spring-summer-2026_copyright-chanel_look-1-HD-scaled-1-1039x1536.jpg 1039w, https:\/\/graziamagazine.com\/mx\/wp-content\/uploads\/sites\/13\/2026\/02\/chanel_spring-summer-2026_copyright-chanel_look-1-HD-scaled-1-1386x2048.jpg 1386w, https:\/\/graziamagazine.com\/mx\/wp-content\/uploads\/sites\/13\/2026\/02\/chanel_spring-summer-2026_copyright-chanel_look-1-HD-scaled-1-400x591.jpg 400w, https:\/\/graziamagazine.com\/mx\/wp-content\/uploads\/sites\/13\/2026\/02\/chanel_spring-summer-2026_copyright-chanel_look-1-HD-scaled-1-145x215.jpg 145w\" sizes=\"(max-width: 1732px) 100vw, 1732px\" \/><figcaption id=\"caption-attachment-165611\" class=\"wp-caption-text\">Foto: Getty Images<\/figcaption><\/figure>\n<h2>LOS ICONOS DE LA CULTURA POP IMPONIENDO UNA MODA M\u00c1S INCLUSIVA<\/h2>\n<p>Sin duda las celebridades tienen un impacto en el estilo de sus seguidores y fan\u00e1ticos, y en este punto, y Harry Styles est\u00e1 en el lugar n\u00famero uno de la lista. Desde portadas en revistas estadounidenses luciendo vestidos con mucho volumen hasta apariciones en alfombras rojas con ropa llamativa, el cantante no teme a mostrar su estilo \u00fanico.<\/p>\n<p>Su aparici\u00f3n en los \u00faltimos premios Grammy 2026 no fueron menos distintivos: el cantante \u2014que este a\u00f1o estrena \u00e1lbum\u2014 anunci\u00f3 al ganador del \u00e1lbum del a\u00f1o (Bad Bunny) luciendo como un\u00a0<em>cool boy\u00a0<\/em>bajo el styling de Harry Lambert con una chaqueta tweed corta del desfile femenino F\/W 2026 de Jonathan Anderson para Dior, jeans, y unos destacados flats estilo bailarina y pantufla, tambi\u00e9n de Anderson y vistos en la pasarela de primavera\/verano 2026.<\/p>\n<figure id=\"attachment_165613\" aria-describedby=\"caption-attachment-165613\" style=\"width: 794px\" class=\"wp-caption alignnone\"><img loading=\"lazy\" decoding=\"async\" class=\"wp-image-165613 size-full\" src=\"https:\/\/graziamagazine.com\/mx\/wp-content\/uploads\/sites\/13\/2026\/02\/cuando-la-moda-deja-de-tener-genero-harry-styles-y-jacob-elordi-nos-lo-demuestran-1-e1770138384567.jpg\" alt=\"Cuando la moda deja de tener g\u00e9nero: Harry Styles y Jacob Elordi nos lo demuestran\" width=\"794\" height=\"1184\" srcset=\"https:\/\/graziamagazine.com\/mx\/wp-content\/uploads\/sites\/13\/2026\/02\/cuando-la-moda-deja-de-tener-genero-harry-styles-y-jacob-elordi-nos-lo-demuestran-1-e1770138384567.jpg 794w, https:\/\/graziamagazine.com\/mx\/wp-content\/uploads\/sites\/13\/2026\/02\/cuando-la-moda-deja-de-tener-genero-harry-styles-y-jacob-elordi-nos-lo-demuestran-1-e1770138384567-302x450.jpg 302w, https:\/\/graziamagazine.com\/mx\/wp-content\/uploads\/sites\/13\/2026\/02\/cuando-la-moda-deja-de-tener-genero-harry-styles-y-jacob-elordi-nos-lo-demuestran-1-e1770138384567-687x1024.jpg 687w, https:\/\/graziamagazine.com\/mx\/wp-content\/uploads\/sites\/13\/2026\/02\/cuando-la-moda-deja-de-tener-genero-harry-styles-y-jacob-elordi-nos-lo-demuestran-1-e1770138384567-768x1145.jpg 768w, https:\/\/graziamagazine.com\/mx\/wp-content\/uploads\/sites\/13\/2026\/02\/cuando-la-moda-deja-de-tener-genero-harry-styles-y-jacob-elordi-nos-lo-demuestran-1-e1770138384567-400x596.jpg 400w, https:\/\/graziamagazine.com\/mx\/wp-content\/uploads\/sites\/13\/2026\/02\/cuando-la-moda-deja-de-tener-genero-harry-styles-y-jacob-elordi-nos-lo-demuestran-1-e1770138384567-144x215.jpg 144w\" sizes=\"(max-width: 794px) 100vw, 794px\" \/><figcaption id=\"caption-attachment-165613\" class=\"wp-caption-text\">Foto: Getty Images<\/figcaption><\/figure>\n<figure id=\"attachment_165616\" aria-describedby=\"caption-attachment-165616\" style=\"width: 900px\" class=\"wp-caption alignnone\"><img loading=\"lazy\" decoding=\"async\" class=\"wp-image-165616 size-full\" src=\"https:\/\/graziamagazine.com\/mx\/wp-content\/uploads\/sites\/13\/2026\/02\/cuando-la-moda-deja-de-tener-genero-harry-styles-y-jacob-elordi-nos-lo-demuestran-5.jpg\" alt=\"Cuando la moda deja de tener g\u00e9nero: Harry Styles y Jacob Elordi nos lo demuestran\" width=\"900\" height=\"1200\" srcset=\"https:\/\/graziamagazine.com\/mx\/wp-content\/uploads\/sites\/13\/2026\/02\/cuando-la-moda-deja-de-tener-genero-harry-styles-y-jacob-elordi-nos-lo-demuestran-5.jpg 900w, https:\/\/graziamagazine.com\/mx\/wp-content\/uploads\/sites\/13\/2026\/02\/cuando-la-moda-deja-de-tener-genero-harry-styles-y-jacob-elordi-nos-lo-demuestran-5-338x450.jpg 338w, https:\/\/graziamagazine.com\/mx\/wp-content\/uploads\/sites\/13\/2026\/02\/cuando-la-moda-deja-de-tener-genero-harry-styles-y-jacob-elordi-nos-lo-demuestran-5-768x1024.jpg 768w, https:\/\/graziamagazine.com\/mx\/wp-content\/uploads\/sites\/13\/2026\/02\/cuando-la-moda-deja-de-tener-genero-harry-styles-y-jacob-elordi-nos-lo-demuestran-5-400x533.jpg 400w, https:\/\/graziamagazine.com\/mx\/wp-content\/uploads\/sites\/13\/2026\/02\/cuando-la-moda-deja-de-tener-genero-harry-styles-y-jacob-elordi-nos-lo-demuestran-5-155x207.jpg 155w\" sizes=\"(max-width: 900px) 100vw, 900px\" \/><figcaption id=\"caption-attachment-165616\" class=\"wp-caption-text\">Foto: Getty Images<\/figcaption><\/figure>\n<p>Por otro lado, Jacob Elordi se ha posicionado silenciosamente como un \u00edcono de estilo por s\u00ed solo: usando firmas como The Row y siendo la imagen oficial de Bottega Veneta, el actor australiano ha experimentado bajo una misma lupa de elegancia casual. Jacob fue visto en el show de Jimmy Kimmel con llevando una camisa de Chanel que apareci\u00f3 en el look 13 de la colecci\u00f3n primavera\/verano 2026; la pieza forma parte de la colaboraci\u00f3n entre Chanel y Charvet, la casa camicera m\u00e1s antigua del mundo.<\/p>\n<figure id=\"attachment_165615\" aria-describedby=\"caption-attachment-165615\" style=\"width: 900px\" class=\"wp-caption alignnone\"><img loading=\"lazy\" decoding=\"async\" class=\"wp-image-165615 size-full\" src=\"https:\/\/graziamagazine.com\/mx\/wp-content\/uploads\/sites\/13\/2026\/02\/cuando-la-moda-deja-de-tener-genero-harry-styles-y-jacob-elordi-nos-lo-demuestran-3.jpg\" alt=\"Cuando la moda deja de tener g\u00e9nero: Harry Styles y Jacob Elordi nos lo demuestran\" width=\"900\" height=\"1200\" srcset=\"https:\/\/graziamagazine.com\/mx\/wp-content\/uploads\/sites\/13\/2026\/02\/cuando-la-moda-deja-de-tener-genero-harry-styles-y-jacob-elordi-nos-lo-demuestran-3.jpg 900w, https:\/\/graziamagazine.com\/mx\/wp-content\/uploads\/sites\/13\/2026\/02\/cuando-la-moda-deja-de-tener-genero-harry-styles-y-jacob-elordi-nos-lo-demuestran-3-338x450.jpg 338w, https:\/\/graziamagazine.com\/mx\/wp-content\/uploads\/sites\/13\/2026\/02\/cuando-la-moda-deja-de-tener-genero-harry-styles-y-jacob-elordi-nos-lo-demuestran-3-768x1024.jpg 768w, https:\/\/graziamagazine.com\/mx\/wp-content\/uploads\/sites\/13\/2026\/02\/cuando-la-moda-deja-de-tener-genero-harry-styles-y-jacob-elordi-nos-lo-demuestran-3-400x533.jpg 400w, https:\/\/graziamagazine.com\/mx\/wp-content\/uploads\/sites\/13\/2026\/02\/cuando-la-moda-deja-de-tener-genero-harry-styles-y-jacob-elordi-nos-lo-demuestran-3-155x207.jpg 155w\" sizes=\"(max-width: 900px) 100vw, 900px\" \/><figcaption id=\"caption-attachment-165615\" class=\"wp-caption-text\">Foto: Getty Images<\/figcaption><\/figure>\n<figure id=\"attachment_165617\" aria-describedby=\"caption-attachment-165617\" style=\"width: 796px\" class=\"wp-caption alignnone\"><img loading=\"lazy\" decoding=\"async\" class=\"wp-image-165617 size-full\" src=\"https:\/\/graziamagazine.com\/mx\/wp-content\/uploads\/sites\/13\/2026\/02\/cuando-la-moda-deja-de-tener-genero-harry-styles-y-jacob-elordi-nos-lo-demuestran-6-e1770138419266.jpg\" alt=\"Cuando la moda deja de tener g\u00e9nero: Harry Styles y Jacob Elordi nos lo demuestran\" width=\"796\" height=\"1184\" srcset=\"https:\/\/graziamagazine.com\/mx\/wp-content\/uploads\/sites\/13\/2026\/02\/cuando-la-moda-deja-de-tener-genero-harry-styles-y-jacob-elordi-nos-lo-demuestran-6-e1770138419266.jpg 796w, https:\/\/graziamagazine.com\/mx\/wp-content\/uploads\/sites\/13\/2026\/02\/cuando-la-moda-deja-de-tener-genero-harry-styles-y-jacob-elordi-nos-lo-demuestran-6-e1770138419266-303x450.jpg 303w, https:\/\/graziamagazine.com\/mx\/wp-content\/uploads\/sites\/13\/2026\/02\/cuando-la-moda-deja-de-tener-genero-harry-styles-y-jacob-elordi-nos-lo-demuestran-6-e1770138419266-688x1024.jpg 688w, https:\/\/graziamagazine.com\/mx\/wp-content\/uploads\/sites\/13\/2026\/02\/cuando-la-moda-deja-de-tener-genero-harry-styles-y-jacob-elordi-nos-lo-demuestran-6-e1770138419266-768x1142.jpg 768w, https:\/\/graziamagazine.com\/mx\/wp-content\/uploads\/sites\/13\/2026\/02\/cuando-la-moda-deja-de-tener-genero-harry-styles-y-jacob-elordi-nos-lo-demuestran-6-e1770138419266-400x595.jpg 400w, https:\/\/graziamagazine.com\/mx\/wp-content\/uploads\/sites\/13\/2026\/02\/cuando-la-moda-deja-de-tener-genero-harry-styles-y-jacob-elordi-nos-lo-demuestran-6-e1770138419266-145x215.jpg 145w\" sizes=\"(max-width: 796px) 100vw, 796px\" \/><figcaption id=\"caption-attachment-165617\" class=\"wp-caption-text\">Foto: Getty Images<\/figcaption><\/figure>\n<div class=\"flex flex-col text-sm pb-25\">\n<article class=\"text-token-text-primary w-full focus:outline-none [--shadow-height:45px] has-data-writing-block:pointer-events-none has-data-writing-block:-mt-(--shadow-height) has-data-writing-block:pt-(--shadow-height) [&amp;:has([data-writing-block])&gt;*]:pointer-events-auto scroll-mt-[calc(var(--header-height)+min(200px,max(70px,20svh)))]\" dir=\"auto\" data-turn-id=\"request-WEB:cb7d64bc-ce5c-48f3-9594-e2752f87898a-3\" data-testid=\"conversation-turn-8\" data-scroll-anchor=\"true\" data-turn=\"assistant\">\n<div class=\"text-base my-auto mx-auto pb-10 [--thread-content-margin:--spacing(4)] @w-sm\/main:[--thread-content-margin:--spacing(6)] @w-lg\/main:[--thread-content-margin:--spacing(16)] px-(--thread-content-margin)\">\n<div class=\"[--thread-content-max-width:40rem] @w-lg\/main:[--thread-content-max-width:48rem] mx-auto max-w-(--thread-content-max-width) flex-1 group\/turn-messages focus-visible:outline-hidden relative flex w-full min-w-0 flex-col agent-turn\">\n<div class=\"z-0 flex min-h-[46px] justify-start\">M\u00e1s all\u00e1 de las prendas espec\u00edficas, lo que figuras como Harry Styles y Jacob Elordi ponen sobre la mesa es una nueva forma de entender la moda como un espacio de libertad y juego, donde las reglas tradicionales pierden peso frente a la expresi\u00f3n personal.<\/div>\n<\/div>\n<\/div>\n<\/article>\n<\/div>\n","protected":false},"author":42761,"featured_media":165619,"template":"","format":"standard","categories":[2],"acf":[],"yoast_head":"<!-- This site is optimized with the Yoast SEO Premium plugin v18.5 (Yoast SEO v20.4) - https:\/\/yoast.com\/wordpress\/plugins\/seo\/ -->\n<title>Cuando la moda deja de tener g\u00e9nero: Harry Styles y Jacob Elordi nos lo demuestran | Grazia M\u00e9xico y Latinoam\u00e9rica<\/title>\n<meta name=\"description\" content=\"Es evidente que durante los \u00faltimos a\u00f1os la industria de la moda ha cambiado. Y en este camino, las r\u00edgidas l\u00edneas sobre el g\u00e9nero y estilo se han ido\" \/>\n<meta name=\"robots\" content=\"index, follow, max-snippet:-1, max-image-preview:large, max-video-preview:-1\" \/>\n<link rel=\"canonical\" href=\"https:\/\/graziamagazine.com\/mx\/articles\/cuando-la-moda-deja-de-tener-genero-harry-styles-y-jacob-elordi-nos-lo-demuestran\/\" \/>\n<meta property=\"og:locale\" content=\"es_MX\" \/>\n<meta property=\"og:type\" content=\"article\" \/>\n<meta property=\"og:title\" content=\"Cuando la moda deja de tener g\u00e9nero: Harry Styles y Jacob Elordi nos lo demuestran\" \/>\n<meta property=\"og:description\" content=\"Es evidente que durante los \u00faltimos a\u00f1os la industria de la moda ha cambiado. Y en este camino, las r\u00edgidas l\u00edneas sobre el g\u00e9nero y estilo se han ido\" \/>\n<meta property=\"og:url\" content=\"https:\/\/graziamagazine.com\/mx\/articles\/cuando-la-moda-deja-de-tener-genero-harry-styles-y-jacob-elordi-nos-lo-demuestran\/\" \/>\n<meta property=\"og:site_name\" content=\"Grazia M\u00e9xico y Latinoam\u00e9rica\" \/>\n<meta property=\"article:modified_time\" content=\"2026-02-03T17:07:08+00:00\" \/>\n<meta property=\"og:image\" content=\"https:\/\/graziamagazine.com\/mx\/wp-content\/uploads\/sites\/13\/2026\/02\/cuando-la-moda-deja-de-tener-genero-harry-styles-y-jacob-elordi-nos-lo-demuestran-11.jpg\" \/>\n\t<meta property=\"og:image:width\" content=\"1280\" \/>\n\t<meta property=\"og:image:height\" content=\"720\" \/>\n\t<meta property=\"og:image:type\" content=\"image\/jpeg\" \/>\n<meta name=\"twitter:card\" content=\"summary_large_image\" \/>\n<meta name=\"twitter:label1\" content=\"Est. reading time\" \/>\n\t<meta name=\"twitter:data1\" content=\"4 minutos\" \/>\n<script type=\"application\/ld+json\" class=\"yoast-schema-graph\">{\"@context\":\"https:\/\/schema.org\",\"@graph\":[{\"@type\":\"WebPage\",\"@id\":\"https:\/\/graziamagazine.com\/mx\/articles\/cuando-la-moda-deja-de-tener-genero-harry-styles-y-jacob-elordi-nos-lo-demuestran\/\",\"url\":\"https:\/\/graziamagazine.com\/mx\/articles\/cuando-la-moda-deja-de-tener-genero-harry-styles-y-jacob-elordi-nos-lo-demuestran\/\",\"name\":\"Cuando la moda deja de tener g\u00e9nero: Harry Styles y Jacob Elordi nos lo demuestran | Grazia M\u00e9xico y Latinoam\u00e9rica\",\"isPartOf\":{\"@id\":\"https:\/\/graziamagazine.com\/mx\/#website\"},\"datePublished\":\"2026-02-03T16:02:18+00:00\",\"dateModified\":\"2026-02-03T17:07:08+00:00\",\"description\":\"Es evidente que durante los \u00faltimos a\u00f1os la industria de la moda ha cambiado. Y en este camino, las r\u00edgidas l\u00edneas sobre el g\u00e9nero y estilo se han ido\",\"breadcrumb\":{\"@id\":\"https:\/\/graziamagazine.com\/mx\/articles\/cuando-la-moda-deja-de-tener-genero-harry-styles-y-jacob-elordi-nos-lo-demuestran\/#breadcrumb\"},\"inLanguage\":\"es-MX\",\"potentialAction\":[{\"@type\":\"ReadAction\",\"target\":[\"https:\/\/graziamagazine.com\/mx\/articles\/cuando-la-moda-deja-de-tener-genero-harry-styles-y-jacob-elordi-nos-lo-demuestran\/\"]}]},{\"@type\":\"BreadcrumbList\",\"@id\":\"https:\/\/graziamagazine.com\/mx\/articles\/cuando-la-moda-deja-de-tener-genero-harry-styles-y-jacob-elordi-nos-lo-demuestran\/#breadcrumb\",\"itemListElement\":[{\"@type\":\"ListItem\",\"position\":1,\"name\":\"Home\",\"item\":\"https:\/\/graziamagazine.com\/mx\/\"},{\"@type\":\"ListItem\",\"position\":2,\"name\":\"Cuando la moda deja de tener g\u00e9nero: Harry Styles y Jacob Elordi nos lo demuestran\"}]},{\"@type\":\"WebSite\",\"@id\":\"https:\/\/graziamagazine.com\/mx\/#website\",\"url\":\"https:\/\/graziamagazine.com\/mx\/\",\"name\":\"Grazia M\u00e9xico y Latinoam\u00e9rica\",\"description\":\"Grazia es moda, belleza y noticias  de actualidad \",\"potentialAction\":[{\"@type\":\"SearchAction\",\"target\":{\"@type\":\"EntryPoint\",\"urlTemplate\":\"https:\/\/graziamagazine.com\/mx\/?s={search_term_string}\"},\"query-input\":\"required name=search_term_string\"}],\"inLanguage\":\"es-MX\"}]}<\/script>\n<!-- \/ Yoast SEO Premium plugin. -->","yoast_head_json":{"title":"Cuando la moda deja de tener g\u00e9nero: Harry Styles y Jacob Elordi nos lo demuestran | Grazia M\u00e9xico y Latinoam\u00e9rica","description":"Es evidente que durante los \u00faltimos a\u00f1os la industria de la moda ha cambiado. Y en este camino, las r\u00edgidas l\u00edneas sobre el g\u00e9nero y estilo se han ido","robots":{"index":"index","follow":"follow","max-snippet":"max-snippet:-1","max-image-preview":"max-image-preview:large","max-video-preview":"max-video-preview:-1"},"canonical":"https:\/\/graziamagazine.com\/mx\/articles\/cuando-la-moda-deja-de-tener-genero-harry-styles-y-jacob-elordi-nos-lo-demuestran\/","og_locale":"es_MX","og_type":"article","og_title":"Cuando la moda deja de tener g\u00e9nero: Harry Styles y Jacob Elordi nos lo demuestran","og_description":"Es evidente que durante los \u00faltimos a\u00f1os la industria de la moda ha cambiado. Y en este camino, las r\u00edgidas l\u00edneas sobre el g\u00e9nero y estilo se han ido","og_url":"https:\/\/graziamagazine.com\/mx\/articles\/cuando-la-moda-deja-de-tener-genero-harry-styles-y-jacob-elordi-nos-lo-demuestran\/","og_site_name":"Grazia M\u00e9xico y Latinoam\u00e9rica","article_modified_time":"2026-02-03T17:07:08+00:00","og_image":[{"width":1280,"height":720,"url":"https:\/\/graziamagazine.com\/mx\/wp-content\/uploads\/sites\/13\/2026\/02\/cuando-la-moda-deja-de-tener-genero-harry-styles-y-jacob-elordi-nos-lo-demuestran-11.jpg","type":"image\/jpeg"}],"twitter_card":"summary_large_image","twitter_misc":{"Est. reading time":"4 minutos"},"schema":{"@context":"https:\/\/schema.org","@graph":[{"@type":"WebPage","@id":"https:\/\/graziamagazine.com\/mx\/articles\/cuando-la-moda-deja-de-tener-genero-harry-styles-y-jacob-elordi-nos-lo-demuestran\/","url":"https:\/\/graziamagazine.com\/mx\/articles\/cuando-la-moda-deja-de-tener-genero-harry-styles-y-jacob-elordi-nos-lo-demuestran\/","name":"Cuando la moda deja de tener g\u00e9nero: Harry Styles y Jacob Elordi nos lo demuestran | Grazia M\u00e9xico y Latinoam\u00e9rica","isPartOf":{"@id":"https:\/\/graziamagazine.com\/mx\/#website"},"datePublished":"2026-02-03T16:02:18+00:00","dateModified":"2026-02-03T17:07:08+00:00","description":"Es evidente que durante los \u00faltimos a\u00f1os la industria de la moda ha cambiado. Y en este camino, las r\u00edgidas l\u00edneas sobre el g\u00e9nero y estilo se han ido","breadcrumb":{"@id":"https:\/\/graziamagazine.com\/mx\/articles\/cuando-la-moda-deja-de-tener-genero-harry-styles-y-jacob-elordi-nos-lo-demuestran\/#breadcrumb"},"inLanguage":"es-MX","potentialAction":[{"@type":"ReadAction","target":["https:\/\/graziamagazine.com\/mx\/articles\/cuando-la-moda-deja-de-tener-genero-harry-styles-y-jacob-elordi-nos-lo-demuestran\/"]}]},{"@type":"BreadcrumbList","@id":"https:\/\/graziamagazine.com\/mx\/articles\/cuando-la-moda-deja-de-tener-genero-harry-styles-y-jacob-elordi-nos-lo-demuestran\/#breadcrumb","itemListElement":[{"@type":"ListItem","position":1,"name":"Home","item":"https:\/\/graziamagazine.com\/mx\/"},{"@type":"ListItem","position":2,"name":"Cuando la moda deja de tener g\u00e9nero: Harry Styles y Jacob Elordi nos lo demuestran"}]},{"@type":"WebSite","@id":"https:\/\/graziamagazine.com\/mx\/#website","url":"https:\/\/graziamagazine.com\/mx\/","name":"Grazia M\u00e9xico y Latinoam\u00e9rica","description":"Grazia es moda, belleza y noticias  de actualidad ","potentialAction":[{"@type":"SearchAction","target":{"@type":"EntryPoint","urlTemplate":"https:\/\/graziamagazine.com\/mx\/?s={search_term_string}"},"query-input":"required name=search_term_string"}],"inLanguage":"es-MX"}]}},"jetpack_sharing_enabled":true,"distributor_meta":false,"distributor_terms":false,"distributor_media":false,"distributor_original_site_name":"Grazia M\u00e9xico y Latinoam\u00e9rica","distributor_original_site_url":"https:\/\/graziamagazine.com\/mx","push-errors":false,"_links":{"self":[{"href":"https:\/\/graziamagazine.com\/mx\/wp-json\/wp\/v2\/articles\/165610"}],"collection":[{"href":"https:\/\/graziamagazine.com\/mx\/wp-json\/wp\/v2\/articles"}],"about":[{"href":"https:\/\/graziamagazine.com\/mx\/wp-json\/wp\/v2\/types\/articles"}],"author":[{"embeddable":true,"href":"https:\/\/graziamagazine.com\/mx\/wp-json\/wp\/v2\/users\/42761"}],"wp:featuredmedia":[{"embeddable":true,"href":"https:\/\/graziamagazine.com\/mx\/wp-json\/wp\/v2\/media\/165619"}],"wp:attachment":[{"href":"https:\/\/graziamagazine.com\/mx\/wp-json\/wp\/v2\/media?parent=165610"}],"wp:term":[{"taxonomy":"category","embeddable":true,"href":"https:\/\/graziamagazine.com\/mx\/wp-json\/wp\/v2\/categories?post=165610"}],"curies":[{"name":"wp","href":"https:\/\/api.w.org\/{rel}","templated":true}]}}