{"id":165090,"date":"2026-01-23T08:19:30","date_gmt":"2026-01-23T13:19:30","guid":{"rendered":"https:\/\/graziamagazine.com\/mx\/?post_type=articles&#038;p=165090"},"modified":"2026-01-22T16:26:49","modified_gmt":"2026-01-22T21:26:49","slug":"el-bolso-trenzado-de-bottega-veneta-toma-el-protagonismo-esta-temporada","status":"publish","type":"articles","link":"https:\/\/graziamagazine.com\/mx\/articles\/el-bolso-trenzado-de-bottega-veneta-toma-el-protagonismo-esta-temporada\/","title":{"rendered":"El bolso trenzado de Bottega Veneta toma el protagonismo esta temporada"},"content":{"rendered":"<p data-start=\"207\" data-end=\"553\">Que el bolso trenzado se haya convertido en un b\u00e1sico contempor\u00e1neo no es casualidad. En un momento donde la moda valora la permanencia tanto como la novedad, Bottega Veneta ha logrado algo poco com\u00fan: transformar una t\u00e9cnica artesanal en un lenguaje universal. El Intrecciato no grita tendencia, la sostiene. Y precisamente ah\u00ed reside su fuerza.<\/p>\n<p data-start=\"555\" data-end=\"913\">Durante las \u00faltimas temporadas, el bolso trenzado ha aparecido de forma constante en el street style, en aeropuertos, en oficinas creativas y en cenas formales. \u00bfLa raz\u00f3n? Su capacidad de adaptarse sin perder car\u00e1cter. No importa si se combina con un abrigo estructurado o con un look relajado de fin de semana, el bolso funciona. Acompa\u00f1a, eleva y resuelve.<\/p>\n<figure id=\"attachment_165091\" aria-describedby=\"caption-attachment-165091\" style=\"width: 693px\" class=\"wp-caption alignnone\"><img loading=\"lazy\" decoding=\"async\" class=\"size-large wp-image-165091\" src=\"https:\/\/graziamagazine.com\/mx\/wp-content\/uploads\/sites\/13\/2026\/01\/Captura-de-Pantalla-2026-01-22-a-las-15.23.17-693x1024.png\" alt=\"El bolso trenzado de Bottega Veneta toma el protagonismo esta temporada\" width=\"693\" height=\"1024\" srcset=\"https:\/\/graziamagazine.com\/mx\/wp-content\/uploads\/sites\/13\/2026\/01\/Captura-de-Pantalla-2026-01-22-a-las-15.23.17-693x1024.png 693w, https:\/\/graziamagazine.com\/mx\/wp-content\/uploads\/sites\/13\/2026\/01\/Captura-de-Pantalla-2026-01-22-a-las-15.23.17-305x450.png 305w, https:\/\/graziamagazine.com\/mx\/wp-content\/uploads\/sites\/13\/2026\/01\/Captura-de-Pantalla-2026-01-22-a-las-15.23.17-768x1134.png 768w, https:\/\/graziamagazine.com\/mx\/wp-content\/uploads\/sites\/13\/2026\/01\/Captura-de-Pantalla-2026-01-22-a-las-15.23.17-400x591.png 400w, https:\/\/graziamagazine.com\/mx\/wp-content\/uploads\/sites\/13\/2026\/01\/Captura-de-Pantalla-2026-01-22-a-las-15.23.17-146x215.png 146w, https:\/\/graziamagazine.com\/mx\/wp-content\/uploads\/sites\/13\/2026\/01\/Captura-de-Pantalla-2026-01-22-a-las-15.23.17.png 944w\" sizes=\"(max-width: 693px) 100vw, 693px\" \/><figcaption id=\"caption-attachment-165091\" class=\"wp-caption-text\">El bolso trenzado de Bottega Veneta toma el protagonismo esta temporada<\/figcaption><\/figure>\n<p data-start=\"915\" data-end=\"1252\">La clave est\u00e1 en su dise\u00f1o. El trenzado aporta textura visual sin necesidad de ornamentos, lo que lo convierte en un accesorio sofisticado pero nunca r\u00edgido. En el caso de Bottega Veneta, el trabajo artesanal se percibe desde el primer vistazo, pero tambi\u00e9n desde el uso cotidiano. Es un bolso pensado para vivirlo, no solo para mirarlo.<\/p>\n<p data-start=\"1254\" data-end=\"1617\">La versi\u00f3n XL ha sido especialmente celebrada. Amplia sin ser pesada, elegante sin resultar formal, responde a una necesidad real de la mujer contempor\u00e1nea: llevarlo todo sin renunciar al estilo. Laptop, agenda, gafas, un par de zapatos planos extra. Todo cabe, y todo se ve bien. \u00bfPuede un bolso ser funcional y deseable al mismo tiempo? Aqu\u00ed la respuesta es s\u00ed.<img loading=\"lazy\" decoding=\"async\" class=\"alignnone size-large wp-image-165092\" src=\"https:\/\/graziamagazine.com\/mx\/wp-content\/uploads\/sites\/13\/2026\/01\/Captura-de-Pantalla-2026-01-22-a-las-15.23.22-689x1024.png\" alt=\"\" width=\"689\" height=\"1024\" srcset=\"https:\/\/graziamagazine.com\/mx\/wp-content\/uploads\/sites\/13\/2026\/01\/Captura-de-Pantalla-2026-01-22-a-las-15.23.22-689x1024.png 689w, https:\/\/graziamagazine.com\/mx\/wp-content\/uploads\/sites\/13\/2026\/01\/Captura-de-Pantalla-2026-01-22-a-las-15.23.22-303x450.png 303w, https:\/\/graziamagazine.com\/mx\/wp-content\/uploads\/sites\/13\/2026\/01\/Captura-de-Pantalla-2026-01-22-a-las-15.23.22-768x1141.png 768w, https:\/\/graziamagazine.com\/mx\/wp-content\/uploads\/sites\/13\/2026\/01\/Captura-de-Pantalla-2026-01-22-a-las-15.23.22-400x595.png 400w, https:\/\/graziamagazine.com\/mx\/wp-content\/uploads\/sites\/13\/2026\/01\/Captura-de-Pantalla-2026-01-22-a-las-15.23.22-145x215.png 145w, https:\/\/graziamagazine.com\/mx\/wp-content\/uploads\/sites\/13\/2026\/01\/Captura-de-Pantalla-2026-01-22-a-las-15.23.22.png 950w\" sizes=\"(max-width: 689px) 100vw, 689px\" \/><\/p>\n<p data-start=\"1619\" data-end=\"1950\">Otro de sus grandes aciertos es la neutralidad inteligente. Los tonos cl\u00e1sicos conviven con colores m\u00e1s audaces, permitiendo que cada persona encuentre una versi\u00f3n que dialogue con su propio guardarropa. Esto explica por qu\u00e9 el bolso trenzado conquista tanto a perfiles cl\u00e1sicos como a quienes buscan una est\u00e9tica m\u00e1s experimental.<\/p>\n<p data-start=\"1952\" data-end=\"2256\">M\u00e1s all\u00e1 de la tendencia, el bolso trenzado de Bottega Veneta conecta con una conversaci\u00f3n m\u00e1s amplia sobre consumo consciente. Comprar una pieza que no caduca visualmente, que resiste el paso del tiempo y que se adapta a distintas etapas de la vida, se ha convertido en un gesto de estilo y de criterio.<\/p>\n<p data-start=\"1952\" data-end=\"2256\"><img loading=\"lazy\" decoding=\"async\" class=\"alignnone size-large wp-image-165093\" src=\"https:\/\/graziamagazine.com\/mx\/wp-content\/uploads\/sites\/13\/2026\/01\/Captura-de-Pantalla-2026-01-22-a-las-15.23.27-682x1024.png\" alt=\"\" width=\"682\" height=\"1024\" srcset=\"https:\/\/graziamagazine.com\/mx\/wp-content\/uploads\/sites\/13\/2026\/01\/Captura-de-Pantalla-2026-01-22-a-las-15.23.27-682x1024.png 682w, https:\/\/graziamagazine.com\/mx\/wp-content\/uploads\/sites\/13\/2026\/01\/Captura-de-Pantalla-2026-01-22-a-las-15.23.27-300x450.png 300w, https:\/\/graziamagazine.com\/mx\/wp-content\/uploads\/sites\/13\/2026\/01\/Captura-de-Pantalla-2026-01-22-a-las-15.23.27-768x1154.png 768w, https:\/\/graziamagazine.com\/mx\/wp-content\/uploads\/sites\/13\/2026\/01\/Captura-de-Pantalla-2026-01-22-a-las-15.23.27-400x601.png 400w, https:\/\/graziamagazine.com\/mx\/wp-content\/uploads\/sites\/13\/2026\/01\/Captura-de-Pantalla-2026-01-22-a-las-15.23.27-143x215.png 143w, https:\/\/graziamagazine.com\/mx\/wp-content\/uploads\/sites\/13\/2026\/01\/Captura-de-Pantalla-2026-01-22-a-las-15.23.27.png 948w\" sizes=\"(max-width: 682px) 100vw, 682px\" \/><\/p>\n<p data-start=\"2258\" data-end=\"2497\">En un mundo saturado de novedades ef\u00edmeras, este bolso propone algo distinto: constancia. No es el accesorio del momento, es el accesorio que permanece. Y quiz\u00e1 por eso sigue apareciendo temporada tras temporada, sin agotarse, sin saturar.<\/p>\n<p data-start=\"2499\" data-end=\"2670\">Si la moda es un reflejo de c\u00f3mo vivimos, el bolso trenzado responde a una vida real, activa y elegante. Una pieza que no compite con quien la lleva, sino que la acompa\u00f1a.<\/p>\n<p data-start=\"2672\" data-end=\"2857\" data-is-last-node=\"\" data-is-only-node=\"\"><em><b>*IMAGEN: Google Images\u00a0<\/b><\/em><\/p>\n","protected":false},"author":28953,"featured_media":165096,"template":"","format":"standard","categories":[4],"acf":[],"yoast_head":"<!-- This site is optimized with the Yoast SEO Premium plugin v18.5 (Yoast SEO v20.4) - https:\/\/yoast.com\/wordpress\/plugins\/seo\/ -->\n<title>El bolso trenzado de Bottega Veneta toma el protagonismo esta temporada<\/title>\n<meta name=\"description\" content=\"C\u00f3mo el Intrecciato se convirti\u00f3 en accesorio vers\u00e1til cotidiano elegante funcional deseado por cl\u00e1sicas modernas y nuevas generaciones globales urbanas\" \/>\n<meta name=\"robots\" content=\"index, follow, max-snippet:-1, max-image-preview:large, max-video-preview:-1\" \/>\n<link rel=\"canonical\" href=\"https:\/\/graziamagazine.com\/mx\/articles\/el-bolso-trenzado-de-bottega-veneta-toma-el-protagonismo-esta-temporada\/\" \/>\n<meta property=\"og:locale\" content=\"es_MX\" \/>\n<meta property=\"og:type\" content=\"article\" \/>\n<meta property=\"og:title\" content=\"El bolso trenzado de Bottega Veneta toma el protagonismo esta temporada\" \/>\n<meta property=\"og:description\" content=\"C\u00f3mo el Intrecciato se convirti\u00f3 en accesorio vers\u00e1til cotidiano elegante funcional deseado por cl\u00e1sicas modernas y nuevas generaciones globales urbanas\" \/>\n<meta property=\"og:url\" content=\"https:\/\/graziamagazine.com\/mx\/articles\/el-bolso-trenzado-de-bottega-veneta-toma-el-protagonismo-esta-temporada\/\" \/>\n<meta property=\"og:site_name\" content=\"Grazia M\u00e9xico y Latinoam\u00e9rica\" \/>\n<meta property=\"article:modified_time\" content=\"2026-01-22T21:26:49+00:00\" \/>\n<meta property=\"og:image\" content=\"https:\/\/graziamagazine.com\/mx\/wp-content\/uploads\/sites\/13\/2026\/01\/Captura-de-Pantalla-2026-01-22-a-las-15.24.52.png\" \/>\n\t<meta property=\"og:image:width\" content=\"1200\" \/>\n\t<meta property=\"og:image:height\" content=\"890\" \/>\n\t<meta property=\"og:image:type\" content=\"image\/png\" \/>\n<meta name=\"twitter:card\" content=\"summary_large_image\" \/>\n<meta name=\"twitter:label1\" content=\"Est. reading time\" \/>\n\t<meta name=\"twitter:data1\" content=\"3 minutos\" \/>\n<script type=\"application\/ld+json\" class=\"yoast-schema-graph\">{\"@context\":\"https:\/\/schema.org\",\"@graph\":[{\"@type\":\"WebPage\",\"@id\":\"https:\/\/graziamagazine.com\/mx\/articles\/el-bolso-trenzado-de-bottega-veneta-toma-el-protagonismo-esta-temporada\/\",\"url\":\"https:\/\/graziamagazine.com\/mx\/articles\/el-bolso-trenzado-de-bottega-veneta-toma-el-protagonismo-esta-temporada\/\",\"name\":\"El bolso trenzado de Bottega Veneta toma el protagonismo esta temporada\",\"isPartOf\":{\"@id\":\"https:\/\/graziamagazine.com\/mx\/#website\"},\"datePublished\":\"2026-01-23T13:19:30+00:00\",\"dateModified\":\"2026-01-22T21:26:49+00:00\",\"description\":\"C\u00f3mo el Intrecciato se convirti\u00f3 en accesorio vers\u00e1til cotidiano elegante funcional deseado por cl\u00e1sicas modernas y nuevas generaciones globales urbanas\",\"breadcrumb\":{\"@id\":\"https:\/\/graziamagazine.com\/mx\/articles\/el-bolso-trenzado-de-bottega-veneta-toma-el-protagonismo-esta-temporada\/#breadcrumb\"},\"inLanguage\":\"es-MX\",\"potentialAction\":[{\"@type\":\"ReadAction\",\"target\":[\"https:\/\/graziamagazine.com\/mx\/articles\/el-bolso-trenzado-de-bottega-veneta-toma-el-protagonismo-esta-temporada\/\"]}]},{\"@type\":\"BreadcrumbList\",\"@id\":\"https:\/\/graziamagazine.com\/mx\/articles\/el-bolso-trenzado-de-bottega-veneta-toma-el-protagonismo-esta-temporada\/#breadcrumb\",\"itemListElement\":[{\"@type\":\"ListItem\",\"position\":1,\"name\":\"Home\",\"item\":\"https:\/\/graziamagazine.com\/mx\/\"},{\"@type\":\"ListItem\",\"position\":2,\"name\":\"El bolso trenzado de Bottega Veneta toma el protagonismo esta temporada\"}]},{\"@type\":\"WebSite\",\"@id\":\"https:\/\/graziamagazine.com\/mx\/#website\",\"url\":\"https:\/\/graziamagazine.com\/mx\/\",\"name\":\"Grazia M\u00e9xico y Latinoam\u00e9rica\",\"description\":\"Grazia es moda, belleza y noticias  de actualidad \",\"potentialAction\":[{\"@type\":\"SearchAction\",\"target\":{\"@type\":\"EntryPoint\",\"urlTemplate\":\"https:\/\/graziamagazine.com\/mx\/?s={search_term_string}\"},\"query-input\":\"required name=search_term_string\"}],\"inLanguage\":\"es-MX\"}]}<\/script>\n<!-- \/ Yoast SEO Premium plugin. -->","yoast_head_json":{"title":"El bolso trenzado de Bottega Veneta toma el protagonismo esta temporada","description":"C\u00f3mo el Intrecciato se convirti\u00f3 en accesorio vers\u00e1til cotidiano elegante funcional deseado por cl\u00e1sicas modernas y nuevas generaciones globales urbanas","robots":{"index":"index","follow":"follow","max-snippet":"max-snippet:-1","max-image-preview":"max-image-preview:large","max-video-preview":"max-video-preview:-1"},"canonical":"https:\/\/graziamagazine.com\/mx\/articles\/el-bolso-trenzado-de-bottega-veneta-toma-el-protagonismo-esta-temporada\/","og_locale":"es_MX","og_type":"article","og_title":"El bolso trenzado de Bottega Veneta toma el protagonismo esta temporada","og_description":"C\u00f3mo el Intrecciato se convirti\u00f3 en accesorio vers\u00e1til cotidiano elegante funcional deseado por cl\u00e1sicas modernas y nuevas generaciones globales urbanas","og_url":"https:\/\/graziamagazine.com\/mx\/articles\/el-bolso-trenzado-de-bottega-veneta-toma-el-protagonismo-esta-temporada\/","og_site_name":"Grazia M\u00e9xico y Latinoam\u00e9rica","article_modified_time":"2026-01-22T21:26:49+00:00","og_image":[{"width":1200,"height":890,"url":"https:\/\/graziamagazine.com\/mx\/wp-content\/uploads\/sites\/13\/2026\/01\/Captura-de-Pantalla-2026-01-22-a-las-15.24.52.png","type":"image\/png"}],"twitter_card":"summary_large_image","twitter_misc":{"Est. reading time":"3 minutos"},"schema":{"@context":"https:\/\/schema.org","@graph":[{"@type":"WebPage","@id":"https:\/\/graziamagazine.com\/mx\/articles\/el-bolso-trenzado-de-bottega-veneta-toma-el-protagonismo-esta-temporada\/","url":"https:\/\/graziamagazine.com\/mx\/articles\/el-bolso-trenzado-de-bottega-veneta-toma-el-protagonismo-esta-temporada\/","name":"El bolso trenzado de Bottega Veneta toma el protagonismo esta temporada","isPartOf":{"@id":"https:\/\/graziamagazine.com\/mx\/#website"},"datePublished":"2026-01-23T13:19:30+00:00","dateModified":"2026-01-22T21:26:49+00:00","description":"C\u00f3mo el Intrecciato se convirti\u00f3 en accesorio vers\u00e1til cotidiano elegante funcional deseado por cl\u00e1sicas modernas y nuevas generaciones globales urbanas","breadcrumb":{"@id":"https:\/\/graziamagazine.com\/mx\/articles\/el-bolso-trenzado-de-bottega-veneta-toma-el-protagonismo-esta-temporada\/#breadcrumb"},"inLanguage":"es-MX","potentialAction":[{"@type":"ReadAction","target":["https:\/\/graziamagazine.com\/mx\/articles\/el-bolso-trenzado-de-bottega-veneta-toma-el-protagonismo-esta-temporada\/"]}]},{"@type":"BreadcrumbList","@id":"https:\/\/graziamagazine.com\/mx\/articles\/el-bolso-trenzado-de-bottega-veneta-toma-el-protagonismo-esta-temporada\/#breadcrumb","itemListElement":[{"@type":"ListItem","position":1,"name":"Home","item":"https:\/\/graziamagazine.com\/mx\/"},{"@type":"ListItem","position":2,"name":"El bolso trenzado de Bottega Veneta toma el protagonismo esta temporada"}]},{"@type":"WebSite","@id":"https:\/\/graziamagazine.com\/mx\/#website","url":"https:\/\/graziamagazine.com\/mx\/","name":"Grazia M\u00e9xico y Latinoam\u00e9rica","description":"Grazia es moda, belleza y noticias  de actualidad ","potentialAction":[{"@type":"SearchAction","target":{"@type":"EntryPoint","urlTemplate":"https:\/\/graziamagazine.com\/mx\/?s={search_term_string}"},"query-input":"required name=search_term_string"}],"inLanguage":"es-MX"}]}},"jetpack_sharing_enabled":true,"distributor_meta":false,"distributor_terms":false,"distributor_media":false,"distributor_original_site_name":"Grazia M\u00e9xico y Latinoam\u00e9rica","distributor_original_site_url":"https:\/\/graziamagazine.com\/mx","push-errors":false,"_links":{"self":[{"href":"https:\/\/graziamagazine.com\/mx\/wp-json\/wp\/v2\/articles\/165090"}],"collection":[{"href":"https:\/\/graziamagazine.com\/mx\/wp-json\/wp\/v2\/articles"}],"about":[{"href":"https:\/\/graziamagazine.com\/mx\/wp-json\/wp\/v2\/types\/articles"}],"author":[{"embeddable":true,"href":"https:\/\/graziamagazine.com\/mx\/wp-json\/wp\/v2\/users\/28953"}],"wp:featuredmedia":[{"embeddable":true,"href":"https:\/\/graziamagazine.com\/mx\/wp-json\/wp\/v2\/media\/165096"}],"wp:attachment":[{"href":"https:\/\/graziamagazine.com\/mx\/wp-json\/wp\/v2\/media?parent=165090"}],"wp:term":[{"taxonomy":"category","embeddable":true,"href":"https:\/\/graziamagazine.com\/mx\/wp-json\/wp\/v2\/categories?post=165090"}],"curies":[{"name":"wp","href":"https:\/\/api.w.org\/{rel}","templated":true}]}}