{"id":164906,"date":"2026-01-22T08:35:09","date_gmt":"2026-01-22T13:35:09","guid":{"rendered":"https:\/\/graziamagazine.com\/mx\/?post_type=articles&#038;p=164906"},"modified":"2026-01-21T10:33:29","modified_gmt":"2026-01-21T15:33:29","slug":"fechas-y-ciudades-imprescindibles-del-calendario-global-de-moda-2026","status":"publish","type":"articles","link":"https:\/\/graziamagazine.com\/mx\/articles\/fechas-y-ciudades-imprescindibles-del-calendario-global-de-moda-2026\/","title":{"rendered":"Fechas y ciudades imprescindibles del calendario global de moda 2026"},"content":{"rendered":"<p data-start=\"462\" data-end=\"904\">El calendario de la moda 2026 confirma que la industria ya no responde a un solo eje geogr\u00e1fico ni creativo. Hoy, la moda se construye a partir de m\u00faltiples ciudades, ritmos y narrativas que dialogan entre s\u00ed, generando una conversaci\u00f3n global donde el contexto importa tanto como la prenda. Las fashion weeks dejan de ser simples vitrinas de temporada para convertirse en plataformas donde se negocian identidad, innovaci\u00f3n y poder cultural.<\/p>\n<p data-start=\"906\" data-end=\"1428\">En este nuevo escenario, las capitales tradicionales mantienen su peso simb\u00f3lico, pero comparten protagonismo con ciudades que aportan miradas frescas, discursos locales y nuevas formas de entender el vestir.<\/p>\n<figure id=\"attachment_164908\" aria-describedby=\"caption-attachment-164908\" style=\"width: 683px\" class=\"wp-caption alignnone\"><img loading=\"lazy\" decoding=\"async\" class=\"size-large wp-image-164908\" src=\"https:\/\/graziamagazine.com\/mx\/wp-content\/uploads\/sites\/13\/2026\/01\/GettyImages-2196268750-683x1024.jpg\" alt=\"Fechas y ciudades imprescindibles del calendario global de moda 2026\" width=\"683\" height=\"1024\" srcset=\"https:\/\/graziamagazine.com\/mx\/wp-content\/uploads\/sites\/13\/2026\/01\/GettyImages-2196268750-683x1024.jpg 683w, https:\/\/graziamagazine.com\/mx\/wp-content\/uploads\/sites\/13\/2026\/01\/GettyImages-2196268750-300x450.jpg 300w, https:\/\/graziamagazine.com\/mx\/wp-content\/uploads\/sites\/13\/2026\/01\/GettyImages-2196268750-768x1152.jpg 768w, https:\/\/graziamagazine.com\/mx\/wp-content\/uploads\/sites\/13\/2026\/01\/GettyImages-2196268750-1024x1536.jpg 1024w, https:\/\/graziamagazine.com\/mx\/wp-content\/uploads\/sites\/13\/2026\/01\/GettyImages-2196268750-1365x2048.jpg 1365w, https:\/\/graziamagazine.com\/mx\/wp-content\/uploads\/sites\/13\/2026\/01\/GettyImages-2196268750-400x600.jpg 400w, https:\/\/graziamagazine.com\/mx\/wp-content\/uploads\/sites\/13\/2026\/01\/GettyImages-2196268750-143x215.jpg 143w, https:\/\/graziamagazine.com\/mx\/wp-content\/uploads\/sites\/13\/2026\/01\/GettyImages-2196268750-scaled.jpg 1707w\" sizes=\"(max-width: 683px) 100vw, 683px\" \/><figcaption id=\"caption-attachment-164908\" class=\"wp-caption-text\">Fechas y ciudades imprescindibles del calendario global de moda 2026<\/figcaption><\/figure>\n<p data-start=\"906\" data-end=\"1428\">Mil\u00e1n contin\u00faa siendo sin\u00f3nimo de excelencia t\u00e9cnica y lujo industrial. Par\u00eds reafirma su dominio narrativo y artesanal. Nueva York dialoga con la cultura pop y la funcionalidad contempor\u00e1nea. Londres sigue apostando por la experimentaci\u00f3n conceptual. Sin embargo, el verdadero pulso de 2026 est\u00e1 en la expansi\u00f3n.<\/p>\n<p data-start=\"1430\" data-end=\"1783\">Ciudades como Nairobi, Bogot\u00e1, Budapest o Se\u00fal ya no aparecen como notas al margen, sino como nodos creativos con identidad propia. En ellas, la moda se conecta con pol\u00edtica, sostenibilidad, artesan\u00eda y tecnolog\u00eda, ampliando el significado de lo que una fashion week puede ser. El calendario, m\u00e1s que ordenar fechas, traza un mapa cultural del presente.<\/p>\n<p><img loading=\"lazy\" decoding=\"async\" class=\"size-large wp-image-164911\" src=\"https:\/\/graziamagazine.com\/mx\/wp-content\/uploads\/sites\/13\/2026\/01\/GettyImages-1407569504-683x1024.jpg\" alt=\"\" width=\"683\" height=\"1024\" srcset=\"https:\/\/graziamagazine.com\/mx\/wp-content\/uploads\/sites\/13\/2026\/01\/GettyImages-1407569504-683x1024.jpg 683w, https:\/\/graziamagazine.com\/mx\/wp-content\/uploads\/sites\/13\/2026\/01\/GettyImages-1407569504-300x450.jpg 300w, https:\/\/graziamagazine.com\/mx\/wp-content\/uploads\/sites\/13\/2026\/01\/GettyImages-1407569504-768x1152.jpg 768w, https:\/\/graziamagazine.com\/mx\/wp-content\/uploads\/sites\/13\/2026\/01\/GettyImages-1407569504-1024x1536.jpg 1024w, https:\/\/graziamagazine.com\/mx\/wp-content\/uploads\/sites\/13\/2026\/01\/GettyImages-1407569504-1365x2048.jpg 1365w, https:\/\/graziamagazine.com\/mx\/wp-content\/uploads\/sites\/13\/2026\/01\/GettyImages-1407569504-400x600.jpg 400w, https:\/\/graziamagazine.com\/mx\/wp-content\/uploads\/sites\/13\/2026\/01\/GettyImages-1407569504-143x215.jpg 143w, https:\/\/graziamagazine.com\/mx\/wp-content\/uploads\/sites\/13\/2026\/01\/GettyImages-1407569504-scaled.jpg 1707w\" sizes=\"(max-width: 683px) 100vw, 683px\" \/><\/p>\n<p data-start=\"1603\" data-end=\"1688\">A continuaci\u00f3n, el <strong data-start=\"1622\" data-end=\"1667\">calendario completo de fashion weeks 2026<\/strong>, ordenado por fecha:<\/p>\n<p data-start=\"1690\" data-end=\"2028\"><strong data-start=\"1690\" data-end=\"1699\">Enero<\/strong><br data-start=\"1699\" data-end=\"1702\" \/>16 al 20 de enero \u00b7 Mil\u00e1n \u00b7 Milan Men\u2019s Fashion Week<br data-start=\"1754\" data-end=\"1757\" \/>20 al 25 de enero \u00b7 Par\u00eds \u00b7 Paris Men\u2019s Fashion Week<br data-start=\"1809\" data-end=\"1812\" \/>26 al 29 de enero \u00b7 Par\u00eds \u00b7 Haute Couture<br data-start=\"1853\" data-end=\"1856\" \/>27 al 30 de enero \u00b7 Copenhague \u00b7 Copenhagen Fashion Week<br data-start=\"1912\" data-end=\"1915\" \/>28 al 31 de enero \u00b7 Nairobi \u00b7 Nairobi Fashion Week<br data-start=\"1965\" data-end=\"1968\" \/>30 de enero al 2 de febrero \u00b7 Berl\u00edn \u00b7 Berlin Fashion Week<\/p>\n<p data-start=\"2030\" data-end=\"2418\"><strong data-start=\"2030\" data-end=\"2041\">Febrero<\/strong><br data-start=\"2041\" data-end=\"2044\" \/>1 al 6 de febrero \u00b7 Dub\u00e1i \u00b7 Dubai Fashion Week<br data-start=\"2090\" data-end=\"2093\" \/>3 al 8 de febrero \u00b7 Se\u00fal \u00b7 Seoul Fashion Week<br data-start=\"2138\" data-end=\"2141\" \/>5 al 8 de febrero \u00b7 Kyiv \u00b7 Ukraine Fashion Week<br data-start=\"2188\" data-end=\"2191\" \/>9 al 15 de febrero \u00b7 Budapest \u00b7 Budapest Fashion Week<br data-start=\"2244\" data-end=\"2247\" \/>11 al 16 de febrero \u00b7 Nueva York \u00b7 New York Fashion Week<br data-start=\"2303\" data-end=\"2306\" \/>19 al 23 de febrero \u00b7 Londres \u00b7 London Fashion Week<br data-start=\"2357\" data-end=\"2360\" \/>24 de febrero al 2 de marzo \u00b7 Mil\u00e1n \u00b7 Milan Fashion Week<\/p>\n<p data-start=\"2420\" data-end=\"2713\"><strong data-start=\"2420\" data-end=\"2429\">Marzo<\/strong><br data-start=\"2429\" data-end=\"2432\" \/>2 al 10 de marzo \u00b7 Par\u00eds \u00b7 Paris Fashion Week<br data-start=\"2477\" data-end=\"2480\" \/>2 al 6 de marzo \u00b7 Buenos Aires \u00b7 Buenos Aires Fashion Week<br data-start=\"2538\" data-end=\"2541\" \/>12 al 15 de marzo \u00b7 Lisboa \u00b7 Lisbon Fashion Week<br data-start=\"2589\" data-end=\"2592\" \/>16 al 21 de marzo \u00b7 Tokio \u00b7 Rakuten Fashion Week Tokyo<br data-start=\"2646\" data-end=\"2649\" \/>18 al 21 de marzo \u00b7 Madrid \u00b7 Mercedes Benz Fashion Week Madrid<\/p>\n<p><img loading=\"lazy\" decoding=\"async\" class=\"size-large wp-image-164907\" src=\"https:\/\/graziamagazine.com\/mx\/wp-content\/uploads\/sites\/13\/2026\/01\/GettyImages-2196237414-1024x682.jpg\" alt=\"\" width=\"1024\" height=\"682\" srcset=\"https:\/\/graziamagazine.com\/mx\/wp-content\/uploads\/sites\/13\/2026\/01\/GettyImages-2196237414-1024x682.jpg 1024w, https:\/\/graziamagazine.com\/mx\/wp-content\/uploads\/sites\/13\/2026\/01\/GettyImages-2196237414-450x300.jpg 450w, https:\/\/graziamagazine.com\/mx\/wp-content\/uploads\/sites\/13\/2026\/01\/GettyImages-2196237414-768x512.jpg 768w, https:\/\/graziamagazine.com\/mx\/wp-content\/uploads\/sites\/13\/2026\/01\/GettyImages-2196237414-1536x1023.jpg 1536w, https:\/\/graziamagazine.com\/mx\/wp-content\/uploads\/sites\/13\/2026\/01\/GettyImages-2196237414-2048x1364.jpg 2048w, https:\/\/graziamagazine.com\/mx\/wp-content\/uploads\/sites\/13\/2026\/01\/GettyImages-2196237414-400x267.jpg 400w, https:\/\/graziamagazine.com\/mx\/wp-content\/uploads\/sites\/13\/2026\/01\/GettyImages-2196237414-155x103.jpg 155w\" sizes=\"(max-width: 1024px) 100vw, 1024px\" \/><\/p>\n<p data-start=\"2715\" data-end=\"2833\"><strong data-start=\"2715\" data-end=\"2724\">Abril<\/strong><br data-start=\"2724\" data-end=\"2727\" \/>14 al 17 de abril \u00b7 Barcelona \u00b7 Barcelona Fashion Week<br data-start=\"2781\" data-end=\"2784\" \/>24 al 30 de abril \u00b7 Praga \u00b7 Prague Fashion Week<\/p>\n<p data-start=\"2835\" data-end=\"2948\"><strong data-start=\"2835\" data-end=\"2843\">Mayo<\/strong><br data-start=\"2843\" data-end=\"2846\" \/>11 al 15 de mayo \u00b7 S\u00eddney \u00b7 Australia Fashion Week<br data-start=\"2896\" data-end=\"2899\" \/>12 al 14 de mayo \u00b7 Bogot\u00e1 \u00b7 Bogot\u00e1 Fashion Week<\/p>\n<p data-start=\"2950\" data-end=\"3229\">M\u00e1s all\u00e1 de las fechas, el calendario 2026 marca un cambio de enfoque. Las fashion weeks se convierten en plataformas de discurso, espacios donde moda, pol\u00edtica, tecnolog\u00eda y cultura se cruzan. El desfile deja de ser solo una vitrina y se transforma en una herramienta narrativa.<\/p>\n<p data-start=\"3231\" data-end=\"3447\">Este a\u00f1o, seguir la moda implica observar c\u00f3mo cada ciudad construye significado desde su contexto. Porque en 2026, el verdadero lujo no es la exclusividad, sino la diversidad de miradas que definen el estilo global.<\/p>\n<p data-start=\"3449\" data-end=\"3663\" data-is-last-node=\"\" data-is-only-node=\"\"><b>*IMAGEN: Getty Images<\/b><\/p>\n","protected":false},"author":28953,"featured_media":164909,"template":"","format":"standard","categories":[4],"acf":[],"yoast_head":"<!-- This site is optimized with the Yoast SEO Premium plugin v18.5 (Yoast SEO v20.4) - https:\/\/yoast.com\/wordpress\/plugins\/seo\/ -->\n<title>Fechas y ciudades imprescindibles del calendario global de moda 2026<\/title>\n<meta name=\"description\" content=\"Fechas esenciales y capitales creativas que marcan el ritmo global del dise\u00f1o, el estilo y las nuevas narrativas de la industria\" \/>\n<meta name=\"robots\" content=\"index, follow, max-snippet:-1, max-image-preview:large, max-video-preview:-1\" \/>\n<link rel=\"canonical\" href=\"https:\/\/graziamagazine.com\/mx\/articles\/fechas-y-ciudades-imprescindibles-del-calendario-global-de-moda-2026\/\" \/>\n<meta property=\"og:locale\" content=\"es_MX\" \/>\n<meta property=\"og:type\" content=\"article\" \/>\n<meta property=\"og:title\" content=\"Fechas y ciudades imprescindibles del calendario global de moda 2026\" \/>\n<meta property=\"og:description\" content=\"Fechas esenciales y capitales creativas que marcan el ritmo global del dise\u00f1o, el estilo y las nuevas narrativas de la industria\" \/>\n<meta property=\"og:url\" content=\"https:\/\/graziamagazine.com\/mx\/articles\/fechas-y-ciudades-imprescindibles-del-calendario-global-de-moda-2026\/\" \/>\n<meta property=\"og:site_name\" content=\"Grazia M\u00e9xico y Latinoam\u00e9rica\" \/>\n<meta property=\"article:modified_time\" content=\"2026-01-21T15:33:29+00:00\" \/>\n<meta property=\"og:image\" content=\"https:\/\/graziamagazine.com\/mx\/wp-content\/uploads\/sites\/13\/2026\/01\/GettyImages-2196372553-1024x683.jpg\" \/>\n\t<meta property=\"og:image:width\" content=\"1024\" \/>\n\t<meta property=\"og:image:height\" content=\"683\" \/>\n\t<meta property=\"og:image:type\" content=\"image\/jpeg\" \/>\n<meta name=\"twitter:card\" content=\"summary_large_image\" \/>\n<meta name=\"twitter:label1\" content=\"Est. reading time\" \/>\n\t<meta name=\"twitter:data1\" content=\"4 minutos\" \/>\n<script type=\"application\/ld+json\" class=\"yoast-schema-graph\">{\"@context\":\"https:\/\/schema.org\",\"@graph\":[{\"@type\":\"WebPage\",\"@id\":\"https:\/\/graziamagazine.com\/mx\/articles\/fechas-y-ciudades-imprescindibles-del-calendario-global-de-moda-2026\/\",\"url\":\"https:\/\/graziamagazine.com\/mx\/articles\/fechas-y-ciudades-imprescindibles-del-calendario-global-de-moda-2026\/\",\"name\":\"Fechas y ciudades imprescindibles del calendario global de moda 2026\",\"isPartOf\":{\"@id\":\"https:\/\/graziamagazine.com\/mx\/#website\"},\"datePublished\":\"2026-01-22T13:35:09+00:00\",\"dateModified\":\"2026-01-21T15:33:29+00:00\",\"description\":\"Fechas esenciales y capitales creativas que marcan el ritmo global del dise\u00f1o, el estilo y las nuevas narrativas de la industria\",\"breadcrumb\":{\"@id\":\"https:\/\/graziamagazine.com\/mx\/articles\/fechas-y-ciudades-imprescindibles-del-calendario-global-de-moda-2026\/#breadcrumb\"},\"inLanguage\":\"es-MX\",\"potentialAction\":[{\"@type\":\"ReadAction\",\"target\":[\"https:\/\/graziamagazine.com\/mx\/articles\/fechas-y-ciudades-imprescindibles-del-calendario-global-de-moda-2026\/\"]}]},{\"@type\":\"BreadcrumbList\",\"@id\":\"https:\/\/graziamagazine.com\/mx\/articles\/fechas-y-ciudades-imprescindibles-del-calendario-global-de-moda-2026\/#breadcrumb\",\"itemListElement\":[{\"@type\":\"ListItem\",\"position\":1,\"name\":\"Home\",\"item\":\"https:\/\/graziamagazine.com\/mx\/\"},{\"@type\":\"ListItem\",\"position\":2,\"name\":\"Fechas y ciudades imprescindibles del calendario global de moda 2026\"}]},{\"@type\":\"WebSite\",\"@id\":\"https:\/\/graziamagazine.com\/mx\/#website\",\"url\":\"https:\/\/graziamagazine.com\/mx\/\",\"name\":\"Grazia M\u00e9xico y Latinoam\u00e9rica\",\"description\":\"Grazia es moda, belleza y noticias  de actualidad \",\"potentialAction\":[{\"@type\":\"SearchAction\",\"target\":{\"@type\":\"EntryPoint\",\"urlTemplate\":\"https:\/\/graziamagazine.com\/mx\/?s={search_term_string}\"},\"query-input\":\"required name=search_term_string\"}],\"inLanguage\":\"es-MX\"}]}<\/script>\n<!-- \/ Yoast SEO Premium plugin. -->","yoast_head_json":{"title":"Fechas y ciudades imprescindibles del calendario global de moda 2026","description":"Fechas esenciales y capitales creativas que marcan el ritmo global del dise\u00f1o, el estilo y las nuevas narrativas de la industria","robots":{"index":"index","follow":"follow","max-snippet":"max-snippet:-1","max-image-preview":"max-image-preview:large","max-video-preview":"max-video-preview:-1"},"canonical":"https:\/\/graziamagazine.com\/mx\/articles\/fechas-y-ciudades-imprescindibles-del-calendario-global-de-moda-2026\/","og_locale":"es_MX","og_type":"article","og_title":"Fechas y ciudades imprescindibles del calendario global de moda 2026","og_description":"Fechas esenciales y capitales creativas que marcan el ritmo global del dise\u00f1o, el estilo y las nuevas narrativas de la industria","og_url":"https:\/\/graziamagazine.com\/mx\/articles\/fechas-y-ciudades-imprescindibles-del-calendario-global-de-moda-2026\/","og_site_name":"Grazia M\u00e9xico y Latinoam\u00e9rica","article_modified_time":"2026-01-21T15:33:29+00:00","og_image":[{"width":1024,"height":683,"url":"https:\/\/graziamagazine.com\/mx\/wp-content\/uploads\/sites\/13\/2026\/01\/GettyImages-2196372553-1024x683.jpg","type":"image\/jpeg"}],"twitter_card":"summary_large_image","twitter_misc":{"Est. reading time":"4 minutos"},"schema":{"@context":"https:\/\/schema.org","@graph":[{"@type":"WebPage","@id":"https:\/\/graziamagazine.com\/mx\/articles\/fechas-y-ciudades-imprescindibles-del-calendario-global-de-moda-2026\/","url":"https:\/\/graziamagazine.com\/mx\/articles\/fechas-y-ciudades-imprescindibles-del-calendario-global-de-moda-2026\/","name":"Fechas y ciudades imprescindibles del calendario global de moda 2026","isPartOf":{"@id":"https:\/\/graziamagazine.com\/mx\/#website"},"datePublished":"2026-01-22T13:35:09+00:00","dateModified":"2026-01-21T15:33:29+00:00","description":"Fechas esenciales y capitales creativas que marcan el ritmo global del dise\u00f1o, el estilo y las nuevas narrativas de la industria","breadcrumb":{"@id":"https:\/\/graziamagazine.com\/mx\/articles\/fechas-y-ciudades-imprescindibles-del-calendario-global-de-moda-2026\/#breadcrumb"},"inLanguage":"es-MX","potentialAction":[{"@type":"ReadAction","target":["https:\/\/graziamagazine.com\/mx\/articles\/fechas-y-ciudades-imprescindibles-del-calendario-global-de-moda-2026\/"]}]},{"@type":"BreadcrumbList","@id":"https:\/\/graziamagazine.com\/mx\/articles\/fechas-y-ciudades-imprescindibles-del-calendario-global-de-moda-2026\/#breadcrumb","itemListElement":[{"@type":"ListItem","position":1,"name":"Home","item":"https:\/\/graziamagazine.com\/mx\/"},{"@type":"ListItem","position":2,"name":"Fechas y ciudades imprescindibles del calendario global de moda 2026"}]},{"@type":"WebSite","@id":"https:\/\/graziamagazine.com\/mx\/#website","url":"https:\/\/graziamagazine.com\/mx\/","name":"Grazia M\u00e9xico y Latinoam\u00e9rica","description":"Grazia es moda, belleza y noticias  de actualidad ","potentialAction":[{"@type":"SearchAction","target":{"@type":"EntryPoint","urlTemplate":"https:\/\/graziamagazine.com\/mx\/?s={search_term_string}"},"query-input":"required name=search_term_string"}],"inLanguage":"es-MX"}]}},"jetpack_sharing_enabled":true,"distributor_meta":false,"distributor_terms":false,"distributor_media":false,"distributor_original_site_name":"Grazia M\u00e9xico y Latinoam\u00e9rica","distributor_original_site_url":"https:\/\/graziamagazine.com\/mx","push-errors":false,"_links":{"self":[{"href":"https:\/\/graziamagazine.com\/mx\/wp-json\/wp\/v2\/articles\/164906"}],"collection":[{"href":"https:\/\/graziamagazine.com\/mx\/wp-json\/wp\/v2\/articles"}],"about":[{"href":"https:\/\/graziamagazine.com\/mx\/wp-json\/wp\/v2\/types\/articles"}],"author":[{"embeddable":true,"href":"https:\/\/graziamagazine.com\/mx\/wp-json\/wp\/v2\/users\/28953"}],"wp:featuredmedia":[{"embeddable":true,"href":"https:\/\/graziamagazine.com\/mx\/wp-json\/wp\/v2\/media\/164909"}],"wp:attachment":[{"href":"https:\/\/graziamagazine.com\/mx\/wp-json\/wp\/v2\/media?parent=164906"}],"wp:term":[{"taxonomy":"category","embeddable":true,"href":"https:\/\/graziamagazine.com\/mx\/wp-json\/wp\/v2\/categories?post=164906"}],"curies":[{"name":"wp","href":"https:\/\/api.w.org\/{rel}","templated":true}]}}