{"id":164489,"date":"2026-01-12T21:00:48","date_gmt":"2026-01-13T02:00:48","guid":{"rendered":"https:\/\/graziamagazine.com\/mx\/?post_type=articles&#038;p=164489"},"modified":"2026-01-14T11:18:16","modified_gmt":"2026-01-14T16:18:16","slug":"de-la-pasarela-al-closet-el-poder-del-chaleco-minimalista","status":"publish","type":"articles","link":"https:\/\/graziamagazine.com\/mx\/articles\/de-la-pasarela-al-closet-el-poder-del-chaleco-minimalista\/","title":{"rendered":"De la pasarela al cl\u00f3set: el poder del chaleco minimalista"},"content":{"rendered":"<p data-start=\"285\" data-end=\"715\">Los chalecos minimalistas han dejado de ser un complemento ocasional para convertirse en protagonistas absolutos del cl\u00f3set moderno. Vistos en las pasarelas de Primavera Verano 2026, esta pieza demuestra que la simplicidad bien ejecutada puede ser tan poderosa como cualquier tendencia maximalista.<\/p>\n<p data-start=\"285\" data-end=\"715\">Su atractivo radica en la versatilidad, la elegancia silenciosa y la capacidad de adaptarse a distintos estilos y momentos del d\u00eda.<\/p>\n<h3 data-start=\"717\" data-end=\"759\">El regreso del minimalismo funcional<\/h3>\n<figure id=\"attachment_164497\" aria-describedby=\"caption-attachment-164497\" style=\"width: 679px\" class=\"wp-caption alignnone\"><img loading=\"lazy\" decoding=\"async\" class=\"size-large wp-image-164497\" src=\"https:\/\/graziamagazine.com\/mx\/wp-content\/uploads\/sites\/13\/2026\/01\/c78068280a6f11410dae769317484d0c-679x1024.jpg\" alt=\"De la pasarela al cl\u00f3set: el poder del chaleco minimalista\" width=\"679\" height=\"1024\" srcset=\"https:\/\/graziamagazine.com\/mx\/wp-content\/uploads\/sites\/13\/2026\/01\/c78068280a6f11410dae769317484d0c-679x1024.jpg 679w, https:\/\/graziamagazine.com\/mx\/wp-content\/uploads\/sites\/13\/2026\/01\/c78068280a6f11410dae769317484d0c-298x450.jpg 298w, https:\/\/graziamagazine.com\/mx\/wp-content\/uploads\/sites\/13\/2026\/01\/c78068280a6f11410dae769317484d0c-768x1159.jpg 768w, https:\/\/graziamagazine.com\/mx\/wp-content\/uploads\/sites\/13\/2026\/01\/c78068280a6f11410dae769317484d0c-1018x1536.jpg 1018w, https:\/\/graziamagazine.com\/mx\/wp-content\/uploads\/sites\/13\/2026\/01\/c78068280a6f11410dae769317484d0c-400x604.jpg 400w, https:\/\/graziamagazine.com\/mx\/wp-content\/uploads\/sites\/13\/2026\/01\/c78068280a6f11410dae769317484d0c-143x215.jpg 143w, https:\/\/graziamagazine.com\/mx\/wp-content\/uploads\/sites\/13\/2026\/01\/c78068280a6f11410dae769317484d0c.jpg 1199w\" sizes=\"(max-width: 679px) 100vw, 679px\" \/><figcaption id=\"caption-attachment-164497\" class=\"wp-caption-text\">De la pasarela al cl\u00f3set: el poder del chaleco minimalista<\/figcaption><\/figure>\n<p data-start=\"760\" data-end=\"1171\">En un contexto donde la moda apuesta por prendas duraderas y conscientes, el chaleco minimalista surge como una respuesta natural. Dise\u00f1os limpios, l\u00edneas estructuradas y paletas neutras dominan la escena, apostando por cortes que favorecen distintas siluetas sin excesos. Firmas internacionales lo han presentado como una alternativa sofisticada al blazer tradicional, reafirmando su lugar como b\u00e1sico elevado.<\/p>\n<h3 data-start=\"1173\" data-end=\"1208\">C\u00f3mo llevarlo en clave casual<\/h3>\n<figure id=\"attachment_164496\" aria-describedby=\"caption-attachment-164496\" style=\"width: 750px\" class=\"wp-caption alignnone\"><img loading=\"lazy\" decoding=\"async\" class=\"size-full wp-image-164496\" src=\"https:\/\/graziamagazine.com\/mx\/wp-content\/uploads\/sites\/13\/2026\/01\/c78d37643a152086fb45771775bb9752.jpg\" alt=\"De la pasarela al cl\u00f3set: el poder del chaleco minimalista\" width=\"750\" height=\"1020\" srcset=\"https:\/\/graziamagazine.com\/mx\/wp-content\/uploads\/sites\/13\/2026\/01\/c78d37643a152086fb45771775bb9752.jpg 750w, https:\/\/graziamagazine.com\/mx\/wp-content\/uploads\/sites\/13\/2026\/01\/c78d37643a152086fb45771775bb9752-331x450.jpg 331w, https:\/\/graziamagazine.com\/mx\/wp-content\/uploads\/sites\/13\/2026\/01\/c78d37643a152086fb45771775bb9752-400x544.jpg 400w, https:\/\/graziamagazine.com\/mx\/wp-content\/uploads\/sites\/13\/2026\/01\/c78d37643a152086fb45771775bb9752-155x211.jpg 155w\" sizes=\"(max-width: 750px) 100vw, 750px\" \/><figcaption id=\"caption-attachment-164496\" class=\"wp-caption-text\">De la pasarela al cl\u00f3set: el poder del chaleco minimalista<\/figcaption><\/figure>\n<p data-start=\"1209\" data-end=\"1626\">Para el d\u00eda a d\u00eda, el chaleco se convierte en un aliado infalible. Ll\u00e9valo sobre camisetas blancas, camisas de algod\u00f3n o incluso directamente sobre la piel para un look relajado pero pulido. Combinado con jeans rectos, pantalones de pinzas suaves o faldas midi, logra un equilibrio perfecto entre comodidad y estilo. El truco est\u00e1 en mantener la paleta sobria y dejar que la estructura de la prenda hable por s\u00ed sola.<\/p>\n<h3 data-start=\"1628\" data-end=\"1664\">El chaleco en looks de oficina<\/h3>\n<figure id=\"attachment_164498\" aria-describedby=\"caption-attachment-164498\" style=\"width: 768px\" class=\"wp-caption alignnone\"><img loading=\"lazy\" decoding=\"async\" class=\"size-large wp-image-164498\" src=\"https:\/\/graziamagazine.com\/mx\/wp-content\/uploads\/sites\/13\/2026\/01\/dadaaf8b8843a8ff1b740dd022c03103-768x1024.jpg\" alt=\"De la pasarela al cl\u00f3set: el poder del chaleco minimalista\" width=\"768\" height=\"1024\" srcset=\"https:\/\/graziamagazine.com\/mx\/wp-content\/uploads\/sites\/13\/2026\/01\/dadaaf8b8843a8ff1b740dd022c03103-768x1024.jpg 768w, https:\/\/graziamagazine.com\/mx\/wp-content\/uploads\/sites\/13\/2026\/01\/dadaaf8b8843a8ff1b740dd022c03103-338x450.jpg 338w, https:\/\/graziamagazine.com\/mx\/wp-content\/uploads\/sites\/13\/2026\/01\/dadaaf8b8843a8ff1b740dd022c03103-400x533.jpg 400w, https:\/\/graziamagazine.com\/mx\/wp-content\/uploads\/sites\/13\/2026\/01\/dadaaf8b8843a8ff1b740dd022c03103-155x207.jpg 155w, https:\/\/graziamagazine.com\/mx\/wp-content\/uploads\/sites\/13\/2026\/01\/dadaaf8b8843a8ff1b740dd022c03103.jpg 960w\" sizes=\"(max-width: 768px) 100vw, 768px\" \/><figcaption id=\"caption-attachment-164498\" class=\"wp-caption-text\">De la pasarela al cl\u00f3set: el poder del chaleco minimalista<\/figcaption><\/figure>\n<p data-start=\"1665\" data-end=\"2045\">Lejos de ser informal, el chaleco minimalista encuentra su lugar en el entorno laboral. Usado como top principal o sobre una camisa ligera, aporta una est\u00e9tica moderna y profesional. Opta por tejidos como lana fr\u00eda, lino estructurado o mezclas t\u00e9cnicas que mantengan la forma durante todo el d\u00eda. A\u00f1adirlo a un conjunto monocrom\u00e1tico eleva instant\u00e1neamente la imagen sin esfuerzo.<\/p>\n<h3 data-start=\"2047\" data-end=\"2084\">Elegancia nocturna sin esfuerzo<img loading=\"lazy\" decoding=\"async\" class=\"alignnone size-large wp-image-164501\" src=\"https:\/\/graziamagazine.com\/mx\/wp-content\/uploads\/sites\/13\/2026\/01\/009e10ad1de88e3fd33474156e9d77d7-683x1024.jpg\" alt=\"\" width=\"683\" height=\"1024\" srcset=\"https:\/\/graziamagazine.com\/mx\/wp-content\/uploads\/sites\/13\/2026\/01\/009e10ad1de88e3fd33474156e9d77d7-683x1024.jpg 683w, https:\/\/graziamagazine.com\/mx\/wp-content\/uploads\/sites\/13\/2026\/01\/009e10ad1de88e3fd33474156e9d77d7-300x450.jpg 300w, https:\/\/graziamagazine.com\/mx\/wp-content\/uploads\/sites\/13\/2026\/01\/009e10ad1de88e3fd33474156e9d77d7-768x1152.jpg 768w, https:\/\/graziamagazine.com\/mx\/wp-content\/uploads\/sites\/13\/2026\/01\/009e10ad1de88e3fd33474156e9d77d7-400x600.jpg 400w, https:\/\/graziamagazine.com\/mx\/wp-content\/uploads\/sites\/13\/2026\/01\/009e10ad1de88e3fd33474156e9d77d7-143x215.jpg 143w, https:\/\/graziamagazine.com\/mx\/wp-content\/uploads\/sites\/13\/2026\/01\/009e10ad1de88e3fd33474156e9d77d7.jpg 1000w\" sizes=\"(max-width: 683px) 100vw, 683px\" \/><\/h3>\n<p data-start=\"2085\" data-end=\"2412\">Cuando cae la noche, el chaleco se transforma. Versiones satinadas, con botones joya o cortes m\u00e1s ajustados funcionan como piezas protagonistas para cenas, eventos o salidas especiales. Comb\u00ednalo con pantalones fluidos o faldas largas y accesorios discretos para un resultado sofisticado que demuestra que menos siempre es m\u00e1s.<\/p>\n<h3 data-start=\"2414\" data-end=\"2455\">Una inversi\u00f3n inteligente de estilo<img loading=\"lazy\" decoding=\"async\" class=\"alignnone size-large wp-image-164494\" src=\"https:\/\/graziamagazine.com\/mx\/wp-content\/uploads\/sites\/13\/2026\/01\/5c9be1ff74b0a4585b2e7126aa1d671d-819x1024.jpg\" alt=\"\" width=\"819\" height=\"1024\" srcset=\"https:\/\/graziamagazine.com\/mx\/wp-content\/uploads\/sites\/13\/2026\/01\/5c9be1ff74b0a4585b2e7126aa1d671d-819x1024.jpg 819w, https:\/\/graziamagazine.com\/mx\/wp-content\/uploads\/sites\/13\/2026\/01\/5c9be1ff74b0a4585b2e7126aa1d671d-360x450.jpg 360w, https:\/\/graziamagazine.com\/mx\/wp-content\/uploads\/sites\/13\/2026\/01\/5c9be1ff74b0a4585b2e7126aa1d671d-768x960.jpg 768w, https:\/\/graziamagazine.com\/mx\/wp-content\/uploads\/sites\/13\/2026\/01\/5c9be1ff74b0a4585b2e7126aa1d671d-400x500.jpg 400w, https:\/\/graziamagazine.com\/mx\/wp-content\/uploads\/sites\/13\/2026\/01\/5c9be1ff74b0a4585b2e7126aa1d671d-155x194.jpg 155w, https:\/\/graziamagazine.com\/mx\/wp-content\/uploads\/sites\/13\/2026\/01\/5c9be1ff74b0a4585b2e7126aa1d671d.jpg 1200w\" sizes=\"(max-width: 819px) 100vw, 819px\" \/><\/h3>\n<p data-start=\"2456\" data-end=\"2762\">M\u00e1s all\u00e1 de las tendencias pasajeras, el chaleco minimalista se posiciona como una inversi\u00f3n atemporal. Su capacidad de reinventarse seg\u00fan la ocasi\u00f3n lo convierte en una de las piezas m\u00e1s inteligentes del guardarropa actual. De la pasarela al cl\u00f3set, confirma que el verdadero lujo est\u00e1 en la versatilidad.<\/p>\n<p data-start=\"2783\" data-end=\"2987\" data-is-last-node=\"\" data-is-only-node=\"\"><b>*IMAGEN: Google Images<\/b><\/p>\n","protected":false},"author":28953,"featured_media":164499,"template":"","format":"standard","categories":[13540,4],"acf":[],"yoast_head":"<!-- This site is optimized with the Yoast SEO Premium plugin v18.5 (Yoast SEO v20.4) - https:\/\/yoast.com\/wordpress\/plugins\/seo\/ -->\n<title>De la pasarela al cl\u00f3set: el poder del chaleco minimalista<\/title>\n<meta name=\"description\" content=\"Una prenda esencial que conecta pasarela y cl\u00f3set con estilo funcional, est\u00e9tica depurada y m\u00faltiples posibilidades de uso cotidiano\" \/>\n<meta name=\"robots\" content=\"index, follow, max-snippet:-1, max-image-preview:large, max-video-preview:-1\" \/>\n<link rel=\"canonical\" href=\"https:\/\/graziamagazine.com\/mx\/articles\/de-la-pasarela-al-closet-el-poder-del-chaleco-minimalista\/\" \/>\n<meta property=\"og:locale\" content=\"es_MX\" \/>\n<meta property=\"og:type\" content=\"article\" \/>\n<meta property=\"og:title\" content=\"De la pasarela al cl\u00f3set: el poder del chaleco minimalista\" \/>\n<meta property=\"og:description\" content=\"Una prenda esencial que conecta pasarela y cl\u00f3set con estilo funcional, est\u00e9tica depurada y m\u00faltiples posibilidades de uso cotidiano\" \/>\n<meta property=\"og:url\" content=\"https:\/\/graziamagazine.com\/mx\/articles\/de-la-pasarela-al-closet-el-poder-del-chaleco-minimalista\/\" \/>\n<meta property=\"og:site_name\" content=\"Grazia M\u00e9xico y Latinoam\u00e9rica\" \/>\n<meta property=\"article:modified_time\" content=\"2026-01-14T16:18:16+00:00\" \/>\n<meta property=\"og:image\" content=\"https:\/\/graziamagazine.com\/mx\/wp-content\/uploads\/sites\/13\/2026\/01\/e24a67a5effdfbb5f46f084738a1d375-e1768317608394.jpg\" \/>\n\t<meta property=\"og:image:width\" content=\"810\" \/>\n\t<meta property=\"og:image:height\" content=\"554\" \/>\n\t<meta property=\"og:image:type\" content=\"image\/jpeg\" \/>\n<meta name=\"twitter:card\" content=\"summary_large_image\" \/>\n<meta name=\"twitter:label1\" content=\"Est. reading time\" \/>\n\t<meta name=\"twitter:data1\" content=\"3 minutos\" \/>\n<script type=\"application\/ld+json\" class=\"yoast-schema-graph\">{\"@context\":\"https:\/\/schema.org\",\"@graph\":[{\"@type\":\"WebPage\",\"@id\":\"https:\/\/graziamagazine.com\/mx\/articles\/de-la-pasarela-al-closet-el-poder-del-chaleco-minimalista\/\",\"url\":\"https:\/\/graziamagazine.com\/mx\/articles\/de-la-pasarela-al-closet-el-poder-del-chaleco-minimalista\/\",\"name\":\"De la pasarela al cl\u00f3set: el poder del chaleco minimalista\",\"isPartOf\":{\"@id\":\"https:\/\/graziamagazine.com\/mx\/#website\"},\"datePublished\":\"2026-01-13T02:00:48+00:00\",\"dateModified\":\"2026-01-14T16:18:16+00:00\",\"description\":\"Una prenda esencial que conecta pasarela y cl\u00f3set con estilo funcional, est\u00e9tica depurada y m\u00faltiples posibilidades de uso cotidiano\",\"breadcrumb\":{\"@id\":\"https:\/\/graziamagazine.com\/mx\/articles\/de-la-pasarela-al-closet-el-poder-del-chaleco-minimalista\/#breadcrumb\"},\"inLanguage\":\"es-MX\",\"potentialAction\":[{\"@type\":\"ReadAction\",\"target\":[\"https:\/\/graziamagazine.com\/mx\/articles\/de-la-pasarela-al-closet-el-poder-del-chaleco-minimalista\/\"]}]},{\"@type\":\"BreadcrumbList\",\"@id\":\"https:\/\/graziamagazine.com\/mx\/articles\/de-la-pasarela-al-closet-el-poder-del-chaleco-minimalista\/#breadcrumb\",\"itemListElement\":[{\"@type\":\"ListItem\",\"position\":1,\"name\":\"Home\",\"item\":\"https:\/\/graziamagazine.com\/mx\/\"},{\"@type\":\"ListItem\",\"position\":2,\"name\":\"De la pasarela al cl\u00f3set: el poder del chaleco minimalista\"}]},{\"@type\":\"WebSite\",\"@id\":\"https:\/\/graziamagazine.com\/mx\/#website\",\"url\":\"https:\/\/graziamagazine.com\/mx\/\",\"name\":\"Grazia M\u00e9xico y Latinoam\u00e9rica\",\"description\":\"Grazia es moda, belleza y noticias  de actualidad \",\"potentialAction\":[{\"@type\":\"SearchAction\",\"target\":{\"@type\":\"EntryPoint\",\"urlTemplate\":\"https:\/\/graziamagazine.com\/mx\/?s={search_term_string}\"},\"query-input\":\"required name=search_term_string\"}],\"inLanguage\":\"es-MX\"}]}<\/script>\n<!-- \/ Yoast SEO Premium plugin. -->","yoast_head_json":{"title":"De la pasarela al cl\u00f3set: el poder del chaleco minimalista","description":"Una prenda esencial que conecta pasarela y cl\u00f3set con estilo funcional, est\u00e9tica depurada y m\u00faltiples posibilidades de uso cotidiano","robots":{"index":"index","follow":"follow","max-snippet":"max-snippet:-1","max-image-preview":"max-image-preview:large","max-video-preview":"max-video-preview:-1"},"canonical":"https:\/\/graziamagazine.com\/mx\/articles\/de-la-pasarela-al-closet-el-poder-del-chaleco-minimalista\/","og_locale":"es_MX","og_type":"article","og_title":"De la pasarela al cl\u00f3set: el poder del chaleco minimalista","og_description":"Una prenda esencial que conecta pasarela y cl\u00f3set con estilo funcional, est\u00e9tica depurada y m\u00faltiples posibilidades de uso cotidiano","og_url":"https:\/\/graziamagazine.com\/mx\/articles\/de-la-pasarela-al-closet-el-poder-del-chaleco-minimalista\/","og_site_name":"Grazia M\u00e9xico y Latinoam\u00e9rica","article_modified_time":"2026-01-14T16:18:16+00:00","og_image":[{"width":810,"height":554,"url":"https:\/\/graziamagazine.com\/mx\/wp-content\/uploads\/sites\/13\/2026\/01\/e24a67a5effdfbb5f46f084738a1d375-e1768317608394.jpg","type":"image\/jpeg"}],"twitter_card":"summary_large_image","twitter_misc":{"Est. reading time":"3 minutos"},"schema":{"@context":"https:\/\/schema.org","@graph":[{"@type":"WebPage","@id":"https:\/\/graziamagazine.com\/mx\/articles\/de-la-pasarela-al-closet-el-poder-del-chaleco-minimalista\/","url":"https:\/\/graziamagazine.com\/mx\/articles\/de-la-pasarela-al-closet-el-poder-del-chaleco-minimalista\/","name":"De la pasarela al cl\u00f3set: el poder del chaleco minimalista","isPartOf":{"@id":"https:\/\/graziamagazine.com\/mx\/#website"},"datePublished":"2026-01-13T02:00:48+00:00","dateModified":"2026-01-14T16:18:16+00:00","description":"Una prenda esencial que conecta pasarela y cl\u00f3set con estilo funcional, est\u00e9tica depurada y m\u00faltiples posibilidades de uso cotidiano","breadcrumb":{"@id":"https:\/\/graziamagazine.com\/mx\/articles\/de-la-pasarela-al-closet-el-poder-del-chaleco-minimalista\/#breadcrumb"},"inLanguage":"es-MX","potentialAction":[{"@type":"ReadAction","target":["https:\/\/graziamagazine.com\/mx\/articles\/de-la-pasarela-al-closet-el-poder-del-chaleco-minimalista\/"]}]},{"@type":"BreadcrumbList","@id":"https:\/\/graziamagazine.com\/mx\/articles\/de-la-pasarela-al-closet-el-poder-del-chaleco-minimalista\/#breadcrumb","itemListElement":[{"@type":"ListItem","position":1,"name":"Home","item":"https:\/\/graziamagazine.com\/mx\/"},{"@type":"ListItem","position":2,"name":"De la pasarela al cl\u00f3set: el poder del chaleco minimalista"}]},{"@type":"WebSite","@id":"https:\/\/graziamagazine.com\/mx\/#website","url":"https:\/\/graziamagazine.com\/mx\/","name":"Grazia M\u00e9xico y Latinoam\u00e9rica","description":"Grazia es moda, belleza y noticias  de actualidad ","potentialAction":[{"@type":"SearchAction","target":{"@type":"EntryPoint","urlTemplate":"https:\/\/graziamagazine.com\/mx\/?s={search_term_string}"},"query-input":"required name=search_term_string"}],"inLanguage":"es-MX"}]}},"jetpack_sharing_enabled":true,"distributor_meta":false,"distributor_terms":false,"distributor_media":false,"distributor_original_site_name":"Grazia M\u00e9xico y Latinoam\u00e9rica","distributor_original_site_url":"https:\/\/graziamagazine.com\/mx","push-errors":false,"_links":{"self":[{"href":"https:\/\/graziamagazine.com\/mx\/wp-json\/wp\/v2\/articles\/164489"}],"collection":[{"href":"https:\/\/graziamagazine.com\/mx\/wp-json\/wp\/v2\/articles"}],"about":[{"href":"https:\/\/graziamagazine.com\/mx\/wp-json\/wp\/v2\/types\/articles"}],"author":[{"embeddable":true,"href":"https:\/\/graziamagazine.com\/mx\/wp-json\/wp\/v2\/users\/28953"}],"wp:featuredmedia":[{"embeddable":true,"href":"https:\/\/graziamagazine.com\/mx\/wp-json\/wp\/v2\/media\/164499"}],"wp:attachment":[{"href":"https:\/\/graziamagazine.com\/mx\/wp-json\/wp\/v2\/media?parent=164489"}],"wp:term":[{"taxonomy":"category","embeddable":true,"href":"https:\/\/graziamagazine.com\/mx\/wp-json\/wp\/v2\/categories?post=164489"}],"curies":[{"name":"wp","href":"https:\/\/api.w.org\/{rel}","templated":true}]}}