{"id":164394,"date":"2026-01-12T08:28:28","date_gmt":"2026-01-12T13:28:28","guid":{"rendered":"https:\/\/graziamagazine.com\/mx\/?post_type=articles&#038;p=164394"},"modified":"2026-01-12T11:13:07","modified_gmt":"2026-01-12T16:13:07","slug":"parejas-iconicas-que-deslumbran-en-la-gala-de-los-golden-globes-2026","status":"publish","type":"articles","link":"https:\/\/graziamagazine.com\/mx\/articles\/parejas-iconicas-que-deslumbran-en-la-gala-de-los-golden-globes-2026\/","title":{"rendered":"Parejas ic\u00f3nicas que deslumbran en la gala de los Golden Globes 2026"},"content":{"rendered":"<p data-path-to-node=\"3\">La alfombra roja de los <b data-path-to-node=\"3\" data-index-in-node=\"24\">Golden Globes<\/b>\u00a0 2026 no es solo el term\u00f3metro que marca el inicio de la temporada de premios, sino la vitrina definitiva donde la moda y el romance convergen en una coreograf\u00eda de flashes y sofisticaci\u00f3n. Este a\u00f1o, la pasarela se transform\u00f3 en un escenario de dualidades magn\u00e9ticas: desde la sobriedad del minimalismo coordinado hasta la audacia de texturas disruptivas y vol\u00famenes arquitect\u00f3nicos.<\/p>\n<p data-path-to-node=\"4\">M\u00e1s all\u00e1 de los dise\u00f1os individuales, la verdadera narrativa de la noche la escribieron las parejas. A trav\u00e9s de sus elecciones estil\u00edsticas, los d\u00faos m\u00e1s influyentes de la industria nos recordaron que el mejor accesorio para un dise\u00f1o de alta costura es, sin duda, la armon\u00eda compartida.<\/p>\n<p data-path-to-node=\"4\">En esta edici\u00f3n, presenciamos una oda a la elegancia atemporal, donde el cl\u00e1sico esmoquin y el vestido de gala se reinventaron bajo una luz de modernidad, demostrando que cuando el estilo se vive de a dos, el impacto visual es sencillamente inolvidable.<\/p>\n<h2 data-path-to-node=\"5\">Macaulay Culkin y Brenda Song<img loading=\"lazy\" decoding=\"async\" class=\"alignnone wp-image-164395 size-full\" src=\"https:\/\/graziamagazine.com\/mx\/wp-content\/uploads\/sites\/13\/2026\/01\/Captura-de-Pantalla-2026-01-11-a-las-22.20.40.png\" alt=\"\" width=\"730\" height=\"1110\" srcset=\"https:\/\/graziamagazine.com\/mx\/wp-content\/uploads\/sites\/13\/2026\/01\/Captura-de-Pantalla-2026-01-11-a-las-22.20.40.png 730w, https:\/\/graziamagazine.com\/mx\/wp-content\/uploads\/sites\/13\/2026\/01\/Captura-de-Pantalla-2026-01-11-a-las-22.20.40-296x450.png 296w, https:\/\/graziamagazine.com\/mx\/wp-content\/uploads\/sites\/13\/2026\/01\/Captura-de-Pantalla-2026-01-11-a-las-22.20.40-673x1024.png 673w, https:\/\/graziamagazine.com\/mx\/wp-content\/uploads\/sites\/13\/2026\/01\/Captura-de-Pantalla-2026-01-11-a-las-22.20.40-400x608.png 400w, https:\/\/graziamagazine.com\/mx\/wp-content\/uploads\/sites\/13\/2026\/01\/Captura-de-Pantalla-2026-01-11-a-las-22.20.40-141x215.png 141w\" sizes=\"(max-width: 730px) 100vw, 730px\" \/><\/h2>\n<p data-path-to-node=\"6\">La pareja apost\u00f3 por la sobriedad del negro absoluto. Macaulay luci\u00f3 un impecable esmoquin de terciopelo con solapa de seda, mientras que Brenda Song cautiv\u00f3 con un vestido de silueta columna que destacaba por sus audaces aberturas geom\u00e9tricas y detalles en textura de cuero, logrando un equilibrio perfecto entre lo cl\u00e1sico y lo rebelde.<\/p>\n<h2 data-path-to-node=\"7\">Adam Sandler y Jackie Sandler<img loading=\"lazy\" decoding=\"async\" class=\"alignnone wp-image-164396 size-full\" src=\"https:\/\/graziamagazine.com\/mx\/wp-content\/uploads\/sites\/13\/2026\/01\/Captura-de-Pantalla-2026-01-11-a-las-22.21.18.png\" alt=\"\" width=\"692\" height=\"918\" srcset=\"https:\/\/graziamagazine.com\/mx\/wp-content\/uploads\/sites\/13\/2026\/01\/Captura-de-Pantalla-2026-01-11-a-las-22.21.18.png 692w, https:\/\/graziamagazine.com\/mx\/wp-content\/uploads\/sites\/13\/2026\/01\/Captura-de-Pantalla-2026-01-11-a-las-22.21.18-339x450.png 339w, https:\/\/graziamagazine.com\/mx\/wp-content\/uploads\/sites\/13\/2026\/01\/Captura-de-Pantalla-2026-01-11-a-las-22.21.18-400x531.png 400w, https:\/\/graziamagazine.com\/mx\/wp-content\/uploads\/sites\/13\/2026\/01\/Captura-de-Pantalla-2026-01-11-a-las-22.21.18-155x206.png 155w\" sizes=\"(max-width: 692px) 100vw, 692px\" \/><\/h2>\n<p data-path-to-node=\"8\">Haciendo gala de una complicidad estil\u00edstica, los Sandler optaron por el negro coordinado. Adam eligi\u00f3 un traje de corte relajado con pajarita cl\u00e1sica, mientras que Jackie sorprendi\u00f3 con un vestido minimalista de manga larga cuya sofisticaci\u00f3n resid\u00eda en un revelador escote lateral que enfatizaba su silueta.<\/p>\n<h2 data-path-to-node=\"9\">Noah Wyle y Sara Wells<img loading=\"lazy\" decoding=\"async\" class=\"alignnone size-large wp-image-164397\" src=\"https:\/\/graziamagazine.com\/mx\/wp-content\/uploads\/sites\/13\/2026\/01\/Captura-de-Pantalla-2026-01-11-a-las-22.21.37-669x1024.png\" alt=\"\" width=\"669\" height=\"1024\" srcset=\"https:\/\/graziamagazine.com\/mx\/wp-content\/uploads\/sites\/13\/2026\/01\/Captura-de-Pantalla-2026-01-11-a-las-22.21.37-669x1024.png 669w, https:\/\/graziamagazine.com\/mx\/wp-content\/uploads\/sites\/13\/2026\/01\/Captura-de-Pantalla-2026-01-11-a-las-22.21.37-294x450.png 294w, https:\/\/graziamagazine.com\/mx\/wp-content\/uploads\/sites\/13\/2026\/01\/Captura-de-Pantalla-2026-01-11-a-las-22.21.37-400x612.png 400w, https:\/\/graziamagazine.com\/mx\/wp-content\/uploads\/sites\/13\/2026\/01\/Captura-de-Pantalla-2026-01-11-a-las-22.21.37-141x215.png 141w, https:\/\/graziamagazine.com\/mx\/wp-content\/uploads\/sites\/13\/2026\/01\/Captura-de-Pantalla-2026-01-11-a-las-22.21.37.png 732w\" sizes=\"(max-width: 669px) 100vw, 669px\" \/><\/h2>\n<p data-path-to-node=\"10\">Rompiendo con la hegemon\u00eda del negro, Noah Wyle destac\u00f3 con un traje cruzado en un profundo tono caf\u00e9, complementado con una camisa y pajarita a juego. A su lado, Sara Wells luci\u00f3 un majestuoso vestido palabra de honor en azul medianoche, cuya falda estructurada aportaba un volumen arquitect\u00f3nico a la alfombra.<\/p>\n<h2 data-path-to-node=\"11\">Dax Shepard y Kristen Bell<img loading=\"lazy\" decoding=\"async\" class=\"alignnone size-large wp-image-164398\" src=\"https:\/\/graziamagazine.com\/mx\/wp-content\/uploads\/sites\/13\/2026\/01\/Captura-de-Pantalla-2026-01-11-a-las-22.21.56-669x1024.png\" alt=\"\" width=\"669\" height=\"1024\" srcset=\"https:\/\/graziamagazine.com\/mx\/wp-content\/uploads\/sites\/13\/2026\/01\/Captura-de-Pantalla-2026-01-11-a-las-22.21.56-669x1024.png 669w, https:\/\/graziamagazine.com\/mx\/wp-content\/uploads\/sites\/13\/2026\/01\/Captura-de-Pantalla-2026-01-11-a-las-22.21.56-294x450.png 294w, https:\/\/graziamagazine.com\/mx\/wp-content\/uploads\/sites\/13\/2026\/01\/Captura-de-Pantalla-2026-01-11-a-las-22.21.56-400x612.png 400w, https:\/\/graziamagazine.com\/mx\/wp-content\/uploads\/sites\/13\/2026\/01\/Captura-de-Pantalla-2026-01-11-a-las-22.21.56-141x215.png 141w, https:\/\/graziamagazine.com\/mx\/wp-content\/uploads\/sites\/13\/2026\/01\/Captura-de-Pantalla-2026-01-11-a-las-22.21.56.png 728w\" sizes=\"(max-width: 669px) 100vw, 669px\" \/><\/h2>\n<p data-path-to-node=\"12\">Esta pareja personific\u00f3 el contraste din\u00e1mico. Dax opt\u00f3 por un esmoquin tradicional con corbata delgada, mientras que Kristen Bell brill\u00f3 con un vestido de un solo hombro que fusionaba una base de sat\u00e9n negro con un cuerpo superior bordado en lentejuelas multicolores, creando un efecto visual hipn\u00f3tico.<\/p>\n<h2 data-path-to-node=\"13\">Alison Brie y Dave Franco<img loading=\"lazy\" decoding=\"async\" class=\"alignnone wp-image-164399 size-full\" src=\"https:\/\/graziamagazine.com\/mx\/wp-content\/uploads\/sites\/13\/2026\/01\/Captura-de-Pantalla-2026-01-11-a-las-22.22.13.png\" alt=\"\" width=\"690\" height=\"1098\" srcset=\"https:\/\/graziamagazine.com\/mx\/wp-content\/uploads\/sites\/13\/2026\/01\/Captura-de-Pantalla-2026-01-11-a-las-22.22.13.png 690w, https:\/\/graziamagazine.com\/mx\/wp-content\/uploads\/sites\/13\/2026\/01\/Captura-de-Pantalla-2026-01-11-a-las-22.22.13-283x450.png 283w, https:\/\/graziamagazine.com\/mx\/wp-content\/uploads\/sites\/13\/2026\/01\/Captura-de-Pantalla-2026-01-11-a-las-22.22.13-643x1024.png 643w, https:\/\/graziamagazine.com\/mx\/wp-content\/uploads\/sites\/13\/2026\/01\/Captura-de-Pantalla-2026-01-11-a-las-22.22.13-400x637.png 400w, https:\/\/graziamagazine.com\/mx\/wp-content\/uploads\/sites\/13\/2026\/01\/Captura-de-Pantalla-2026-01-11-a-las-22.22.13-135x215.png 135w\" sizes=\"(max-width: 690px) 100vw, 690px\" \/><\/h2>\n<p data-path-to-node=\"14\">La elegancia en su estado m\u00e1s puro. Dave Franco luci\u00f3 un esmoquin de doble botonadura perfectamente entallado, adornado con un broche floral en la solapa. Alison Brie lo acompa\u00f1\u00f3 con un vestido negro de tirantes finos y escote drapeado que evocaba el glamour del viejo Hollywood con una modernidad sutil.<\/p>\n<h2 data-path-to-node=\"15\">Will Arnett y Carolyn Murphy<img loading=\"lazy\" decoding=\"async\" class=\"alignnone wp-image-164400 size-full\" src=\"https:\/\/graziamagazine.com\/mx\/wp-content\/uploads\/sites\/13\/2026\/01\/Captura-de-Pantalla-2026-01-11-a-las-22.22.26.png\" alt=\"\" width=\"704\" height=\"1104\" srcset=\"https:\/\/graziamagazine.com\/mx\/wp-content\/uploads\/sites\/13\/2026\/01\/Captura-de-Pantalla-2026-01-11-a-las-22.22.26.png 704w, https:\/\/graziamagazine.com\/mx\/wp-content\/uploads\/sites\/13\/2026\/01\/Captura-de-Pantalla-2026-01-11-a-las-22.22.26-287x450.png 287w, https:\/\/graziamagazine.com\/mx\/wp-content\/uploads\/sites\/13\/2026\/01\/Captura-de-Pantalla-2026-01-11-a-las-22.22.26-653x1024.png 653w, https:\/\/graziamagazine.com\/mx\/wp-content\/uploads\/sites\/13\/2026\/01\/Captura-de-Pantalla-2026-01-11-a-las-22.22.26-400x627.png 400w, https:\/\/graziamagazine.com\/mx\/wp-content\/uploads\/sites\/13\/2026\/01\/Captura-de-Pantalla-2026-01-11-a-las-22.22.26-137x215.png 137w\" sizes=\"(max-width: 704px) 100vw, 704px\" \/><\/h2>\n<p data-path-to-node=\"16\">Carolyn Murphy dio una lecci\u00f3n de estilo con un vestido negro de cuello <i data-path-to-node=\"16\" data-index-in-node=\"72\">halter<\/i> que realzaba su porte escultural. Will Arnett, por su parte, complement\u00f3 su look con un traje de solapas anchas en un tono gris carb\u00f3n muy oscuro y una pajarita de gran tama\u00f1o, logrando una est\u00e9tica varonil y refinada.<\/p>\n<h2 data-path-to-node=\"17\">Mark Ruffalo y Sunrise Coigney<img loading=\"lazy\" decoding=\"async\" class=\"alignnone wp-image-164401 size-full\" src=\"https:\/\/graziamagazine.com\/mx\/wp-content\/uploads\/sites\/13\/2026\/01\/Captura-de-Pantalla-2026-01-11-a-las-22.23.04.png\" alt=\"\" width=\"716\" height=\"1100\" srcset=\"https:\/\/graziamagazine.com\/mx\/wp-content\/uploads\/sites\/13\/2026\/01\/Captura-de-Pantalla-2026-01-11-a-las-22.23.04.png 716w, https:\/\/graziamagazine.com\/mx\/wp-content\/uploads\/sites\/13\/2026\/01\/Captura-de-Pantalla-2026-01-11-a-las-22.23.04-293x450.png 293w, https:\/\/graziamagazine.com\/mx\/wp-content\/uploads\/sites\/13\/2026\/01\/Captura-de-Pantalla-2026-01-11-a-las-22.23.04-667x1024.png 667w, https:\/\/graziamagazine.com\/mx\/wp-content\/uploads\/sites\/13\/2026\/01\/Captura-de-Pantalla-2026-01-11-a-las-22.23.04-400x615.png 400w, https:\/\/graziamagazine.com\/mx\/wp-content\/uploads\/sites\/13\/2026\/01\/Captura-de-Pantalla-2026-01-11-a-las-22.23.04-140x215.png 140w\" sizes=\"(max-width: 716px) 100vw, 716px\" \/><\/h2>\n<p data-path-to-node=\"18\">El d\u00fao din\u00e1mico del blanco y negro. Mark Ruffalo destac\u00f3 con una chaqueta de esmoquin blanca con solapas de pico, creando un contraste n\u00edtido con sus pantalones oscuros. Sunrise Coigney equilibr\u00f3 la composici\u00f3n con un vestido negro de escote profundo y una sola manga tipo capa, proyectando una imagen art\u00edstica y audaz.<\/p>\n<h2 data-path-to-node=\"19\">Laura Love y Lisa Love<img loading=\"lazy\" decoding=\"async\" class=\"alignnone wp-image-164402 size-full\" src=\"https:\/\/graziamagazine.com\/mx\/wp-content\/uploads\/sites\/13\/2026\/01\/Captura-de-Pantalla-2026-01-11-a-las-22.23.21.png\" alt=\"\" width=\"728\" height=\"1088\" srcset=\"https:\/\/graziamagazine.com\/mx\/wp-content\/uploads\/sites\/13\/2026\/01\/Captura-de-Pantalla-2026-01-11-a-las-22.23.21.png 728w, https:\/\/graziamagazine.com\/mx\/wp-content\/uploads\/sites\/13\/2026\/01\/Captura-de-Pantalla-2026-01-11-a-las-22.23.21-301x450.png 301w, https:\/\/graziamagazine.com\/mx\/wp-content\/uploads\/sites\/13\/2026\/01\/Captura-de-Pantalla-2026-01-11-a-las-22.23.21-685x1024.png 685w, https:\/\/graziamagazine.com\/mx\/wp-content\/uploads\/sites\/13\/2026\/01\/Captura-de-Pantalla-2026-01-11-a-las-22.23.21-400x598.png 400w, https:\/\/graziamagazine.com\/mx\/wp-content\/uploads\/sites\/13\/2026\/01\/Captura-de-Pantalla-2026-01-11-a-las-22.23.21-144x215.png 144w\" sizes=\"(max-width: 728px) 100vw, 728px\" \/><\/h2>\n<p data-path-to-node=\"20\">Ambas optaron por la fuerza del negro pero con ejecuciones distintas. Una luci\u00f3 un vestido de terciopelo con aberturas laterales y mangas largas, mientras que la otra se inclin\u00f3 por un enfoque editorial con un abrigo largo de corte masculino, gafas oscuras y un lazo <i data-path-to-node=\"20\" data-index-in-node=\"267\">bolo<\/i> que a\u00f1ad\u00eda un toque intelectual al conjunto.<\/p>\n<h2 data-path-to-node=\"21\">Selena Gomez y Benny Blanco<\/h2>\n<p><img loading=\"lazy\" decoding=\"async\" class=\"alignnone wp-image-164403 size-full\" src=\"https:\/\/graziamagazine.com\/mx\/wp-content\/uploads\/sites\/13\/2026\/01\/GettyImages-2255772316-scaled.jpg\" alt=\"\" width=\"1707\" height=\"2560\" srcset=\"https:\/\/graziamagazine.com\/mx\/wp-content\/uploads\/sites\/13\/2026\/01\/GettyImages-2255772316-scaled.jpg 1707w, https:\/\/graziamagazine.com\/mx\/wp-content\/uploads\/sites\/13\/2026\/01\/GettyImages-2255772316-300x450.jpg 300w, https:\/\/graziamagazine.com\/mx\/wp-content\/uploads\/sites\/13\/2026\/01\/GettyImages-2255772316-683x1024.jpg 683w, https:\/\/graziamagazine.com\/mx\/wp-content\/uploads\/sites\/13\/2026\/01\/GettyImages-2255772316-768x1152.jpg 768w, https:\/\/graziamagazine.com\/mx\/wp-content\/uploads\/sites\/13\/2026\/01\/GettyImages-2255772316-1024x1536.jpg 1024w, https:\/\/graziamagazine.com\/mx\/wp-content\/uploads\/sites\/13\/2026\/01\/GettyImages-2255772316-1366x2048.jpg 1366w, https:\/\/graziamagazine.com\/mx\/wp-content\/uploads\/sites\/13\/2026\/01\/GettyImages-2255772316-400x600.jpg 400w, https:\/\/graziamagazine.com\/mx\/wp-content\/uploads\/sites\/13\/2026\/01\/GettyImages-2255772316-143x215.jpg 143w\" sizes=\"(max-width: 1707px) 100vw, 1707px\" \/><\/p>\n<p data-path-to-node=\"22\">Una de las parejas m\u00e1s comentadas de la noche. Selena Gomez deslumbr\u00f3 con un dise\u00f1o de hombros ca\u00eddos adornado con un exuberante volante de plumas blancas que enmarcaba su rostro. Benny Blanco mantuvo su estilo personal con un traje de doble botonadura, camisa abierta y un broche floral, fusionando el lujo con su esencia urbana.<\/p>\n<h2 data-path-to-node=\"23\">George Clooney y Amal Alamuddin<\/h2>\n<p><img loading=\"lazy\" decoding=\"async\" class=\"alignnone wp-image-164404 size-full\" src=\"https:\/\/graziamagazine.com\/mx\/wp-content\/uploads\/sites\/13\/2026\/01\/GettyImages-2255783053-scaled.jpg\" alt=\"\" width=\"1706\" height=\"2560\" srcset=\"https:\/\/graziamagazine.com\/mx\/wp-content\/uploads\/sites\/13\/2026\/01\/GettyImages-2255783053-scaled.jpg 1706w, https:\/\/graziamagazine.com\/mx\/wp-content\/uploads\/sites\/13\/2026\/01\/GettyImages-2255783053-300x450.jpg 300w, https:\/\/graziamagazine.com\/mx\/wp-content\/uploads\/sites\/13\/2026\/01\/GettyImages-2255783053-683x1024.jpg 683w, https:\/\/graziamagazine.com\/mx\/wp-content\/uploads\/sites\/13\/2026\/01\/GettyImages-2255783053-768x1152.jpg 768w, https:\/\/graziamagazine.com\/mx\/wp-content\/uploads\/sites\/13\/2026\/01\/GettyImages-2255783053-1024x1536.jpg 1024w, https:\/\/graziamagazine.com\/mx\/wp-content\/uploads\/sites\/13\/2026\/01\/GettyImages-2255783053-1365x2048.jpg 1365w, https:\/\/graziamagazine.com\/mx\/wp-content\/uploads\/sites\/13\/2026\/01\/GettyImages-2255783053-400x600.jpg 400w, https:\/\/graziamagazine.com\/mx\/wp-content\/uploads\/sites\/13\/2026\/01\/GettyImages-2255783053-143x215.jpg 143w\" sizes=\"(max-width: 1706px) 100vw, 1706px\" \/><\/p>\n<p data-path-to-node=\"24\">La definici\u00f3n de la realeza de Hollywood. George Clooney luci\u00f3 el esmoquin cl\u00e1sico por excelencia, mientras que Amal Alamuddin atrajo todas las miradas con un espectacular vestido rojo pasi\u00f3n de silueta sirena y cuerpo drapeado. El contraste entre su vestido vibrante y la sobriedad de George fue, sin duda, uno de los momentos cumbres de la noche.<\/p>\n<p data-path-to-node=\"26\"><em><strong>*IMAGEN: Getty Images<\/strong><\/em><\/p>\n","protected":false},"author":28953,"featured_media":164429,"template":"","format":"standard","categories":[4],"acf":[],"yoast_head":"<!-- This site is optimized with the Yoast SEO Premium plugin v18.5 (Yoast SEO v20.4) - https:\/\/yoast.com\/wordpress\/plugins\/seo\/ -->\n<title>Parejas ic\u00f3nicas que deslumbran en la gala de los Golden Globes 2026<\/title>\n<meta name=\"description\" content=\"Las parejas m\u00e1s ic\u00f3nicas deslumbran con elegancia atemporal y propuestas vanguardistas durante la esperada pasarela de los prestigiosos Golden Globes.\" \/>\n<meta name=\"robots\" content=\"index, follow, max-snippet:-1, max-image-preview:large, max-video-preview:-1\" \/>\n<link rel=\"canonical\" href=\"https:\/\/graziamagazine.com\/mx\/articles\/parejas-iconicas-que-deslumbran-en-la-gala-de-los-golden-globes-2026\/\" \/>\n<meta property=\"og:locale\" content=\"es_MX\" \/>\n<meta property=\"og:type\" content=\"article\" \/>\n<meta property=\"og:title\" content=\"Parejas ic\u00f3nicas que deslumbran en la gala de los Golden Globes 2026\" \/>\n<meta property=\"og:description\" content=\"Las parejas m\u00e1s ic\u00f3nicas deslumbran con elegancia atemporal y propuestas vanguardistas durante la esperada pasarela de los prestigiosos Golden Globes.\" \/>\n<meta property=\"og:url\" content=\"https:\/\/graziamagazine.com\/mx\/articles\/parejas-iconicas-que-deslumbran-en-la-gala-de-los-golden-globes-2026\/\" \/>\n<meta property=\"og:site_name\" content=\"Grazia M\u00e9xico y Latinoam\u00e9rica\" \/>\n<meta property=\"article:modified_time\" content=\"2026-01-12T16:13:07+00:00\" \/>\n<meta property=\"og:image\" content=\"https:\/\/graziamagazine.com\/mx\/wp-content\/uploads\/sites\/13\/2026\/01\/GettyImages-2255795221-scaled.jpg\" \/>\n\t<meta property=\"og:image:width\" content=\"2560\" \/>\n\t<meta property=\"og:image:height\" content=\"1707\" \/>\n\t<meta property=\"og:image:type\" content=\"image\/jpeg\" \/>\n<meta name=\"twitter:card\" content=\"summary_large_image\" \/>\n<meta name=\"twitter:label1\" content=\"Est. reading time\" \/>\n\t<meta name=\"twitter:data1\" content=\"6 minutos\" \/>\n<script type=\"application\/ld+json\" class=\"yoast-schema-graph\">{\"@context\":\"https:\/\/schema.org\",\"@graph\":[{\"@type\":\"WebPage\",\"@id\":\"https:\/\/graziamagazine.com\/mx\/articles\/parejas-iconicas-que-deslumbran-en-la-gala-de-los-golden-globes-2026\/\",\"url\":\"https:\/\/graziamagazine.com\/mx\/articles\/parejas-iconicas-que-deslumbran-en-la-gala-de-los-golden-globes-2026\/\",\"name\":\"Parejas ic\u00f3nicas que deslumbran en la gala de los Golden Globes 2026\",\"isPartOf\":{\"@id\":\"https:\/\/graziamagazine.com\/mx\/#website\"},\"datePublished\":\"2026-01-12T13:28:28+00:00\",\"dateModified\":\"2026-01-12T16:13:07+00:00\",\"description\":\"Las parejas m\u00e1s ic\u00f3nicas deslumbran con elegancia atemporal y propuestas vanguardistas durante la esperada pasarela de los prestigiosos Golden Globes.\",\"breadcrumb\":{\"@id\":\"https:\/\/graziamagazine.com\/mx\/articles\/parejas-iconicas-que-deslumbran-en-la-gala-de-los-golden-globes-2026\/#breadcrumb\"},\"inLanguage\":\"es-MX\",\"potentialAction\":[{\"@type\":\"ReadAction\",\"target\":[\"https:\/\/graziamagazine.com\/mx\/articles\/parejas-iconicas-que-deslumbran-en-la-gala-de-los-golden-globes-2026\/\"]}]},{\"@type\":\"BreadcrumbList\",\"@id\":\"https:\/\/graziamagazine.com\/mx\/articles\/parejas-iconicas-que-deslumbran-en-la-gala-de-los-golden-globes-2026\/#breadcrumb\",\"itemListElement\":[{\"@type\":\"ListItem\",\"position\":1,\"name\":\"Home\",\"item\":\"https:\/\/graziamagazine.com\/mx\/\"},{\"@type\":\"ListItem\",\"position\":2,\"name\":\"Parejas ic\u00f3nicas que deslumbran en la gala de los Golden Globes 2026\"}]},{\"@type\":\"WebSite\",\"@id\":\"https:\/\/graziamagazine.com\/mx\/#website\",\"url\":\"https:\/\/graziamagazine.com\/mx\/\",\"name\":\"Grazia M\u00e9xico y Latinoam\u00e9rica\",\"description\":\"Grazia es moda, belleza y noticias  de actualidad \",\"potentialAction\":[{\"@type\":\"SearchAction\",\"target\":{\"@type\":\"EntryPoint\",\"urlTemplate\":\"https:\/\/graziamagazine.com\/mx\/?s={search_term_string}\"},\"query-input\":\"required name=search_term_string\"}],\"inLanguage\":\"es-MX\"}]}<\/script>\n<!-- \/ Yoast SEO Premium plugin. -->","yoast_head_json":{"title":"Parejas ic\u00f3nicas que deslumbran en la gala de los Golden Globes 2026","description":"Las parejas m\u00e1s ic\u00f3nicas deslumbran con elegancia atemporal y propuestas vanguardistas durante la esperada pasarela de los prestigiosos Golden Globes.","robots":{"index":"index","follow":"follow","max-snippet":"max-snippet:-1","max-image-preview":"max-image-preview:large","max-video-preview":"max-video-preview:-1"},"canonical":"https:\/\/graziamagazine.com\/mx\/articles\/parejas-iconicas-que-deslumbran-en-la-gala-de-los-golden-globes-2026\/","og_locale":"es_MX","og_type":"article","og_title":"Parejas ic\u00f3nicas que deslumbran en la gala de los Golden Globes 2026","og_description":"Las parejas m\u00e1s ic\u00f3nicas deslumbran con elegancia atemporal y propuestas vanguardistas durante la esperada pasarela de los prestigiosos Golden Globes.","og_url":"https:\/\/graziamagazine.com\/mx\/articles\/parejas-iconicas-que-deslumbran-en-la-gala-de-los-golden-globes-2026\/","og_site_name":"Grazia M\u00e9xico y Latinoam\u00e9rica","article_modified_time":"2026-01-12T16:13:07+00:00","og_image":[{"width":2560,"height":1707,"url":"https:\/\/graziamagazine.com\/mx\/wp-content\/uploads\/sites\/13\/2026\/01\/GettyImages-2255795221-scaled.jpg","type":"image\/jpeg"}],"twitter_card":"summary_large_image","twitter_misc":{"Est. reading time":"6 minutos"},"schema":{"@context":"https:\/\/schema.org","@graph":[{"@type":"WebPage","@id":"https:\/\/graziamagazine.com\/mx\/articles\/parejas-iconicas-que-deslumbran-en-la-gala-de-los-golden-globes-2026\/","url":"https:\/\/graziamagazine.com\/mx\/articles\/parejas-iconicas-que-deslumbran-en-la-gala-de-los-golden-globes-2026\/","name":"Parejas ic\u00f3nicas que deslumbran en la gala de los Golden Globes 2026","isPartOf":{"@id":"https:\/\/graziamagazine.com\/mx\/#website"},"datePublished":"2026-01-12T13:28:28+00:00","dateModified":"2026-01-12T16:13:07+00:00","description":"Las parejas m\u00e1s ic\u00f3nicas deslumbran con elegancia atemporal y propuestas vanguardistas durante la esperada pasarela de los prestigiosos Golden Globes.","breadcrumb":{"@id":"https:\/\/graziamagazine.com\/mx\/articles\/parejas-iconicas-que-deslumbran-en-la-gala-de-los-golden-globes-2026\/#breadcrumb"},"inLanguage":"es-MX","potentialAction":[{"@type":"ReadAction","target":["https:\/\/graziamagazine.com\/mx\/articles\/parejas-iconicas-que-deslumbran-en-la-gala-de-los-golden-globes-2026\/"]}]},{"@type":"BreadcrumbList","@id":"https:\/\/graziamagazine.com\/mx\/articles\/parejas-iconicas-que-deslumbran-en-la-gala-de-los-golden-globes-2026\/#breadcrumb","itemListElement":[{"@type":"ListItem","position":1,"name":"Home","item":"https:\/\/graziamagazine.com\/mx\/"},{"@type":"ListItem","position":2,"name":"Parejas ic\u00f3nicas que deslumbran en la gala de los Golden Globes 2026"}]},{"@type":"WebSite","@id":"https:\/\/graziamagazine.com\/mx\/#website","url":"https:\/\/graziamagazine.com\/mx\/","name":"Grazia M\u00e9xico y Latinoam\u00e9rica","description":"Grazia es moda, belleza y noticias  de actualidad ","potentialAction":[{"@type":"SearchAction","target":{"@type":"EntryPoint","urlTemplate":"https:\/\/graziamagazine.com\/mx\/?s={search_term_string}"},"query-input":"required name=search_term_string"}],"inLanguage":"es-MX"}]}},"jetpack_sharing_enabled":true,"distributor_meta":false,"distributor_terms":false,"distributor_media":false,"distributor_original_site_name":"Grazia M\u00e9xico y Latinoam\u00e9rica","distributor_original_site_url":"https:\/\/graziamagazine.com\/mx","push-errors":false,"_links":{"self":[{"href":"https:\/\/graziamagazine.com\/mx\/wp-json\/wp\/v2\/articles\/164394"}],"collection":[{"href":"https:\/\/graziamagazine.com\/mx\/wp-json\/wp\/v2\/articles"}],"about":[{"href":"https:\/\/graziamagazine.com\/mx\/wp-json\/wp\/v2\/types\/articles"}],"author":[{"embeddable":true,"href":"https:\/\/graziamagazine.com\/mx\/wp-json\/wp\/v2\/users\/28953"}],"wp:featuredmedia":[{"embeddable":true,"href":"https:\/\/graziamagazine.com\/mx\/wp-json\/wp\/v2\/media\/164429"}],"wp:attachment":[{"href":"https:\/\/graziamagazine.com\/mx\/wp-json\/wp\/v2\/media?parent=164394"}],"wp:term":[{"taxonomy":"category","embeddable":true,"href":"https:\/\/graziamagazine.com\/mx\/wp-json\/wp\/v2\/categories?post=164394"}],"curies":[{"name":"wp","href":"https:\/\/api.w.org\/{rel}","templated":true}]}}