{"id":164240,"date":"2026-01-08T13:01:46","date_gmt":"2026-01-08T18:01:46","guid":{"rendered":"https:\/\/graziamagazine.com\/mx\/?post_type=articles&#038;p=164240"},"modified":"2026-01-08T13:42:52","modified_gmt":"2026-01-08T18:42:52","slug":"todo-sobre-la-tendencia-glamoratti-y-como-la-moda-en-2026-sera-ochentera","status":"publish","type":"articles","link":"https:\/\/graziamagazine.com\/mx\/articles\/todo-sobre-la-tendencia-glamoratti-y-como-la-moda-en-2026-sera-ochentera\/","title":{"rendered":"Todo sobre la tendencia &#8216;glamoratti&#8217; y c\u00f3mo la moda en 2026 ser\u00e1 ochentera"},"content":{"rendered":"<div class=\"flex flex-col text-sm pb-25\">\n<article class=\"text-token-text-primary w-full focus:outline-none [--shadow-height:45px] has-data-writing-block:pointer-events-none has-data-writing-block:-mt-(--shadow-height) has-data-writing-block:pt-(--shadow-height) [&amp;:has([data-writing-block])&gt;*]:pointer-events-auto scroll-mt-[calc(var(--header-height)+min(200px,max(70px,20svh)))]\" dir=\"auto\" data-turn-id=\"request-WEB:0eb0fdce-48b5-4742-ae2b-6624052bd6bd-2\" data-testid=\"conversation-turn-6\" data-scroll-anchor=\"true\" data-turn=\"assistant\">\n<div class=\"text-base my-auto mx-auto pb-10 [--thread-content-margin:--spacing(4)] @w-sm\/main:[--thread-content-margin:--spacing(6)] @w-lg\/main:[--thread-content-margin:--spacing(16)] px-(--thread-content-margin)\">\n<div class=\"[--thread-content-max-width:40rem] @w-lg\/main:[--thread-content-max-width:48rem] mx-auto max-w-(--thread-content-max-width) flex-1 group\/turn-messages focus-visible:outline-hidden relative flex w-full min-w-0 flex-col agent-turn\">\n<div class=\"flex max-w-full flex-col grow\">\n<div class=\"min-h-8 text-message relative flex w-full flex-col items-end gap-2 text-start break-words whitespace-normal [.text-message+&amp;]:mt-1\" dir=\"auto\" data-message-author-role=\"assistant\" data-message-id=\"fe4a4616-98b4-4460-8147-f4c08dc0c672\" data-message-model-slug=\"gpt-5-2\">\n<div class=\"flex w-full flex-col gap-1 empty:hidden first:pt-[1px]\">\n<div class=\"markdown prose dark:prose-invert w-full break-words light markdown-new-styling\">\n<p data-start=\"59\" data-end=\"348\" data-is-last-node=\"\" data-is-only-node=\"\">Glamoratti es maximalismo a todo volumen, y aunque no es para todos, las se\u00f1ales importan: detalles llamativos, acabados en dorado y maxi volumen. Las marcas estar\u00e1n estilizando en torno a estas palabras clave durante todo el a\u00f1o gracias a las predicciones de Pinterest, quienes aseguraron que el Glamoratti llegar\u00e1 con fuerza para 2026.<\/p>\n<figure id=\"attachment_164242\" aria-describedby=\"caption-attachment-164242\" style=\"width: 900px\" class=\"wp-caption alignnone\"><img loading=\"lazy\" decoding=\"async\" class=\"wp-image-164242 size-full\" src=\"https:\/\/graziamagazine.com\/mx\/wp-content\/uploads\/sites\/13\/2026\/01\/todo-sobre-la-tendencia-glamoratti-y-como-la-moda-en-2026-sera-ochentera-1.jpg\" alt=\"Todo sobre la tendencia 'glamoratti' y c\u00f3mo la moda en 2026 ser\u00e1 ochentera\" width=\"900\" height=\"1200\" srcset=\"https:\/\/graziamagazine.com\/mx\/wp-content\/uploads\/sites\/13\/2026\/01\/todo-sobre-la-tendencia-glamoratti-y-como-la-moda-en-2026-sera-ochentera-1.jpg 900w, https:\/\/graziamagazine.com\/mx\/wp-content\/uploads\/sites\/13\/2026\/01\/todo-sobre-la-tendencia-glamoratti-y-como-la-moda-en-2026-sera-ochentera-1-338x450.jpg 338w, https:\/\/graziamagazine.com\/mx\/wp-content\/uploads\/sites\/13\/2026\/01\/todo-sobre-la-tendencia-glamoratti-y-como-la-moda-en-2026-sera-ochentera-1-768x1024.jpg 768w, https:\/\/graziamagazine.com\/mx\/wp-content\/uploads\/sites\/13\/2026\/01\/todo-sobre-la-tendencia-glamoratti-y-como-la-moda-en-2026-sera-ochentera-1-400x533.jpg 400w, https:\/\/graziamagazine.com\/mx\/wp-content\/uploads\/sites\/13\/2026\/01\/todo-sobre-la-tendencia-glamoratti-y-como-la-moda-en-2026-sera-ochentera-1-155x207.jpg 155w\" sizes=\"(max-width: 900px) 100vw, 900px\" \/><figcaption id=\"caption-attachment-164242\" class=\"wp-caption-text\">Foto: Instagram<\/figcaption><\/figure>\n<h2 data-start=\"59\" data-end=\"348\">\u00bfQu\u00e9 significa la est\u00e9tica Glamoratti?<\/h2>\n<div class=\"flex flex-col text-sm pb-25\">\n<article class=\"text-token-text-primary w-full focus:outline-none [--shadow-height:45px] has-data-writing-block:pointer-events-none has-data-writing-block:-mt-(--shadow-height) has-data-writing-block:pt-(--shadow-height) [&amp;:has([data-writing-block])&gt;*]:pointer-events-auto scroll-mt-[calc(var(--header-height)+min(200px,max(70px,20svh)))]\" dir=\"auto\" data-turn-id=\"request-WEB:0eb0fdce-48b5-4742-ae2b-6624052bd6bd-3\" data-testid=\"conversation-turn-8\" data-scroll-anchor=\"true\" data-turn=\"assistant\">\n<div class=\"text-base my-auto mx-auto pb-10 [--thread-content-margin:--spacing(4)] @w-sm\/main:[--thread-content-margin:--spacing(6)] @w-lg\/main:[--thread-content-margin:--spacing(16)] px-(--thread-content-margin)\">\n<div class=\"[--thread-content-max-width:40rem] @w-lg\/main:[--thread-content-max-width:48rem] mx-auto max-w-(--thread-content-max-width) flex-1 group\/turn-messages focus-visible:outline-hidden relative flex w-full min-w-0 flex-col agent-turn\">\n<div class=\"flex max-w-full flex-col grow\">\n<div class=\"min-h-8 text-message relative flex w-full flex-col items-end gap-2 text-start break-words whitespace-normal [.text-message+&amp;]:mt-1\" dir=\"auto\" data-message-author-role=\"assistant\" data-message-id=\"641cdeee-a7c5-4a56-92ab-08d20b995a6b\" data-message-model-slug=\"gpt-5-2\">\n<div class=\"flex w-full flex-col gap-1 empty:hidden first:pt-[1px]\">\n<div class=\"markdown prose dark:prose-invert w-full break-words light markdown-new-styling\">\n<p data-start=\"55\" data-end=\"395\" data-is-last-node=\"\" data-is-only-node=\"\">La d\u00e9cada de la decadencia est\u00e1 de vuelta en la moda\u2014y sinceramente, ya era hora. Los trajes sastre con hombros esculpidos crecer\u00e1n tres tallas. Los cuellos funnel ser\u00e1n la base de cada outfit. \u00bfY la joyer\u00eda? Se volver\u00e1 m\u00e1s voluminosa, m\u00e1s atrevida y m\u00e1s dorada. La Generaci\u00f3n Z y los Millennials est\u00e1n impulsando esta est\u00e9tica maximalista.<\/p>\n<figure id=\"attachment_164248\" aria-describedby=\"caption-attachment-164248\" style=\"width: 900px\" class=\"wp-caption alignnone\"><img loading=\"lazy\" decoding=\"async\" class=\"wp-image-164248 size-full\" src=\"https:\/\/graziamagazine.com\/mx\/wp-content\/uploads\/sites\/13\/2026\/01\/todo-sobre-la-tendencia-glamoratti-y-como-la-moda-en-2026-sera-ochentera-5.jpg\" alt=\"Todo sobre la tendencia 'glamoratti' y c\u00f3mo la moda en 2026 ser\u00e1 ochentera\" width=\"900\" height=\"1200\" srcset=\"https:\/\/graziamagazine.com\/mx\/wp-content\/uploads\/sites\/13\/2026\/01\/todo-sobre-la-tendencia-glamoratti-y-como-la-moda-en-2026-sera-ochentera-5.jpg 900w, https:\/\/graziamagazine.com\/mx\/wp-content\/uploads\/sites\/13\/2026\/01\/todo-sobre-la-tendencia-glamoratti-y-como-la-moda-en-2026-sera-ochentera-5-338x450.jpg 338w, https:\/\/graziamagazine.com\/mx\/wp-content\/uploads\/sites\/13\/2026\/01\/todo-sobre-la-tendencia-glamoratti-y-como-la-moda-en-2026-sera-ochentera-5-768x1024.jpg 768w, https:\/\/graziamagazine.com\/mx\/wp-content\/uploads\/sites\/13\/2026\/01\/todo-sobre-la-tendencia-glamoratti-y-como-la-moda-en-2026-sera-ochentera-5-400x533.jpg 400w, https:\/\/graziamagazine.com\/mx\/wp-content\/uploads\/sites\/13\/2026\/01\/todo-sobre-la-tendencia-glamoratti-y-como-la-moda-en-2026-sera-ochentera-5-155x207.jpg 155w\" sizes=\"(max-width: 900px) 100vw, 900px\" \/><figcaption id=\"caption-attachment-164248\" class=\"wp-caption-text\">Foto: Instagram<\/figcaption><\/figure>\n<\/div>\n<\/div>\n<\/div>\n<\/div>\n<div class=\"z-0 flex min-h-[46px] justify-start\">\n<p>Esto es lo que la gente est\u00e1 buscando en Pinterest, bas\u00e1ndose en el Glamoratti: cinturones chunky (+65%), trajes baggy (+90%), chaquetas con cuello alto (+60%), brazaletes o aros de oro (+50%) y lujo ochentero (+225%).<\/p>\n<\/div>\n<div>\n<figure id=\"attachment_164250\" aria-describedby=\"caption-attachment-164250\" style=\"width: 900px\" class=\"wp-caption alignnone\"><img loading=\"lazy\" decoding=\"async\" class=\"wp-image-164250 size-full\" src=\"https:\/\/graziamagazine.com\/mx\/wp-content\/uploads\/sites\/13\/2026\/01\/todo-sobre-la-tendencia-glamoratti-y-como-la-moda-en-2026-sera-ochentera-6.jpg\" alt=\"Todo sobre la tendencia 'glamoratti' y c\u00f3mo la moda en 2026 ser\u00e1 ochentera\" width=\"900\" height=\"1200\" srcset=\"https:\/\/graziamagazine.com\/mx\/wp-content\/uploads\/sites\/13\/2026\/01\/todo-sobre-la-tendencia-glamoratti-y-como-la-moda-en-2026-sera-ochentera-6.jpg 900w, https:\/\/graziamagazine.com\/mx\/wp-content\/uploads\/sites\/13\/2026\/01\/todo-sobre-la-tendencia-glamoratti-y-como-la-moda-en-2026-sera-ochentera-6-338x450.jpg 338w, https:\/\/graziamagazine.com\/mx\/wp-content\/uploads\/sites\/13\/2026\/01\/todo-sobre-la-tendencia-glamoratti-y-como-la-moda-en-2026-sera-ochentera-6-768x1024.jpg 768w, https:\/\/graziamagazine.com\/mx\/wp-content\/uploads\/sites\/13\/2026\/01\/todo-sobre-la-tendencia-glamoratti-y-como-la-moda-en-2026-sera-ochentera-6-400x533.jpg 400w, https:\/\/graziamagazine.com\/mx\/wp-content\/uploads\/sites\/13\/2026\/01\/todo-sobre-la-tendencia-glamoratti-y-como-la-moda-en-2026-sera-ochentera-6-155x207.jpg 155w\" sizes=\"(max-width: 900px) 100vw, 900px\" \/><figcaption id=\"caption-attachment-164250\" class=\"wp-caption-text\">Foto: Instagram<\/figcaption><\/figure>\n<\/div>\n<\/div>\n<\/div>\n<\/article>\n<\/div>\n<\/div>\n<\/div>\n<\/div>\n<\/div>\n<\/div>\n<\/div>\n<\/article>\n<\/div>\n<div><\/div>\n<h2>Elementos del Glamoratti para vestir<\/h2>\n<p>Despu\u00e9s de a\u00f1os silenciosos envueltos en\u00a0<em>quiet luxury\u00a0<\/em>y los neutros minimalistas \u2014y muy a pesar del color del a\u00f1o siendo Cloud Dancer\u2014, la moda nos sugiere una est\u00e9tica que celebre todo lo que tenga brillo, destellos y glamour sin culpas. Al incorporar elementos del Glamoratti \u2014desde met\u00e1licos hasta lentejuelas\u2014 puedes crear un guardarropa que se sienta sofisticado pero con toques electrizantes.<\/p>\n<figure id=\"attachment_164245\" aria-describedby=\"caption-attachment-164245\" style=\"width: 900px\" class=\"wp-caption alignnone\"><img loading=\"lazy\" decoding=\"async\" class=\"wp-image-164245 size-full\" src=\"https:\/\/graziamagazine.com\/mx\/wp-content\/uploads\/sites\/13\/2026\/01\/todo-sobre-la-tendencia-glamoratti-y-como-la-moda-en-2026-sera-ochentera-3.jpg\" alt=\"Todo sobre la tendencia 'glamoratti' y c\u00f3mo la moda en 2026 ser\u00e1 ochentera\" width=\"900\" height=\"1200\" srcset=\"https:\/\/graziamagazine.com\/mx\/wp-content\/uploads\/sites\/13\/2026\/01\/todo-sobre-la-tendencia-glamoratti-y-como-la-moda-en-2026-sera-ochentera-3.jpg 900w, https:\/\/graziamagazine.com\/mx\/wp-content\/uploads\/sites\/13\/2026\/01\/todo-sobre-la-tendencia-glamoratti-y-como-la-moda-en-2026-sera-ochentera-3-338x450.jpg 338w, https:\/\/graziamagazine.com\/mx\/wp-content\/uploads\/sites\/13\/2026\/01\/todo-sobre-la-tendencia-glamoratti-y-como-la-moda-en-2026-sera-ochentera-3-768x1024.jpg 768w, https:\/\/graziamagazine.com\/mx\/wp-content\/uploads\/sites\/13\/2026\/01\/todo-sobre-la-tendencia-glamoratti-y-como-la-moda-en-2026-sera-ochentera-3-400x533.jpg 400w, https:\/\/graziamagazine.com\/mx\/wp-content\/uploads\/sites\/13\/2026\/01\/todo-sobre-la-tendencia-glamoratti-y-como-la-moda-en-2026-sera-ochentera-3-155x207.jpg 155w\" sizes=\"(max-width: 900px) 100vw, 900px\" \/><figcaption id=\"caption-attachment-164245\" class=\"wp-caption-text\">Foto: Instagram<\/figcaption><\/figure>\n<ul>\n<li>Colores y texturas met\u00e1licas, lentejuelas y telas de alto brillo.<\/li>\n<li>Prendas que celebren el dramatismo y la autoexpresi\u00f3n.<\/li>\n<li>Referencias al old Hollywood.<\/li>\n<li>Y referencias a los a\u00f1os ochenta (telas abullonadas, capas gruesas, mucho layering, dramatismo en colores).<\/li>\n<\/ul>\n<figure id=\"attachment_164243\" aria-describedby=\"caption-attachment-164243\" style=\"width: 900px\" class=\"wp-caption alignnone\"><img loading=\"lazy\" decoding=\"async\" class=\"wp-image-164243 size-full\" src=\"https:\/\/graziamagazine.com\/mx\/wp-content\/uploads\/sites\/13\/2026\/01\/todo-sobre-la-tendencia-glamoratti-y-como-la-moda-en-2026-sera-ochentera-2.jpg\" alt=\"Todo sobre la tendencia 'glamoratti' y c\u00f3mo la moda en 2026 ser\u00e1 ochentera\" width=\"900\" height=\"1200\" srcset=\"https:\/\/graziamagazine.com\/mx\/wp-content\/uploads\/sites\/13\/2026\/01\/todo-sobre-la-tendencia-glamoratti-y-como-la-moda-en-2026-sera-ochentera-2.jpg 900w, https:\/\/graziamagazine.com\/mx\/wp-content\/uploads\/sites\/13\/2026\/01\/todo-sobre-la-tendencia-glamoratti-y-como-la-moda-en-2026-sera-ochentera-2-338x450.jpg 338w, https:\/\/graziamagazine.com\/mx\/wp-content\/uploads\/sites\/13\/2026\/01\/todo-sobre-la-tendencia-glamoratti-y-como-la-moda-en-2026-sera-ochentera-2-768x1024.jpg 768w, https:\/\/graziamagazine.com\/mx\/wp-content\/uploads\/sites\/13\/2026\/01\/todo-sobre-la-tendencia-glamoratti-y-como-la-moda-en-2026-sera-ochentera-2-400x533.jpg 400w, https:\/\/graziamagazine.com\/mx\/wp-content\/uploads\/sites\/13\/2026\/01\/todo-sobre-la-tendencia-glamoratti-y-como-la-moda-en-2026-sera-ochentera-2-155x207.jpg 155w\" sizes=\"(max-width: 900px) 100vw, 900px\" \/><figcaption id=\"caption-attachment-164243\" class=\"wp-caption-text\">Foto: Instagram<\/figcaption><\/figure>\n<p data-start=\"78\" data-end=\"229\">El 2026 va de \u201cpersonalidad sobre perfecci\u00f3n\u201d. La meta ya no es mezclarse, sino hacer una declaraci\u00f3n deliberada. Pi\u00e9nsalo como siluetas exageradas: cuellos funnel, abrigos de lana oversize y pantalones de pierna amplia con pliegues. Es el \u201cdrama old-money\u201d mezclado con un toque moderno.<\/p>\n<p data-start=\"78\" data-end=\"229\">Puedes comenzar con un blazer con hombros esculpidos para armar la base de tu outfit. Lo puedes combinar con jeans rectos y tacones para un look sobrio pero llamativo, o con una falda satinada que elevar\u00e1 por completo el look. Es una excelente forma de llevar al maximalismo de forma elegante.<\/p>\n<figure id=\"attachment_164253\" aria-describedby=\"caption-attachment-164253\" style=\"width: 900px\" class=\"wp-caption alignnone\"><img loading=\"lazy\" decoding=\"async\" class=\"wp-image-164253 size-full\" src=\"https:\/\/graziamagazine.com\/mx\/wp-content\/uploads\/sites\/13\/2026\/01\/todo-sobre-la-tendencia-glamoratti-y-como-la-moda-en-2026-sera-ochentera-8.jpg\" alt=\"Todo sobre la tendencia 'glamoratti' y c\u00f3mo la moda en 2026 ser\u00e1 ochentera\" width=\"900\" height=\"1200\" srcset=\"https:\/\/graziamagazine.com\/mx\/wp-content\/uploads\/sites\/13\/2026\/01\/todo-sobre-la-tendencia-glamoratti-y-como-la-moda-en-2026-sera-ochentera-8.jpg 900w, https:\/\/graziamagazine.com\/mx\/wp-content\/uploads\/sites\/13\/2026\/01\/todo-sobre-la-tendencia-glamoratti-y-como-la-moda-en-2026-sera-ochentera-8-338x450.jpg 338w, https:\/\/graziamagazine.com\/mx\/wp-content\/uploads\/sites\/13\/2026\/01\/todo-sobre-la-tendencia-glamoratti-y-como-la-moda-en-2026-sera-ochentera-8-768x1024.jpg 768w, https:\/\/graziamagazine.com\/mx\/wp-content\/uploads\/sites\/13\/2026\/01\/todo-sobre-la-tendencia-glamoratti-y-como-la-moda-en-2026-sera-ochentera-8-400x533.jpg 400w, https:\/\/graziamagazine.com\/mx\/wp-content\/uploads\/sites\/13\/2026\/01\/todo-sobre-la-tendencia-glamoratti-y-como-la-moda-en-2026-sera-ochentera-8-155x207.jpg 155w\" sizes=\"(max-width: 900px) 100vw, 900px\" \/><figcaption id=\"caption-attachment-164253\" class=\"wp-caption-text\">Foto: Instagram<\/figcaption><\/figure>\n<p data-start=\"78\" data-end=\"229\">El cintur\u00f3n chunky se volver\u00e1 un accesorio predilecto del Glamoratti. Col\u00f3calo encima de un blazer, de un abrigo o incluso de un vestido tejido para traer de vuelta ese glamour ochentero en medio del 2026.<\/p>\n<p data-start=\"78\" data-end=\"229\">Y el cuello funnel (cuello alto y estructurado) lucir\u00e1 lo suficientemente dram\u00e1tico para convertir cualquier prenda en glamour completo. Adem\u00e1s ayuda a enmarcar el rostro y lo puedes llevar en su\u00e9teres o abrigos. Toma a consideraci\u00f3n que debes dejar que el cuello estructurado sea el punto focal de tu look, manteniendo lo dem\u00e1s en siluetas relajadas (como pantalones de pierna amplia) y en una paleta tonal o monocrom\u00e1tica.<\/p>\n<figure id=\"attachment_164246\" aria-describedby=\"caption-attachment-164246\" style=\"width: 900px\" class=\"wp-caption alignnone\"><img loading=\"lazy\" decoding=\"async\" class=\"wp-image-164246 size-full\" src=\"https:\/\/graziamagazine.com\/mx\/wp-content\/uploads\/sites\/13\/2026\/01\/todo-sobre-la-tendencia-glamoratti-y-como-la-moda-en-2026-sera-ochentera-4.jpg\" alt=\"Todo sobre la tendencia 'glamoratti' y c\u00f3mo la moda en 2026 ser\u00e1 ochentera\" width=\"900\" height=\"1200\" srcset=\"https:\/\/graziamagazine.com\/mx\/wp-content\/uploads\/sites\/13\/2026\/01\/todo-sobre-la-tendencia-glamoratti-y-como-la-moda-en-2026-sera-ochentera-4.jpg 900w, https:\/\/graziamagazine.com\/mx\/wp-content\/uploads\/sites\/13\/2026\/01\/todo-sobre-la-tendencia-glamoratti-y-como-la-moda-en-2026-sera-ochentera-4-338x450.jpg 338w, https:\/\/graziamagazine.com\/mx\/wp-content\/uploads\/sites\/13\/2026\/01\/todo-sobre-la-tendencia-glamoratti-y-como-la-moda-en-2026-sera-ochentera-4-768x1024.jpg 768w, https:\/\/graziamagazine.com\/mx\/wp-content\/uploads\/sites\/13\/2026\/01\/todo-sobre-la-tendencia-glamoratti-y-como-la-moda-en-2026-sera-ochentera-4-400x533.jpg 400w, https:\/\/graziamagazine.com\/mx\/wp-content\/uploads\/sites\/13\/2026\/01\/todo-sobre-la-tendencia-glamoratti-y-como-la-moda-en-2026-sera-ochentera-4-155x207.jpg 155w\" sizes=\"(max-width: 900px) 100vw, 900px\" \/><figcaption id=\"caption-attachment-164246\" class=\"wp-caption-text\">Foto: Instagram<\/figcaption><\/figure>\n<p data-start=\"78\" data-end=\"229\">\u00bfListos para empezar a usar el Glamoratti este 2026?<\/p>\n","protected":false},"author":42761,"featured_media":164254,"template":"","format":"standard","categories":[4],"acf":[],"yoast_head":"<!-- This site is optimized with the Yoast SEO Premium plugin v18.5 (Yoast SEO v20.4) - https:\/\/yoast.com\/wordpress\/plugins\/seo\/ -->\n<title>Todo sobre la tendencia &#039;glamoratti&#039; y c\u00f3mo la moda en 2026 ser\u00e1 ochentera | Grazia M\u00e9xico y Latinoam\u00e9rica<\/title>\n<meta name=\"description\" content=\"Glamoratti es maximalismo a todo volumen, y aunque no es para todos, las se\u00f1ales importan: detalles llamativos, acabados en dorado y maxi volumen. Las\" \/>\n<meta name=\"robots\" content=\"index, follow, max-snippet:-1, max-image-preview:large, max-video-preview:-1\" \/>\n<link rel=\"canonical\" href=\"https:\/\/graziamagazine.com\/mx\/articles\/todo-sobre-la-tendencia-glamoratti-y-como-la-moda-en-2026-sera-ochentera\/\" \/>\n<meta property=\"og:locale\" content=\"es_MX\" \/>\n<meta property=\"og:type\" content=\"article\" \/>\n<meta property=\"og:title\" content=\"Todo sobre la tendencia &#039;glamoratti&#039; y c\u00f3mo la moda en 2026 ser\u00e1 ochentera\" \/>\n<meta property=\"og:description\" content=\"Glamoratti es maximalismo a todo volumen, y aunque no es para todos, las se\u00f1ales importan: detalles llamativos, acabados en dorado y maxi volumen. Las\" \/>\n<meta property=\"og:url\" content=\"https:\/\/graziamagazine.com\/mx\/articles\/todo-sobre-la-tendencia-glamoratti-y-como-la-moda-en-2026-sera-ochentera\/\" \/>\n<meta property=\"og:site_name\" content=\"Grazia M\u00e9xico y Latinoam\u00e9rica\" \/>\n<meta property=\"article:modified_time\" content=\"2026-01-08T18:42:52+00:00\" \/>\n<meta property=\"og:image\" content=\"https:\/\/graziamagazine.com\/mx\/wp-content\/uploads\/sites\/13\/2026\/01\/todo-sobre-la-tendencia-glamoratti-y-como-la-moda-en-2026-sera-ochentera-11.jpg\" \/>\n\t<meta property=\"og:image:width\" content=\"1280\" \/>\n\t<meta property=\"og:image:height\" content=\"720\" \/>\n\t<meta property=\"og:image:type\" content=\"image\/jpeg\" \/>\n<meta name=\"twitter:card\" content=\"summary_large_image\" \/>\n<meta name=\"twitter:label1\" content=\"Est. reading time\" \/>\n\t<meta name=\"twitter:data1\" content=\"4 minutos\" \/>\n<script type=\"application\/ld+json\" class=\"yoast-schema-graph\">{\"@context\":\"https:\/\/schema.org\",\"@graph\":[{\"@type\":\"WebPage\",\"@id\":\"https:\/\/graziamagazine.com\/mx\/articles\/todo-sobre-la-tendencia-glamoratti-y-como-la-moda-en-2026-sera-ochentera\/\",\"url\":\"https:\/\/graziamagazine.com\/mx\/articles\/todo-sobre-la-tendencia-glamoratti-y-como-la-moda-en-2026-sera-ochentera\/\",\"name\":\"Todo sobre la tendencia 'glamoratti' y c\u00f3mo la moda en 2026 ser\u00e1 ochentera | Grazia M\u00e9xico y Latinoam\u00e9rica\",\"isPartOf\":{\"@id\":\"https:\/\/graziamagazine.com\/mx\/#website\"},\"datePublished\":\"2026-01-08T18:01:46+00:00\",\"dateModified\":\"2026-01-08T18:42:52+00:00\",\"description\":\"Glamoratti es maximalismo a todo volumen, y aunque no es para todos, las se\u00f1ales importan: detalles llamativos, acabados en dorado y maxi volumen. Las\",\"breadcrumb\":{\"@id\":\"https:\/\/graziamagazine.com\/mx\/articles\/todo-sobre-la-tendencia-glamoratti-y-como-la-moda-en-2026-sera-ochentera\/#breadcrumb\"},\"inLanguage\":\"es-MX\",\"potentialAction\":[{\"@type\":\"ReadAction\",\"target\":[\"https:\/\/graziamagazine.com\/mx\/articles\/todo-sobre-la-tendencia-glamoratti-y-como-la-moda-en-2026-sera-ochentera\/\"]}]},{\"@type\":\"BreadcrumbList\",\"@id\":\"https:\/\/graziamagazine.com\/mx\/articles\/todo-sobre-la-tendencia-glamoratti-y-como-la-moda-en-2026-sera-ochentera\/#breadcrumb\",\"itemListElement\":[{\"@type\":\"ListItem\",\"position\":1,\"name\":\"Home\",\"item\":\"https:\/\/graziamagazine.com\/mx\/\"},{\"@type\":\"ListItem\",\"position\":2,\"name\":\"Todo sobre la tendencia &#8216;glamoratti&#8217; y c\u00f3mo la moda en 2026 ser\u00e1 ochentera\"}]},{\"@type\":\"WebSite\",\"@id\":\"https:\/\/graziamagazine.com\/mx\/#website\",\"url\":\"https:\/\/graziamagazine.com\/mx\/\",\"name\":\"Grazia M\u00e9xico y Latinoam\u00e9rica\",\"description\":\"Grazia es moda, belleza y noticias  de actualidad \",\"potentialAction\":[{\"@type\":\"SearchAction\",\"target\":{\"@type\":\"EntryPoint\",\"urlTemplate\":\"https:\/\/graziamagazine.com\/mx\/?s={search_term_string}\"},\"query-input\":\"required name=search_term_string\"}],\"inLanguage\":\"es-MX\"}]}<\/script>\n<!-- \/ Yoast SEO Premium plugin. -->","yoast_head_json":{"title":"Todo sobre la tendencia 'glamoratti' y c\u00f3mo la moda en 2026 ser\u00e1 ochentera | Grazia M\u00e9xico y Latinoam\u00e9rica","description":"Glamoratti es maximalismo a todo volumen, y aunque no es para todos, las se\u00f1ales importan: detalles llamativos, acabados en dorado y maxi volumen. Las","robots":{"index":"index","follow":"follow","max-snippet":"max-snippet:-1","max-image-preview":"max-image-preview:large","max-video-preview":"max-video-preview:-1"},"canonical":"https:\/\/graziamagazine.com\/mx\/articles\/todo-sobre-la-tendencia-glamoratti-y-como-la-moda-en-2026-sera-ochentera\/","og_locale":"es_MX","og_type":"article","og_title":"Todo sobre la tendencia 'glamoratti' y c\u00f3mo la moda en 2026 ser\u00e1 ochentera","og_description":"Glamoratti es maximalismo a todo volumen, y aunque no es para todos, las se\u00f1ales importan: detalles llamativos, acabados en dorado y maxi volumen. Las","og_url":"https:\/\/graziamagazine.com\/mx\/articles\/todo-sobre-la-tendencia-glamoratti-y-como-la-moda-en-2026-sera-ochentera\/","og_site_name":"Grazia M\u00e9xico y Latinoam\u00e9rica","article_modified_time":"2026-01-08T18:42:52+00:00","og_image":[{"width":1280,"height":720,"url":"https:\/\/graziamagazine.com\/mx\/wp-content\/uploads\/sites\/13\/2026\/01\/todo-sobre-la-tendencia-glamoratti-y-como-la-moda-en-2026-sera-ochentera-11.jpg","type":"image\/jpeg"}],"twitter_card":"summary_large_image","twitter_misc":{"Est. reading time":"4 minutos"},"schema":{"@context":"https:\/\/schema.org","@graph":[{"@type":"WebPage","@id":"https:\/\/graziamagazine.com\/mx\/articles\/todo-sobre-la-tendencia-glamoratti-y-como-la-moda-en-2026-sera-ochentera\/","url":"https:\/\/graziamagazine.com\/mx\/articles\/todo-sobre-la-tendencia-glamoratti-y-como-la-moda-en-2026-sera-ochentera\/","name":"Todo sobre la tendencia 'glamoratti' y c\u00f3mo la moda en 2026 ser\u00e1 ochentera | Grazia M\u00e9xico y Latinoam\u00e9rica","isPartOf":{"@id":"https:\/\/graziamagazine.com\/mx\/#website"},"datePublished":"2026-01-08T18:01:46+00:00","dateModified":"2026-01-08T18:42:52+00:00","description":"Glamoratti es maximalismo a todo volumen, y aunque no es para todos, las se\u00f1ales importan: detalles llamativos, acabados en dorado y maxi volumen. Las","breadcrumb":{"@id":"https:\/\/graziamagazine.com\/mx\/articles\/todo-sobre-la-tendencia-glamoratti-y-como-la-moda-en-2026-sera-ochentera\/#breadcrumb"},"inLanguage":"es-MX","potentialAction":[{"@type":"ReadAction","target":["https:\/\/graziamagazine.com\/mx\/articles\/todo-sobre-la-tendencia-glamoratti-y-como-la-moda-en-2026-sera-ochentera\/"]}]},{"@type":"BreadcrumbList","@id":"https:\/\/graziamagazine.com\/mx\/articles\/todo-sobre-la-tendencia-glamoratti-y-como-la-moda-en-2026-sera-ochentera\/#breadcrumb","itemListElement":[{"@type":"ListItem","position":1,"name":"Home","item":"https:\/\/graziamagazine.com\/mx\/"},{"@type":"ListItem","position":2,"name":"Todo sobre la tendencia &#8216;glamoratti&#8217; y c\u00f3mo la moda en 2026 ser\u00e1 ochentera"}]},{"@type":"WebSite","@id":"https:\/\/graziamagazine.com\/mx\/#website","url":"https:\/\/graziamagazine.com\/mx\/","name":"Grazia M\u00e9xico y Latinoam\u00e9rica","description":"Grazia es moda, belleza y noticias  de actualidad ","potentialAction":[{"@type":"SearchAction","target":{"@type":"EntryPoint","urlTemplate":"https:\/\/graziamagazine.com\/mx\/?s={search_term_string}"},"query-input":"required name=search_term_string"}],"inLanguage":"es-MX"}]}},"jetpack_sharing_enabled":true,"distributor_meta":false,"distributor_terms":false,"distributor_media":false,"distributor_original_site_name":"Grazia M\u00e9xico y Latinoam\u00e9rica","distributor_original_site_url":"https:\/\/graziamagazine.com\/mx","push-errors":false,"_links":{"self":[{"href":"https:\/\/graziamagazine.com\/mx\/wp-json\/wp\/v2\/articles\/164240"}],"collection":[{"href":"https:\/\/graziamagazine.com\/mx\/wp-json\/wp\/v2\/articles"}],"about":[{"href":"https:\/\/graziamagazine.com\/mx\/wp-json\/wp\/v2\/types\/articles"}],"author":[{"embeddable":true,"href":"https:\/\/graziamagazine.com\/mx\/wp-json\/wp\/v2\/users\/42761"}],"wp:featuredmedia":[{"embeddable":true,"href":"https:\/\/graziamagazine.com\/mx\/wp-json\/wp\/v2\/media\/164254"}],"wp:attachment":[{"href":"https:\/\/graziamagazine.com\/mx\/wp-json\/wp\/v2\/media?parent=164240"}],"wp:term":[{"taxonomy":"category","embeddable":true,"href":"https:\/\/graziamagazine.com\/mx\/wp-json\/wp\/v2\/categories?post=164240"}],"curies":[{"name":"wp","href":"https:\/\/api.w.org\/{rel}","templated":true}]}}