{"id":164077,"date":"2026-01-06T11:28:10","date_gmt":"2026-01-06T16:28:10","guid":{"rendered":"https:\/\/graziamagazine.com\/mx\/?post_type=articles&#038;p=164077"},"modified":"2026-01-06T11:40:57","modified_gmt":"2026-01-06T16:40:57","slug":"las-piezas-virales-que-definieron-la-moda-2025","status":"publish","type":"articles","link":"https:\/\/graziamagazine.com\/mx\/articles\/las-piezas-virales-que-definieron-la-moda-2025\/","title":{"rendered":"Las piezas virales que definieron la moda 2025"},"content":{"rendered":"<p data-start=\"206\" data-end=\"717\">La moda de 2025 no se explic\u00f3 desde una sola est\u00e9tica ni desde un manifiesto dominante. Se construy\u00f3 a partir de gestos repetidos, objetos peque\u00f1os y prendas aparentemente simples que lograron sobresalir dentro del ruido constante de las microtendencias.<\/p>\n<p data-start=\"206\" data-end=\"717\">Algunas piezas no eran nuevas, pero encontraron el contexto perfecto para consolidarse como s\u00edmbolos del a\u00f1o. Otras surgieron de manera inesperada y se volvieron omnipresentes. Estas son las prendas y accesorios que definieron el pulso estil\u00edstico de 2025.<\/p>\n<h3 data-start=\"719\" data-end=\"743\">El culto al Labubu<img loading=\"lazy\" decoding=\"async\" class=\"alignnone wp-image-164080\" src=\"https:\/\/graziamagazine.com\/mx\/wp-content\/uploads\/sites\/13\/2026\/01\/c0f17b4c1d8f2693e768929cfbcbdaf1.jpg\" alt=\"\" width=\"600\" height=\"762\" srcset=\"https:\/\/graziamagazine.com\/mx\/wp-content\/uploads\/sites\/13\/2026\/01\/c0f17b4c1d8f2693e768929cfbcbdaf1.jpg 750w, https:\/\/graziamagazine.com\/mx\/wp-content\/uploads\/sites\/13\/2026\/01\/c0f17b4c1d8f2693e768929cfbcbdaf1-354x450.jpg 354w, https:\/\/graziamagazine.com\/mx\/wp-content\/uploads\/sites\/13\/2026\/01\/c0f17b4c1d8f2693e768929cfbcbdaf1-400x508.jpg 400w, https:\/\/graziamagazine.com\/mx\/wp-content\/uploads\/sites\/13\/2026\/01\/c0f17b4c1d8f2693e768929cfbcbdaf1-155x197.jpg 155w\" sizes=\"(max-width: 600px) 100vw, 600px\" \/><\/h3>\n<p data-start=\"744\" data-end=\"1047\">M\u00e1s que un charm, el Labubu se convirti\u00f3 en un marcador cultural. Colgado en bolsos de lujo o mochilas cotidianas, este peque\u00f1o personaje transform\u00f3 el accesorio en una declaraci\u00f3n de pertenencia. El gesto de personalizar, coleccionar e incluso vestir al mu\u00f1eco habl\u00f3 de una moda m\u00e1s l\u00fadica y emocional.<\/p>\n<h3 data-start=\"1049\" data-end=\"1094\">Pa\u00f1uelos de seda en clave contempor\u00e1nea<img loading=\"lazy\" decoding=\"async\" class=\"alignnone wp-image-164082\" src=\"https:\/\/graziamagazine.com\/mx\/wp-content\/uploads\/sites\/13\/2026\/01\/c180e05ca4c38b3d36f0796030aaf3d1-683x1024.jpg\" alt=\"\" width=\"600\" height=\"900\" srcset=\"https:\/\/graziamagazine.com\/mx\/wp-content\/uploads\/sites\/13\/2026\/01\/c180e05ca4c38b3d36f0796030aaf3d1-683x1024.jpg 683w, https:\/\/graziamagazine.com\/mx\/wp-content\/uploads\/sites\/13\/2026\/01\/c180e05ca4c38b3d36f0796030aaf3d1-300x450.jpg 300w, https:\/\/graziamagazine.com\/mx\/wp-content\/uploads\/sites\/13\/2026\/01\/c180e05ca4c38b3d36f0796030aaf3d1-768x1152.jpg 768w, https:\/\/graziamagazine.com\/mx\/wp-content\/uploads\/sites\/13\/2026\/01\/c180e05ca4c38b3d36f0796030aaf3d1-1024x1536.jpg 1024w, https:\/\/graziamagazine.com\/mx\/wp-content\/uploads\/sites\/13\/2026\/01\/c180e05ca4c38b3d36f0796030aaf3d1-400x600.jpg 400w, https:\/\/graziamagazine.com\/mx\/wp-content\/uploads\/sites\/13\/2026\/01\/c180e05ca4c38b3d36f0796030aaf3d1-143x215.jpg 143w, https:\/\/graziamagazine.com\/mx\/wp-content\/uploads\/sites\/13\/2026\/01\/c180e05ca4c38b3d36f0796030aaf3d1.jpg 1200w\" sizes=\"(max-width: 600px) 100vw, 600px\" \/><\/h3>\n<p data-start=\"1095\" data-end=\"1390\">El pa\u00f1uelo dej\u00f3 de ser un complemento secundario para ocupar un lugar central. En la cabeza, como top o anudado a la cintura, su versatilidad lo convirti\u00f3 en una de las piezas m\u00e1s vistas del a\u00f1o. Las pasarelas reforzaron su presencia y lo empujaron hacia nuevas funciones dentro del guardarropa.<\/p>\n<h3 data-start=\"1392\" data-end=\"1427\">Sombreros con esp\u00edritu<\/h3>\n<figure id=\"attachment_164079\" aria-describedby=\"caption-attachment-164079\" style=\"width: 576px\" class=\"wp-caption alignnone\"><img loading=\"lazy\" decoding=\"async\" class=\"size-large wp-image-164079\" src=\"https:\/\/graziamagazine.com\/mx\/wp-content\/uploads\/sites\/13\/2026\/01\/5d731d09be8beedfd9aa9f030c829ffb-576x1024.jpg\" alt=\"Las piezas virales que definieron la moda 2025\" width=\"576\" height=\"1024\" srcset=\"https:\/\/graziamagazine.com\/mx\/wp-content\/uploads\/sites\/13\/2026\/01\/5d731d09be8beedfd9aa9f030c829ffb-576x1024.jpg 576w, https:\/\/graziamagazine.com\/mx\/wp-content\/uploads\/sites\/13\/2026\/01\/5d731d09be8beedfd9aa9f030c829ffb-253x450.jpg 253w, https:\/\/graziamagazine.com\/mx\/wp-content\/uploads\/sites\/13\/2026\/01\/5d731d09be8beedfd9aa9f030c829ffb-400x711.jpg 400w, https:\/\/graziamagazine.com\/mx\/wp-content\/uploads\/sites\/13\/2026\/01\/5d731d09be8beedfd9aa9f030c829ffb-121x215.jpg 121w, https:\/\/graziamagazine.com\/mx\/wp-content\/uploads\/sites\/13\/2026\/01\/5d731d09be8beedfd9aa9f030c829ffb.jpg 720w\" sizes=\"(max-width: 576px) 100vw, 576px\" \/><figcaption id=\"caption-attachment-164079\" class=\"wp-caption-text\">Las piezas virales que definieron la moda 2025<\/figcaption><\/figure>\n<p data-start=\"1428\" data-end=\"1702\">Los sombreros regresaron sin solemnidad. El pillbox y otras siluetas de inspiraci\u00f3n vintage reaparecieron como un gesto ir\u00f3nico y elegante a la vez. Celebridades y editoriales los integraron a looks cotidianos, normalizando su uso y devolvi\u00e9ndolos a la conversaci\u00f3n de moda.<\/p>\n<h3 data-start=\"1704\" data-end=\"1745\">Chanclas elevadas a objeto de deseo<img loading=\"lazy\" decoding=\"async\" class=\"alignnone wp-image-164084\" src=\"https:\/\/graziamagazine.com\/mx\/wp-content\/uploads\/sites\/13\/2026\/01\/e3e84f3a461058238b797f2df24d4046-683x1024.jpg\" alt=\"\" width=\"600\" height=\"900\" srcset=\"https:\/\/graziamagazine.com\/mx\/wp-content\/uploads\/sites\/13\/2026\/01\/e3e84f3a461058238b797f2df24d4046-683x1024.jpg 683w, https:\/\/graziamagazine.com\/mx\/wp-content\/uploads\/sites\/13\/2026\/01\/e3e84f3a461058238b797f2df24d4046-300x450.jpg 300w, https:\/\/graziamagazine.com\/mx\/wp-content\/uploads\/sites\/13\/2026\/01\/e3e84f3a461058238b797f2df24d4046-768x1152.jpg 768w, https:\/\/graziamagazine.com\/mx\/wp-content\/uploads\/sites\/13\/2026\/01\/e3e84f3a461058238b797f2df24d4046-1024x1536.jpg 1024w, https:\/\/graziamagazine.com\/mx\/wp-content\/uploads\/sites\/13\/2026\/01\/e3e84f3a461058238b797f2df24d4046-400x600.jpg 400w, https:\/\/graziamagazine.com\/mx\/wp-content\/uploads\/sites\/13\/2026\/01\/e3e84f3a461058238b797f2df24d4046-143x215.jpg 143w, https:\/\/graziamagazine.com\/mx\/wp-content\/uploads\/sites\/13\/2026\/01\/e3e84f3a461058238b797f2df24d4046.jpg 1200w\" sizes=\"(max-width: 600px) 100vw, 600px\" \/><\/h3>\n<p data-start=\"1746\" data-end=\"2003\">Las chanclas dejaron de ser un calzado funcional para convertirse en pieza aspiracional. Modelos minimalistas y versiones de lujo dominaron el verano, demostrando que la comodidad tambi\u00e9n puede ser un gesto sofisticado cuando se contextualiza correctamente.<\/p>\n<h3 data-start=\"2005\" data-end=\"2043\">Anillos en los dedos de los pies<img loading=\"lazy\" decoding=\"async\" class=\"alignnone wp-image-164081\" src=\"https:\/\/graziamagazine.com\/mx\/wp-content\/uploads\/sites\/13\/2026\/01\/c82d514b665ae00ce22b18271c0d56c7-840x1024.jpg\" alt=\"\" width=\"600\" height=\"732\" srcset=\"https:\/\/graziamagazine.com\/mx\/wp-content\/uploads\/sites\/13\/2026\/01\/c82d514b665ae00ce22b18271c0d56c7-840x1024.jpg 840w, https:\/\/graziamagazine.com\/mx\/wp-content\/uploads\/sites\/13\/2026\/01\/c82d514b665ae00ce22b18271c0d56c7-369x450.jpg 369w, https:\/\/graziamagazine.com\/mx\/wp-content\/uploads\/sites\/13\/2026\/01\/c82d514b665ae00ce22b18271c0d56c7-768x936.jpg 768w, https:\/\/graziamagazine.com\/mx\/wp-content\/uploads\/sites\/13\/2026\/01\/c82d514b665ae00ce22b18271c0d56c7-400x488.jpg 400w, https:\/\/graziamagazine.com\/mx\/wp-content\/uploads\/sites\/13\/2026\/01\/c82d514b665ae00ce22b18271c0d56c7-155x189.jpg 155w, https:\/\/graziamagazine.com\/mx\/wp-content\/uploads\/sites\/13\/2026\/01\/c82d514b665ae00ce22b18271c0d56c7.jpg 1199w\" sizes=\"(max-width: 600px) 100vw, 600px\" \/><\/h3>\n<p data-start=\"2044\" data-end=\"2274\">Un detalle m\u00ednimo que gener\u00f3 m\u00e1ximo impacto visual. Los anillos para los pies aparecieron en redes, alfombras rojas y colecciones clave, reforzando la idea de que el styling en 2025 se construy\u00f3 desde los detalles m\u00e1s inesperados.<\/p>\n<h3 data-start=\"2276\" data-end=\"2301\">Lencer\u00eda a la vista<img loading=\"lazy\" decoding=\"async\" class=\"alignnone wp-image-164078\" src=\"https:\/\/graziamagazine.com\/mx\/wp-content\/uploads\/sites\/13\/2026\/01\/05ac69ce55be2ca49300e5440022b069-683x1024.jpg\" alt=\"\" width=\"600\" height=\"900\" srcset=\"https:\/\/graziamagazine.com\/mx\/wp-content\/uploads\/sites\/13\/2026\/01\/05ac69ce55be2ca49300e5440022b069-683x1024.jpg 683w, https:\/\/graziamagazine.com\/mx\/wp-content\/uploads\/sites\/13\/2026\/01\/05ac69ce55be2ca49300e5440022b069-300x450.jpg 300w, https:\/\/graziamagazine.com\/mx\/wp-content\/uploads\/sites\/13\/2026\/01\/05ac69ce55be2ca49300e5440022b069-400x600.jpg 400w, https:\/\/graziamagazine.com\/mx\/wp-content\/uploads\/sites\/13\/2026\/01\/05ac69ce55be2ca49300e5440022b069-143x215.jpg 143w, https:\/\/graziamagazine.com\/mx\/wp-content\/uploads\/sites\/13\/2026\/01\/05ac69ce55be2ca49300e5440022b069.jpg 736w\" sizes=\"(max-width: 600px) 100vw, 600px\" \/><\/h3>\n<p data-start=\"2302\" data-end=\"2557\">La exposici\u00f3n de prendas \u00edntimas se consolid\u00f3 como una tendencia fuerte. Vestidos lenceros, encajes visibles y referencias al archivo redefinieron la sensualidad desde un lugar m\u00e1s cotidiano y consciente, alej\u00e1ndose del exceso y apostando por la sutileza.<\/p>\n<h3 data-start=\"2559\" data-end=\"2605\">Sneakerinas como nueva silueta dominante<img loading=\"lazy\" decoding=\"async\" class=\"alignnone wp-image-164083\" src=\"https:\/\/graziamagazine.com\/mx\/wp-content\/uploads\/sites\/13\/2026\/01\/Captura-de-Pantalla-2026-01-06-a-las-10.33.04-654x1024.png\" alt=\"\" width=\"600\" height=\"939\" srcset=\"https:\/\/graziamagazine.com\/mx\/wp-content\/uploads\/sites\/13\/2026\/01\/Captura-de-Pantalla-2026-01-06-a-las-10.33.04-654x1024.png 654w, https:\/\/graziamagazine.com\/mx\/wp-content\/uploads\/sites\/13\/2026\/01\/Captura-de-Pantalla-2026-01-06-a-las-10.33.04-287x450.png 287w, https:\/\/graziamagazine.com\/mx\/wp-content\/uploads\/sites\/13\/2026\/01\/Captura-de-Pantalla-2026-01-06-a-las-10.33.04-400x626.png 400w, https:\/\/graziamagazine.com\/mx\/wp-content\/uploads\/sites\/13\/2026\/01\/Captura-de-Pantalla-2026-01-06-a-las-10.33.04-137x215.png 137w, https:\/\/graziamagazine.com\/mx\/wp-content\/uploads\/sites\/13\/2026\/01\/Captura-de-Pantalla-2026-01-06-a-las-10.33.04.png 700w\" sizes=\"(max-width: 600px) 100vw, 600px\" \/><\/h3>\n<p data-start=\"2606\" data-end=\"2822\">El calzado h\u00edbrido entre bailarina y zapatilla marc\u00f3 un giro claro hacia la ligereza. Su dise\u00f1o plano y estilizado respondi\u00f3 al cansancio frente a lo voluminoso y conect\u00f3 con una est\u00e9tica m\u00e1s delicada pero funcional.<\/p>\n<p data-start=\"3079\" data-end=\"3247\">La moda de 2025 se defini\u00f3 menos por imponer y m\u00e1s por contagiar. Estas piezas no gritaron tendencia, simplemente aparecieron una y otra vez hasta volverse inevitables.<\/p>\n<p data-start=\"3249\" data-end=\"3438\" data-is-last-node=\"\" data-is-only-node=\"\"><b>IMAGEN: Google Images<\/b><\/p>\n","protected":false},"author":28953,"featured_media":164085,"template":"","format":"standard","categories":[4],"acf":[],"yoast_head":"<!-- This site is optimized with the Yoast SEO Premium plugin v18.5 (Yoast SEO v20.4) - https:\/\/yoast.com\/wordpress\/plugins\/seo\/ -->\n<title>Las piezas virales que definieron la moda 2025<\/title>\n<meta name=\"description\" content=\"Accesorios inesperados y prendas ic\u00f3nicas construyeron un a\u00f1o marcado por microtendencias, nostalgia digital y gestos de estilo con vocaci\u00f3n colectiva\" \/>\n<meta name=\"robots\" content=\"index, follow, max-snippet:-1, max-image-preview:large, max-video-preview:-1\" \/>\n<link rel=\"canonical\" href=\"https:\/\/graziamagazine.com\/mx\/articles\/las-piezas-virales-que-definieron-la-moda-2025\/\" \/>\n<meta property=\"og:locale\" content=\"es_MX\" \/>\n<meta property=\"og:type\" content=\"article\" \/>\n<meta property=\"og:title\" content=\"Las piezas virales que definieron la moda 2025\" \/>\n<meta property=\"og:description\" content=\"Accesorios inesperados y prendas ic\u00f3nicas construyeron un a\u00f1o marcado por microtendencias, nostalgia digital y gestos de estilo con vocaci\u00f3n colectiva\" \/>\n<meta property=\"og:url\" content=\"https:\/\/graziamagazine.com\/mx\/articles\/las-piezas-virales-que-definieron-la-moda-2025\/\" \/>\n<meta property=\"og:site_name\" content=\"Grazia M\u00e9xico y Latinoam\u00e9rica\" \/>\n<meta property=\"article:modified_time\" content=\"2026-01-06T16:40:57+00:00\" \/>\n<meta property=\"og:image\" content=\"https:\/\/graziamagazine.com\/mx\/wp-content\/uploads\/sites\/13\/2026\/01\/Captura-de-Pantalla-2026-01-06-a-las-10.36.45.png\" \/>\n\t<meta property=\"og:image:width\" content=\"1190\" \/>\n\t<meta property=\"og:image:height\" content=\"836\" \/>\n\t<meta property=\"og:image:type\" content=\"image\/png\" \/>\n<meta name=\"twitter:card\" content=\"summary_large_image\" \/>\n<meta name=\"twitter:label1\" content=\"Est. reading time\" \/>\n\t<meta name=\"twitter:data1\" content=\"4 minutos\" \/>\n<script type=\"application\/ld+json\" class=\"yoast-schema-graph\">{\"@context\":\"https:\/\/schema.org\",\"@graph\":[{\"@type\":\"WebPage\",\"@id\":\"https:\/\/graziamagazine.com\/mx\/articles\/las-piezas-virales-que-definieron-la-moda-2025\/\",\"url\":\"https:\/\/graziamagazine.com\/mx\/articles\/las-piezas-virales-que-definieron-la-moda-2025\/\",\"name\":\"Las piezas virales que definieron la moda 2025\",\"isPartOf\":{\"@id\":\"https:\/\/graziamagazine.com\/mx\/#website\"},\"datePublished\":\"2026-01-06T16:28:10+00:00\",\"dateModified\":\"2026-01-06T16:40:57+00:00\",\"description\":\"Accesorios inesperados y prendas ic\u00f3nicas construyeron un a\u00f1o marcado por microtendencias, nostalgia digital y gestos de estilo con vocaci\u00f3n colectiva\",\"breadcrumb\":{\"@id\":\"https:\/\/graziamagazine.com\/mx\/articles\/las-piezas-virales-que-definieron-la-moda-2025\/#breadcrumb\"},\"inLanguage\":\"es-MX\",\"potentialAction\":[{\"@type\":\"ReadAction\",\"target\":[\"https:\/\/graziamagazine.com\/mx\/articles\/las-piezas-virales-que-definieron-la-moda-2025\/\"]}]},{\"@type\":\"BreadcrumbList\",\"@id\":\"https:\/\/graziamagazine.com\/mx\/articles\/las-piezas-virales-que-definieron-la-moda-2025\/#breadcrumb\",\"itemListElement\":[{\"@type\":\"ListItem\",\"position\":1,\"name\":\"Home\",\"item\":\"https:\/\/graziamagazine.com\/mx\/\"},{\"@type\":\"ListItem\",\"position\":2,\"name\":\"Las piezas virales que definieron la moda 2025\"}]},{\"@type\":\"WebSite\",\"@id\":\"https:\/\/graziamagazine.com\/mx\/#website\",\"url\":\"https:\/\/graziamagazine.com\/mx\/\",\"name\":\"Grazia M\u00e9xico y Latinoam\u00e9rica\",\"description\":\"Grazia es moda, belleza y noticias  de actualidad \",\"potentialAction\":[{\"@type\":\"SearchAction\",\"target\":{\"@type\":\"EntryPoint\",\"urlTemplate\":\"https:\/\/graziamagazine.com\/mx\/?s={search_term_string}\"},\"query-input\":\"required name=search_term_string\"}],\"inLanguage\":\"es-MX\"}]}<\/script>\n<!-- \/ Yoast SEO Premium plugin. -->","yoast_head_json":{"title":"Las piezas virales que definieron la moda 2025","description":"Accesorios inesperados y prendas ic\u00f3nicas construyeron un a\u00f1o marcado por microtendencias, nostalgia digital y gestos de estilo con vocaci\u00f3n colectiva","robots":{"index":"index","follow":"follow","max-snippet":"max-snippet:-1","max-image-preview":"max-image-preview:large","max-video-preview":"max-video-preview:-1"},"canonical":"https:\/\/graziamagazine.com\/mx\/articles\/las-piezas-virales-que-definieron-la-moda-2025\/","og_locale":"es_MX","og_type":"article","og_title":"Las piezas virales que definieron la moda 2025","og_description":"Accesorios inesperados y prendas ic\u00f3nicas construyeron un a\u00f1o marcado por microtendencias, nostalgia digital y gestos de estilo con vocaci\u00f3n colectiva","og_url":"https:\/\/graziamagazine.com\/mx\/articles\/las-piezas-virales-que-definieron-la-moda-2025\/","og_site_name":"Grazia M\u00e9xico y Latinoam\u00e9rica","article_modified_time":"2026-01-06T16:40:57+00:00","og_image":[{"width":1190,"height":836,"url":"https:\/\/graziamagazine.com\/mx\/wp-content\/uploads\/sites\/13\/2026\/01\/Captura-de-Pantalla-2026-01-06-a-las-10.36.45.png","type":"image\/png"}],"twitter_card":"summary_large_image","twitter_misc":{"Est. reading time":"4 minutos"},"schema":{"@context":"https:\/\/schema.org","@graph":[{"@type":"WebPage","@id":"https:\/\/graziamagazine.com\/mx\/articles\/las-piezas-virales-que-definieron-la-moda-2025\/","url":"https:\/\/graziamagazine.com\/mx\/articles\/las-piezas-virales-que-definieron-la-moda-2025\/","name":"Las piezas virales que definieron la moda 2025","isPartOf":{"@id":"https:\/\/graziamagazine.com\/mx\/#website"},"datePublished":"2026-01-06T16:28:10+00:00","dateModified":"2026-01-06T16:40:57+00:00","description":"Accesorios inesperados y prendas ic\u00f3nicas construyeron un a\u00f1o marcado por microtendencias, nostalgia digital y gestos de estilo con vocaci\u00f3n colectiva","breadcrumb":{"@id":"https:\/\/graziamagazine.com\/mx\/articles\/las-piezas-virales-que-definieron-la-moda-2025\/#breadcrumb"},"inLanguage":"es-MX","potentialAction":[{"@type":"ReadAction","target":["https:\/\/graziamagazine.com\/mx\/articles\/las-piezas-virales-que-definieron-la-moda-2025\/"]}]},{"@type":"BreadcrumbList","@id":"https:\/\/graziamagazine.com\/mx\/articles\/las-piezas-virales-que-definieron-la-moda-2025\/#breadcrumb","itemListElement":[{"@type":"ListItem","position":1,"name":"Home","item":"https:\/\/graziamagazine.com\/mx\/"},{"@type":"ListItem","position":2,"name":"Las piezas virales que definieron la moda 2025"}]},{"@type":"WebSite","@id":"https:\/\/graziamagazine.com\/mx\/#website","url":"https:\/\/graziamagazine.com\/mx\/","name":"Grazia M\u00e9xico y Latinoam\u00e9rica","description":"Grazia es moda, belleza y noticias  de actualidad ","potentialAction":[{"@type":"SearchAction","target":{"@type":"EntryPoint","urlTemplate":"https:\/\/graziamagazine.com\/mx\/?s={search_term_string}"},"query-input":"required name=search_term_string"}],"inLanguage":"es-MX"}]}},"jetpack_sharing_enabled":true,"distributor_meta":false,"distributor_terms":false,"distributor_media":false,"distributor_original_site_name":"Grazia M\u00e9xico y Latinoam\u00e9rica","distributor_original_site_url":"https:\/\/graziamagazine.com\/mx","push-errors":false,"_links":{"self":[{"href":"https:\/\/graziamagazine.com\/mx\/wp-json\/wp\/v2\/articles\/164077"}],"collection":[{"href":"https:\/\/graziamagazine.com\/mx\/wp-json\/wp\/v2\/articles"}],"about":[{"href":"https:\/\/graziamagazine.com\/mx\/wp-json\/wp\/v2\/types\/articles"}],"author":[{"embeddable":true,"href":"https:\/\/graziamagazine.com\/mx\/wp-json\/wp\/v2\/users\/28953"}],"wp:featuredmedia":[{"embeddable":true,"href":"https:\/\/graziamagazine.com\/mx\/wp-json\/wp\/v2\/media\/164085"}],"wp:attachment":[{"href":"https:\/\/graziamagazine.com\/mx\/wp-json\/wp\/v2\/media?parent=164077"}],"wp:term":[{"taxonomy":"category","embeddable":true,"href":"https:\/\/graziamagazine.com\/mx\/wp-json\/wp\/v2\/categories?post=164077"}],"curies":[{"name":"wp","href":"https:\/\/api.w.org\/{rel}","templated":true}]}}