{"id":164001,"date":"2026-01-05T12:10:46","date_gmt":"2026-01-05T17:10:46","guid":{"rendered":"https:\/\/graziamagazine.com\/mx\/?post_type=articles&#038;p=164001"},"modified":"2026-01-05T12:19:17","modified_gmt":"2026-01-05T17:19:17","slug":"los-mejores-looks-de-los-critics-choice-awards-2026","status":"publish","type":"articles","link":"https:\/\/graziamagazine.com\/mx\/articles\/los-mejores-looks-de-los-critics-choice-awards-2026\/","title":{"rendered":"Los mejores looks de los Critics Choice Awards 2026"},"content":{"rendered":"<p data-path-to-node=\"2\">Los Critics Choice Awards 2026, celebrados anoche en el Barker Hangar de Santa M\u00f3nica, dieron el pistoletazo de salida a una temporada de premios intensa.<\/p>\n<p data-path-to-node=\"2\">Bajo la conducci\u00f3n de Chelsea Handler, la gala no solo premi\u00f3 la excelencia cinematogr\u00e1fica, sino que consolid\u00f3 a la alfombra roja como un espacio de experimentaci\u00f3n pura. A diferencia de otras ceremonias, aqu\u00ed las estrellas se permiten jugar con la moda.<\/p>\n<h3 data-path-to-node=\"3\">Elle Fanning<\/h3>\n<figure id=\"attachment_164004\" aria-describedby=\"caption-attachment-164004\" style=\"width: 675px\" class=\"wp-caption alignnone\"><img loading=\"lazy\" decoding=\"async\" class=\"size-large wp-image-164004\" src=\"https:\/\/graziamagazine.com\/mx\/wp-content\/uploads\/sites\/13\/2026\/01\/Captura-de-Pantalla-2026-01-05-a-las-11.01.52-675x1024.png\" alt=\"Los mejores looks de los Critics Choice Awards 2026\" width=\"675\" height=\"1024\" srcset=\"https:\/\/graziamagazine.com\/mx\/wp-content\/uploads\/sites\/13\/2026\/01\/Captura-de-Pantalla-2026-01-05-a-las-11.01.52-675x1024.png 675w, https:\/\/graziamagazine.com\/mx\/wp-content\/uploads\/sites\/13\/2026\/01\/Captura-de-Pantalla-2026-01-05-a-las-11.01.52-297x450.png 297w, https:\/\/graziamagazine.com\/mx\/wp-content\/uploads\/sites\/13\/2026\/01\/Captura-de-Pantalla-2026-01-05-a-las-11.01.52-400x607.png 400w, https:\/\/graziamagazine.com\/mx\/wp-content\/uploads\/sites\/13\/2026\/01\/Captura-de-Pantalla-2026-01-05-a-las-11.01.52-142x215.png 142w, https:\/\/graziamagazine.com\/mx\/wp-content\/uploads\/sites\/13\/2026\/01\/Captura-de-Pantalla-2026-01-05-a-las-11.01.52.png 766w\" sizes=\"(max-width: 675px) 100vw, 675px\" \/><figcaption id=\"caption-attachment-164004\" class=\"wp-caption-text\">Los mejores looks de los Critics Choice Awards 2026<\/figcaption><\/figure>\n<p data-path-to-node=\"4\">La actriz deslumbr\u00f3 con una pieza de Ralph Lauren en tono dorado l\u00edquido. El dise\u00f1o destacaba por un escote profundo y una ca\u00edda impecable que reafirm\u00f3 su estatus como icono del glamour cl\u00e1sico.<\/p>\n<h3 data-path-to-node=\"5\">Renate Reinsve<\/h3>\n<figure id=\"attachment_164005\" aria-describedby=\"caption-attachment-164005\" style=\"width: 674px\" class=\"wp-caption alignnone\"><img loading=\"lazy\" decoding=\"async\" class=\"size-large wp-image-164005\" src=\"https:\/\/graziamagazine.com\/mx\/wp-content\/uploads\/sites\/13\/2026\/01\/Captura-de-Pantalla-2026-01-05-a-las-11.02.19-674x1024.png\" alt=\"Los mejores looks de los Critics Choice Awards 2026\" width=\"674\" height=\"1024\" srcset=\"https:\/\/graziamagazine.com\/mx\/wp-content\/uploads\/sites\/13\/2026\/01\/Captura-de-Pantalla-2026-01-05-a-las-11.02.19-674x1024.png 674w, https:\/\/graziamagazine.com\/mx\/wp-content\/uploads\/sites\/13\/2026\/01\/Captura-de-Pantalla-2026-01-05-a-las-11.02.19-296x450.png 296w, https:\/\/graziamagazine.com\/mx\/wp-content\/uploads\/sites\/13\/2026\/01\/Captura-de-Pantalla-2026-01-05-a-las-11.02.19-400x607.png 400w, https:\/\/graziamagazine.com\/mx\/wp-content\/uploads\/sites\/13\/2026\/01\/Captura-de-Pantalla-2026-01-05-a-las-11.02.19-142x215.png 142w, https:\/\/graziamagazine.com\/mx\/wp-content\/uploads\/sites\/13\/2026\/01\/Captura-de-Pantalla-2026-01-05-a-las-11.02.19.png 760w\" sizes=\"(max-width: 674px) 100vw, 674px\" \/><figcaption id=\"caption-attachment-164005\" class=\"wp-caption-text\">Los mejores looks de los Critics Choice Awards 2026<\/figcaption><\/figure>\n<p data-path-to-node=\"6\">Apostando por la sofisticaci\u00f3n absoluta, luci\u00f3 un dise\u00f1o de The Row. El vestido negro palabra de honor demostr\u00f3 que el minimalismo bien ejecutado sigue siendo una de las declaraciones de estilo m\u00e1s poderosas.<\/p>\n<h3 data-path-to-node=\"7\">Teyana Taylor<\/h3>\n<figure id=\"attachment_164006\" aria-describedby=\"caption-attachment-164006\" style=\"width: 671px\" class=\"wp-caption alignnone\"><img loading=\"lazy\" decoding=\"async\" class=\"size-large wp-image-164006\" src=\"https:\/\/graziamagazine.com\/mx\/wp-content\/uploads\/sites\/13\/2026\/01\/Captura-de-Pantalla-2026-01-05-a-las-11.02.32-671x1024.png\" alt=\"Los mejores looks de los Critics Choice Awards 2026\" width=\"671\" height=\"1024\" srcset=\"https:\/\/graziamagazine.com\/mx\/wp-content\/uploads\/sites\/13\/2026\/01\/Captura-de-Pantalla-2026-01-05-a-las-11.02.32-671x1024.png 671w, https:\/\/graziamagazine.com\/mx\/wp-content\/uploads\/sites\/13\/2026\/01\/Captura-de-Pantalla-2026-01-05-a-las-11.02.32-295x450.png 295w, https:\/\/graziamagazine.com\/mx\/wp-content\/uploads\/sites\/13\/2026\/01\/Captura-de-Pantalla-2026-01-05-a-las-11.02.32-400x610.png 400w, https:\/\/graziamagazine.com\/mx\/wp-content\/uploads\/sites\/13\/2026\/01\/Captura-de-Pantalla-2026-01-05-a-las-11.02.32-141x215.png 141w, https:\/\/graziamagazine.com\/mx\/wp-content\/uploads\/sites\/13\/2026\/01\/Captura-de-Pantalla-2026-01-05-a-las-11.02.32.png 754w\" sizes=\"(max-width: 671px) 100vw, 671px\" \/><figcaption id=\"caption-attachment-164006\" class=\"wp-caption-text\">Los mejores looks de los Critics Choice Awards 2026<\/figcaption><\/figure>\n<p data-path-to-node=\"8\">Captur\u00f3 todas las miradas con una imponente propuesta de Saint Laurent. El look fusion\u00f3 un traje sastre con una estructura de plumas dram\u00e1tica y botas altas, rompiendo cualquier esquema tradicional.<\/p>\n<h3 data-path-to-node=\"9\">Ariana Grande<\/h3>\n<figure id=\"attachment_164007\" aria-describedby=\"caption-attachment-164007\" style=\"width: 671px\" class=\"wp-caption alignnone\"><img loading=\"lazy\" decoding=\"async\" class=\"size-large wp-image-164007\" src=\"https:\/\/graziamagazine.com\/mx\/wp-content\/uploads\/sites\/13\/2026\/01\/Captura-de-Pantalla-2026-01-05-a-las-11.02.47-671x1024.png\" alt=\"Los mejores looks de los Critics Choice Awards 2026\" width=\"671\" height=\"1024\" srcset=\"https:\/\/graziamagazine.com\/mx\/wp-content\/uploads\/sites\/13\/2026\/01\/Captura-de-Pantalla-2026-01-05-a-las-11.02.47-671x1024.png 671w, https:\/\/graziamagazine.com\/mx\/wp-content\/uploads\/sites\/13\/2026\/01\/Captura-de-Pantalla-2026-01-05-a-las-11.02.47-295x450.png 295w, https:\/\/graziamagazine.com\/mx\/wp-content\/uploads\/sites\/13\/2026\/01\/Captura-de-Pantalla-2026-01-05-a-las-11.02.47-400x611.png 400w, https:\/\/graziamagazine.com\/mx\/wp-content\/uploads\/sites\/13\/2026\/01\/Captura-de-Pantalla-2026-01-05-a-las-11.02.47-141x215.png 141w, https:\/\/graziamagazine.com\/mx\/wp-content\/uploads\/sites\/13\/2026\/01\/Captura-de-Pantalla-2026-01-05-a-las-11.02.47.png 752w\" sizes=\"(max-width: 671px) 100vw, 671px\" \/><figcaption id=\"caption-attachment-164007\" class=\"wp-caption-text\">Los mejores looks de los Critics Choice Awards 2026<\/figcaption><\/figure>\n<p data-path-to-node=\"10\">La protagonista de Wicked opt\u00f3 por la feminidad et\u00e9rea de Alberta Ferretti. Luci\u00f3 un dise\u00f1o rosa con una delicada capa transl\u00facida salpicada de cristales que evocaba un aire de cuento de hadas moderno.<\/p>\n<h3 data-path-to-node=\"11\">Mia Goth<\/h3>\n<figure id=\"attachment_164008\" aria-describedby=\"caption-attachment-164008\" style=\"width: 684px\" class=\"wp-caption alignnone\"><img loading=\"lazy\" decoding=\"async\" class=\"size-large wp-image-164008\" src=\"https:\/\/graziamagazine.com\/mx\/wp-content\/uploads\/sites\/13\/2026\/01\/Captura-de-Pantalla-2026-01-05-a-las-11.03.02-684x1024.png\" alt=\"Los mejores looks de los Critics Choice Awards 2026\" width=\"684\" height=\"1024\" srcset=\"https:\/\/graziamagazine.com\/mx\/wp-content\/uploads\/sites\/13\/2026\/01\/Captura-de-Pantalla-2026-01-05-a-las-11.03.02-684x1024.png 684w, https:\/\/graziamagazine.com\/mx\/wp-content\/uploads\/sites\/13\/2026\/01\/Captura-de-Pantalla-2026-01-05-a-las-11.03.02-301x450.png 301w, https:\/\/graziamagazine.com\/mx\/wp-content\/uploads\/sites\/13\/2026\/01\/Captura-de-Pantalla-2026-01-05-a-las-11.03.02-400x599.png 400w, https:\/\/graziamagazine.com\/mx\/wp-content\/uploads\/sites\/13\/2026\/01\/Captura-de-Pantalla-2026-01-05-a-las-11.03.02-144x215.png 144w, https:\/\/graziamagazine.com\/mx\/wp-content\/uploads\/sites\/13\/2026\/01\/Captura-de-Pantalla-2026-01-05-a-las-11.03.02.png 748w\" sizes=\"(max-width: 684px) 100vw, 684px\" \/><figcaption id=\"caption-attachment-164008\" class=\"wp-caption-text\">Los mejores looks de los Critics Choice Awards 2026<\/figcaption><\/figure>\n<p data-path-to-node=\"12\">Personific\u00f3 la elegancia atemporal de Dior. Su vestido blanco de hombros ca\u00eddos y silueta limpia fue un tributo a la sencillez refinada, destacando su belleza natural en la alfombra.<\/p>\n<h3 data-path-to-node=\"13\">Jessie Buckley<\/h3>\n<figure id=\"attachment_164009\" aria-describedby=\"caption-attachment-164009\" style=\"width: 693px\" class=\"wp-caption alignnone\"><img loading=\"lazy\" decoding=\"async\" class=\"size-large wp-image-164009\" src=\"https:\/\/graziamagazine.com\/mx\/wp-content\/uploads\/sites\/13\/2026\/01\/Captura-de-Pantalla-2026-01-05-a-las-11.03.17-693x1024.png\" alt=\"Los mejores looks de los Critics Choice Awards 2026\" width=\"693\" height=\"1024\" srcset=\"https:\/\/graziamagazine.com\/mx\/wp-content\/uploads\/sites\/13\/2026\/01\/Captura-de-Pantalla-2026-01-05-a-las-11.03.17-693x1024.png 693w, https:\/\/graziamagazine.com\/mx\/wp-content\/uploads\/sites\/13\/2026\/01\/Captura-de-Pantalla-2026-01-05-a-las-11.03.17-304x450.png 304w, https:\/\/graziamagazine.com\/mx\/wp-content\/uploads\/sites\/13\/2026\/01\/Captura-de-Pantalla-2026-01-05-a-las-11.03.17-400x591.png 400w, https:\/\/graziamagazine.com\/mx\/wp-content\/uploads\/sites\/13\/2026\/01\/Captura-de-Pantalla-2026-01-05-a-las-11.03.17-145x215.png 145w, https:\/\/graziamagazine.com\/mx\/wp-content\/uploads\/sites\/13\/2026\/01\/Captura-de-Pantalla-2026-01-05-a-las-11.03.17.png 740w\" sizes=\"(max-width: 693px) 100vw, 693px\" \/><figcaption id=\"caption-attachment-164009\" class=\"wp-caption-text\">Los mejores looks de los Critics Choice Awards 2026<\/figcaption><\/figure>\n<p data-path-to-node=\"14\">Sorprendi\u00f3 con una propuesta arquitect\u00f3nica de Dior. El conjunto de dos piezas jugaba con el contraste entre el blanco y el negro, incluyendo un lazo lateral de gran formato muy vanguardista.<\/p>\n<h3 data-path-to-node=\"15\">Chase Infiniti<\/h3>\n<figure id=\"attachment_164010\" aria-describedby=\"caption-attachment-164010\" style=\"width: 670px\" class=\"wp-caption alignnone\"><img loading=\"lazy\" decoding=\"async\" class=\"size-large wp-image-164010\" src=\"https:\/\/graziamagazine.com\/mx\/wp-content\/uploads\/sites\/13\/2026\/01\/Captura-de-Pantalla-2026-01-05-a-las-11.03.40-670x1024.png\" alt=\"Los mejores looks de los Critics Choice Awards 2026\" width=\"670\" height=\"1024\" srcset=\"https:\/\/graziamagazine.com\/mx\/wp-content\/uploads\/sites\/13\/2026\/01\/Captura-de-Pantalla-2026-01-05-a-las-11.03.40-670x1024.png 670w, https:\/\/graziamagazine.com\/mx\/wp-content\/uploads\/sites\/13\/2026\/01\/Captura-de-Pantalla-2026-01-05-a-las-11.03.40-294x450.png 294w, https:\/\/graziamagazine.com\/mx\/wp-content\/uploads\/sites\/13\/2026\/01\/Captura-de-Pantalla-2026-01-05-a-las-11.03.40-400x611.png 400w, https:\/\/graziamagazine.com\/mx\/wp-content\/uploads\/sites\/13\/2026\/01\/Captura-de-Pantalla-2026-01-05-a-las-11.03.40-141x215.png 141w, https:\/\/graziamagazine.com\/mx\/wp-content\/uploads\/sites\/13\/2026\/01\/Captura-de-Pantalla-2026-01-05-a-las-11.03.40.png 746w\" sizes=\"(max-width: 670px) 100vw, 670px\" \/><figcaption id=\"caption-attachment-164010\" class=\"wp-caption-text\">Los mejores looks de los Critics Choice Awards 2026<\/figcaption><\/figure>\n<p data-path-to-node=\"16\">Aport\u00f3 la nota vibrante de la noche con un conjunto amarillo de Louis Vuitton. Su top plisado de cuello alto y joyas de Messika crearon un equilibrio perfecto entre audacia y lujo.<\/p>\n<h3 data-path-to-node=\"17\">Paul Mescal<\/h3>\n<figure id=\"attachment_164011\" aria-describedby=\"caption-attachment-164011\" style=\"width: 674px\" class=\"wp-caption alignnone\"><img loading=\"lazy\" decoding=\"async\" class=\"size-large wp-image-164011\" src=\"https:\/\/graziamagazine.com\/mx\/wp-content\/uploads\/sites\/13\/2026\/01\/Captura-de-Pantalla-2026-01-05-a-las-11.03.54-674x1024.png\" alt=\"Los mejores looks de los Critics Choice Awards 2026\" width=\"674\" height=\"1024\" srcset=\"https:\/\/graziamagazine.com\/mx\/wp-content\/uploads\/sites\/13\/2026\/01\/Captura-de-Pantalla-2026-01-05-a-las-11.03.54-674x1024.png 674w, https:\/\/graziamagazine.com\/mx\/wp-content\/uploads\/sites\/13\/2026\/01\/Captura-de-Pantalla-2026-01-05-a-las-11.03.54-296x450.png 296w, https:\/\/graziamagazine.com\/mx\/wp-content\/uploads\/sites\/13\/2026\/01\/Captura-de-Pantalla-2026-01-05-a-las-11.03.54-400x607.png 400w, https:\/\/graziamagazine.com\/mx\/wp-content\/uploads\/sites\/13\/2026\/01\/Captura-de-Pantalla-2026-01-05-a-las-11.03.54-142x215.png 142w, https:\/\/graziamagazine.com\/mx\/wp-content\/uploads\/sites\/13\/2026\/01\/Captura-de-Pantalla-2026-01-05-a-las-11.03.54.png 748w\" sizes=\"(max-width: 674px) 100vw, 674px\" \/><figcaption id=\"caption-attachment-164011\" class=\"wp-caption-text\">Los mejores looks de los Critics Choice Awards 2026<\/figcaption><\/figure>\n<p data-path-to-node=\"18\">El actor eligi\u00f3 a Gucci para un look monocrom\u00e1tico negro. La combinaci\u00f3n de texturas satinadas en las solapas y una faja ancha elev\u00f3 el concepto del esmoquin tradicional a un terreno m\u00e1s contempor\u00e1neo.<\/p>\n<h3 data-path-to-node=\"19\">Odessa A&#8217;zion<\/h3>\n<figure id=\"attachment_164012\" aria-describedby=\"caption-attachment-164012\" style=\"width: 679px\" class=\"wp-caption alignnone\"><img loading=\"lazy\" decoding=\"async\" class=\"size-large wp-image-164012\" src=\"https:\/\/graziamagazine.com\/mx\/wp-content\/uploads\/sites\/13\/2026\/01\/Captura-de-Pantalla-2026-01-05-a-las-11.04.08-679x1024.png\" alt=\"Los mejores looks de los Critics Choice Awards 2026\" width=\"679\" height=\"1024\" srcset=\"https:\/\/graziamagazine.com\/mx\/wp-content\/uploads\/sites\/13\/2026\/01\/Captura-de-Pantalla-2026-01-05-a-las-11.04.08-679x1024.png 679w, https:\/\/graziamagazine.com\/mx\/wp-content\/uploads\/sites\/13\/2026\/01\/Captura-de-Pantalla-2026-01-05-a-las-11.04.08-298x450.png 298w, https:\/\/graziamagazine.com\/mx\/wp-content\/uploads\/sites\/13\/2026\/01\/Captura-de-Pantalla-2026-01-05-a-las-11.04.08-400x603.png 400w, https:\/\/graziamagazine.com\/mx\/wp-content\/uploads\/sites\/13\/2026\/01\/Captura-de-Pantalla-2026-01-05-a-las-11.04.08-143x215.png 143w, https:\/\/graziamagazine.com\/mx\/wp-content\/uploads\/sites\/13\/2026\/01\/Captura-de-Pantalla-2026-01-05-a-las-11.04.08.png 756w\" sizes=\"(max-width: 679px) 100vw, 679px\" \/><figcaption id=\"caption-attachment-164012\" class=\"wp-caption-text\">Los mejores looks de los Critics Choice Awards 2026<\/figcaption><\/figure>\n<p data-path-to-node=\"20\">Opt\u00f3 por un vestido metalizado de inspiraci\u00f3n gal\u00e1ctica. El dise\u00f1o presentaba l\u00edneas verticales de lentejuelas y mangas tipo capa que aportaron un movimiento hipn\u00f3tico ante las c\u00e1maras de la prensa.<\/p>\n<h3 data-path-to-node=\"21\">Jacob Elordi<\/h3>\n<figure id=\"attachment_164013\" aria-describedby=\"caption-attachment-164013\" style=\"width: 677px\" class=\"wp-caption alignnone\"><img loading=\"lazy\" decoding=\"async\" class=\"size-large wp-image-164013\" src=\"https:\/\/graziamagazine.com\/mx\/wp-content\/uploads\/sites\/13\/2026\/01\/Captura-de-Pantalla-2026-01-05-a-las-11.04.22-677x1024.png\" alt=\"Los mejores looks de los Critics Choice Awards 2026\" width=\"677\" height=\"1024\" srcset=\"https:\/\/graziamagazine.com\/mx\/wp-content\/uploads\/sites\/13\/2026\/01\/Captura-de-Pantalla-2026-01-05-a-las-11.04.22-677x1024.png 677w, https:\/\/graziamagazine.com\/mx\/wp-content\/uploads\/sites\/13\/2026\/01\/Captura-de-Pantalla-2026-01-05-a-las-11.04.22-297x450.png 297w, https:\/\/graziamagazine.com\/mx\/wp-content\/uploads\/sites\/13\/2026\/01\/Captura-de-Pantalla-2026-01-05-a-las-11.04.22-400x605.png 400w, https:\/\/graziamagazine.com\/mx\/wp-content\/uploads\/sites\/13\/2026\/01\/Captura-de-Pantalla-2026-01-05-a-las-11.04.22-142x215.png 142w, https:\/\/graziamagazine.com\/mx\/wp-content\/uploads\/sites\/13\/2026\/01\/Captura-de-Pantalla-2026-01-05-a-las-11.04.22.png 760w\" sizes=\"(max-width: 677px) 100vw, 677px\" \/><figcaption id=\"caption-attachment-164013\" class=\"wp-caption-text\">Los mejores looks de los Critics Choice Awards 2026<\/figcaption><\/figure>\n<p data-path-to-node=\"22\">Vestido por Bottega Veneta, apost\u00f3 por un traje cruzado negro acompa\u00f1ado de gafas oscuras. Su elecci\u00f3n proyect\u00f3 un aire de misterio moderno que se ha convertido en su sello personal.<\/p>\n<h3 data-path-to-node=\"5\">Amanda Seyfried<\/h3>\n<figure id=\"attachment_164015\" aria-describedby=\"caption-attachment-164015\" style=\"width: 661px\" class=\"wp-caption alignnone\"><img loading=\"lazy\" decoding=\"async\" class=\"size-large wp-image-164015\" src=\"https:\/\/graziamagazine.com\/mx\/wp-content\/uploads\/sites\/13\/2026\/01\/Captura-de-Pantalla-2026-01-05-a-las-11.06.10-661x1024.png\" alt=\"Los mejores looks de los Critics Choice Awards 2026\" width=\"661\" height=\"1024\" srcset=\"https:\/\/graziamagazine.com\/mx\/wp-content\/uploads\/sites\/13\/2026\/01\/Captura-de-Pantalla-2026-01-05-a-las-11.06.10-661x1024.png 661w, https:\/\/graziamagazine.com\/mx\/wp-content\/uploads\/sites\/13\/2026\/01\/Captura-de-Pantalla-2026-01-05-a-las-11.06.10-291x450.png 291w, https:\/\/graziamagazine.com\/mx\/wp-content\/uploads\/sites\/13\/2026\/01\/Captura-de-Pantalla-2026-01-05-a-las-11.06.10-400x619.png 400w, https:\/\/graziamagazine.com\/mx\/wp-content\/uploads\/sites\/13\/2026\/01\/Captura-de-Pantalla-2026-01-05-a-las-11.06.10-139x215.png 139w, https:\/\/graziamagazine.com\/mx\/wp-content\/uploads\/sites\/13\/2026\/01\/Captura-de-Pantalla-2026-01-05-a-las-11.06.10.png 740w\" sizes=\"(max-width: 661px) 100vw, 661px\" \/><figcaption id=\"caption-attachment-164015\" class=\"wp-caption-text\">Los mejores looks de los Critics Choice Awards 2026<\/figcaption><\/figure>\n<p data-path-to-node=\"6\">Haciendo honor a la maestr\u00eda de Valentino, luci\u00f3 un conjunto de dos piezas que jugaba con los contrastes. El top de terciopelo negro con p\u00e9plum se adornaba con un delicado lazo rosa en la cintura, fusion\u00e1ndose con una falda larga en rosa p\u00e1lido que personificaba el romanticismo moderno de la casa italiana.<\/p>\n<h3 data-path-to-node=\"7\">Alicia Silverstone<\/h3>\n<figure id=\"attachment_164016\" aria-describedby=\"caption-attachment-164016\" style=\"width: 674px\" class=\"wp-caption alignnone\"><img loading=\"lazy\" decoding=\"async\" class=\"size-large wp-image-164016\" src=\"https:\/\/graziamagazine.com\/mx\/wp-content\/uploads\/sites\/13\/2026\/01\/Captura-de-Pantalla-2026-01-05-a-las-11.06.32-674x1024.png\" alt=\"Los mejores looks de los Critics Choice Awards 2026\" width=\"674\" height=\"1024\" srcset=\"https:\/\/graziamagazine.com\/mx\/wp-content\/uploads\/sites\/13\/2026\/01\/Captura-de-Pantalla-2026-01-05-a-las-11.06.32-674x1024.png 674w, https:\/\/graziamagazine.com\/mx\/wp-content\/uploads\/sites\/13\/2026\/01\/Captura-de-Pantalla-2026-01-05-a-las-11.06.32-296x450.png 296w, https:\/\/graziamagazine.com\/mx\/wp-content\/uploads\/sites\/13\/2026\/01\/Captura-de-Pantalla-2026-01-05-a-las-11.06.32-400x607.png 400w, https:\/\/graziamagazine.com\/mx\/wp-content\/uploads\/sites\/13\/2026\/01\/Captura-de-Pantalla-2026-01-05-a-las-11.06.32-142x215.png 142w, https:\/\/graziamagazine.com\/mx\/wp-content\/uploads\/sites\/13\/2026\/01\/Captura-de-Pantalla-2026-01-05-a-las-11.06.32.png 756w\" sizes=\"(max-width: 674px) 100vw, 674px\" \/><figcaption id=\"caption-attachment-164016\" class=\"wp-caption-text\">Los mejores looks de los Critics Choice Awards 2026<\/figcaption><\/figure>\n<p data-path-to-node=\"8\">Aport\u00f3 un aire de majestuosidad cl\u00e1sica con un vestido palabra de honor en tono plata metalizado. El dise\u00f1o destacaba por un drapeado arquitect\u00f3nico en la zona de las caderas que creaba una silueta escultural, demostrando que el brillo met\u00e1lico sigue siendo una apuesta ganadora para las grandes galas.<\/p>\n<h3 data-path-to-node=\"9\">Bella Ramsey<\/h3>\n<figure id=\"attachment_164017\" aria-describedby=\"caption-attachment-164017\" style=\"width: 683px\" class=\"wp-caption alignnone\"><img loading=\"lazy\" decoding=\"async\" class=\"size-large wp-image-164017\" src=\"https:\/\/graziamagazine.com\/mx\/wp-content\/uploads\/sites\/13\/2026\/01\/Captura-de-Pantalla-2026-01-05-a-las-11.06.51-683x1024.png\" alt=\"Los mejores looks de los Critics Choice Awards 2026\" width=\"683\" height=\"1024\" srcset=\"https:\/\/graziamagazine.com\/mx\/wp-content\/uploads\/sites\/13\/2026\/01\/Captura-de-Pantalla-2026-01-05-a-las-11.06.51-683x1024.png 683w, https:\/\/graziamagazine.com\/mx\/wp-content\/uploads\/sites\/13\/2026\/01\/Captura-de-Pantalla-2026-01-05-a-las-11.06.51-300x450.png 300w, https:\/\/graziamagazine.com\/mx\/wp-content\/uploads\/sites\/13\/2026\/01\/Captura-de-Pantalla-2026-01-05-a-las-11.06.51-400x600.png 400w, https:\/\/graziamagazine.com\/mx\/wp-content\/uploads\/sites\/13\/2026\/01\/Captura-de-Pantalla-2026-01-05-a-las-11.06.51-143x215.png 143w, https:\/\/graziamagazine.com\/mx\/wp-content\/uploads\/sites\/13\/2026\/01\/Captura-de-Pantalla-2026-01-05-a-las-11.06.51.png 744w\" sizes=\"(max-width: 683px) 100vw, 683px\" \/><figcaption id=\"caption-attachment-164017\" class=\"wp-caption-text\">Los mejores looks de los Critics Choice Awards 2026<\/figcaption><\/figure>\n<p data-path-to-node=\"10\">Fiel a su estilo vanguardista y disruptivo, eligi\u00f3 una propuesta de Prada que desafiaba los c\u00f3digos convencionales. Combin\u00f3 una camisa roja vibrante con un chaleco negro texturizado con flecos de pedrer\u00eda y pantalones de sastre, logrando un equilibrio perfecto entre la rebeld\u00eda juvenil y la alta costura.<\/p>\n<h3 data-path-to-node=\"11\">Erin Doherty<\/h3>\n<figure id=\"attachment_164018\" aria-describedby=\"caption-attachment-164018\" style=\"width: 665px\" class=\"wp-caption alignnone\"><img loading=\"lazy\" decoding=\"async\" class=\"size-large wp-image-164018\" src=\"https:\/\/graziamagazine.com\/mx\/wp-content\/uploads\/sites\/13\/2026\/01\/Captura-de-Pantalla-2026-01-05-a-las-11.08.23-665x1024.png\" alt=\"Los mejores looks de los Critics Choice Awards 2026\" width=\"665\" height=\"1024\" srcset=\"https:\/\/graziamagazine.com\/mx\/wp-content\/uploads\/sites\/13\/2026\/01\/Captura-de-Pantalla-2026-01-05-a-las-11.08.23-665x1024.png 665w, https:\/\/graziamagazine.com\/mx\/wp-content\/uploads\/sites\/13\/2026\/01\/Captura-de-Pantalla-2026-01-05-a-las-11.08.23-292x450.png 292w, https:\/\/graziamagazine.com\/mx\/wp-content\/uploads\/sites\/13\/2026\/01\/Captura-de-Pantalla-2026-01-05-a-las-11.08.23-400x616.png 400w, https:\/\/graziamagazine.com\/mx\/wp-content\/uploads\/sites\/13\/2026\/01\/Captura-de-Pantalla-2026-01-05-a-las-11.08.23-140x215.png 140w, https:\/\/graziamagazine.com\/mx\/wp-content\/uploads\/sites\/13\/2026\/01\/Captura-de-Pantalla-2026-01-05-a-las-11.08.23.png 748w\" sizes=\"(max-width: 665px) 100vw, 665px\" \/><figcaption id=\"caption-attachment-164018\" class=\"wp-caption-text\">Los mejores looks de los Critics Choice Awards 2026<\/figcaption><\/figure>\n<p data-path-to-node=\"12\">Cerr\u00f3 la lista con una de las apuestas m\u00e1s arriesgadas y memorables de la noche firmada por Louis Vuitton. Su vestido en sat\u00e9n verde esmeralda presentaba una falda con un volumen geom\u00e9trico exagerado que recordaba a las formas de un farol, consolidando su posici\u00f3n como una de las figuras m\u00e1s atrevidas de la temporada.<\/p>\n<p data-path-to-node=\"13\">\u00bfCu\u00e1l de estas propuestas se convertir\u00e1 en tu referente de estilo para esta temporada? La carrera hacia los premios Oscar acaba de comenzar.<\/p>\n<p data-path-to-node=\"13\"><em><strong>*IMAGEN: Google Images<\/strong><\/em><\/p>\n","protected":false},"author":28953,"featured_media":164019,"template":"","format":"standard","categories":[2,4],"acf":[],"yoast_head":"<!-- This site is optimized with the Yoast SEO Premium plugin v18.5 (Yoast SEO v20.4) - https:\/\/yoast.com\/wordpress\/plugins\/seo\/ -->\n<title>Los mejores looks de los Critics Choice Awards 2026<\/title>\n<meta name=\"description\" content=\"Las celebridades inauguraron la temporada de premios con estilismos memorables que marcaron conversaci\u00f3n, tendencias y nuevas direcciones del glamour contempor\u00e1neo\" \/>\n<meta name=\"robots\" content=\"index, follow, max-snippet:-1, max-image-preview:large, max-video-preview:-1\" \/>\n<link rel=\"canonical\" href=\"https:\/\/graziamagazine.com\/mx\/articles\/los-mejores-looks-de-los-critics-choice-awards-2026\/\" \/>\n<meta property=\"og:locale\" content=\"es_MX\" \/>\n<meta property=\"og:type\" content=\"article\" \/>\n<meta property=\"og:title\" content=\"Los mejores looks de los Critics Choice Awards 2026\" \/>\n<meta property=\"og:description\" content=\"Las celebridades inauguraron la temporada de premios con estilismos memorables que marcaron conversaci\u00f3n, tendencias y nuevas direcciones del glamour contempor\u00e1neo\" \/>\n<meta property=\"og:url\" content=\"https:\/\/graziamagazine.com\/mx\/articles\/los-mejores-looks-de-los-critics-choice-awards-2026\/\" \/>\n<meta property=\"og:site_name\" content=\"Grazia M\u00e9xico y Latinoam\u00e9rica\" \/>\n<meta property=\"article:modified_time\" content=\"2026-01-05T17:19:17+00:00\" \/>\n<meta property=\"og:image\" content=\"https:\/\/graziamagazine.com\/mx\/wp-content\/uploads\/sites\/13\/2026\/01\/GettyImages-2254668771-scaled.jpg\" \/>\n\t<meta property=\"og:image:width\" content=\"2560\" \/>\n\t<meta property=\"og:image:height\" content=\"1707\" \/>\n\t<meta property=\"og:image:type\" content=\"image\/jpeg\" \/>\n<meta name=\"twitter:card\" content=\"summary_large_image\" \/>\n<meta name=\"twitter:label1\" content=\"Est. reading time\" \/>\n\t<meta name=\"twitter:data1\" content=\"7 minutos\" \/>\n<script type=\"application\/ld+json\" class=\"yoast-schema-graph\">{\"@context\":\"https:\/\/schema.org\",\"@graph\":[{\"@type\":\"WebPage\",\"@id\":\"https:\/\/graziamagazine.com\/mx\/articles\/los-mejores-looks-de-los-critics-choice-awards-2026\/\",\"url\":\"https:\/\/graziamagazine.com\/mx\/articles\/los-mejores-looks-de-los-critics-choice-awards-2026\/\",\"name\":\"Los mejores looks de los Critics Choice Awards 2026\",\"isPartOf\":{\"@id\":\"https:\/\/graziamagazine.com\/mx\/#website\"},\"datePublished\":\"2026-01-05T17:10:46+00:00\",\"dateModified\":\"2026-01-05T17:19:17+00:00\",\"description\":\"Las celebridades inauguraron la temporada de premios con estilismos memorables que marcaron conversaci\u00f3n, tendencias y nuevas direcciones del glamour contempor\u00e1neo\",\"breadcrumb\":{\"@id\":\"https:\/\/graziamagazine.com\/mx\/articles\/los-mejores-looks-de-los-critics-choice-awards-2026\/#breadcrumb\"},\"inLanguage\":\"es-MX\",\"potentialAction\":[{\"@type\":\"ReadAction\",\"target\":[\"https:\/\/graziamagazine.com\/mx\/articles\/los-mejores-looks-de-los-critics-choice-awards-2026\/\"]}]},{\"@type\":\"BreadcrumbList\",\"@id\":\"https:\/\/graziamagazine.com\/mx\/articles\/los-mejores-looks-de-los-critics-choice-awards-2026\/#breadcrumb\",\"itemListElement\":[{\"@type\":\"ListItem\",\"position\":1,\"name\":\"Home\",\"item\":\"https:\/\/graziamagazine.com\/mx\/\"},{\"@type\":\"ListItem\",\"position\":2,\"name\":\"Los mejores looks de los Critics Choice Awards 2026\"}]},{\"@type\":\"WebSite\",\"@id\":\"https:\/\/graziamagazine.com\/mx\/#website\",\"url\":\"https:\/\/graziamagazine.com\/mx\/\",\"name\":\"Grazia M\u00e9xico y Latinoam\u00e9rica\",\"description\":\"Grazia es moda, belleza y noticias  de actualidad \",\"potentialAction\":[{\"@type\":\"SearchAction\",\"target\":{\"@type\":\"EntryPoint\",\"urlTemplate\":\"https:\/\/graziamagazine.com\/mx\/?s={search_term_string}\"},\"query-input\":\"required name=search_term_string\"}],\"inLanguage\":\"es-MX\"}]}<\/script>\n<!-- \/ Yoast SEO Premium plugin. -->","yoast_head_json":{"title":"Los mejores looks de los Critics Choice Awards 2026","description":"Las celebridades inauguraron la temporada de premios con estilismos memorables que marcaron conversaci\u00f3n, tendencias y nuevas direcciones del glamour contempor\u00e1neo","robots":{"index":"index","follow":"follow","max-snippet":"max-snippet:-1","max-image-preview":"max-image-preview:large","max-video-preview":"max-video-preview:-1"},"canonical":"https:\/\/graziamagazine.com\/mx\/articles\/los-mejores-looks-de-los-critics-choice-awards-2026\/","og_locale":"es_MX","og_type":"article","og_title":"Los mejores looks de los Critics Choice Awards 2026","og_description":"Las celebridades inauguraron la temporada de premios con estilismos memorables que marcaron conversaci\u00f3n, tendencias y nuevas direcciones del glamour contempor\u00e1neo","og_url":"https:\/\/graziamagazine.com\/mx\/articles\/los-mejores-looks-de-los-critics-choice-awards-2026\/","og_site_name":"Grazia M\u00e9xico y Latinoam\u00e9rica","article_modified_time":"2026-01-05T17:19:17+00:00","og_image":[{"width":2560,"height":1707,"url":"https:\/\/graziamagazine.com\/mx\/wp-content\/uploads\/sites\/13\/2026\/01\/GettyImages-2254668771-scaled.jpg","type":"image\/jpeg"}],"twitter_card":"summary_large_image","twitter_misc":{"Est. reading time":"7 minutos"},"schema":{"@context":"https:\/\/schema.org","@graph":[{"@type":"WebPage","@id":"https:\/\/graziamagazine.com\/mx\/articles\/los-mejores-looks-de-los-critics-choice-awards-2026\/","url":"https:\/\/graziamagazine.com\/mx\/articles\/los-mejores-looks-de-los-critics-choice-awards-2026\/","name":"Los mejores looks de los Critics Choice Awards 2026","isPartOf":{"@id":"https:\/\/graziamagazine.com\/mx\/#website"},"datePublished":"2026-01-05T17:10:46+00:00","dateModified":"2026-01-05T17:19:17+00:00","description":"Las celebridades inauguraron la temporada de premios con estilismos memorables que marcaron conversaci\u00f3n, tendencias y nuevas direcciones del glamour contempor\u00e1neo","breadcrumb":{"@id":"https:\/\/graziamagazine.com\/mx\/articles\/los-mejores-looks-de-los-critics-choice-awards-2026\/#breadcrumb"},"inLanguage":"es-MX","potentialAction":[{"@type":"ReadAction","target":["https:\/\/graziamagazine.com\/mx\/articles\/los-mejores-looks-de-los-critics-choice-awards-2026\/"]}]},{"@type":"BreadcrumbList","@id":"https:\/\/graziamagazine.com\/mx\/articles\/los-mejores-looks-de-los-critics-choice-awards-2026\/#breadcrumb","itemListElement":[{"@type":"ListItem","position":1,"name":"Home","item":"https:\/\/graziamagazine.com\/mx\/"},{"@type":"ListItem","position":2,"name":"Los mejores looks de los Critics Choice Awards 2026"}]},{"@type":"WebSite","@id":"https:\/\/graziamagazine.com\/mx\/#website","url":"https:\/\/graziamagazine.com\/mx\/","name":"Grazia M\u00e9xico y Latinoam\u00e9rica","description":"Grazia es moda, belleza y noticias  de actualidad ","potentialAction":[{"@type":"SearchAction","target":{"@type":"EntryPoint","urlTemplate":"https:\/\/graziamagazine.com\/mx\/?s={search_term_string}"},"query-input":"required name=search_term_string"}],"inLanguage":"es-MX"}]}},"jetpack_sharing_enabled":true,"distributor_meta":false,"distributor_terms":false,"distributor_media":false,"distributor_original_site_name":"Grazia M\u00e9xico y Latinoam\u00e9rica","distributor_original_site_url":"https:\/\/graziamagazine.com\/mx","push-errors":false,"_links":{"self":[{"href":"https:\/\/graziamagazine.com\/mx\/wp-json\/wp\/v2\/articles\/164001"}],"collection":[{"href":"https:\/\/graziamagazine.com\/mx\/wp-json\/wp\/v2\/articles"}],"about":[{"href":"https:\/\/graziamagazine.com\/mx\/wp-json\/wp\/v2\/types\/articles"}],"author":[{"embeddable":true,"href":"https:\/\/graziamagazine.com\/mx\/wp-json\/wp\/v2\/users\/28953"}],"wp:featuredmedia":[{"embeddable":true,"href":"https:\/\/graziamagazine.com\/mx\/wp-json\/wp\/v2\/media\/164019"}],"wp:attachment":[{"href":"https:\/\/graziamagazine.com\/mx\/wp-json\/wp\/v2\/media?parent=164001"}],"wp:term":[{"taxonomy":"category","embeddable":true,"href":"https:\/\/graziamagazine.com\/mx\/wp-json\/wp\/v2\/categories?post=164001"}],"curies":[{"name":"wp","href":"https:\/\/api.w.org\/{rel}","templated":true}]}}