{"id":163967,"date":"2026-01-02T18:22:39","date_gmt":"2026-01-02T23:22:39","guid":{"rendered":"https:\/\/graziamagazine.com\/mx\/?post_type=articles&#038;p=163967"},"modified":"2026-01-03T14:11:45","modified_gmt":"2026-01-03T19:11:45","slug":"jonathan-anderson-inaugura-una-nueva-era-dior-con-su-primera-campana-ss26","status":"publish","type":"articles","link":"https:\/\/graziamagazine.com\/mx\/articles\/jonathan-anderson-inaugura-una-nueva-era-dior-con-su-primera-campana-ss26\/","title":{"rendered":"Jonathan Anderson inaugura una nueva era Dior con su primera campa\u00f1a SS26"},"content":{"rendered":"<p data-start=\"184\" data-end=\"610\">La primera campa\u00f1a de Jonathan Anderson para Dior Primavera Verano 2026 marca un punto de inflexi\u00f3n silencioso pero decisivo para la maison. No se trata solo de una colecci\u00f3n ni de una imagen inaugural, sino de una declaraci\u00f3n de intenci\u00f3n. Anderson propone un sistema completo donde pasarela y campa\u00f1a funcionan como dos cap\u00edtulos del mismo relato, unidos por una reflexi\u00f3n profunda sobre memoria, transformaci\u00f3n y presencia.<\/p>\n<p data-start=\"612\" data-end=\"1033\">Desde el inicio, la propuesta parte de una premisa clara. La historia no se borra ni se copia. Se conserva, se observa y se reactiva desde el presente. El archivo Dior aparece como un material vivo, capaz de fragmentarse y reorganizarse sin caer en la nostalgia. No hay recreaciones literales ni citas obvias. Lo que emerge es una lectura contempor\u00e1nea que entiende el pasado como un punto de partida, no como un destino.<\/p>\n<h3 data-start=\"1035\" data-end=\"1074\">Una silueta que comunica car\u00e1cter<\/h3>\n<figure id=\"attachment_163972\" aria-describedby=\"caption-attachment-163972\" style=\"width: 914px\" class=\"wp-caption alignnone\"><img loading=\"lazy\" decoding=\"async\" class=\"wp-image-163972 size-full\" src=\"https:\/\/graziamagazine.com\/mx\/wp-content\/uploads\/sites\/13\/2026\/01\/Captura-de-Pantalla-2026-01-02-a-las-17.25.19.png\" alt=\"Jonathan Anderson inaugura una nueva era Dior con su primera campa\u00f1a SS26\" width=\"914\" height=\"1258\" srcset=\"https:\/\/graziamagazine.com\/mx\/wp-content\/uploads\/sites\/13\/2026\/01\/Captura-de-Pantalla-2026-01-02-a-las-17.25.19.png 914w, https:\/\/graziamagazine.com\/mx\/wp-content\/uploads\/sites\/13\/2026\/01\/Captura-de-Pantalla-2026-01-02-a-las-17.25.19-327x450.png 327w, https:\/\/graziamagazine.com\/mx\/wp-content\/uploads\/sites\/13\/2026\/01\/Captura-de-Pantalla-2026-01-02-a-las-17.25.19-744x1024.png 744w, https:\/\/graziamagazine.com\/mx\/wp-content\/uploads\/sites\/13\/2026\/01\/Captura-de-Pantalla-2026-01-02-a-las-17.25.19-768x1057.png 768w, https:\/\/graziamagazine.com\/mx\/wp-content\/uploads\/sites\/13\/2026\/01\/Captura-de-Pantalla-2026-01-02-a-las-17.25.19-400x551.png 400w, https:\/\/graziamagazine.com\/mx\/wp-content\/uploads\/sites\/13\/2026\/01\/Captura-de-Pantalla-2026-01-02-a-las-17.25.19-155x213.png 155w\" sizes=\"(max-width: 914px) 100vw, 914px\" \/><figcaption id=\"caption-attachment-163972\" class=\"wp-caption-text\">Jonathan Anderson inaugura una nueva era Dior con su primera campa\u00f1a SS26<\/figcaption><\/figure>\n<p data-start=\"1075\" data-end=\"1451\">La colecci\u00f3n pr\u00eat \u00e0 porter apuesta por l\u00edneas precisas y gestos contenidos. La silueta se convierte en lenguaje. Cada prenda habla a trav\u00e9s de su construcci\u00f3n, sin necesidad de exceso ni artificio. Lo cl\u00e1sico convive con lo audaz, lo cotidiano con lo escult\u00f3rico. Hay una elegancia tranquila que se ve interrumpida por quiebres inesperados, generando tensi\u00f3n y emoci\u00f3n visual.<\/p>\n<p data-start=\"1453\" data-end=\"1861\">Los vol\u00famenes se repliegan y se expanden con naturalidad. Las formas parecen reorganizarse constantemente, como si el cuerpo estuviera en di\u00e1logo permanente con la ropa. Incluso los accesorios participan de esta l\u00f3gica, con sombreros que colapsan suavemente o piezas que alteran su funci\u00f3n original. La mujer Dior que Anderson imagina no es fija ni \u00fanica. Es m\u00faltiple, en movimiento, abierta a transformarse.<\/p>\n<h3 data-start=\"1863\" data-end=\"1903\">La campa\u00f1a como estudio de actitud<\/h3>\n<figure id=\"attachment_163969\" aria-describedby=\"caption-attachment-163969\" style=\"width: 720px\" class=\"wp-caption alignnone\"><img loading=\"lazy\" decoding=\"async\" class=\"wp-image-163969 size-full\" src=\"https:\/\/graziamagazine.com\/mx\/wp-content\/uploads\/sites\/13\/2026\/01\/Captura-de-Pantalla-2026-01-02-a-las-17.23.26.png\" alt=\"Jonathan Anderson inaugura una nueva era Dior con su primera campa\u00f1a SS26\" width=\"720\" height=\"962\" srcset=\"https:\/\/graziamagazine.com\/mx\/wp-content\/uploads\/sites\/13\/2026\/01\/Captura-de-Pantalla-2026-01-02-a-las-17.23.26.png 720w, https:\/\/graziamagazine.com\/mx\/wp-content\/uploads\/sites\/13\/2026\/01\/Captura-de-Pantalla-2026-01-02-a-las-17.23.26-337x450.png 337w, https:\/\/graziamagazine.com\/mx\/wp-content\/uploads\/sites\/13\/2026\/01\/Captura-de-Pantalla-2026-01-02-a-las-17.23.26-400x534.png 400w, https:\/\/graziamagazine.com\/mx\/wp-content\/uploads\/sites\/13\/2026\/01\/Captura-de-Pantalla-2026-01-02-a-las-17.23.26-155x207.png 155w\" sizes=\"(max-width: 720px) 100vw, 720px\" \/><figcaption id=\"caption-attachment-163969\" class=\"wp-caption-text\">Jonathan Anderson inaugura una nueva era Dior con su primera campa\u00f1a SS26<\/figcaption><\/figure>\n<p data-start=\"1904\" data-end=\"2178\">La campa\u00f1a Primavera Verano 2026 traslada esta reflexi\u00f3n al terreno de la imagen. M\u00e1s que posar, los personajes habitan el espacio. Las fotograf\u00edas funcionan como bocetos emocionales, directos y elocuentes. El cuerpo, la ropa y la atm\u00f3sfera dicen lo esencial sin subrayarlo.<\/p>\n<p data-start=\"2180\" data-end=\"2477\">Los escenarios sugieren una elegancia contenida. Boiserie, parquet y textiles evocan un entorno casi teatral, donde el tiempo parece suspendido. Dentro de estos espacios, los modelos aparecen en estados intermedios, entre reposo y ensayo, reforzando la idea de que vestirse es tambi\u00e9n convertirse.<\/p>\n<h3 data-start=\"2479\" data-end=\"2513\">Vestirse como transformaci\u00f3n<\/h3>\n<figure id=\"attachment_163973\" aria-describedby=\"caption-attachment-163973\" style=\"width: 914px\" class=\"wp-caption alignnone\"><img loading=\"lazy\" decoding=\"async\" class=\"wp-image-163973 size-full\" src=\"https:\/\/graziamagazine.com\/mx\/wp-content\/uploads\/sites\/13\/2026\/01\/Captura-de-Pantalla-2026-01-02-a-las-17.25.32.png\" alt=\"Jonathan Anderson inaugura una nueva era Dior con su primera campa\u00f1a SS26\" width=\"914\" height=\"1258\" srcset=\"https:\/\/graziamagazine.com\/mx\/wp-content\/uploads\/sites\/13\/2026\/01\/Captura-de-Pantalla-2026-01-02-a-las-17.25.32.png 914w, https:\/\/graziamagazine.com\/mx\/wp-content\/uploads\/sites\/13\/2026\/01\/Captura-de-Pantalla-2026-01-02-a-las-17.25.32-327x450.png 327w, https:\/\/graziamagazine.com\/mx\/wp-content\/uploads\/sites\/13\/2026\/01\/Captura-de-Pantalla-2026-01-02-a-las-17.25.32-744x1024.png 744w, https:\/\/graziamagazine.com\/mx\/wp-content\/uploads\/sites\/13\/2026\/01\/Captura-de-Pantalla-2026-01-02-a-las-17.25.32-768x1057.png 768w, https:\/\/graziamagazine.com\/mx\/wp-content\/uploads\/sites\/13\/2026\/01\/Captura-de-Pantalla-2026-01-02-a-las-17.25.32-400x551.png 400w, https:\/\/graziamagazine.com\/mx\/wp-content\/uploads\/sites\/13\/2026\/01\/Captura-de-Pantalla-2026-01-02-a-las-17.25.32-155x213.png 155w\" sizes=\"(max-width: 914px) 100vw, 914px\" \/><figcaption id=\"caption-attachment-163973\" class=\"wp-caption-text\">Jonathan Anderson inaugura una nueva era Dior con su primera campa\u00f1a SS26<\/figcaption><\/figure>\n<p data-start=\"2514\" data-end=\"2874\">En esta primera campa\u00f1a, Anderson deja claro que el estilo no es solo apariencia. Es comportamiento, postura, forma de habitar el cuerpo. La arquitectura de las prendas dialoga con la calma de las texturas, del tailoring preciso a la camiser\u00eda ribeteada, del denim relajado a las capas de punto. Todo construye una narrativa coherente entre archivo y presente.<\/p>\n<p data-start=\"2876\" data-end=\"3030\">As\u00ed, Dior SS26 no se presenta como un comienzo abrupto, sino como una evoluci\u00f3n consciente. Una nueva etapa donde la moda se piensa, se siente y se mueve.<\/p>\n<p data-start=\"3032\" data-end=\"3214\" data-is-last-node=\"\" data-is-only-node=\"\"><b>*IMAGEN: Instagram<\/b><strong><em> @<\/em><em><span class=\"x1lliihq x193iq5w x6ikm8r x10wlt62 xlyipyv xuxw1ft\">jonathan.anderson<\/span><\/em><\/strong><\/p>\n","protected":false},"author":28953,"featured_media":163968,"template":"","format":"standard","categories":[4],"acf":[],"yoast_head":"<!-- This site is optimized with the Yoast SEO Premium plugin v18.5 (Yoast SEO v20.4) - https:\/\/yoast.com\/wordpress\/plugins\/seo\/ -->\n<title>Jonathan Anderson inaugura una nueva era Dior con su primera campa\u00f1a SS26<\/title>\n<meta name=\"description\" content=\"Archivo, movimiento y car\u00e1cter se entrelazan en una campa\u00f1a inaugural que presenta una nueva forma de entender el legado Dior.\" \/>\n<meta name=\"robots\" content=\"index, follow, max-snippet:-1, max-image-preview:large, max-video-preview:-1\" \/>\n<link rel=\"canonical\" href=\"https:\/\/graziamagazine.com\/mx\/articles\/jonathan-anderson-inaugura-una-nueva-era-dior-con-su-primera-campana-ss26\/\" \/>\n<meta property=\"og:locale\" content=\"es_MX\" \/>\n<meta property=\"og:type\" content=\"article\" \/>\n<meta property=\"og:title\" content=\"Jonathan Anderson inaugura una nueva era Dior con su primera campa\u00f1a SS26\" \/>\n<meta property=\"og:description\" content=\"Archivo, movimiento y car\u00e1cter se entrelazan en una campa\u00f1a inaugural que presenta una nueva forma de entender el legado Dior.\" \/>\n<meta property=\"og:url\" content=\"https:\/\/graziamagazine.com\/mx\/articles\/jonathan-anderson-inaugura-una-nueva-era-dior-con-su-primera-campana-ss26\/\" \/>\n<meta property=\"og:site_name\" content=\"Grazia M\u00e9xico y Latinoam\u00e9rica\" \/>\n<meta property=\"article:modified_time\" content=\"2026-01-03T19:11:45+00:00\" \/>\n<meta property=\"og:image\" content=\"https:\/\/graziamagazine.com\/mx\/wp-content\/uploads\/sites\/13\/2026\/01\/Captura-de-Pantalla-2026-01-02-a-las-17.23.06-1024x648.png\" \/>\n\t<meta property=\"og:image:width\" content=\"1024\" \/>\n\t<meta property=\"og:image:height\" content=\"648\" \/>\n\t<meta property=\"og:image:type\" content=\"image\/png\" \/>\n<meta name=\"twitter:card\" content=\"summary_large_image\" \/>\n<meta name=\"twitter:label1\" content=\"Est. reading time\" \/>\n\t<meta name=\"twitter:data1\" content=\"3 minutos\" \/>\n<script type=\"application\/ld+json\" class=\"yoast-schema-graph\">{\"@context\":\"https:\/\/schema.org\",\"@graph\":[{\"@type\":\"WebPage\",\"@id\":\"https:\/\/graziamagazine.com\/mx\/articles\/jonathan-anderson-inaugura-una-nueva-era-dior-con-su-primera-campana-ss26\/\",\"url\":\"https:\/\/graziamagazine.com\/mx\/articles\/jonathan-anderson-inaugura-una-nueva-era-dior-con-su-primera-campana-ss26\/\",\"name\":\"Jonathan Anderson inaugura una nueva era Dior con su primera campa\u00f1a SS26\",\"isPartOf\":{\"@id\":\"https:\/\/graziamagazine.com\/mx\/#website\"},\"datePublished\":\"2026-01-02T23:22:39+00:00\",\"dateModified\":\"2026-01-03T19:11:45+00:00\",\"description\":\"Archivo, movimiento y car\u00e1cter se entrelazan en una campa\u00f1a inaugural que presenta una nueva forma de entender el legado Dior.\",\"breadcrumb\":{\"@id\":\"https:\/\/graziamagazine.com\/mx\/articles\/jonathan-anderson-inaugura-una-nueva-era-dior-con-su-primera-campana-ss26\/#breadcrumb\"},\"inLanguage\":\"es-MX\",\"potentialAction\":[{\"@type\":\"ReadAction\",\"target\":[\"https:\/\/graziamagazine.com\/mx\/articles\/jonathan-anderson-inaugura-una-nueva-era-dior-con-su-primera-campana-ss26\/\"]}]},{\"@type\":\"BreadcrumbList\",\"@id\":\"https:\/\/graziamagazine.com\/mx\/articles\/jonathan-anderson-inaugura-una-nueva-era-dior-con-su-primera-campana-ss26\/#breadcrumb\",\"itemListElement\":[{\"@type\":\"ListItem\",\"position\":1,\"name\":\"Home\",\"item\":\"https:\/\/graziamagazine.com\/mx\/\"},{\"@type\":\"ListItem\",\"position\":2,\"name\":\"Jonathan Anderson inaugura una nueva era Dior con su primera campa\u00f1a SS26\"}]},{\"@type\":\"WebSite\",\"@id\":\"https:\/\/graziamagazine.com\/mx\/#website\",\"url\":\"https:\/\/graziamagazine.com\/mx\/\",\"name\":\"Grazia M\u00e9xico y Latinoam\u00e9rica\",\"description\":\"Grazia es moda, belleza y noticias  de actualidad \",\"potentialAction\":[{\"@type\":\"SearchAction\",\"target\":{\"@type\":\"EntryPoint\",\"urlTemplate\":\"https:\/\/graziamagazine.com\/mx\/?s={search_term_string}\"},\"query-input\":\"required name=search_term_string\"}],\"inLanguage\":\"es-MX\"}]}<\/script>\n<!-- \/ Yoast SEO Premium plugin. -->","yoast_head_json":{"title":"Jonathan Anderson inaugura una nueva era Dior con su primera campa\u00f1a SS26","description":"Archivo, movimiento y car\u00e1cter se entrelazan en una campa\u00f1a inaugural que presenta una nueva forma de entender el legado Dior.","robots":{"index":"index","follow":"follow","max-snippet":"max-snippet:-1","max-image-preview":"max-image-preview:large","max-video-preview":"max-video-preview:-1"},"canonical":"https:\/\/graziamagazine.com\/mx\/articles\/jonathan-anderson-inaugura-una-nueva-era-dior-con-su-primera-campana-ss26\/","og_locale":"es_MX","og_type":"article","og_title":"Jonathan Anderson inaugura una nueva era Dior con su primera campa\u00f1a SS26","og_description":"Archivo, movimiento y car\u00e1cter se entrelazan en una campa\u00f1a inaugural que presenta una nueva forma de entender el legado Dior.","og_url":"https:\/\/graziamagazine.com\/mx\/articles\/jonathan-anderson-inaugura-una-nueva-era-dior-con-su-primera-campana-ss26\/","og_site_name":"Grazia M\u00e9xico y Latinoam\u00e9rica","article_modified_time":"2026-01-03T19:11:45+00:00","og_image":[{"width":1024,"height":648,"url":"https:\/\/graziamagazine.com\/mx\/wp-content\/uploads\/sites\/13\/2026\/01\/Captura-de-Pantalla-2026-01-02-a-las-17.23.06-1024x648.png","type":"image\/png"}],"twitter_card":"summary_large_image","twitter_misc":{"Est. reading time":"3 minutos"},"schema":{"@context":"https:\/\/schema.org","@graph":[{"@type":"WebPage","@id":"https:\/\/graziamagazine.com\/mx\/articles\/jonathan-anderson-inaugura-una-nueva-era-dior-con-su-primera-campana-ss26\/","url":"https:\/\/graziamagazine.com\/mx\/articles\/jonathan-anderson-inaugura-una-nueva-era-dior-con-su-primera-campana-ss26\/","name":"Jonathan Anderson inaugura una nueva era Dior con su primera campa\u00f1a SS26","isPartOf":{"@id":"https:\/\/graziamagazine.com\/mx\/#website"},"datePublished":"2026-01-02T23:22:39+00:00","dateModified":"2026-01-03T19:11:45+00:00","description":"Archivo, movimiento y car\u00e1cter se entrelazan en una campa\u00f1a inaugural que presenta una nueva forma de entender el legado Dior.","breadcrumb":{"@id":"https:\/\/graziamagazine.com\/mx\/articles\/jonathan-anderson-inaugura-una-nueva-era-dior-con-su-primera-campana-ss26\/#breadcrumb"},"inLanguage":"es-MX","potentialAction":[{"@type":"ReadAction","target":["https:\/\/graziamagazine.com\/mx\/articles\/jonathan-anderson-inaugura-una-nueva-era-dior-con-su-primera-campana-ss26\/"]}]},{"@type":"BreadcrumbList","@id":"https:\/\/graziamagazine.com\/mx\/articles\/jonathan-anderson-inaugura-una-nueva-era-dior-con-su-primera-campana-ss26\/#breadcrumb","itemListElement":[{"@type":"ListItem","position":1,"name":"Home","item":"https:\/\/graziamagazine.com\/mx\/"},{"@type":"ListItem","position":2,"name":"Jonathan Anderson inaugura una nueva era Dior con su primera campa\u00f1a SS26"}]},{"@type":"WebSite","@id":"https:\/\/graziamagazine.com\/mx\/#website","url":"https:\/\/graziamagazine.com\/mx\/","name":"Grazia M\u00e9xico y Latinoam\u00e9rica","description":"Grazia es moda, belleza y noticias  de actualidad ","potentialAction":[{"@type":"SearchAction","target":{"@type":"EntryPoint","urlTemplate":"https:\/\/graziamagazine.com\/mx\/?s={search_term_string}"},"query-input":"required name=search_term_string"}],"inLanguage":"es-MX"}]}},"jetpack_sharing_enabled":true,"distributor_meta":false,"distributor_terms":false,"distributor_media":false,"distributor_original_site_name":"Grazia M\u00e9xico y Latinoam\u00e9rica","distributor_original_site_url":"https:\/\/graziamagazine.com\/mx","push-errors":false,"_links":{"self":[{"href":"https:\/\/graziamagazine.com\/mx\/wp-json\/wp\/v2\/articles\/163967"}],"collection":[{"href":"https:\/\/graziamagazine.com\/mx\/wp-json\/wp\/v2\/articles"}],"about":[{"href":"https:\/\/graziamagazine.com\/mx\/wp-json\/wp\/v2\/types\/articles"}],"author":[{"embeddable":true,"href":"https:\/\/graziamagazine.com\/mx\/wp-json\/wp\/v2\/users\/28953"}],"wp:featuredmedia":[{"embeddable":true,"href":"https:\/\/graziamagazine.com\/mx\/wp-json\/wp\/v2\/media\/163968"}],"wp:attachment":[{"href":"https:\/\/graziamagazine.com\/mx\/wp-json\/wp\/v2\/media?parent=163967"}],"wp:term":[{"taxonomy":"category","embeddable":true,"href":"https:\/\/graziamagazine.com\/mx\/wp-json\/wp\/v2\/categories?post=163967"}],"curies":[{"name":"wp","href":"https:\/\/api.w.org\/{rel}","templated":true}]}}