{"id":163822,"date":"2025-12-29T08:43:57","date_gmt":"2025-12-29T13:43:57","guid":{"rendered":"https:\/\/graziamagazine.com\/mx\/?post_type=articles&#038;p=163822"},"modified":"2025-12-27T18:25:20","modified_gmt":"2025-12-27T23:25:20","slug":"glamoratti-la-tendencia-que-definira-el-estilo-en-2026","status":"publish","type":"articles","link":"https:\/\/graziamagazine.com\/mx\/articles\/glamoratti-la-tendencia-que-definira-el-estilo-en-2026\/","title":{"rendered":"Glamoratti: la tendencia que definir\u00e1 el estilo en 2026"},"content":{"rendered":"<div class=\"relative basis-auto flex-col -mb-(--composer-overlap-px) [--composer-overlap-px:28px] grow flex\">\n<div class=\"flex flex-col text-sm pb-25\">\n<article class=\"text-token-text-primary w-full focus:outline-none [--shadow-height:45px] has-data-writing-block:pointer-events-none has-data-writing-block:-mt-(--shadow-height) has-data-writing-block:pt-(--shadow-height) [&amp;:has([data-writing-block])&gt;*]:pointer-events-auto scroll-mt-[calc(var(--header-height)+min(200px,max(70px,20svh)))]\" dir=\"auto\" data-turn-id=\"d16624cf-e61d-4a02-b006-9a8866fed8e6\" data-testid=\"conversation-turn-94\" data-scroll-anchor=\"true\" data-turn=\"assistant\">\n<div class=\"text-base my-auto mx-auto pb-10 [--thread-content-margin:--spacing(4)] @w-sm\/main:[--thread-content-margin:--spacing(6)] @w-lg\/main:[--thread-content-margin:--spacing(16)] px-(--thread-content-margin)\">\n<div class=\"[--thread-content-max-width:40rem] @w-lg\/main:[--thread-content-max-width:48rem] mx-auto max-w-(--thread-content-max-width) flex-1 group\/turn-messages focus-visible:outline-hidden relative flex w-full min-w-0 flex-col agent-turn\">\n<div class=\"flex max-w-full flex-col grow\">\n<div class=\"min-h-8 text-message relative flex w-full flex-col items-end gap-2 text-start break-words whitespace-normal [.text-message+&amp;]:mt-1\" dir=\"auto\" data-message-author-role=\"assistant\" data-message-id=\"c3d6d566-2b23-48cf-91f1-615dc4036f8e\" data-message-model-slug=\"gpt-5-2\">\n<div class=\"flex w-full flex-col gap-1 empty:hidden first:pt-[1px]\">\n<div class=\"markdown prose dark:prose-invert w-full break-words light markdown-new-styling\">\n<p data-start=\"235\" data-end=\"689\">Cada temporada trae consigo una narrativa visual que redefine la manera en que entendemos la moda. En 2026, esa narrativa tiene nombre propio: Glamoratti.<\/p>\n<p data-start=\"235\" data-end=\"689\">M\u00e1s que una tendencia pasajera, se trata de una actitud est\u00e9tica que celebra el exceso bien pensado, el dramatismo sofisticado y la confianza como eje central del vestir. Glamoratti surge como respuesta a a\u00f1os de minimalismo extremo, proponiendo un regreso al impacto visual sin perder refinamiento.<\/p>\n<h3 data-start=\"691\" data-end=\"736\">El lujo visto desde una nueva perspectiva<\/h3>\n<figure id=\"attachment_163825\" aria-describedby=\"caption-attachment-163825\" style=\"width: 683px\" class=\"wp-caption alignnone\"><img loading=\"lazy\" decoding=\"async\" class=\"size-large wp-image-163825\" src=\"https:\/\/graziamagazine.com\/mx\/wp-content\/uploads\/sites\/13\/2025\/12\/408b0030332de6b6e6e284a1e3d8990a-683x1024.jpg\" alt=\"Glamoratti: la tendencia que definir\u00e1 el estilo en 2026\" width=\"683\" height=\"1024\" srcset=\"https:\/\/graziamagazine.com\/mx\/wp-content\/uploads\/sites\/13\/2025\/12\/408b0030332de6b6e6e284a1e3d8990a-683x1024.jpg 683w, https:\/\/graziamagazine.com\/mx\/wp-content\/uploads\/sites\/13\/2025\/12\/408b0030332de6b6e6e284a1e3d8990a-300x450.jpg 300w, https:\/\/graziamagazine.com\/mx\/wp-content\/uploads\/sites\/13\/2025\/12\/408b0030332de6b6e6e284a1e3d8990a-768x1152.jpg 768w, https:\/\/graziamagazine.com\/mx\/wp-content\/uploads\/sites\/13\/2025\/12\/408b0030332de6b6e6e284a1e3d8990a-1024x1536.jpg 1024w, https:\/\/graziamagazine.com\/mx\/wp-content\/uploads\/sites\/13\/2025\/12\/408b0030332de6b6e6e284a1e3d8990a-400x600.jpg 400w, https:\/\/graziamagazine.com\/mx\/wp-content\/uploads\/sites\/13\/2025\/12\/408b0030332de6b6e6e284a1e3d8990a-143x215.jpg 143w, https:\/\/graziamagazine.com\/mx\/wp-content\/uploads\/sites\/13\/2025\/12\/408b0030332de6b6e6e284a1e3d8990a.jpg 1200w\" sizes=\"(max-width: 683px) 100vw, 683px\" \/><figcaption id=\"caption-attachment-163825\" class=\"wp-caption-text\">Glamoratti: la tendencia que definir\u00e1 el estilo en 2026<\/figcaption><\/figure>\n<p data-start=\"738\" data-end=\"1153\">Glamoratti no habla de ostentaci\u00f3n literal, sino de una reinterpretaci\u00f3n del lujo. Las siluetas son marcadas, los tejidos tienen presencia y cada look est\u00e1 construido para comunicar intenci\u00f3n. Satines, terciopelos, bordados y acabados brillantes conviven con cortes precisos y estructuras limpias. La clave est\u00e1 en equilibrar fuerza visual con elegancia, creando conjuntos que se sienten poderosos y contempor\u00e1neos.<\/p>\n<h3 data-start=\"1155\" data-end=\"1189\">Colores que capturan la mirada<\/h3>\n<figure id=\"attachment_163828\" aria-describedby=\"caption-attachment-163828\" style=\"width: 684px\" class=\"wp-caption alignnone\"><img loading=\"lazy\" decoding=\"async\" class=\"size-large wp-image-163828\" src=\"https:\/\/graziamagazine.com\/mx\/wp-content\/uploads\/sites\/13\/2025\/12\/542298b2f5ddc4b7dcd03d8f3aff1236-684x1024.jpg\" alt=\"Glamoratti: la tendencia que definir\u00e1 el estilo en 2026\" width=\"684\" height=\"1024\" srcset=\"https:\/\/graziamagazine.com\/mx\/wp-content\/uploads\/sites\/13\/2025\/12\/542298b2f5ddc4b7dcd03d8f3aff1236-684x1024.jpg 684w, https:\/\/graziamagazine.com\/mx\/wp-content\/uploads\/sites\/13\/2025\/12\/542298b2f5ddc4b7dcd03d8f3aff1236-301x450.jpg 301w, https:\/\/graziamagazine.com\/mx\/wp-content\/uploads\/sites\/13\/2025\/12\/542298b2f5ddc4b7dcd03d8f3aff1236-400x599.jpg 400w, https:\/\/graziamagazine.com\/mx\/wp-content\/uploads\/sites\/13\/2025\/12\/542298b2f5ddc4b7dcd03d8f3aff1236-144x215.jpg 144w, https:\/\/graziamagazine.com\/mx\/wp-content\/uploads\/sites\/13\/2025\/12\/542298b2f5ddc4b7dcd03d8f3aff1236.jpg 710w\" sizes=\"(max-width: 684px) 100vw, 684px\" \/><figcaption id=\"caption-attachment-163828\" class=\"wp-caption-text\">Glamoratti: la tendencia que definir\u00e1 el estilo en 2026<\/figcaption><\/figure>\n<p data-start=\"1191\" data-end=\"1510\">La paleta Glamoratti es profunda y expresiva. Tonos joya como esmeralda, rub\u00ed, zafiro y amatista dominan la escena, acompa\u00f1ados de negros intensos y acentos met\u00e1licos. Estos colores no solo visten, tambi\u00e9n narran. Se utilizan para generar contraste, destacar vol\u00famenes y aportar car\u00e1cter a piezas clave del guardarropa.<\/p>\n<h3 data-start=\"1512\" data-end=\"1554\">Detalles que elevan el discurso visual<\/h3>\n<figure id=\"attachment_163823\" aria-describedby=\"caption-attachment-163823\" style=\"width: 689px\" class=\"wp-caption alignnone\"><img loading=\"lazy\" decoding=\"async\" class=\"size-large wp-image-163823\" src=\"https:\/\/graziamagazine.com\/mx\/wp-content\/uploads\/sites\/13\/2025\/12\/5f9209f75f560beee1bb5b53a19f61ae-689x1024.jpg\" alt=\"Glamoratti: la tendencia que definir\u00e1 el estilo en 2026\" width=\"689\" height=\"1024\" srcset=\"https:\/\/graziamagazine.com\/mx\/wp-content\/uploads\/sites\/13\/2025\/12\/5f9209f75f560beee1bb5b53a19f61ae-689x1024.jpg 689w, https:\/\/graziamagazine.com\/mx\/wp-content\/uploads\/sites\/13\/2025\/12\/5f9209f75f560beee1bb5b53a19f61ae-303x450.jpg 303w, https:\/\/graziamagazine.com\/mx\/wp-content\/uploads\/sites\/13\/2025\/12\/5f9209f75f560beee1bb5b53a19f61ae-768x1142.jpg 768w, https:\/\/graziamagazine.com\/mx\/wp-content\/uploads\/sites\/13\/2025\/12\/5f9209f75f560beee1bb5b53a19f61ae-1033x1536.jpg 1033w, https:\/\/graziamagazine.com\/mx\/wp-content\/uploads\/sites\/13\/2025\/12\/5f9209f75f560beee1bb5b53a19f61ae-400x595.jpg 400w, https:\/\/graziamagazine.com\/mx\/wp-content\/uploads\/sites\/13\/2025\/12\/5f9209f75f560beee1bb5b53a19f61ae-145x215.jpg 145w, https:\/\/graziamagazine.com\/mx\/wp-content\/uploads\/sites\/13\/2025\/12\/5f9209f75f560beee1bb5b53a19f61ae.jpg 1170w\" sizes=\"(max-width: 689px) 100vw, 689px\" \/><figcaption id=\"caption-attachment-163823\" class=\"wp-caption-text\">Glamoratti: la tendencia que definir\u00e1 el estilo en 2026<\/figcaption><\/figure>\n<p data-start=\"1556\" data-end=\"1859\">En esta tendencia, los detalles son protagonistas. Mangas dram\u00e1ticas, drapeados estrat\u00e9gicos, escotes escult\u00f3ricos y accesorios de gran escala transforman prendas cl\u00e1sicas en piezas memorables. El objetivo es crear un di\u00e1logo entre forma y emoci\u00f3n, donde cada elemento tenga un prop\u00f3sito est\u00e9tico claro.<\/p>\n<h3 data-start=\"1861\" data-end=\"1910\">C\u00f3mo integrar Glamoratti a tu estilo personal<\/h3>\n<figure id=\"attachment_163824\" aria-describedby=\"caption-attachment-163824\" style=\"width: 683px\" class=\"wp-caption alignnone\"><img loading=\"lazy\" decoding=\"async\" class=\"size-large wp-image-163824\" src=\"https:\/\/graziamagazine.com\/mx\/wp-content\/uploads\/sites\/13\/2025\/12\/27c393035359600d137929ef1c1616a3-683x1024.jpg\" alt=\"Glamoratti: la tendencia que definir\u00e1 el estilo en 2026\" width=\"683\" height=\"1024\" srcset=\"https:\/\/graziamagazine.com\/mx\/wp-content\/uploads\/sites\/13\/2025\/12\/27c393035359600d137929ef1c1616a3-683x1024.jpg 683w, https:\/\/graziamagazine.com\/mx\/wp-content\/uploads\/sites\/13\/2025\/12\/27c393035359600d137929ef1c1616a3-300x450.jpg 300w, https:\/\/graziamagazine.com\/mx\/wp-content\/uploads\/sites\/13\/2025\/12\/27c393035359600d137929ef1c1616a3-400x599.jpg 400w, https:\/\/graziamagazine.com\/mx\/wp-content\/uploads\/sites\/13\/2025\/12\/27c393035359600d137929ef1c1616a3-143x215.jpg 143w, https:\/\/graziamagazine.com\/mx\/wp-content\/uploads\/sites\/13\/2025\/12\/27c393035359600d137929ef1c1616a3.jpg 736w\" sizes=\"(max-width: 683px) 100vw, 683px\" \/><figcaption id=\"caption-attachment-163824\" class=\"wp-caption-text\">Glamoratti: la tendencia que definir\u00e1 el estilo en 2026<\/figcaption><\/figure>\n<p data-start=\"1912\" data-end=\"2226\">Adoptar Glamoratti no significa transformar todo tu armario. Basta con incorporar una pieza statement que eleve el conjunto. Puede ser un vestido de textura impactante, un abrigo con volumen o un accesorio protagonista. La invitaci\u00f3n es experimentar, jugar con contrastes y permitir que el look hable por s\u00ed mismo.<\/p>\n<h3 data-start=\"2228\" data-end=\"2269\">Una tendencia que invita a expresarse<\/h3>\n<figure id=\"attachment_163827\" aria-describedby=\"caption-attachment-163827\" style=\"width: 694px\" class=\"wp-caption alignnone\"><img loading=\"lazy\" decoding=\"async\" class=\"size-large wp-image-163827\" src=\"https:\/\/graziamagazine.com\/mx\/wp-content\/uploads\/sites\/13\/2025\/12\/917aa47f9f78a144e6ef658ae1ea6f75-694x1024.jpg\" alt=\"Glamoratti: la tendencia que definir\u00e1 el estilo en 2026\" width=\"694\" height=\"1024\" srcset=\"https:\/\/graziamagazine.com\/mx\/wp-content\/uploads\/sites\/13\/2025\/12\/917aa47f9f78a144e6ef658ae1ea6f75-694x1024.jpg 694w, https:\/\/graziamagazine.com\/mx\/wp-content\/uploads\/sites\/13\/2025\/12\/917aa47f9f78a144e6ef658ae1ea6f75-305x450.jpg 305w, https:\/\/graziamagazine.com\/mx\/wp-content\/uploads\/sites\/13\/2025\/12\/917aa47f9f78a144e6ef658ae1ea6f75-400x590.jpg 400w, https:\/\/graziamagazine.com\/mx\/wp-content\/uploads\/sites\/13\/2025\/12\/917aa47f9f78a144e6ef658ae1ea6f75-146x215.jpg 146w, https:\/\/graziamagazine.com\/mx\/wp-content\/uploads\/sites\/13\/2025\/12\/917aa47f9f78a144e6ef658ae1ea6f75.jpg 750w\" sizes=\"(max-width: 694px) 100vw, 694px\" \/><figcaption id=\"caption-attachment-163827\" class=\"wp-caption-text\">Glamoratti: la tendencia que definir\u00e1 el estilo en 2026<\/figcaption><\/figure>\n<p data-start=\"2271\" data-end=\"2582\">Glamoratti representa una nueva forma de entender la moda como herramienta de expresi\u00f3n personal. En un contexto donde la imagen vuelve a cobrar fuerza, esta est\u00e9tica propone vestirse con intenci\u00f3n, seguridad y creatividad. La pregunta no es si esta tendencia llegar\u00e1 a dominar el 2026, sino c\u00f3mo la har\u00e1s tuya.<\/p>\n<p data-start=\"2584\" data-end=\"2780\" data-is-last-node=\"\" data-is-only-node=\"\"><strong data-start=\"2584\" data-end=\"2603\">*IMAGEN: Google Images<\/strong><\/p>\n<\/div>\n<\/div>\n<\/div>\n<\/div>\n<\/div>\n<\/div>\n<\/article>\n<\/div>\n<\/div>\n","protected":false},"author":28953,"featured_media":163829,"template":"","format":"standard","categories":[4],"acf":[],"yoast_head":"<!-- This site is optimized with the Yoast SEO Premium plugin v18.5 (Yoast SEO v20.4) - https:\/\/yoast.com\/wordpress\/plugins\/seo\/ -->\n<title>Glamoratti: la tendencia que definir\u00e1 el estilo en 2026<\/title>\n<meta name=\"description\" content=\"Una est\u00e9tica audaz que fusiona elegancia cl\u00e1sica maximalismo moderno y una actitud segura que marca el nuevo lenguaje del estilo global\" \/>\n<meta name=\"robots\" content=\"index, follow, max-snippet:-1, max-image-preview:large, max-video-preview:-1\" \/>\n<link rel=\"canonical\" href=\"https:\/\/graziamagazine.com\/mx\/articles\/glamoratti-la-tendencia-que-definira-el-estilo-en-2026\/\" \/>\n<meta property=\"og:locale\" content=\"es_MX\" \/>\n<meta property=\"og:type\" content=\"article\" \/>\n<meta property=\"og:title\" content=\"Glamoratti: la tendencia que definir\u00e1 el estilo en 2026\" \/>\n<meta property=\"og:description\" content=\"Una est\u00e9tica audaz que fusiona elegancia cl\u00e1sica maximalismo moderno y una actitud segura que marca el nuevo lenguaje del estilo global\" \/>\n<meta property=\"og:url\" content=\"https:\/\/graziamagazine.com\/mx\/articles\/glamoratti-la-tendencia-que-definira-el-estilo-en-2026\/\" \/>\n<meta property=\"og:site_name\" content=\"Grazia M\u00e9xico y Latinoam\u00e9rica\" \/>\n<meta property=\"article:modified_time\" content=\"2025-12-27T23:25:20+00:00\" \/>\n<meta property=\"og:image\" content=\"https:\/\/graziamagazine.com\/mx\/wp-content\/uploads\/sites\/13\/2025\/12\/00962123c1c00134d94d02f5e87f110d-e1766790032236.jpg\" \/>\n\t<meta property=\"og:image:width\" content=\"1200\" \/>\n\t<meta property=\"og:image:height\" content=\"942\" \/>\n\t<meta property=\"og:image:type\" content=\"image\/jpeg\" \/>\n<meta name=\"twitter:card\" content=\"summary_large_image\" \/>\n<meta name=\"twitter:label1\" content=\"Est. reading time\" \/>\n\t<meta name=\"twitter:data1\" content=\"3 minutos\" \/>\n<script type=\"application\/ld+json\" class=\"yoast-schema-graph\">{\"@context\":\"https:\/\/schema.org\",\"@graph\":[{\"@type\":\"WebPage\",\"@id\":\"https:\/\/graziamagazine.com\/mx\/articles\/glamoratti-la-tendencia-que-definira-el-estilo-en-2026\/\",\"url\":\"https:\/\/graziamagazine.com\/mx\/articles\/glamoratti-la-tendencia-que-definira-el-estilo-en-2026\/\",\"name\":\"Glamoratti: la tendencia que definir\u00e1 el estilo en 2026\",\"isPartOf\":{\"@id\":\"https:\/\/graziamagazine.com\/mx\/#website\"},\"datePublished\":\"2025-12-29T13:43:57+00:00\",\"dateModified\":\"2025-12-27T23:25:20+00:00\",\"description\":\"Una est\u00e9tica audaz que fusiona elegancia cl\u00e1sica maximalismo moderno y una actitud segura que marca el nuevo lenguaje del estilo global\",\"breadcrumb\":{\"@id\":\"https:\/\/graziamagazine.com\/mx\/articles\/glamoratti-la-tendencia-que-definira-el-estilo-en-2026\/#breadcrumb\"},\"inLanguage\":\"es-MX\",\"potentialAction\":[{\"@type\":\"ReadAction\",\"target\":[\"https:\/\/graziamagazine.com\/mx\/articles\/glamoratti-la-tendencia-que-definira-el-estilo-en-2026\/\"]}]},{\"@type\":\"BreadcrumbList\",\"@id\":\"https:\/\/graziamagazine.com\/mx\/articles\/glamoratti-la-tendencia-que-definira-el-estilo-en-2026\/#breadcrumb\",\"itemListElement\":[{\"@type\":\"ListItem\",\"position\":1,\"name\":\"Home\",\"item\":\"https:\/\/graziamagazine.com\/mx\/\"},{\"@type\":\"ListItem\",\"position\":2,\"name\":\"Glamoratti: la tendencia que definir\u00e1 el estilo en 2026\"}]},{\"@type\":\"WebSite\",\"@id\":\"https:\/\/graziamagazine.com\/mx\/#website\",\"url\":\"https:\/\/graziamagazine.com\/mx\/\",\"name\":\"Grazia M\u00e9xico y Latinoam\u00e9rica\",\"description\":\"Grazia es moda, belleza y noticias  de actualidad \",\"potentialAction\":[{\"@type\":\"SearchAction\",\"target\":{\"@type\":\"EntryPoint\",\"urlTemplate\":\"https:\/\/graziamagazine.com\/mx\/?s={search_term_string}\"},\"query-input\":\"required name=search_term_string\"}],\"inLanguage\":\"es-MX\"}]}<\/script>\n<!-- \/ Yoast SEO Premium plugin. -->","yoast_head_json":{"title":"Glamoratti: la tendencia que definir\u00e1 el estilo en 2026","description":"Una est\u00e9tica audaz que fusiona elegancia cl\u00e1sica maximalismo moderno y una actitud segura que marca el nuevo lenguaje del estilo global","robots":{"index":"index","follow":"follow","max-snippet":"max-snippet:-1","max-image-preview":"max-image-preview:large","max-video-preview":"max-video-preview:-1"},"canonical":"https:\/\/graziamagazine.com\/mx\/articles\/glamoratti-la-tendencia-que-definira-el-estilo-en-2026\/","og_locale":"es_MX","og_type":"article","og_title":"Glamoratti: la tendencia que definir\u00e1 el estilo en 2026","og_description":"Una est\u00e9tica audaz que fusiona elegancia cl\u00e1sica maximalismo moderno y una actitud segura que marca el nuevo lenguaje del estilo global","og_url":"https:\/\/graziamagazine.com\/mx\/articles\/glamoratti-la-tendencia-que-definira-el-estilo-en-2026\/","og_site_name":"Grazia M\u00e9xico y Latinoam\u00e9rica","article_modified_time":"2025-12-27T23:25:20+00:00","og_image":[{"width":1200,"height":942,"url":"https:\/\/graziamagazine.com\/mx\/wp-content\/uploads\/sites\/13\/2025\/12\/00962123c1c00134d94d02f5e87f110d-e1766790032236.jpg","type":"image\/jpeg"}],"twitter_card":"summary_large_image","twitter_misc":{"Est. reading time":"3 minutos"},"schema":{"@context":"https:\/\/schema.org","@graph":[{"@type":"WebPage","@id":"https:\/\/graziamagazine.com\/mx\/articles\/glamoratti-la-tendencia-que-definira-el-estilo-en-2026\/","url":"https:\/\/graziamagazine.com\/mx\/articles\/glamoratti-la-tendencia-que-definira-el-estilo-en-2026\/","name":"Glamoratti: la tendencia que definir\u00e1 el estilo en 2026","isPartOf":{"@id":"https:\/\/graziamagazine.com\/mx\/#website"},"datePublished":"2025-12-29T13:43:57+00:00","dateModified":"2025-12-27T23:25:20+00:00","description":"Una est\u00e9tica audaz que fusiona elegancia cl\u00e1sica maximalismo moderno y una actitud segura que marca el nuevo lenguaje del estilo global","breadcrumb":{"@id":"https:\/\/graziamagazine.com\/mx\/articles\/glamoratti-la-tendencia-que-definira-el-estilo-en-2026\/#breadcrumb"},"inLanguage":"es-MX","potentialAction":[{"@type":"ReadAction","target":["https:\/\/graziamagazine.com\/mx\/articles\/glamoratti-la-tendencia-que-definira-el-estilo-en-2026\/"]}]},{"@type":"BreadcrumbList","@id":"https:\/\/graziamagazine.com\/mx\/articles\/glamoratti-la-tendencia-que-definira-el-estilo-en-2026\/#breadcrumb","itemListElement":[{"@type":"ListItem","position":1,"name":"Home","item":"https:\/\/graziamagazine.com\/mx\/"},{"@type":"ListItem","position":2,"name":"Glamoratti: la tendencia que definir\u00e1 el estilo en 2026"}]},{"@type":"WebSite","@id":"https:\/\/graziamagazine.com\/mx\/#website","url":"https:\/\/graziamagazine.com\/mx\/","name":"Grazia M\u00e9xico y Latinoam\u00e9rica","description":"Grazia es moda, belleza y noticias  de actualidad ","potentialAction":[{"@type":"SearchAction","target":{"@type":"EntryPoint","urlTemplate":"https:\/\/graziamagazine.com\/mx\/?s={search_term_string}"},"query-input":"required name=search_term_string"}],"inLanguage":"es-MX"}]}},"jetpack_sharing_enabled":true,"distributor_meta":false,"distributor_terms":false,"distributor_media":false,"distributor_original_site_name":"Grazia M\u00e9xico y Latinoam\u00e9rica","distributor_original_site_url":"https:\/\/graziamagazine.com\/mx","push-errors":false,"_links":{"self":[{"href":"https:\/\/graziamagazine.com\/mx\/wp-json\/wp\/v2\/articles\/163822"}],"collection":[{"href":"https:\/\/graziamagazine.com\/mx\/wp-json\/wp\/v2\/articles"}],"about":[{"href":"https:\/\/graziamagazine.com\/mx\/wp-json\/wp\/v2\/types\/articles"}],"author":[{"embeddable":true,"href":"https:\/\/graziamagazine.com\/mx\/wp-json\/wp\/v2\/users\/28953"}],"wp:featuredmedia":[{"embeddable":true,"href":"https:\/\/graziamagazine.com\/mx\/wp-json\/wp\/v2\/media\/163829"}],"wp:attachment":[{"href":"https:\/\/graziamagazine.com\/mx\/wp-json\/wp\/v2\/media?parent=163822"}],"wp:term":[{"taxonomy":"category","embeddable":true,"href":"https:\/\/graziamagazine.com\/mx\/wp-json\/wp\/v2\/categories?post=163822"}],"curies":[{"name":"wp","href":"https:\/\/api.w.org\/{rel}","templated":true}]}}