{"id":163798,"date":"2025-12-26T13:21:31","date_gmt":"2025-12-26T18:21:31","guid":{"rendered":"https:\/\/graziamagazine.com\/mx\/?post_type=articles&#038;p=163798"},"modified":"2025-12-26T13:46:44","modified_gmt":"2025-12-26T18:46:44","slug":"poet-core-la-nueva-estetica-de-moda-para-2026","status":"publish","type":"articles","link":"https:\/\/graziamagazine.com\/mx\/articles\/poet-core-la-nueva-estetica-de-moda-para-2026\/","title":{"rendered":"&#8216;Poet-core&#8217;, la nueva est\u00e9tica de moda para 2026"},"content":{"rendered":"<p>Cuando menos nos dimos cuenta, el 2026 ya est\u00e1 a la vuelta de la esquina. Eso significa que Pinterest ley\u00f3 las se\u00f1ales de millones de moodboards que se mueven en silencio, y sac\u00f3 su reporte de tendencias. En \u00e9l viene una que nadie vio venir, pero que hace todo el sentido del mundo: la est\u00e9tica Poet (o poet.core). Veremos diversidad en los cuellos de tortuga oversized, los blazers cl\u00e1sicos, las bolsas tipo messenger y esa energ\u00eda de &#8220;paso mis domingos en las librer\u00edas&#8221;. A\u00fan as\u00ed, el poet-core puede ir m\u00e1s all\u00e1 de lo visual: significa atrapar una emoci\u00f3n y convertirla en palabras, una apuesta por los regalos y mensajes con significado. \u00bfC\u00f3mo transformar esta moda en conexi\u00f3n y conversaci\u00f3n?<\/p>\n<figure id=\"attachment_163808\" aria-describedby=\"caption-attachment-163808\" style=\"width: 900px\" class=\"wp-caption alignnone\"><img loading=\"lazy\" decoding=\"async\" class=\"wp-image-163808 size-full\" src=\"https:\/\/graziamagazine.com\/mx\/wp-content\/uploads\/sites\/13\/2025\/12\/poet-core-la-nueva-estetica-de-moda-para-2026-1.jpg\" alt=\"'Poet-core', la nueva est\u00e9tica de moda para 2026\" width=\"900\" height=\"1200\" srcset=\"https:\/\/graziamagazine.com\/mx\/wp-content\/uploads\/sites\/13\/2025\/12\/poet-core-la-nueva-estetica-de-moda-para-2026-1.jpg 900w, https:\/\/graziamagazine.com\/mx\/wp-content\/uploads\/sites\/13\/2025\/12\/poet-core-la-nueva-estetica-de-moda-para-2026-1-338x450.jpg 338w, https:\/\/graziamagazine.com\/mx\/wp-content\/uploads\/sites\/13\/2025\/12\/poet-core-la-nueva-estetica-de-moda-para-2026-1-768x1024.jpg 768w, https:\/\/graziamagazine.com\/mx\/wp-content\/uploads\/sites\/13\/2025\/12\/poet-core-la-nueva-estetica-de-moda-para-2026-1-400x533.jpg 400w, https:\/\/graziamagazine.com\/mx\/wp-content\/uploads\/sites\/13\/2025\/12\/poet-core-la-nueva-estetica-de-moda-para-2026-1-155x207.jpg 155w\" sizes=\"(max-width: 900px) 100vw, 900px\" \/><figcaption id=\"caption-attachment-163808\" class=\"wp-caption-text\">Foto: Getty Images<\/figcaption><\/figure>\n<h2>Poet-core, la nueva est\u00e9tica de moda<\/h2>\n<p>Al parecer el poet-core habla de un rescate no s\u00f3lo de la vida anal\u00f3gica para leer y escribir, sino tambi\u00e9n desde el lugar de profundidad en la vida contempor\u00e1nea. Dentro de ello, el estilismo literario-acad\u00e9mico combina la vibra vintage \u2014piezas atemporales y bien cuidadas\u2014 junto con accesorios muy espec\u00edficos \u2014como broches, boinas y bolsas tipo satchel\u2014, creando un look tanto intelectual como rom\u00e1ntico.<\/p>\n<figure id=\"attachment_163814\" aria-describedby=\"caption-attachment-163814\" style=\"width: 900px\" class=\"wp-caption alignnone\"><img loading=\"lazy\" decoding=\"async\" class=\"wp-image-163814 size-full\" src=\"https:\/\/graziamagazine.com\/mx\/wp-content\/uploads\/sites\/13\/2025\/12\/poet-core-la-nueva-estetica-de-moda-para-2026-8.jpg\" alt=\"'Poet-core', la nueva est\u00e9tica de moda para 2026\" width=\"900\" height=\"1200\" srcset=\"https:\/\/graziamagazine.com\/mx\/wp-content\/uploads\/sites\/13\/2025\/12\/poet-core-la-nueva-estetica-de-moda-para-2026-8.jpg 900w, https:\/\/graziamagazine.com\/mx\/wp-content\/uploads\/sites\/13\/2025\/12\/poet-core-la-nueva-estetica-de-moda-para-2026-8-338x450.jpg 338w, https:\/\/graziamagazine.com\/mx\/wp-content\/uploads\/sites\/13\/2025\/12\/poet-core-la-nueva-estetica-de-moda-para-2026-8-768x1024.jpg 768w, https:\/\/graziamagazine.com\/mx\/wp-content\/uploads\/sites\/13\/2025\/12\/poet-core-la-nueva-estetica-de-moda-para-2026-8-400x533.jpg 400w, https:\/\/graziamagazine.com\/mx\/wp-content\/uploads\/sites\/13\/2025\/12\/poet-core-la-nueva-estetica-de-moda-para-2026-8-155x207.jpg 155w\" sizes=\"(max-width: 900px) 100vw, 900px\" \/><figcaption id=\"caption-attachment-163814\" class=\"wp-caption-text\">Foto: Getty Images<\/figcaption><\/figure>\n<p>Es una forma de ver lo mejor del cottagecore y el\u00a0<em>dark academia\u00a0<\/em>combinado, una sensaci\u00f3n acogedora, reflexiva y ligeramente nost\u00e1lgica.<\/p>\n<p><strong>\u2022 Colores:\u00a0<\/strong>la paleta de colores para el poet-core puede ir desde los m\u00e1s oscuros (burgundy, marr\u00f3n, verde bosque) hasta tonos vivos pero neutros (rojo, amarillo, rosa, azul). Dependiendo de c\u00f3mo quieras llevar esta tendencia, puedes apostar por los colores oto\u00f1ales, o mezclar un poco de neutros con color block para a\u00f1adir dramatismo al look.<\/p>\n<figure id=\"attachment_163811\" aria-describedby=\"caption-attachment-163811\" style=\"width: 900px\" class=\"wp-caption alignnone\"><img loading=\"lazy\" decoding=\"async\" class=\"wp-image-163811 size-full\" src=\"https:\/\/graziamagazine.com\/mx\/wp-content\/uploads\/sites\/13\/2025\/12\/poet-core-la-nueva-estetica-de-moda-para-2026-5.jpg\" alt=\"'Poet-core', la nueva est\u00e9tica de moda para 2026\" width=\"900\" height=\"1200\" srcset=\"https:\/\/graziamagazine.com\/mx\/wp-content\/uploads\/sites\/13\/2025\/12\/poet-core-la-nueva-estetica-de-moda-para-2026-5.jpg 900w, https:\/\/graziamagazine.com\/mx\/wp-content\/uploads\/sites\/13\/2025\/12\/poet-core-la-nueva-estetica-de-moda-para-2026-5-338x450.jpg 338w, https:\/\/graziamagazine.com\/mx\/wp-content\/uploads\/sites\/13\/2025\/12\/poet-core-la-nueva-estetica-de-moda-para-2026-5-768x1024.jpg 768w, https:\/\/graziamagazine.com\/mx\/wp-content\/uploads\/sites\/13\/2025\/12\/poet-core-la-nueva-estetica-de-moda-para-2026-5-400x533.jpg 400w, https:\/\/graziamagazine.com\/mx\/wp-content\/uploads\/sites\/13\/2025\/12\/poet-core-la-nueva-estetica-de-moda-para-2026-5-155x207.jpg 155w\" sizes=\"(max-width: 900px) 100vw, 900px\" \/><figcaption id=\"caption-attachment-163811\" class=\"wp-caption-text\">Foto: Getty Images<\/figcaption><\/figure>\n<p><strong>\u2022 Estampados:\u00a0<\/strong>el estampado a cuadros (escoc\u00e9s) es el principal, pero tambi\u00e9n entran los patrones cruzados y de pata de gallo. Estos estampados se encuentran en prendas como minifaldas plisadas, chaquetas oversized, c\u00e1rdigans o la cl\u00e1sica blusa blanca abotonada. Los cuadros buscan representar el aspecto tradicional y vintage de la est\u00e9tica poet-core.<\/p>\n<figure id=\"attachment_163810\" aria-describedby=\"caption-attachment-163810\" style=\"width: 900px\" class=\"wp-caption alignnone\"><img loading=\"lazy\" decoding=\"async\" class=\"wp-image-163810 size-full\" src=\"https:\/\/graziamagazine.com\/mx\/wp-content\/uploads\/sites\/13\/2025\/12\/poet-core-la-nueva-estetica-de-moda-para-2026-3.jpg\" alt=\"'Poet-core', la nueva est\u00e9tica de moda para 2026\" width=\"900\" height=\"1200\" srcset=\"https:\/\/graziamagazine.com\/mx\/wp-content\/uploads\/sites\/13\/2025\/12\/poet-core-la-nueva-estetica-de-moda-para-2026-3.jpg 900w, https:\/\/graziamagazine.com\/mx\/wp-content\/uploads\/sites\/13\/2025\/12\/poet-core-la-nueva-estetica-de-moda-para-2026-3-338x450.jpg 338w, https:\/\/graziamagazine.com\/mx\/wp-content\/uploads\/sites\/13\/2025\/12\/poet-core-la-nueva-estetica-de-moda-para-2026-3-768x1024.jpg 768w, https:\/\/graziamagazine.com\/mx\/wp-content\/uploads\/sites\/13\/2025\/12\/poet-core-la-nueva-estetica-de-moda-para-2026-3-400x533.jpg 400w, https:\/\/graziamagazine.com\/mx\/wp-content\/uploads\/sites\/13\/2025\/12\/poet-core-la-nueva-estetica-de-moda-para-2026-3-155x207.jpg 155w\" sizes=\"(max-width: 900px) 100vw, 900px\" \/><figcaption id=\"caption-attachment-163810\" class=\"wp-caption-text\">Foto: Getty Images<\/figcaption><\/figure>\n<p><strong>\u2022 Texturas:\u00a0<\/strong>el uso de capas tambi\u00e9n es clave. Combina diferentes texturas con su\u00e9teres o chalecos de punto sobre camisas abotonadas, faldas con medias o motivos con encaje.<\/p>\n<figure id=\"attachment_163812\" aria-describedby=\"caption-attachment-163812\" style=\"width: 900px\" class=\"wp-caption alignnone\"><img loading=\"lazy\" decoding=\"async\" class=\"wp-image-163812 size-full\" src=\"https:\/\/graziamagazine.com\/mx\/wp-content\/uploads\/sites\/13\/2025\/12\/poet-core-la-nueva-estetica-de-moda-para-2026-6.jpg\" alt=\"'Poet-core', la nueva est\u00e9tica de moda para 2026\" width=\"900\" height=\"1200\" srcset=\"https:\/\/graziamagazine.com\/mx\/wp-content\/uploads\/sites\/13\/2025\/12\/poet-core-la-nueva-estetica-de-moda-para-2026-6.jpg 900w, https:\/\/graziamagazine.com\/mx\/wp-content\/uploads\/sites\/13\/2025\/12\/poet-core-la-nueva-estetica-de-moda-para-2026-6-338x450.jpg 338w, https:\/\/graziamagazine.com\/mx\/wp-content\/uploads\/sites\/13\/2025\/12\/poet-core-la-nueva-estetica-de-moda-para-2026-6-768x1024.jpg 768w, https:\/\/graziamagazine.com\/mx\/wp-content\/uploads\/sites\/13\/2025\/12\/poet-core-la-nueva-estetica-de-moda-para-2026-6-400x533.jpg 400w, https:\/\/graziamagazine.com\/mx\/wp-content\/uploads\/sites\/13\/2025\/12\/poet-core-la-nueva-estetica-de-moda-para-2026-6-155x207.jpg 155w\" sizes=\"(max-width: 900px) 100vw, 900px\" \/><figcaption id=\"caption-attachment-163812\" class=\"wp-caption-text\">Foto: Getty Images<\/figcaption><\/figure>\n<p>No cabe duda que conforme avance el 2026 veremos mayor desglose de esta tendencia, pero mientras puedes tomar a consideraci\u00f3n simplemente llevar pantalones de vestir holgados con una camisa blanca de botones amplia. Un poco del estilo a la Jane Austen, mezclado con las apasionadas letras de Emily Dickinson y la audacia de Sylvia Plath. \u00bfQu\u00e9 te parece la est\u00e9tica poet-core?<\/p>\n<figure id=\"attachment_163809\" aria-describedby=\"caption-attachment-163809\" style=\"width: 900px\" class=\"wp-caption alignnone\"><img loading=\"lazy\" decoding=\"async\" class=\"wp-image-163809 size-full\" src=\"https:\/\/graziamagazine.com\/mx\/wp-content\/uploads\/sites\/13\/2025\/12\/poet-core-la-nueva-estetica-de-moda-para-2026-2.jpg\" alt=\"'Poet-core', la nueva est\u00e9tica de moda para 2026\" width=\"900\" height=\"1200\" srcset=\"https:\/\/graziamagazine.com\/mx\/wp-content\/uploads\/sites\/13\/2025\/12\/poet-core-la-nueva-estetica-de-moda-para-2026-2.jpg 900w, https:\/\/graziamagazine.com\/mx\/wp-content\/uploads\/sites\/13\/2025\/12\/poet-core-la-nueva-estetica-de-moda-para-2026-2-338x450.jpg 338w, https:\/\/graziamagazine.com\/mx\/wp-content\/uploads\/sites\/13\/2025\/12\/poet-core-la-nueva-estetica-de-moda-para-2026-2-768x1024.jpg 768w, https:\/\/graziamagazine.com\/mx\/wp-content\/uploads\/sites\/13\/2025\/12\/poet-core-la-nueva-estetica-de-moda-para-2026-2-400x533.jpg 400w, https:\/\/graziamagazine.com\/mx\/wp-content\/uploads\/sites\/13\/2025\/12\/poet-core-la-nueva-estetica-de-moda-para-2026-2-155x207.jpg 155w\" sizes=\"(max-width: 900px) 100vw, 900px\" \/><figcaption id=\"caption-attachment-163809\" class=\"wp-caption-text\">Foto: Getty Images<\/figcaption><\/figure>\n","protected":false},"author":42761,"featured_media":163815,"template":"","format":"standard","categories":[4],"acf":[],"yoast_head":"<!-- This site is optimized with the Yoast SEO Premium plugin v18.5 (Yoast SEO v20.4) - https:\/\/yoast.com\/wordpress\/plugins\/seo\/ -->\n<title>&#039;Poet-core&#039;, la nueva est\u00e9tica de moda para 2026 | Grazia M\u00e9xico y Latinoam\u00e9rica<\/title>\n<meta name=\"description\" content=\"Cuando menos nos dimos cuenta, el 2026 ya est\u00e1 a la vuelta de la esquina. Eso significa que Pinterest ley\u00f3 las se\u00f1ales de millones de moodboards que se\" \/>\n<meta name=\"robots\" content=\"index, follow, max-snippet:-1, max-image-preview:large, max-video-preview:-1\" \/>\n<link rel=\"canonical\" href=\"https:\/\/graziamagazine.com\/mx\/articles\/poet-core-la-nueva-estetica-de-moda-para-2026\/\" \/>\n<meta property=\"og:locale\" content=\"es_MX\" \/>\n<meta property=\"og:type\" content=\"article\" \/>\n<meta property=\"og:title\" content=\"&#039;Poet-core&#039;, la nueva est\u00e9tica de moda para 2026\" \/>\n<meta property=\"og:description\" content=\"Cuando menos nos dimos cuenta, el 2026 ya est\u00e1 a la vuelta de la esquina. Eso significa que Pinterest ley\u00f3 las se\u00f1ales de millones de moodboards que se\" \/>\n<meta property=\"og:url\" content=\"https:\/\/graziamagazine.com\/mx\/articles\/poet-core-la-nueva-estetica-de-moda-para-2026\/\" \/>\n<meta property=\"og:site_name\" content=\"Grazia M\u00e9xico y Latinoam\u00e9rica\" \/>\n<meta property=\"article:modified_time\" content=\"2025-12-26T18:46:44+00:00\" \/>\n<meta property=\"og:image\" content=\"https:\/\/graziamagazine.com\/mx\/wp-content\/uploads\/sites\/13\/2025\/12\/poet-core-la-nueva-estetica-de-moda-para-2026-9.jpg\" \/>\n\t<meta property=\"og:image:width\" content=\"1280\" \/>\n\t<meta property=\"og:image:height\" content=\"720\" \/>\n\t<meta property=\"og:image:type\" content=\"image\/jpeg\" \/>\n<meta name=\"twitter:card\" content=\"summary_large_image\" \/>\n<meta name=\"twitter:label1\" content=\"Est. reading time\" \/>\n\t<meta name=\"twitter:data1\" content=\"4 minutos\" \/>\n<script type=\"application\/ld+json\" class=\"yoast-schema-graph\">{\"@context\":\"https:\/\/schema.org\",\"@graph\":[{\"@type\":\"WebPage\",\"@id\":\"https:\/\/graziamagazine.com\/mx\/articles\/poet-core-la-nueva-estetica-de-moda-para-2026\/\",\"url\":\"https:\/\/graziamagazine.com\/mx\/articles\/poet-core-la-nueva-estetica-de-moda-para-2026\/\",\"name\":\"'Poet-core', la nueva est\u00e9tica de moda para 2026 | Grazia M\u00e9xico y Latinoam\u00e9rica\",\"isPartOf\":{\"@id\":\"https:\/\/graziamagazine.com\/mx\/#website\"},\"datePublished\":\"2025-12-26T18:21:31+00:00\",\"dateModified\":\"2025-12-26T18:46:44+00:00\",\"description\":\"Cuando menos nos dimos cuenta, el 2026 ya est\u00e1 a la vuelta de la esquina. Eso significa que Pinterest ley\u00f3 las se\u00f1ales de millones de moodboards que se\",\"breadcrumb\":{\"@id\":\"https:\/\/graziamagazine.com\/mx\/articles\/poet-core-la-nueva-estetica-de-moda-para-2026\/#breadcrumb\"},\"inLanguage\":\"es-MX\",\"potentialAction\":[{\"@type\":\"ReadAction\",\"target\":[\"https:\/\/graziamagazine.com\/mx\/articles\/poet-core-la-nueva-estetica-de-moda-para-2026\/\"]}]},{\"@type\":\"BreadcrumbList\",\"@id\":\"https:\/\/graziamagazine.com\/mx\/articles\/poet-core-la-nueva-estetica-de-moda-para-2026\/#breadcrumb\",\"itemListElement\":[{\"@type\":\"ListItem\",\"position\":1,\"name\":\"Home\",\"item\":\"https:\/\/graziamagazine.com\/mx\/\"},{\"@type\":\"ListItem\",\"position\":2,\"name\":\"&#8216;Poet-core&#8217;, la nueva est\u00e9tica de moda para 2026\"}]},{\"@type\":\"WebSite\",\"@id\":\"https:\/\/graziamagazine.com\/mx\/#website\",\"url\":\"https:\/\/graziamagazine.com\/mx\/\",\"name\":\"Grazia M\u00e9xico y Latinoam\u00e9rica\",\"description\":\"Grazia es moda, belleza y noticias  de actualidad \",\"potentialAction\":[{\"@type\":\"SearchAction\",\"target\":{\"@type\":\"EntryPoint\",\"urlTemplate\":\"https:\/\/graziamagazine.com\/mx\/?s={search_term_string}\"},\"query-input\":\"required name=search_term_string\"}],\"inLanguage\":\"es-MX\"}]}<\/script>\n<!-- \/ Yoast SEO Premium plugin. -->","yoast_head_json":{"title":"'Poet-core', la nueva est\u00e9tica de moda para 2026 | Grazia M\u00e9xico y Latinoam\u00e9rica","description":"Cuando menos nos dimos cuenta, el 2026 ya est\u00e1 a la vuelta de la esquina. Eso significa que Pinterest ley\u00f3 las se\u00f1ales de millones de moodboards que se","robots":{"index":"index","follow":"follow","max-snippet":"max-snippet:-1","max-image-preview":"max-image-preview:large","max-video-preview":"max-video-preview:-1"},"canonical":"https:\/\/graziamagazine.com\/mx\/articles\/poet-core-la-nueva-estetica-de-moda-para-2026\/","og_locale":"es_MX","og_type":"article","og_title":"'Poet-core', la nueva est\u00e9tica de moda para 2026","og_description":"Cuando menos nos dimos cuenta, el 2026 ya est\u00e1 a la vuelta de la esquina. Eso significa que Pinterest ley\u00f3 las se\u00f1ales de millones de moodboards que se","og_url":"https:\/\/graziamagazine.com\/mx\/articles\/poet-core-la-nueva-estetica-de-moda-para-2026\/","og_site_name":"Grazia M\u00e9xico y Latinoam\u00e9rica","article_modified_time":"2025-12-26T18:46:44+00:00","og_image":[{"width":1280,"height":720,"url":"https:\/\/graziamagazine.com\/mx\/wp-content\/uploads\/sites\/13\/2025\/12\/poet-core-la-nueva-estetica-de-moda-para-2026-9.jpg","type":"image\/jpeg"}],"twitter_card":"summary_large_image","twitter_misc":{"Est. reading time":"4 minutos"},"schema":{"@context":"https:\/\/schema.org","@graph":[{"@type":"WebPage","@id":"https:\/\/graziamagazine.com\/mx\/articles\/poet-core-la-nueva-estetica-de-moda-para-2026\/","url":"https:\/\/graziamagazine.com\/mx\/articles\/poet-core-la-nueva-estetica-de-moda-para-2026\/","name":"'Poet-core', la nueva est\u00e9tica de moda para 2026 | Grazia M\u00e9xico y Latinoam\u00e9rica","isPartOf":{"@id":"https:\/\/graziamagazine.com\/mx\/#website"},"datePublished":"2025-12-26T18:21:31+00:00","dateModified":"2025-12-26T18:46:44+00:00","description":"Cuando menos nos dimos cuenta, el 2026 ya est\u00e1 a la vuelta de la esquina. Eso significa que Pinterest ley\u00f3 las se\u00f1ales de millones de moodboards que se","breadcrumb":{"@id":"https:\/\/graziamagazine.com\/mx\/articles\/poet-core-la-nueva-estetica-de-moda-para-2026\/#breadcrumb"},"inLanguage":"es-MX","potentialAction":[{"@type":"ReadAction","target":["https:\/\/graziamagazine.com\/mx\/articles\/poet-core-la-nueva-estetica-de-moda-para-2026\/"]}]},{"@type":"BreadcrumbList","@id":"https:\/\/graziamagazine.com\/mx\/articles\/poet-core-la-nueva-estetica-de-moda-para-2026\/#breadcrumb","itemListElement":[{"@type":"ListItem","position":1,"name":"Home","item":"https:\/\/graziamagazine.com\/mx\/"},{"@type":"ListItem","position":2,"name":"&#8216;Poet-core&#8217;, la nueva est\u00e9tica de moda para 2026"}]},{"@type":"WebSite","@id":"https:\/\/graziamagazine.com\/mx\/#website","url":"https:\/\/graziamagazine.com\/mx\/","name":"Grazia M\u00e9xico y Latinoam\u00e9rica","description":"Grazia es moda, belleza y noticias  de actualidad ","potentialAction":[{"@type":"SearchAction","target":{"@type":"EntryPoint","urlTemplate":"https:\/\/graziamagazine.com\/mx\/?s={search_term_string}"},"query-input":"required name=search_term_string"}],"inLanguage":"es-MX"}]}},"jetpack_sharing_enabled":true,"distributor_meta":false,"distributor_terms":false,"distributor_media":false,"distributor_original_site_name":"Grazia M\u00e9xico y Latinoam\u00e9rica","distributor_original_site_url":"https:\/\/graziamagazine.com\/mx","push-errors":false,"_links":{"self":[{"href":"https:\/\/graziamagazine.com\/mx\/wp-json\/wp\/v2\/articles\/163798"}],"collection":[{"href":"https:\/\/graziamagazine.com\/mx\/wp-json\/wp\/v2\/articles"}],"about":[{"href":"https:\/\/graziamagazine.com\/mx\/wp-json\/wp\/v2\/types\/articles"}],"author":[{"embeddable":true,"href":"https:\/\/graziamagazine.com\/mx\/wp-json\/wp\/v2\/users\/42761"}],"wp:featuredmedia":[{"embeddable":true,"href":"https:\/\/graziamagazine.com\/mx\/wp-json\/wp\/v2\/media\/163815"}],"wp:attachment":[{"href":"https:\/\/graziamagazine.com\/mx\/wp-json\/wp\/v2\/media?parent=163798"}],"wp:term":[{"taxonomy":"category","embeddable":true,"href":"https:\/\/graziamagazine.com\/mx\/wp-json\/wp\/v2\/categories?post=163798"}],"curies":[{"name":"wp","href":"https:\/\/api.w.org\/{rel}","templated":true}]}}