{"id":163638,"date":"2025-12-22T14:18:20","date_gmt":"2025-12-22T19:18:20","guid":{"rendered":"https:\/\/graziamagazine.com\/mx\/?post_type=articles&#038;p=163638"},"modified":"2025-12-22T14:22:06","modified_gmt":"2025-12-22T19:22:06","slug":"manicure-navideno-10-ideas-para-esta-temporada-festiva","status":"publish","type":"articles","link":"https:\/\/graziamagazine.com\/mx\/articles\/manicure-navideno-10-ideas-para-esta-temporada-festiva\/","title":{"rendered":"Manicure navide\u00f1o: 10 ideas para esta temporada festiva"},"content":{"rendered":"<p><span style=\"font-weight: 400\">La manicura navide\u00f1a se ha convertido en el broche de oro para cerrar cualquier look festivo con coherencia y elegancia. Las tendencias actuales apuestan por los t\u00edpicos colores de la \u00e9poca, pero con t\u00e9cnicas nuevas y detalles decorativos que realzan el esp\u00edritu navide\u00f1o que amamos.\u00a0<\/span><\/p>\n<p><span style=\"font-weight: 400\">Estas son diez ideas de manicuras para Navidad, con opciones vers\u00e1tiles para todos los gustos:<\/span><\/p>\n<h3><strong>1.- Rojo cl\u00e1sico\u00a0<\/strong><\/h3>\n<p><span style=\"font-weight: 400\">El rojo contin\u00faa siendo el tono m\u00e1s representativo de la Navidad. En versiones cremosas o ligeramente brillantes, este color aporta presencia y brilla por s\u00ed mismo. Funciona tanto en u\u00f1as cortas como largas y se adapta con facilidad a celebraciones formales o reuniones familiares.<\/span><\/p>\n<p><img loading=\"lazy\" decoding=\"async\" class=\"alignnone size-medium wp-image-163648\" src=\"https:\/\/graziamagazine.com\/mx\/wp-content\/uploads\/sites\/13\/2025\/12\/roj-450x339.jpg\" alt=\"\" width=\"450\" height=\"339\" srcset=\"https:\/\/graziamagazine.com\/mx\/wp-content\/uploads\/sites\/13\/2025\/12\/roj-450x339.jpg 450w, https:\/\/graziamagazine.com\/mx\/wp-content\/uploads\/sites\/13\/2025\/12\/roj-400x301.jpg 400w, https:\/\/graziamagazine.com\/mx\/wp-content\/uploads\/sites\/13\/2025\/12\/roj-155x117.jpg 155w, https:\/\/graziamagazine.com\/mx\/wp-content\/uploads\/sites\/13\/2025\/12\/roj.jpg 674w\" sizes=\"(max-width: 450px) 100vw, 450px\" \/><\/p>\n<h3><strong>2.- French manicure con detalles dorados<\/strong><\/h3>\n<p><span style=\"font-weight: 400\">La manicura francesa evoluciona hacia una est\u00e9tica m\u00e1s festiva incorporando l\u00edneas finas en color dorado. Va bien con joyer\u00eda met\u00e1lica y atuendos de noche.<\/span><\/p>\n<p><img loading=\"lazy\" decoding=\"async\" class=\"alignnone size-medium wp-image-163639\" src=\"https:\/\/graziamagazine.com\/mx\/wp-content\/uploads\/sites\/13\/2025\/12\/65-2-259x450.jpg\" alt=\"\" width=\"259\" height=\"450\" srcset=\"https:\/\/graziamagazine.com\/mx\/wp-content\/uploads\/sites\/13\/2025\/12\/65-2-259x450.jpg 259w, https:\/\/graziamagazine.com\/mx\/wp-content\/uploads\/sites\/13\/2025\/12\/65-2-400x696.jpg 400w, https:\/\/graziamagazine.com\/mx\/wp-content\/uploads\/sites\/13\/2025\/12\/65-2-124x215.jpg 124w, https:\/\/graziamagazine.com\/mx\/wp-content\/uploads\/sites\/13\/2025\/12\/65-2.jpg 403w\" sizes=\"(max-width: 259px) 100vw, 259px\" \/><\/p>\n<h3><strong>3.- Nude con destellos discretos<\/strong><\/h3>\n<p><span style=\"font-weight: 400\">Los esmaltes nude con part\u00edculas de brillo fino ofrecen una gran opci\u00f3n sobria para acabados m\u00e1s neutros. Este tipo de manicure resulta adecuado para eventos prolongados o compromisos laborales durante la temporada.<\/span><\/p>\n<p><img loading=\"lazy\" decoding=\"async\" class=\"alignnone size-medium wp-image-163646\" src=\"https:\/\/graziamagazine.com\/mx\/wp-content\/uploads\/sites\/13\/2025\/12\/neu-383x450.jpg\" alt=\"\" width=\"383\" height=\"450\" srcset=\"https:\/\/graziamagazine.com\/mx\/wp-content\/uploads\/sites\/13\/2025\/12\/neu-383x450.jpg 383w, https:\/\/graziamagazine.com\/mx\/wp-content\/uploads\/sites\/13\/2025\/12\/neu-400x470.jpg 400w, https:\/\/graziamagazine.com\/mx\/wp-content\/uploads\/sites\/13\/2025\/12\/neu-155x182.jpg 155w, https:\/\/graziamagazine.com\/mx\/wp-content\/uploads\/sites\/13\/2025\/12\/neu.jpg 582w\" sizes=\"(max-width: 383px) 100vw, 383px\" \/><\/p>\n<h3><strong>4.- Verde bosque profundo<\/strong><\/h3>\n<p><span style=\"font-weight: 400\">El verde oscuro, cercano al tono de los pinos navide\u00f1os, es una alternativa s\u00f3lida al rojo tradicional. Su car\u00e1cter profundo transmite elegancia y combina bien con prendas en tonos neutros o tejidos invernales.<\/span><\/p>\n<p><img loading=\"lazy\" decoding=\"async\" class=\"alignnone size-full wp-image-163649\" src=\"https:\/\/graziamagazine.com\/mx\/wp-content\/uploads\/sites\/13\/2025\/12\/ver.jpg\" alt=\"\" width=\"336\" height=\"422\" srcset=\"https:\/\/graziamagazine.com\/mx\/wp-content\/uploads\/sites\/13\/2025\/12\/ver.jpg 336w, https:\/\/graziamagazine.com\/mx\/wp-content\/uploads\/sites\/13\/2025\/12\/ver-155x195.jpg 155w\" sizes=\"(max-width: 336px) 100vw, 336px\" \/><\/p>\n<h3><strong>5.- Efecto perla o nacarado<\/strong><\/h3>\n<p><span style=\"font-weight: 400\">Los acabados aperlados regresan con fuerza, especialmente en tonos claros. Este tipo de esmalte refleja la luz de forma uniforme y aporta un aspecto cuidado festivo.<\/span><\/p>\n<p><img loading=\"lazy\" decoding=\"async\" class=\"alignnone size-medium wp-image-163647\" src=\"https:\/\/graziamagazine.com\/mx\/wp-content\/uploads\/sites\/13\/2025\/12\/per-327x450.jpg\" alt=\"\" width=\"327\" height=\"450\" srcset=\"https:\/\/graziamagazine.com\/mx\/wp-content\/uploads\/sites\/13\/2025\/12\/per-327x450.jpg 327w, https:\/\/graziamagazine.com\/mx\/wp-content\/uploads\/sites\/13\/2025\/12\/per-400x551.jpg 400w, https:\/\/graziamagazine.com\/mx\/wp-content\/uploads\/sites\/13\/2025\/12\/per-155x213.jpg 155w, https:\/\/graziamagazine.com\/mx\/wp-content\/uploads\/sites\/13\/2025\/12\/per.jpg 465w\" sizes=\"(max-width: 327px) 100vw, 327px\" \/><\/p>\n<h3><strong>6.- Blanco lechoso<\/strong><\/h3>\n<p><span style=\"font-weight: 400\">El blanco suave, con una ligera transparencia, es una opci\u00f3n elegante para el invierno. En Navidad, este manicure realza la forma natural de la u\u00f1a, dando orden y frescura.<\/span><\/p>\n<p><img loading=\"lazy\" decoding=\"async\" class=\"alignnone size-medium wp-image-163644\" src=\"https:\/\/graziamagazine.com\/mx\/wp-content\/uploads\/sites\/13\/2025\/12\/lech-342x450.jpg\" alt=\"\" width=\"342\" height=\"450\" srcset=\"https:\/\/graziamagazine.com\/mx\/wp-content\/uploads\/sites\/13\/2025\/12\/lech-342x450.jpg 342w, https:\/\/graziamagazine.com\/mx\/wp-content\/uploads\/sites\/13\/2025\/12\/lech-155x204.jpg 155w, https:\/\/graziamagazine.com\/mx\/wp-content\/uploads\/sites\/13\/2025\/12\/lech.jpg 373w\" sizes=\"(max-width: 342px) 100vw, 342px\" \/><\/p>\n<h3><strong>7.- Rojo vino<\/strong><\/h3>\n<p><span style=\"font-weight: 400\">M\u00e1s profundo que el rojo cl\u00e1sico, el borgo\u00f1a se asocia con celebraciones nocturnas y ambientes m\u00e1s formales. Este tono resulta favorecedor en distintos tonos de piel y siempre se ve elegante.<\/span><\/p>\n<p><img loading=\"lazy\" decoding=\"async\" class=\"alignnone size-medium wp-image-163650\" src=\"https:\/\/graziamagazine.com\/mx\/wp-content\/uploads\/sites\/13\/2025\/12\/vin-306x450.jpg\" alt=\"\" width=\"306\" height=\"450\" srcset=\"https:\/\/graziamagazine.com\/mx\/wp-content\/uploads\/sites\/13\/2025\/12\/vin-306x450.jpg 306w, https:\/\/graziamagazine.com\/mx\/wp-content\/uploads\/sites\/13\/2025\/12\/vin-146x215.jpg 146w, https:\/\/graziamagazine.com\/mx\/wp-content\/uploads\/sites\/13\/2025\/12\/vin.jpg 364w\" sizes=\"(max-width: 306px) 100vw, 306px\" \/><\/p>\n<h3><strong>8.- Dorado met\u00e1lico<\/strong><\/h3>\n<p><span style=\"font-weight: 400\">El esmalte dorado, en acabado espejo o brillante, evoca directamente el esp\u00edritu festivo. Utilizado en todas las u\u00f1as o como acento, es una elecci\u00f3n que siempre resultar\u00e1 acertada.<\/span><\/p>\n<p><img loading=\"lazy\" decoding=\"async\" class=\"alignnone size-medium wp-image-163643\" src=\"https:\/\/graziamagazine.com\/mx\/wp-content\/uploads\/sites\/13\/2025\/12\/dor-332x450.jpg\" alt=\"\" width=\"332\" height=\"450\" srcset=\"https:\/\/graziamagazine.com\/mx\/wp-content\/uploads\/sites\/13\/2025\/12\/dor-332x450.jpg 332w, https:\/\/graziamagazine.com\/mx\/wp-content\/uploads\/sites\/13\/2025\/12\/dor-400x543.jpg 400w, https:\/\/graziamagazine.com\/mx\/wp-content\/uploads\/sites\/13\/2025\/12\/dor-155x210.jpg 155w, https:\/\/graziamagazine.com\/mx\/wp-content\/uploads\/sites\/13\/2025\/12\/dor.jpg 524w\" sizes=\"(max-width: 332px) 100vw, 332px\" \/><\/p>\n<h3><strong>9.- Dise\u00f1os minimalistas con motivos navide\u00f1os<\/strong><\/h3>\n<p><span style=\"font-weight: 400\">Peque\u00f1os detalles como l\u00edneas finas, puntos o s\u00edmbolos discretos permiten incorporar referencias navide\u00f1as sin caer en lo tradicional.<\/span><\/p>\n<p><img loading=\"lazy\" decoding=\"async\" class=\"alignnone size-medium wp-image-163645\" src=\"https:\/\/graziamagazine.com\/mx\/wp-content\/uploads\/sites\/13\/2025\/12\/mini-368x450.jpg\" alt=\"\" width=\"368\" height=\"450\" srcset=\"https:\/\/graziamagazine.com\/mx\/wp-content\/uploads\/sites\/13\/2025\/12\/mini-368x450.jpg 368w, https:\/\/graziamagazine.com\/mx\/wp-content\/uploads\/sites\/13\/2025\/12\/mini-400x490.jpg 400w, https:\/\/graziamagazine.com\/mx\/wp-content\/uploads\/sites\/13\/2025\/12\/mini-155x190.jpg 155w, https:\/\/graziamagazine.com\/mx\/wp-content\/uploads\/sites\/13\/2025\/12\/mini.jpg 531w\" sizes=\"(max-width: 368px) 100vw, 368px\" \/><\/p>\n<h3><strong>10.- T\u00edpico navide\u00f1o<\/strong><\/h3>\n<p><span style=\"font-weight: 400\">Independientemente del corte de la u\u00f1a o el tono del esmalte, a\u00f1adir dise\u00f1os t\u00edpicos como el mono de nieve, el copo de nieve o el \u00e1rbol de Navidad, jam\u00e1s dejar\u00e1 de ser bonito para las u\u00f1as en esta \u00e1poca.<\/span><\/p>\n<p><img loading=\"lazy\" decoding=\"async\" class=\"alignnone size-medium wp-image-163640\" src=\"https:\/\/graziamagazine.com\/mx\/wp-content\/uploads\/sites\/13\/2025\/12\/454-450x253.jpg\" alt=\"\" width=\"450\" height=\"253\" srcset=\"https:\/\/graziamagazine.com\/mx\/wp-content\/uploads\/sites\/13\/2025\/12\/454-450x253.jpg 450w, https:\/\/graziamagazine.com\/mx\/wp-content\/uploads\/sites\/13\/2025\/12\/454-1024x576.jpg 1024w, https:\/\/graziamagazine.com\/mx\/wp-content\/uploads\/sites\/13\/2025\/12\/454-768x432.jpg 768w, https:\/\/graziamagazine.com\/mx\/wp-content\/uploads\/sites\/13\/2025\/12\/454-400x225.jpg 400w, https:\/\/graziamagazine.com\/mx\/wp-content\/uploads\/sites\/13\/2025\/12\/454-155x87.jpg 155w, https:\/\/graziamagazine.com\/mx\/wp-content\/uploads\/sites\/13\/2025\/12\/454.jpg 1256w\" sizes=\"(max-width: 450px) 100vw, 450px\" \/><\/p>\n","protected":false},"author":11628,"featured_media":163641,"template":"","format":"standard","categories":[3],"acf":[],"yoast_head":"<!-- This site is optimized with the Yoast SEO Premium plugin v18.5 (Yoast SEO v20.4) - https:\/\/yoast.com\/wordpress\/plugins\/seo\/ -->\n<title>Manicure navide\u00f1o: 10 ideas para esta temporada festiva<\/title>\n<meta name=\"description\" content=\"La manicura navide\u00f1a se ha convertido en el broche de oro para cerrar cualquier look festivo con coherencia y elegancia. Las tendencias actuales apuestan\" \/>\n<meta name=\"robots\" content=\"index, follow, max-snippet:-1, max-image-preview:large, max-video-preview:-1\" \/>\n<link rel=\"canonical\" href=\"https:\/\/graziamagazine.com\/mx\/articles\/manicure-navideno-10-ideas-para-esta-temporada-festiva\/\" \/>\n<meta property=\"og:locale\" content=\"es_MX\" \/>\n<meta property=\"og:type\" content=\"article\" \/>\n<meta property=\"og:title\" content=\"Manicure navide\u00f1o: 10 ideas para esta temporada festiva\" \/>\n<meta property=\"og:description\" content=\"La manicura navide\u00f1a se ha convertido en el broche de oro para cerrar cualquier look festivo con coherencia y elegancia. Las tendencias actuales apuestan\" \/>\n<meta property=\"og:url\" content=\"https:\/\/graziamagazine.com\/mx\/articles\/manicure-navideno-10-ideas-para-esta-temporada-festiva\/\" \/>\n<meta property=\"og:site_name\" content=\"Grazia M\u00e9xico y Latinoam\u00e9rica\" \/>\n<meta property=\"article:modified_time\" content=\"2025-12-22T19:22:06+00:00\" \/>\n<meta property=\"og:image\" content=\"https:\/\/graziamagazine.com\/mx\/wp-content\/uploads\/sites\/13\/2025\/12\/556-1.jpg\" \/>\n\t<meta property=\"og:image:width\" content=\"626\" \/>\n\t<meta property=\"og:image:height\" content=\"405\" \/>\n\t<meta property=\"og:image:type\" content=\"image\/jpeg\" \/>\n<meta name=\"twitter:card\" content=\"summary_large_image\" \/>\n<meta name=\"twitter:label1\" content=\"Est. reading time\" \/>\n\t<meta name=\"twitter:data1\" content=\"4 minutos\" \/>\n<script type=\"application\/ld+json\" class=\"yoast-schema-graph\">{\"@context\":\"https:\/\/schema.org\",\"@graph\":[{\"@type\":\"WebPage\",\"@id\":\"https:\/\/graziamagazine.com\/mx\/articles\/manicure-navideno-10-ideas-para-esta-temporada-festiva\/\",\"url\":\"https:\/\/graziamagazine.com\/mx\/articles\/manicure-navideno-10-ideas-para-esta-temporada-festiva\/\",\"name\":\"Manicure navide\u00f1o: 10 ideas para esta temporada festiva\",\"isPartOf\":{\"@id\":\"https:\/\/graziamagazine.com\/mx\/#website\"},\"datePublished\":\"2025-12-22T19:18:20+00:00\",\"dateModified\":\"2025-12-22T19:22:06+00:00\",\"description\":\"La manicura navide\u00f1a se ha convertido en el broche de oro para cerrar cualquier look festivo con coherencia y elegancia. Las tendencias actuales apuestan\",\"breadcrumb\":{\"@id\":\"https:\/\/graziamagazine.com\/mx\/articles\/manicure-navideno-10-ideas-para-esta-temporada-festiva\/#breadcrumb\"},\"inLanguage\":\"es-MX\",\"potentialAction\":[{\"@type\":\"ReadAction\",\"target\":[\"https:\/\/graziamagazine.com\/mx\/articles\/manicure-navideno-10-ideas-para-esta-temporada-festiva\/\"]}]},{\"@type\":\"BreadcrumbList\",\"@id\":\"https:\/\/graziamagazine.com\/mx\/articles\/manicure-navideno-10-ideas-para-esta-temporada-festiva\/#breadcrumb\",\"itemListElement\":[{\"@type\":\"ListItem\",\"position\":1,\"name\":\"Home\",\"item\":\"https:\/\/graziamagazine.com\/mx\/\"},{\"@type\":\"ListItem\",\"position\":2,\"name\":\"Manicure navide\u00f1o: 10 ideas para esta temporada festiva\"}]},{\"@type\":\"WebSite\",\"@id\":\"https:\/\/graziamagazine.com\/mx\/#website\",\"url\":\"https:\/\/graziamagazine.com\/mx\/\",\"name\":\"Grazia M\u00e9xico y Latinoam\u00e9rica\",\"description\":\"Grazia es moda, belleza y noticias  de actualidad \",\"potentialAction\":[{\"@type\":\"SearchAction\",\"target\":{\"@type\":\"EntryPoint\",\"urlTemplate\":\"https:\/\/graziamagazine.com\/mx\/?s={search_term_string}\"},\"query-input\":\"required name=search_term_string\"}],\"inLanguage\":\"es-MX\"}]}<\/script>\n<!-- \/ Yoast SEO Premium plugin. -->","yoast_head_json":{"title":"Manicure navide\u00f1o: 10 ideas para esta temporada festiva","description":"La manicura navide\u00f1a se ha convertido en el broche de oro para cerrar cualquier look festivo con coherencia y elegancia. Las tendencias actuales apuestan","robots":{"index":"index","follow":"follow","max-snippet":"max-snippet:-1","max-image-preview":"max-image-preview:large","max-video-preview":"max-video-preview:-1"},"canonical":"https:\/\/graziamagazine.com\/mx\/articles\/manicure-navideno-10-ideas-para-esta-temporada-festiva\/","og_locale":"es_MX","og_type":"article","og_title":"Manicure navide\u00f1o: 10 ideas para esta temporada festiva","og_description":"La manicura navide\u00f1a se ha convertido en el broche de oro para cerrar cualquier look festivo con coherencia y elegancia. Las tendencias actuales apuestan","og_url":"https:\/\/graziamagazine.com\/mx\/articles\/manicure-navideno-10-ideas-para-esta-temporada-festiva\/","og_site_name":"Grazia M\u00e9xico y Latinoam\u00e9rica","article_modified_time":"2025-12-22T19:22:06+00:00","og_image":[{"width":626,"height":405,"url":"https:\/\/graziamagazine.com\/mx\/wp-content\/uploads\/sites\/13\/2025\/12\/556-1.jpg","type":"image\/jpeg"}],"twitter_card":"summary_large_image","twitter_misc":{"Est. reading time":"4 minutos"},"schema":{"@context":"https:\/\/schema.org","@graph":[{"@type":"WebPage","@id":"https:\/\/graziamagazine.com\/mx\/articles\/manicure-navideno-10-ideas-para-esta-temporada-festiva\/","url":"https:\/\/graziamagazine.com\/mx\/articles\/manicure-navideno-10-ideas-para-esta-temporada-festiva\/","name":"Manicure navide\u00f1o: 10 ideas para esta temporada festiva","isPartOf":{"@id":"https:\/\/graziamagazine.com\/mx\/#website"},"datePublished":"2025-12-22T19:18:20+00:00","dateModified":"2025-12-22T19:22:06+00:00","description":"La manicura navide\u00f1a se ha convertido en el broche de oro para cerrar cualquier look festivo con coherencia y elegancia. Las tendencias actuales apuestan","breadcrumb":{"@id":"https:\/\/graziamagazine.com\/mx\/articles\/manicure-navideno-10-ideas-para-esta-temporada-festiva\/#breadcrumb"},"inLanguage":"es-MX","potentialAction":[{"@type":"ReadAction","target":["https:\/\/graziamagazine.com\/mx\/articles\/manicure-navideno-10-ideas-para-esta-temporada-festiva\/"]}]},{"@type":"BreadcrumbList","@id":"https:\/\/graziamagazine.com\/mx\/articles\/manicure-navideno-10-ideas-para-esta-temporada-festiva\/#breadcrumb","itemListElement":[{"@type":"ListItem","position":1,"name":"Home","item":"https:\/\/graziamagazine.com\/mx\/"},{"@type":"ListItem","position":2,"name":"Manicure navide\u00f1o: 10 ideas para esta temporada festiva"}]},{"@type":"WebSite","@id":"https:\/\/graziamagazine.com\/mx\/#website","url":"https:\/\/graziamagazine.com\/mx\/","name":"Grazia M\u00e9xico y Latinoam\u00e9rica","description":"Grazia es moda, belleza y noticias  de actualidad ","potentialAction":[{"@type":"SearchAction","target":{"@type":"EntryPoint","urlTemplate":"https:\/\/graziamagazine.com\/mx\/?s={search_term_string}"},"query-input":"required name=search_term_string"}],"inLanguage":"es-MX"}]}},"jetpack_sharing_enabled":true,"distributor_meta":false,"distributor_terms":false,"distributor_media":false,"distributor_original_site_name":"Grazia M\u00e9xico y Latinoam\u00e9rica","distributor_original_site_url":"https:\/\/graziamagazine.com\/mx","push-errors":false,"_links":{"self":[{"href":"https:\/\/graziamagazine.com\/mx\/wp-json\/wp\/v2\/articles\/163638"}],"collection":[{"href":"https:\/\/graziamagazine.com\/mx\/wp-json\/wp\/v2\/articles"}],"about":[{"href":"https:\/\/graziamagazine.com\/mx\/wp-json\/wp\/v2\/types\/articles"}],"author":[{"embeddable":true,"href":"https:\/\/graziamagazine.com\/mx\/wp-json\/wp\/v2\/users\/11628"}],"wp:featuredmedia":[{"embeddable":true,"href":"https:\/\/graziamagazine.com\/mx\/wp-json\/wp\/v2\/media\/163641"}],"wp:attachment":[{"href":"https:\/\/graziamagazine.com\/mx\/wp-json\/wp\/v2\/media?parent=163638"}],"wp:term":[{"taxonomy":"category","embeddable":true,"href":"https:\/\/graziamagazine.com\/mx\/wp-json\/wp\/v2\/categories?post=163638"}],"curies":[{"name":"wp","href":"https:\/\/api.w.org\/{rel}","templated":true}]}}