{"id":163439,"date":"2025-12-16T18:07:18","date_gmt":"2025-12-16T23:07:18","guid":{"rendered":"https:\/\/graziamagazine.com\/mx\/?post_type=articles&#038;p=163439"},"modified":"2025-12-16T18:09:21","modified_gmt":"2025-12-16T23:09:21","slug":"vestidos-drapeados-la-nueva-tendencia-en-invierno","status":"publish","type":"articles","link":"https:\/\/graziamagazine.com\/mx\/articles\/vestidos-drapeados-la-nueva-tendencia-en-invierno\/","title":{"rendered":"Vestidos drapeados, la nueva tendencia en invierno"},"content":{"rendered":"<p><span style=\"font-weight: 400\">Los vestidos drapeados son una de las piezas m\u00e1s relevantes del invierno, recuperando una t\u00e9cnica hist\u00f3rica que ayuda a moldear la figura. El drapeado, trabajado a partir de pliegues suaves y estrat\u00e9gicamente colocados, aporta movimiento y profundidad visual a la prenda, al tiempo que favorece la silueta sin necesidad de cortes r\u00edgidos.\u00a0<\/span><\/p>\n<h3><strong>Un referente que sigue vigente<\/strong><\/h3>\n<p><span style=\"font-weight: 400\">Uno de los antecedentes m\u00e1s citados del vestido drapeado contempor\u00e1neo es el modelo que Lady Diana luci\u00f3 en 1992, una pieza que sigue siendo referencia. Aquella elecci\u00f3n confirm\u00f3 que el drapeado no es un recurso decorativo, sino una herramienta de dise\u00f1o que dirige la mirada y equilibra proporciones. Hoy, esa misma l\u00f3gica se retoma en versiones actualizadas que dialogan con las necesidades del guardarropa invernal.<\/span><\/p>\n<p><img loading=\"lazy\" decoding=\"async\" class=\"alignnone size-medium wp-image-163442\" src=\"https:\/\/graziamagazine.com\/mx\/wp-content\/uploads\/sites\/13\/2025\/12\/5151-416x450.jpg\" alt=\"\" width=\"416\" height=\"450\" srcset=\"https:\/\/graziamagazine.com\/mx\/wp-content\/uploads\/sites\/13\/2025\/12\/5151-416x450.jpg 416w, https:\/\/graziamagazine.com\/mx\/wp-content\/uploads\/sites\/13\/2025\/12\/5151-400x433.jpg 400w, https:\/\/graziamagazine.com\/mx\/wp-content\/uploads\/sites\/13\/2025\/12\/5151-155x168.jpg 155w, https:\/\/graziamagazine.com\/mx\/wp-content\/uploads\/sites\/13\/2025\/12\/5151.jpg 747w\" sizes=\"(max-width: 416px) 100vw, 416px\" \/><\/p>\n<h3><strong>El efecto vientre plano\u00a0<\/strong><\/h3>\n<p><span style=\"font-weight: 400\">Uno de los principales motivos del auge de los vestidos drapeados es su efecto visual favorecedor en la zona del abdomen. Los pliegues frontales o laterales generan una visi\u00f3n m\u00e1s uniforme del cuerpo, suavizando el contorno. Este efecto vientre plano se convierte en un valor funcional especialmente apreciado en prendas pensadas para los eventos navide\u00f1os y familiares de temporada.<\/span><\/p>\n<p><img loading=\"lazy\" decoding=\"async\" class=\"alignnone size-full wp-image-163443\" src=\"https:\/\/graziamagazine.com\/mx\/wp-content\/uploads\/sites\/13\/2025\/12\/5444.jpg\" alt=\"\" width=\"280\" height=\"420\" srcset=\"https:\/\/graziamagazine.com\/mx\/wp-content\/uploads\/sites\/13\/2025\/12\/5444.jpg 280w, https:\/\/graziamagazine.com\/mx\/wp-content\/uploads\/sites\/13\/2025\/12\/5444-143x215.jpg 143w\" sizes=\"(max-width: 280px) 100vw, 280px\" \/><\/p>\n<h3><strong>Cortes de temporada<\/strong><\/h3>\n<p><span style=\"font-weight: 400\">Durante el invierno, los vestidos drapeados se presentan principalmente en largos midi y maxi, formatos que permiten desarrollar el drapeado con mayor fluidez. Los dise\u00f1os m\u00e1s recurrentes incluyen mangas largas, cuellos cerrados o asimetr\u00edas discretas que refuerzan su uso invernal.\u00a0<\/span><\/p>\n<p><img loading=\"lazy\" decoding=\"async\" class=\"alignnone size-medium wp-image-163441\" src=\"https:\/\/graziamagazine.com\/mx\/wp-content\/uploads\/sites\/13\/2025\/12\/649-292x450.jpg\" alt=\"\" width=\"292\" height=\"450\" srcset=\"https:\/\/graziamagazine.com\/mx\/wp-content\/uploads\/sites\/13\/2025\/12\/649-292x450.jpg 292w, https:\/\/graziamagazine.com\/mx\/wp-content\/uploads\/sites\/13\/2025\/12\/649-140x215.jpg 140w, https:\/\/graziamagazine.com\/mx\/wp-content\/uploads\/sites\/13\/2025\/12\/649.jpg 364w\" sizes=\"(max-width: 292px) 100vw, 292px\" \/><\/p>\n<h3><strong>Colores invernales<\/strong><\/h3>\n<p><span style=\"font-weight: 400\">Los colores que dominan los vestidos drapeados de invierno se mantienen dentro de una gama estrictamente de temporada. Negro, burdeos, verde oscuro, azul profundo y tonos neutros son los m\u00e1s utilizados, ya que refuerzan el efecto estilizador del drapeado y facilitan su integraci\u00f3n en distintas ocasiones.<\/span><\/p>\n<p><img loading=\"lazy\" decoding=\"async\" class=\"alignnone size-medium wp-image-163444\" src=\"https:\/\/graziamagazine.com\/mx\/wp-content\/uploads\/sites\/13\/2025\/12\/5584-290x450.jpg\" alt=\"\" width=\"290\" height=\"450\" srcset=\"https:\/\/graziamagazine.com\/mx\/wp-content\/uploads\/sites\/13\/2025\/12\/5584-290x450.jpg 290w, https:\/\/graziamagazine.com\/mx\/wp-content\/uploads\/sites\/13\/2025\/12\/5584-138x215.jpg 138w, https:\/\/graziamagazine.com\/mx\/wp-content\/uploads\/sites\/13\/2025\/12\/5584.jpg 353w\" sizes=\"(max-width: 290px) 100vw, 290px\" \/><\/p>\n<h3><strong>Un prenda que trasciende temporadas<\/strong><\/h3>\n<p><span style=\"font-weight: 400\">M\u00e1s all\u00e1 de una tendencia moment\u00e1nea, los vestidos drapeados siempre se han adaptado a los cambios de estilo a lo largo del tiempo. Dado que favorecen distintas figuras, ofrecen comodidad y mantienen presencia elegante, se han convertido en una de las apuestas m\u00e1s s\u00f3lidas del invierno.\u00a0<\/span><\/p>\n<p><img loading=\"lazy\" decoding=\"async\" class=\"alignnone size-medium wp-image-163445\" src=\"https:\/\/graziamagazine.com\/mx\/wp-content\/uploads\/sites\/13\/2025\/12\/8888-323x450.jpg\" alt=\"\" width=\"323\" height=\"450\" srcset=\"https:\/\/graziamagazine.com\/mx\/wp-content\/uploads\/sites\/13\/2025\/12\/8888-323x450.jpg 323w, https:\/\/graziamagazine.com\/mx\/wp-content\/uploads\/sites\/13\/2025\/12\/8888-400x558.jpg 400w, https:\/\/graziamagazine.com\/mx\/wp-content\/uploads\/sites\/13\/2025\/12\/8888-155x215.jpg 155w, https:\/\/graziamagazine.com\/mx\/wp-content\/uploads\/sites\/13\/2025\/12\/8888.jpg 403w\" sizes=\"(max-width: 323px) 100vw, 323px\" \/><\/p>\n","protected":false},"author":11628,"featured_media":163440,"template":"","format":"standard","categories":[4],"acf":[],"yoast_head":"<!-- This site is optimized with the Yoast SEO Premium plugin v18.5 (Yoast SEO v20.4) - https:\/\/yoast.com\/wordpress\/plugins\/seo\/ -->\n<title>Vestidos drapeados, la nueva tendencia en invierno<\/title>\n<meta name=\"description\" content=\"Los vestidos drapeados son una de las piezas m\u00e1s relevantes del invierno, recuperando una t\u00e9cnica hist\u00f3rica que ayuda a moldear la figura. El drapeado,\" \/>\n<meta name=\"robots\" content=\"index, follow, max-snippet:-1, max-image-preview:large, max-video-preview:-1\" \/>\n<link rel=\"canonical\" href=\"https:\/\/graziamagazine.com\/mx\/articles\/vestidos-drapeados-la-nueva-tendencia-en-invierno\/\" \/>\n<meta property=\"og:locale\" content=\"es_MX\" \/>\n<meta property=\"og:type\" content=\"article\" \/>\n<meta property=\"og:title\" content=\"Vestidos drapeados, la nueva tendencia en invierno\" \/>\n<meta property=\"og:description\" content=\"Los vestidos drapeados son una de las piezas m\u00e1s relevantes del invierno, recuperando una t\u00e9cnica hist\u00f3rica que ayuda a moldear la figura. El drapeado,\" \/>\n<meta property=\"og:url\" content=\"https:\/\/graziamagazine.com\/mx\/articles\/vestidos-drapeados-la-nueva-tendencia-en-invierno\/\" \/>\n<meta property=\"og:site_name\" content=\"Grazia M\u00e9xico y Latinoam\u00e9rica\" \/>\n<meta property=\"article:modified_time\" content=\"2025-12-16T23:09:21+00:00\" \/>\n<meta property=\"og:image\" content=\"https:\/\/graziamagazine.com\/mx\/wp-content\/uploads\/sites\/13\/2025\/12\/515.jpg\" \/>\n\t<meta property=\"og:image:width\" content=\"658\" \/>\n\t<meta property=\"og:image:height\" content=\"356\" \/>\n\t<meta property=\"og:image:type\" content=\"image\/jpeg\" \/>\n<meta name=\"twitter:card\" content=\"summary_large_image\" \/>\n<meta name=\"twitter:label1\" content=\"Est. reading time\" \/>\n\t<meta name=\"twitter:data1\" content=\"3 minutos\" \/>\n<script type=\"application\/ld+json\" class=\"yoast-schema-graph\">{\"@context\":\"https:\/\/schema.org\",\"@graph\":[{\"@type\":\"WebPage\",\"@id\":\"https:\/\/graziamagazine.com\/mx\/articles\/vestidos-drapeados-la-nueva-tendencia-en-invierno\/\",\"url\":\"https:\/\/graziamagazine.com\/mx\/articles\/vestidos-drapeados-la-nueva-tendencia-en-invierno\/\",\"name\":\"Vestidos drapeados, la nueva tendencia en invierno\",\"isPartOf\":{\"@id\":\"https:\/\/graziamagazine.com\/mx\/#website\"},\"datePublished\":\"2025-12-16T23:07:18+00:00\",\"dateModified\":\"2025-12-16T23:09:21+00:00\",\"description\":\"Los vestidos drapeados son una de las piezas m\u00e1s relevantes del invierno, recuperando una t\u00e9cnica hist\u00f3rica que ayuda a moldear la figura. El drapeado,\",\"breadcrumb\":{\"@id\":\"https:\/\/graziamagazine.com\/mx\/articles\/vestidos-drapeados-la-nueva-tendencia-en-invierno\/#breadcrumb\"},\"inLanguage\":\"es-MX\",\"potentialAction\":[{\"@type\":\"ReadAction\",\"target\":[\"https:\/\/graziamagazine.com\/mx\/articles\/vestidos-drapeados-la-nueva-tendencia-en-invierno\/\"]}]},{\"@type\":\"BreadcrumbList\",\"@id\":\"https:\/\/graziamagazine.com\/mx\/articles\/vestidos-drapeados-la-nueva-tendencia-en-invierno\/#breadcrumb\",\"itemListElement\":[{\"@type\":\"ListItem\",\"position\":1,\"name\":\"Home\",\"item\":\"https:\/\/graziamagazine.com\/mx\/\"},{\"@type\":\"ListItem\",\"position\":2,\"name\":\"Vestidos drapeados, la nueva tendencia en invierno\"}]},{\"@type\":\"WebSite\",\"@id\":\"https:\/\/graziamagazine.com\/mx\/#website\",\"url\":\"https:\/\/graziamagazine.com\/mx\/\",\"name\":\"Grazia M\u00e9xico y Latinoam\u00e9rica\",\"description\":\"Grazia es moda, belleza y noticias  de actualidad \",\"potentialAction\":[{\"@type\":\"SearchAction\",\"target\":{\"@type\":\"EntryPoint\",\"urlTemplate\":\"https:\/\/graziamagazine.com\/mx\/?s={search_term_string}\"},\"query-input\":\"required name=search_term_string\"}],\"inLanguage\":\"es-MX\"}]}<\/script>\n<!-- \/ Yoast SEO Premium plugin. -->","yoast_head_json":{"title":"Vestidos drapeados, la nueva tendencia en invierno","description":"Los vestidos drapeados son una de las piezas m\u00e1s relevantes del invierno, recuperando una t\u00e9cnica hist\u00f3rica que ayuda a moldear la figura. El drapeado,","robots":{"index":"index","follow":"follow","max-snippet":"max-snippet:-1","max-image-preview":"max-image-preview:large","max-video-preview":"max-video-preview:-1"},"canonical":"https:\/\/graziamagazine.com\/mx\/articles\/vestidos-drapeados-la-nueva-tendencia-en-invierno\/","og_locale":"es_MX","og_type":"article","og_title":"Vestidos drapeados, la nueva tendencia en invierno","og_description":"Los vestidos drapeados son una de las piezas m\u00e1s relevantes del invierno, recuperando una t\u00e9cnica hist\u00f3rica que ayuda a moldear la figura. El drapeado,","og_url":"https:\/\/graziamagazine.com\/mx\/articles\/vestidos-drapeados-la-nueva-tendencia-en-invierno\/","og_site_name":"Grazia M\u00e9xico y Latinoam\u00e9rica","article_modified_time":"2025-12-16T23:09:21+00:00","og_image":[{"width":658,"height":356,"url":"https:\/\/graziamagazine.com\/mx\/wp-content\/uploads\/sites\/13\/2025\/12\/515.jpg","type":"image\/jpeg"}],"twitter_card":"summary_large_image","twitter_misc":{"Est. reading time":"3 minutos"},"schema":{"@context":"https:\/\/schema.org","@graph":[{"@type":"WebPage","@id":"https:\/\/graziamagazine.com\/mx\/articles\/vestidos-drapeados-la-nueva-tendencia-en-invierno\/","url":"https:\/\/graziamagazine.com\/mx\/articles\/vestidos-drapeados-la-nueva-tendencia-en-invierno\/","name":"Vestidos drapeados, la nueva tendencia en invierno","isPartOf":{"@id":"https:\/\/graziamagazine.com\/mx\/#website"},"datePublished":"2025-12-16T23:07:18+00:00","dateModified":"2025-12-16T23:09:21+00:00","description":"Los vestidos drapeados son una de las piezas m\u00e1s relevantes del invierno, recuperando una t\u00e9cnica hist\u00f3rica que ayuda a moldear la figura. El drapeado,","breadcrumb":{"@id":"https:\/\/graziamagazine.com\/mx\/articles\/vestidos-drapeados-la-nueva-tendencia-en-invierno\/#breadcrumb"},"inLanguage":"es-MX","potentialAction":[{"@type":"ReadAction","target":["https:\/\/graziamagazine.com\/mx\/articles\/vestidos-drapeados-la-nueva-tendencia-en-invierno\/"]}]},{"@type":"BreadcrumbList","@id":"https:\/\/graziamagazine.com\/mx\/articles\/vestidos-drapeados-la-nueva-tendencia-en-invierno\/#breadcrumb","itemListElement":[{"@type":"ListItem","position":1,"name":"Home","item":"https:\/\/graziamagazine.com\/mx\/"},{"@type":"ListItem","position":2,"name":"Vestidos drapeados, la nueva tendencia en invierno"}]},{"@type":"WebSite","@id":"https:\/\/graziamagazine.com\/mx\/#website","url":"https:\/\/graziamagazine.com\/mx\/","name":"Grazia M\u00e9xico y Latinoam\u00e9rica","description":"Grazia es moda, belleza y noticias  de actualidad ","potentialAction":[{"@type":"SearchAction","target":{"@type":"EntryPoint","urlTemplate":"https:\/\/graziamagazine.com\/mx\/?s={search_term_string}"},"query-input":"required name=search_term_string"}],"inLanguage":"es-MX"}]}},"jetpack_sharing_enabled":true,"distributor_meta":false,"distributor_terms":false,"distributor_media":false,"distributor_original_site_name":"Grazia M\u00e9xico y Latinoam\u00e9rica","distributor_original_site_url":"https:\/\/graziamagazine.com\/mx","push-errors":false,"_links":{"self":[{"href":"https:\/\/graziamagazine.com\/mx\/wp-json\/wp\/v2\/articles\/163439"}],"collection":[{"href":"https:\/\/graziamagazine.com\/mx\/wp-json\/wp\/v2\/articles"}],"about":[{"href":"https:\/\/graziamagazine.com\/mx\/wp-json\/wp\/v2\/types\/articles"}],"author":[{"embeddable":true,"href":"https:\/\/graziamagazine.com\/mx\/wp-json\/wp\/v2\/users\/11628"}],"wp:featuredmedia":[{"embeddable":true,"href":"https:\/\/graziamagazine.com\/mx\/wp-json\/wp\/v2\/media\/163440"}],"wp:attachment":[{"href":"https:\/\/graziamagazine.com\/mx\/wp-json\/wp\/v2\/media?parent=163439"}],"wp:term":[{"taxonomy":"category","embeddable":true,"href":"https:\/\/graziamagazine.com\/mx\/wp-json\/wp\/v2\/categories?post=163439"}],"curies":[{"name":"wp","href":"https:\/\/api.w.org\/{rel}","templated":true}]}}