{"id":163401,"date":"2025-12-16T11:34:27","date_gmt":"2025-12-16T16:34:27","guid":{"rendered":"https:\/\/graziamagazine.com\/mx\/?post_type=articles&#038;p=163401"},"modified":"2025-12-16T12:16:12","modified_gmt":"2025-12-16T17:16:12","slug":"louis-vuitton-presenta-a-chase-infiniti-como-embajadora","status":"publish","type":"articles","link":"https:\/\/graziamagazine.com\/mx\/articles\/louis-vuitton-presenta-a-chase-infiniti-como-embajadora\/","title":{"rendered":"Louis Vuitton presenta a Chase Infiniti como embajadora"},"content":{"rendered":"<p data-start=\"218\" data-end=\"616\">Louis Vuitton abre un nuevo cap\u00edtulo en su historia creativa al dar la bienvenida a la actriz estadounidense Chase Infiniti como nueva embajadora de la Maison. La elecci\u00f3n no es casual. Infiniti representa una generaci\u00f3n de talento que entiende la moda como una extensi\u00f3n del car\u00e1cter, la narrativa personal y la proyecci\u00f3n art\u00edstica, valores profundamente alineados con el ADN de la casa francesa.<\/p>\n<p data-start=\"618\" data-end=\"1130\">En los \u00faltimos a\u00f1os, Chase Infiniti ha emergido como una figura magn\u00e9tica dentro del cine contempor\u00e1neo. Su presencia en pantalla combina intensidad emocional, sutileza interpretativa y una naturalidad que la cr\u00edtica no ha pasado por alto. Cada proyecto ha consolidado una identidad art\u00edstica s\u00f3lida, capaz de dialogar tanto con historias complejas como con personajes cargados de sensibilidad y fuerza interior. Esta versatilidad es, precisamente, uno de los rasgos que Louis Vuitton celebra en sus embajadoras.<\/p>\n<figure id=\"attachment_163405\" aria-describedby=\"caption-attachment-163405\" style=\"width: 763px\" class=\"wp-caption alignnone\"><img loading=\"lazy\" decoding=\"async\" class=\"size-large wp-image-163405\" src=\"https:\/\/graziamagazine.com\/mx\/wp-content\/uploads\/sites\/13\/2025\/12\/Captura-de-Pantalla-2025-12-16-a-las-10.41.52-763x1024.png\" alt=\"Louis Vuitton presenta a Chase Infiniti como embajadora\" width=\"763\" height=\"1024\" srcset=\"https:\/\/graziamagazine.com\/mx\/wp-content\/uploads\/sites\/13\/2025\/12\/Captura-de-Pantalla-2025-12-16-a-las-10.41.52-763x1024.png 763w, https:\/\/graziamagazine.com\/mx\/wp-content\/uploads\/sites\/13\/2025\/12\/Captura-de-Pantalla-2025-12-16-a-las-10.41.52-335x450.png 335w, https:\/\/graziamagazine.com\/mx\/wp-content\/uploads\/sites\/13\/2025\/12\/Captura-de-Pantalla-2025-12-16-a-las-10.41.52-768x1030.png 768w, https:\/\/graziamagazine.com\/mx\/wp-content\/uploads\/sites\/13\/2025\/12\/Captura-de-Pantalla-2025-12-16-a-las-10.41.52-400x537.png 400w, https:\/\/graziamagazine.com\/mx\/wp-content\/uploads\/sites\/13\/2025\/12\/Captura-de-Pantalla-2025-12-16-a-las-10.41.52-155x208.png 155w, https:\/\/graziamagazine.com\/mx\/wp-content\/uploads\/sites\/13\/2025\/12\/Captura-de-Pantalla-2025-12-16-a-las-10.41.52.png 1078w\" sizes=\"(max-width: 763px) 100vw, 763px\" \/><figcaption id=\"caption-attachment-163405\" class=\"wp-caption-text\">Louis Vuitton presenta a Chase Infiniti como embajadora<\/figcaption><\/figure>\n<p data-start=\"1132\" data-end=\"1654\">La relaci\u00f3n entre la actriz y la Maison comenz\u00f3 a tomar forma en 2024, cuando Infiniti asisti\u00f3 a los desfiles femeninos de Oto\u00f1o Invierno 2025 y Primavera Verano 2026 dise\u00f1ados por Nicolas Ghesqui\u00e8re. Desde la primera fila, su presencia reforz\u00f3 una conexi\u00f3n est\u00e9tica basada en la modernidad, el respeto por el archivo y una visi\u00f3n de futuro clara. La presentaci\u00f3n en el Mus\u00e9e du Louvre fue un momento clave, donde moda, arte y arquitectura se fundieron en una experiencia simb\u00f3lica que reflej\u00f3 el esp\u00edritu de esta alianza.<\/p>\n<p data-start=\"1656\" data-end=\"2078\">Sobre la alfombra roja, Chase Infiniti ha demostrado una afinidad natural con las creaciones de la Maison. Desde vestidos de sat\u00edn bordados a mano inspirados en archivos hist\u00f3ricos hasta siluetas estructuradas en tafet\u00e1n de seda, cada aparici\u00f3n ha confirmado su capacidad para encarnar una feminidad poderosa, elegante y contempor\u00e1nea. No se trata solo de vestir piezas ic\u00f3nicas, sino de darles vida desde la autenticidad.<\/p>\n<figure id=\"attachment_163404\" aria-describedby=\"caption-attachment-163404\" style=\"width: 769px\" class=\"wp-caption alignnone\"><img loading=\"lazy\" decoding=\"async\" class=\"size-large wp-image-163404\" src=\"https:\/\/graziamagazine.com\/mx\/wp-content\/uploads\/sites\/13\/2025\/12\/Captura-de-Pantalla-2025-12-16-a-las-10.41.46-769x1024.png\" alt=\"Louis Vuitton presenta a Chase Infiniti como embajadora\" width=\"769\" height=\"1024\" srcset=\"https:\/\/graziamagazine.com\/mx\/wp-content\/uploads\/sites\/13\/2025\/12\/Captura-de-Pantalla-2025-12-16-a-las-10.41.46-769x1024.png 769w, https:\/\/graziamagazine.com\/mx\/wp-content\/uploads\/sites\/13\/2025\/12\/Captura-de-Pantalla-2025-12-16-a-las-10.41.46-338x450.png 338w, https:\/\/graziamagazine.com\/mx\/wp-content\/uploads\/sites\/13\/2025\/12\/Captura-de-Pantalla-2025-12-16-a-las-10.41.46-768x1022.png 768w, https:\/\/graziamagazine.com\/mx\/wp-content\/uploads\/sites\/13\/2025\/12\/Captura-de-Pantalla-2025-12-16-a-las-10.41.46-400x532.png 400w, https:\/\/graziamagazine.com\/mx\/wp-content\/uploads\/sites\/13\/2025\/12\/Captura-de-Pantalla-2025-12-16-a-las-10.41.46-155x206.png 155w, https:\/\/graziamagazine.com\/mx\/wp-content\/uploads\/sites\/13\/2025\/12\/Captura-de-Pantalla-2025-12-16-a-las-10.41.46.png 1082w\" sizes=\"(max-width: 769px) 100vw, 769px\" \/><figcaption id=\"caption-attachment-163404\" class=\"wp-caption-text\">Louis Vuitton presenta a Chase Infiniti como embajadora<\/figcaption><\/figure>\n<p data-start=\"2080\" data-end=\"2428\">Nicolas Ghesqui\u00e8re ha destacado en m\u00faltiples ocasiones la cualidad \u00fanica de Infiniti: una mezcla de frescura, determinaci\u00f3n y sensibilidad art\u00edstica que trasciende tendencias. Esa autenticidad es hoy uno de los valores m\u00e1s buscados en la moda de lujo, donde las embajadoras no solo representan una imagen, sino una historia y una visi\u00f3n compartida.<\/p>\n<p data-start=\"2430\" data-end=\"2721\">Esta colaboraci\u00f3n marca el inicio de una narrativa conjunta que ir\u00e1 m\u00e1s all\u00e1 de campa\u00f1as y apariciones p\u00fablicas. Louis Vuitton y Chase Infiniti avanzan juntas hacia un di\u00e1logo creativo que celebra la evoluci\u00f3n, el talento emergente y una feminidad que no necesita definirse, solo expresarse.<\/p>\n<p data-start=\"2430\" data-end=\"2721\"><strong data-start=\"2723\" data-end=\"2742\">*IMAGEN: Google Images<\/strong><\/p>\n","protected":false},"author":28953,"featured_media":163403,"template":"","format":"standard","categories":[4],"acf":[],"yoast_head":"<!-- This site is optimized with the Yoast SEO Premium plugin v18.5 (Yoast SEO v20.4) - https:\/\/yoast.com\/wordpress\/plugins\/seo\/ -->\n<title>Louis Vuitton presenta a Chase Infiniti como embajadora<\/title>\n<meta name=\"description\" content=\"Talento emergente, elegancia contempor\u00e1nea y una visi\u00f3n creativa compartida marcan el inicio de una alianza que conecta cine, moda y feminidad atemporal.\" \/>\n<meta name=\"robots\" content=\"index, follow, max-snippet:-1, max-image-preview:large, max-video-preview:-1\" \/>\n<link rel=\"canonical\" href=\"https:\/\/graziamagazine.com\/mx\/articles\/louis-vuitton-presenta-a-chase-infiniti-como-embajadora\/\" \/>\n<meta property=\"og:locale\" content=\"es_MX\" \/>\n<meta property=\"og:type\" content=\"article\" \/>\n<meta property=\"og:title\" content=\"Louis Vuitton presenta a Chase Infiniti como embajadora\" \/>\n<meta property=\"og:description\" content=\"Talento emergente, elegancia contempor\u00e1nea y una visi\u00f3n creativa compartida marcan el inicio de una alianza que conecta cine, moda y feminidad atemporal.\" \/>\n<meta property=\"og:url\" content=\"https:\/\/graziamagazine.com\/mx\/articles\/louis-vuitton-presenta-a-chase-infiniti-como-embajadora\/\" \/>\n<meta property=\"og:site_name\" content=\"Grazia M\u00e9xico y Latinoam\u00e9rica\" \/>\n<meta property=\"article:modified_time\" content=\"2025-12-16T17:16:12+00:00\" \/>\n<meta property=\"og:image\" content=\"https:\/\/graziamagazine.com\/mx\/wp-content\/uploads\/sites\/13\/2025\/12\/Captura-de-Pantalla-2025-12-16-a-las-10.41.39-e1765905334813-1024x664.png\" \/>\n\t<meta property=\"og:image:width\" content=\"1024\" \/>\n\t<meta property=\"og:image:height\" content=\"664\" \/>\n\t<meta property=\"og:image:type\" content=\"image\/png\" \/>\n<meta name=\"twitter:card\" content=\"summary_large_image\" \/>\n<meta name=\"twitter:label1\" content=\"Est. reading time\" \/>\n\t<meta name=\"twitter:data1\" content=\"3 minutos\" \/>\n<script type=\"application\/ld+json\" class=\"yoast-schema-graph\">{\"@context\":\"https:\/\/schema.org\",\"@graph\":[{\"@type\":\"WebPage\",\"@id\":\"https:\/\/graziamagazine.com\/mx\/articles\/louis-vuitton-presenta-a-chase-infiniti-como-embajadora\/\",\"url\":\"https:\/\/graziamagazine.com\/mx\/articles\/louis-vuitton-presenta-a-chase-infiniti-como-embajadora\/\",\"name\":\"Louis Vuitton presenta a Chase Infiniti como embajadora\",\"isPartOf\":{\"@id\":\"https:\/\/graziamagazine.com\/mx\/#website\"},\"datePublished\":\"2025-12-16T16:34:27+00:00\",\"dateModified\":\"2025-12-16T17:16:12+00:00\",\"description\":\"Talento emergente, elegancia contempor\u00e1nea y una visi\u00f3n creativa compartida marcan el inicio de una alianza que conecta cine, moda y feminidad atemporal.\",\"breadcrumb\":{\"@id\":\"https:\/\/graziamagazine.com\/mx\/articles\/louis-vuitton-presenta-a-chase-infiniti-como-embajadora\/#breadcrumb\"},\"inLanguage\":\"es-MX\",\"potentialAction\":[{\"@type\":\"ReadAction\",\"target\":[\"https:\/\/graziamagazine.com\/mx\/articles\/louis-vuitton-presenta-a-chase-infiniti-como-embajadora\/\"]}]},{\"@type\":\"BreadcrumbList\",\"@id\":\"https:\/\/graziamagazine.com\/mx\/articles\/louis-vuitton-presenta-a-chase-infiniti-como-embajadora\/#breadcrumb\",\"itemListElement\":[{\"@type\":\"ListItem\",\"position\":1,\"name\":\"Home\",\"item\":\"https:\/\/graziamagazine.com\/mx\/\"},{\"@type\":\"ListItem\",\"position\":2,\"name\":\"Louis Vuitton presenta a Chase Infiniti como embajadora\"}]},{\"@type\":\"WebSite\",\"@id\":\"https:\/\/graziamagazine.com\/mx\/#website\",\"url\":\"https:\/\/graziamagazine.com\/mx\/\",\"name\":\"Grazia M\u00e9xico y Latinoam\u00e9rica\",\"description\":\"Grazia es moda, belleza y noticias  de actualidad \",\"potentialAction\":[{\"@type\":\"SearchAction\",\"target\":{\"@type\":\"EntryPoint\",\"urlTemplate\":\"https:\/\/graziamagazine.com\/mx\/?s={search_term_string}\"},\"query-input\":\"required name=search_term_string\"}],\"inLanguage\":\"es-MX\"}]}<\/script>\n<!-- \/ Yoast SEO Premium plugin. -->","yoast_head_json":{"title":"Louis Vuitton presenta a Chase Infiniti como embajadora","description":"Talento emergente, elegancia contempor\u00e1nea y una visi\u00f3n creativa compartida marcan el inicio de una alianza que conecta cine, moda y feminidad atemporal.","robots":{"index":"index","follow":"follow","max-snippet":"max-snippet:-1","max-image-preview":"max-image-preview:large","max-video-preview":"max-video-preview:-1"},"canonical":"https:\/\/graziamagazine.com\/mx\/articles\/louis-vuitton-presenta-a-chase-infiniti-como-embajadora\/","og_locale":"es_MX","og_type":"article","og_title":"Louis Vuitton presenta a Chase Infiniti como embajadora","og_description":"Talento emergente, elegancia contempor\u00e1nea y una visi\u00f3n creativa compartida marcan el inicio de una alianza que conecta cine, moda y feminidad atemporal.","og_url":"https:\/\/graziamagazine.com\/mx\/articles\/louis-vuitton-presenta-a-chase-infiniti-como-embajadora\/","og_site_name":"Grazia M\u00e9xico y Latinoam\u00e9rica","article_modified_time":"2025-12-16T17:16:12+00:00","og_image":[{"width":1024,"height":664,"url":"https:\/\/graziamagazine.com\/mx\/wp-content\/uploads\/sites\/13\/2025\/12\/Captura-de-Pantalla-2025-12-16-a-las-10.41.39-e1765905334813-1024x664.png","type":"image\/png"}],"twitter_card":"summary_large_image","twitter_misc":{"Est. reading time":"3 minutos"},"schema":{"@context":"https:\/\/schema.org","@graph":[{"@type":"WebPage","@id":"https:\/\/graziamagazine.com\/mx\/articles\/louis-vuitton-presenta-a-chase-infiniti-como-embajadora\/","url":"https:\/\/graziamagazine.com\/mx\/articles\/louis-vuitton-presenta-a-chase-infiniti-como-embajadora\/","name":"Louis Vuitton presenta a Chase Infiniti como embajadora","isPartOf":{"@id":"https:\/\/graziamagazine.com\/mx\/#website"},"datePublished":"2025-12-16T16:34:27+00:00","dateModified":"2025-12-16T17:16:12+00:00","description":"Talento emergente, elegancia contempor\u00e1nea y una visi\u00f3n creativa compartida marcan el inicio de una alianza que conecta cine, moda y feminidad atemporal.","breadcrumb":{"@id":"https:\/\/graziamagazine.com\/mx\/articles\/louis-vuitton-presenta-a-chase-infiniti-como-embajadora\/#breadcrumb"},"inLanguage":"es-MX","potentialAction":[{"@type":"ReadAction","target":["https:\/\/graziamagazine.com\/mx\/articles\/louis-vuitton-presenta-a-chase-infiniti-como-embajadora\/"]}]},{"@type":"BreadcrumbList","@id":"https:\/\/graziamagazine.com\/mx\/articles\/louis-vuitton-presenta-a-chase-infiniti-como-embajadora\/#breadcrumb","itemListElement":[{"@type":"ListItem","position":1,"name":"Home","item":"https:\/\/graziamagazine.com\/mx\/"},{"@type":"ListItem","position":2,"name":"Louis Vuitton presenta a Chase Infiniti como embajadora"}]},{"@type":"WebSite","@id":"https:\/\/graziamagazine.com\/mx\/#website","url":"https:\/\/graziamagazine.com\/mx\/","name":"Grazia M\u00e9xico y Latinoam\u00e9rica","description":"Grazia es moda, belleza y noticias  de actualidad ","potentialAction":[{"@type":"SearchAction","target":{"@type":"EntryPoint","urlTemplate":"https:\/\/graziamagazine.com\/mx\/?s={search_term_string}"},"query-input":"required name=search_term_string"}],"inLanguage":"es-MX"}]}},"jetpack_sharing_enabled":true,"distributor_meta":false,"distributor_terms":false,"distributor_media":false,"distributor_original_site_name":"Grazia M\u00e9xico y Latinoam\u00e9rica","distributor_original_site_url":"https:\/\/graziamagazine.com\/mx","push-errors":false,"_links":{"self":[{"href":"https:\/\/graziamagazine.com\/mx\/wp-json\/wp\/v2\/articles\/163401"}],"collection":[{"href":"https:\/\/graziamagazine.com\/mx\/wp-json\/wp\/v2\/articles"}],"about":[{"href":"https:\/\/graziamagazine.com\/mx\/wp-json\/wp\/v2\/types\/articles"}],"author":[{"embeddable":true,"href":"https:\/\/graziamagazine.com\/mx\/wp-json\/wp\/v2\/users\/28953"}],"wp:featuredmedia":[{"embeddable":true,"href":"https:\/\/graziamagazine.com\/mx\/wp-json\/wp\/v2\/media\/163403"}],"wp:attachment":[{"href":"https:\/\/graziamagazine.com\/mx\/wp-json\/wp\/v2\/media?parent=163401"}],"wp:term":[{"taxonomy":"category","embeddable":true,"href":"https:\/\/graziamagazine.com\/mx\/wp-json\/wp\/v2\/categories?post=163401"}],"curies":[{"name":"wp","href":"https:\/\/api.w.org\/{rel}","templated":true}]}}