{"id":163291,"date":"2025-12-12T18:00:45","date_gmt":"2025-12-12T23:00:45","guid":{"rendered":"https:\/\/graziamagazine.com\/mx\/?post_type=articles&#038;p=163291"},"modified":"2025-12-15T10:48:07","modified_gmt":"2025-12-15T15:48:07","slug":"la-segunda-parte-de-cien-anos-de-soledad-llegara-en-agosto-de-2026","status":"publish","type":"articles","link":"https:\/\/graziamagazine.com\/mx\/articles\/la-segunda-parte-de-cien-anos-de-soledad-llegara-en-agosto-de-2026\/","title":{"rendered":"La segunda parte de \u2018Cien a\u00f1os de soledad\u2019 llegar\u00e1 en agosto de 2026"},"content":{"rendered":"<p><span style=\"font-weight: 400\">Hace un a\u00f1o lleg\u00f3 al mundo la primera parte de la serie que adapta la obra cumbre del Nobel colombiano. El reconocimiento del p\u00fablico y la cr\u00edtica nacional e internacional ha sido un\u00e1nime. Con el mismo rigor, ambici\u00f3n y respeto por la novela hemos encarado la segunda y \u00faltima parte que ver\u00e1 la luz el pr\u00f3ximo mes de agosto.<\/span><\/p>\n<p><span style=\"font-weight: 400\">Con la direcci\u00f3n de Laura Mora y Carlos Moreno, Cien a\u00f1os de soledad reafirma su lugar como una de las obras audiovisuales m\u00e1s ambiciosas jam\u00e1s producidas en Latinoam\u00e9rica, filmada \u00edntegramente en Colombia, con el apoyo y la complicidad de la familia Garc\u00eda M\u00e1rquez.<\/span><\/p>\n<p><img loading=\"lazy\" decoding=\"async\" class=\"alignnone wp-image-163293 size-full\" src=\"https:\/\/graziamagazine.com\/mx\/wp-content\/uploads\/sites\/13\/2025\/12\/995.jpg\" alt=\"\" width=\"705\" height=\"373\" srcset=\"https:\/\/graziamagazine.com\/mx\/wp-content\/uploads\/sites\/13\/2025\/12\/995.jpg 705w, https:\/\/graziamagazine.com\/mx\/wp-content\/uploads\/sites\/13\/2025\/12\/995-450x238.jpg 450w, https:\/\/graziamagazine.com\/mx\/wp-content\/uploads\/sites\/13\/2025\/12\/995-400x212.jpg 400w, https:\/\/graziamagazine.com\/mx\/wp-content\/uploads\/sites\/13\/2025\/12\/995-155x82.jpg 155w\" sizes=\"(max-width: 705px) 100vw, 705px\" \/><\/p>\n<p><span style=\"font-weight: 400\">\u201cLas estirpes condenadas a cien a\u00f1os de soledad no ten\u00edan una segunda oportunidad sobre la tierra\u201d, escribi\u00f3 Gabriel Garc\u00eda M\u00e1rquez.<\/span><\/p>\n<h3><strong>Sinopsis de la segunda parte<\/strong><\/h3>\n<p><span style=\"font-weight: 400\">Tras el armisticio y la firma del tratado de Neerlandia, la paz no llegar\u00e1 a Macondo pues los conservadores, temerosos ante las amenazas del coronel Aureliano Buend\u00eda, tramar\u00e1n un atentado que, por azares del destino, traer\u00e1 al pueblo a la bogotana Fernanda del Carpio. Ella, al casarse con Aureliano Segundo, uno de los gemelos indomables del bastardo Arcadio, le dar\u00e1 a \u00darsula Iguar\u00e1n sus primeros descendientes leg\u00edtimos.<\/span><\/p>\n<p><img loading=\"lazy\" decoding=\"async\" class=\"alignnone wp-image-163292 size-full\" src=\"https:\/\/graziamagazine.com\/mx\/wp-content\/uploads\/sites\/13\/2025\/12\/544.jpg\" alt=\"\" width=\"711\" height=\"371\" srcset=\"https:\/\/graziamagazine.com\/mx\/wp-content\/uploads\/sites\/13\/2025\/12\/544.jpg 711w, https:\/\/graziamagazine.com\/mx\/wp-content\/uploads\/sites\/13\/2025\/12\/544-450x235.jpg 450w, https:\/\/graziamagazine.com\/mx\/wp-content\/uploads\/sites\/13\/2025\/12\/544-400x209.jpg 400w, https:\/\/graziamagazine.com\/mx\/wp-content\/uploads\/sites\/13\/2025\/12\/544-155x81.jpg 155w\" sizes=\"(max-width: 711px) 100vw, 711px\" \/><\/p>\n<p><span style=\"font-weight: 400\">Mientras tanto, Jos\u00e9 Arcadio Segundo, el otro gemelo, atrapado en los manuscritos de Jos\u00e9 Arcadio Buend\u00eda, har\u00e1 posible los sue\u00f1os desmesurados del patriarca al comunicar a Macondo con el mundo. La llegada del tren abrir\u00e1 las puertas a la compa\u00f1\u00eda bananera que, sin preverlo, desatar\u00e1 las fuerzas que precipitar\u00e1n la ruina del pueblo, cumpli\u00e9ndose la maldici\u00f3n de \u00darsula Iguar\u00e1n porque las estirpes condenadas a cien a\u00f1os de soledad no ten\u00edan una segunda oportunidad sobre la tierra.<\/span><\/p>\n<p><img loading=\"lazy\" decoding=\"async\" class=\"alignnone wp-image-163294 size-full\" src=\"https:\/\/graziamagazine.com\/mx\/wp-content\/uploads\/sites\/13\/2025\/12\/5545.jpg\" alt=\"\" width=\"707\" height=\"403\" srcset=\"https:\/\/graziamagazine.com\/mx\/wp-content\/uploads\/sites\/13\/2025\/12\/5545.jpg 707w, https:\/\/graziamagazine.com\/mx\/wp-content\/uploads\/sites\/13\/2025\/12\/5545-450x257.jpg 450w, https:\/\/graziamagazine.com\/mx\/wp-content\/uploads\/sites\/13\/2025\/12\/5545-400x228.jpg 400w, https:\/\/graziamagazine.com\/mx\/wp-content\/uploads\/sites\/13\/2025\/12\/5545-155x88.jpg 155w\" sizes=\"(max-width: 707px) 100vw, 707px\" \/><\/p>\n","protected":false},"author":11628,"featured_media":163295,"template":"","format":"standard","categories":[114,12483,12517,12832],"acf":[],"yoast_head":"<!-- This site is optimized with the Yoast SEO Premium plugin v18.5 (Yoast SEO v20.4) - https:\/\/yoast.com\/wordpress\/plugins\/seo\/ -->\n<title>La segunda parte de \u2018Cien a\u00f1os de soledad\u2019 llegar\u00e1 en agosto de 2026<\/title>\n<meta name=\"description\" content=\"Hace un a\u00f1o lleg\u00f3 al mundo la primera parte de la serie que adapta la obra cumbre del Nobel colombiano. El reconocimiento del p\u00fablico y la cr\u00edtica\" \/>\n<meta name=\"robots\" content=\"index, follow, max-snippet:-1, max-image-preview:large, max-video-preview:-1\" \/>\n<link rel=\"canonical\" href=\"https:\/\/graziamagazine.com\/mx\/articles\/la-segunda-parte-de-cien-anos-de-soledad-llegara-en-agosto-de-2026\/\" \/>\n<meta property=\"og:locale\" content=\"es_MX\" \/>\n<meta property=\"og:type\" content=\"article\" \/>\n<meta property=\"og:title\" content=\"La segunda parte de \u2018Cien a\u00f1os de soledad\u2019 llegar\u00e1 en agosto de 2026\" \/>\n<meta property=\"og:description\" content=\"Hace un a\u00f1o lleg\u00f3 al mundo la primera parte de la serie que adapta la obra cumbre del Nobel colombiano. El reconocimiento del p\u00fablico y la cr\u00edtica\" \/>\n<meta property=\"og:url\" content=\"https:\/\/graziamagazine.com\/mx\/articles\/la-segunda-parte-de-cien-anos-de-soledad-llegara-en-agosto-de-2026\/\" \/>\n<meta property=\"og:site_name\" content=\"Grazia M\u00e9xico y Latinoam\u00e9rica\" \/>\n<meta property=\"article:modified_time\" content=\"2025-12-15T15:48:07+00:00\" \/>\n<meta property=\"og:image\" content=\"https:\/\/graziamagazine.com\/mx\/wp-content\/uploads\/sites\/13\/2025\/12\/549859-1.jpg\" \/>\n\t<meta property=\"og:image:width\" content=\"658\" \/>\n\t<meta property=\"og:image:height\" content=\"474\" \/>\n\t<meta property=\"og:image:type\" content=\"image\/jpeg\" \/>\n<meta name=\"twitter:card\" content=\"summary_large_image\" \/>\n<meta name=\"twitter:label1\" content=\"Est. reading time\" \/>\n\t<meta name=\"twitter:data1\" content=\"2 minutos\" \/>\n<script type=\"application\/ld+json\" class=\"yoast-schema-graph\">{\"@context\":\"https:\/\/schema.org\",\"@graph\":[{\"@type\":\"WebPage\",\"@id\":\"https:\/\/graziamagazine.com\/mx\/articles\/la-segunda-parte-de-cien-anos-de-soledad-llegara-en-agosto-de-2026\/\",\"url\":\"https:\/\/graziamagazine.com\/mx\/articles\/la-segunda-parte-de-cien-anos-de-soledad-llegara-en-agosto-de-2026\/\",\"name\":\"La segunda parte de \u2018Cien a\u00f1os de soledad\u2019 llegar\u00e1 en agosto de 2026\",\"isPartOf\":{\"@id\":\"https:\/\/graziamagazine.com\/mx\/#website\"},\"datePublished\":\"2025-12-12T23:00:45+00:00\",\"dateModified\":\"2025-12-15T15:48:07+00:00\",\"description\":\"Hace un a\u00f1o lleg\u00f3 al mundo la primera parte de la serie que adapta la obra cumbre del Nobel colombiano. El reconocimiento del p\u00fablico y la cr\u00edtica\",\"breadcrumb\":{\"@id\":\"https:\/\/graziamagazine.com\/mx\/articles\/la-segunda-parte-de-cien-anos-de-soledad-llegara-en-agosto-de-2026\/#breadcrumb\"},\"inLanguage\":\"es-MX\",\"potentialAction\":[{\"@type\":\"ReadAction\",\"target\":[\"https:\/\/graziamagazine.com\/mx\/articles\/la-segunda-parte-de-cien-anos-de-soledad-llegara-en-agosto-de-2026\/\"]}]},{\"@type\":\"BreadcrumbList\",\"@id\":\"https:\/\/graziamagazine.com\/mx\/articles\/la-segunda-parte-de-cien-anos-de-soledad-llegara-en-agosto-de-2026\/#breadcrumb\",\"itemListElement\":[{\"@type\":\"ListItem\",\"position\":1,\"name\":\"Home\",\"item\":\"https:\/\/graziamagazine.com\/mx\/\"},{\"@type\":\"ListItem\",\"position\":2,\"name\":\"La segunda parte de \u2018Cien a\u00f1os de soledad\u2019 llegar\u00e1 en agosto de 2026\"}]},{\"@type\":\"WebSite\",\"@id\":\"https:\/\/graziamagazine.com\/mx\/#website\",\"url\":\"https:\/\/graziamagazine.com\/mx\/\",\"name\":\"Grazia M\u00e9xico y Latinoam\u00e9rica\",\"description\":\"Grazia es moda, belleza y noticias  de actualidad \",\"potentialAction\":[{\"@type\":\"SearchAction\",\"target\":{\"@type\":\"EntryPoint\",\"urlTemplate\":\"https:\/\/graziamagazine.com\/mx\/?s={search_term_string}\"},\"query-input\":\"required name=search_term_string\"}],\"inLanguage\":\"es-MX\"}]}<\/script>\n<!-- \/ Yoast SEO Premium plugin. -->","yoast_head_json":{"title":"La segunda parte de \u2018Cien a\u00f1os de soledad\u2019 llegar\u00e1 en agosto de 2026","description":"Hace un a\u00f1o lleg\u00f3 al mundo la primera parte de la serie que adapta la obra cumbre del Nobel colombiano. El reconocimiento del p\u00fablico y la cr\u00edtica","robots":{"index":"index","follow":"follow","max-snippet":"max-snippet:-1","max-image-preview":"max-image-preview:large","max-video-preview":"max-video-preview:-1"},"canonical":"https:\/\/graziamagazine.com\/mx\/articles\/la-segunda-parte-de-cien-anos-de-soledad-llegara-en-agosto-de-2026\/","og_locale":"es_MX","og_type":"article","og_title":"La segunda parte de \u2018Cien a\u00f1os de soledad\u2019 llegar\u00e1 en agosto de 2026","og_description":"Hace un a\u00f1o lleg\u00f3 al mundo la primera parte de la serie que adapta la obra cumbre del Nobel colombiano. El reconocimiento del p\u00fablico y la cr\u00edtica","og_url":"https:\/\/graziamagazine.com\/mx\/articles\/la-segunda-parte-de-cien-anos-de-soledad-llegara-en-agosto-de-2026\/","og_site_name":"Grazia M\u00e9xico y Latinoam\u00e9rica","article_modified_time":"2025-12-15T15:48:07+00:00","og_image":[{"width":658,"height":474,"url":"https:\/\/graziamagazine.com\/mx\/wp-content\/uploads\/sites\/13\/2025\/12\/549859-1.jpg","type":"image\/jpeg"}],"twitter_card":"summary_large_image","twitter_misc":{"Est. reading time":"2 minutos"},"schema":{"@context":"https:\/\/schema.org","@graph":[{"@type":"WebPage","@id":"https:\/\/graziamagazine.com\/mx\/articles\/la-segunda-parte-de-cien-anos-de-soledad-llegara-en-agosto-de-2026\/","url":"https:\/\/graziamagazine.com\/mx\/articles\/la-segunda-parte-de-cien-anos-de-soledad-llegara-en-agosto-de-2026\/","name":"La segunda parte de \u2018Cien a\u00f1os de soledad\u2019 llegar\u00e1 en agosto de 2026","isPartOf":{"@id":"https:\/\/graziamagazine.com\/mx\/#website"},"datePublished":"2025-12-12T23:00:45+00:00","dateModified":"2025-12-15T15:48:07+00:00","description":"Hace un a\u00f1o lleg\u00f3 al mundo la primera parte de la serie que adapta la obra cumbre del Nobel colombiano. El reconocimiento del p\u00fablico y la cr\u00edtica","breadcrumb":{"@id":"https:\/\/graziamagazine.com\/mx\/articles\/la-segunda-parte-de-cien-anos-de-soledad-llegara-en-agosto-de-2026\/#breadcrumb"},"inLanguage":"es-MX","potentialAction":[{"@type":"ReadAction","target":["https:\/\/graziamagazine.com\/mx\/articles\/la-segunda-parte-de-cien-anos-de-soledad-llegara-en-agosto-de-2026\/"]}]},{"@type":"BreadcrumbList","@id":"https:\/\/graziamagazine.com\/mx\/articles\/la-segunda-parte-de-cien-anos-de-soledad-llegara-en-agosto-de-2026\/#breadcrumb","itemListElement":[{"@type":"ListItem","position":1,"name":"Home","item":"https:\/\/graziamagazine.com\/mx\/"},{"@type":"ListItem","position":2,"name":"La segunda parte de \u2018Cien a\u00f1os de soledad\u2019 llegar\u00e1 en agosto de 2026"}]},{"@type":"WebSite","@id":"https:\/\/graziamagazine.com\/mx\/#website","url":"https:\/\/graziamagazine.com\/mx\/","name":"Grazia M\u00e9xico y Latinoam\u00e9rica","description":"Grazia es moda, belleza y noticias  de actualidad ","potentialAction":[{"@type":"SearchAction","target":{"@type":"EntryPoint","urlTemplate":"https:\/\/graziamagazine.com\/mx\/?s={search_term_string}"},"query-input":"required name=search_term_string"}],"inLanguage":"es-MX"}]}},"jetpack_sharing_enabled":true,"distributor_meta":false,"distributor_terms":false,"distributor_media":false,"distributor_original_site_name":"Grazia M\u00e9xico y Latinoam\u00e9rica","distributor_original_site_url":"https:\/\/graziamagazine.com\/mx","push-errors":false,"_links":{"self":[{"href":"https:\/\/graziamagazine.com\/mx\/wp-json\/wp\/v2\/articles\/163291"}],"collection":[{"href":"https:\/\/graziamagazine.com\/mx\/wp-json\/wp\/v2\/articles"}],"about":[{"href":"https:\/\/graziamagazine.com\/mx\/wp-json\/wp\/v2\/types\/articles"}],"author":[{"embeddable":true,"href":"https:\/\/graziamagazine.com\/mx\/wp-json\/wp\/v2\/users\/11628"}],"wp:featuredmedia":[{"embeddable":true,"href":"https:\/\/graziamagazine.com\/mx\/wp-json\/wp\/v2\/media\/163295"}],"wp:attachment":[{"href":"https:\/\/graziamagazine.com\/mx\/wp-json\/wp\/v2\/media?parent=163291"}],"wp:term":[{"taxonomy":"category","embeddable":true,"href":"https:\/\/graziamagazine.com\/mx\/wp-json\/wp\/v2\/categories?post=163291"}],"curies":[{"name":"wp","href":"https:\/\/api.w.org\/{rel}","templated":true}]}}