{"id":162571,"date":"2025-11-28T17:55:00","date_gmt":"2025-11-28T22:55:00","guid":{"rendered":"https:\/\/graziamagazine.com\/mx\/?post_type=articles&#038;p=162571"},"modified":"2025-11-28T17:56:27","modified_gmt":"2025-11-28T22:56:27","slug":"billie-eilish-planea-pelicula-de-su-gira-hit-me-hard-and-soft-junto-a-james-cameron","status":"publish","type":"articles","link":"https:\/\/graziamagazine.com\/mx\/articles\/billie-eilish-planea-pelicula-de-su-gira-hit-me-hard-and-soft-junto-a-james-cameron\/","title":{"rendered":"Billie Eilish planea pel\u00edcula de su gira \u2018Hit Me Hard and Soft\u2019 junto a James Cameron"},"content":{"rendered":"<p><span style=\"font-weight: 400\">Billie Eilish est\u00e1 en medio de la producci\u00f3n de su pel\u00edcula &#8211; Hit Me Hard and Soft &#8211; que la ganadora de nueve premios Grammy anunci\u00f3 en julio bajo la direcci\u00f3n de James Cameron, y ahora Paramount ha confirmado que el estreno ser\u00e1 el 20 de marzo de 2026.<\/span><\/p>\n<p><span style=\"font-weight: 400\">Eilish revel\u00f3 esta noticia al p\u00fablico en la \u00faltima parada de su gira Hit Me Hard and Soft en San Francisco, California, el pasado 23 de noviembre. La cantante tambi\u00e9n dijo en su concierto en Manchester, Reino Unido, que Cameron ten\u00eda c\u00e1maras en el estadio y que una nueva pel\u00edcula del concierto en 3D estaba en marcha.<\/span><\/p>\n<p><span style=\"font-weight: 400\">Billie ya hab\u00eda estrenado pel\u00edculas de conciertos en la gran pantalla, como su Live at the O2 en 2023. Sin embargo, este fue un estreno limitado a trav\u00e9s de Trafalgar Releasing, que recaud\u00f3 solo 1.29 millones de d\u00f3lares en taquilla nacional. Ahora, con Paramount en la producci\u00f3n, se espera que sea una historia completamente diferente.\u00a0<\/span><\/p>\n<p><span style=\"font-weight: 400\">Hac\u00eda tiempo que Paramount no estrenaba una pel\u00edcula de conciertos en cines. Una de las m\u00e1s destacadas fue la pel\u00edcula del concierto Justin Bieber: Never Say Never 3D de 2011, que recaud\u00f3 73 millones de d\u00f3lares en taquilla nacional y cerca de 100 millones a nivel mundial.<\/span><\/p>\n<p><span style=\"font-weight: 400\">Hit Me Hard and Soft es el tercer \u00e1lbum de estudio de Eilish. En la 67.\u00aa edici\u00f3n de los Premios Grammy, a principios de este a\u00f1o, el \u00e1lbum y sus canciones recibieron un total de siete nominaciones, incluyendo \u00c1lbum del A\u00f1o, Mejor \u00c1lbum Vocal Pop, Canci\u00f3n del A\u00f1o y Disco del A\u00f1o. Asimismo, para la edici\u00f3n 2026 de los Premios Grammy, el sencillo &#8220;Wildflower&#8221; del mismo \u00e1lbum fue nominado a Disco del A\u00f1o y Canci\u00f3n del A\u00f1o.<\/span><\/p>\n        <blockquote class=\"instagram-media \" style=\"background: #ffffff;border: 0;margin: 1px;width: 100%;padding: 0;\"  data-instgrm-permalink=\"https:\/\/www.instagram.com\/p\/DRbbyA4kVqv\/\" data-instgrm-version=\"14\"><\/blockquote>\n","protected":false},"author":11628,"featured_media":162572,"template":"","format":"standard","categories":[12832],"acf":[],"yoast_head":"<!-- This site is optimized with the Yoast SEO Premium plugin v18.5 (Yoast SEO v20.4) - https:\/\/yoast.com\/wordpress\/plugins\/seo\/ -->\n<title>Billie Eilish planea pel\u00edcula de su gira \u2018Hit Me Hard and Soft\u2019 junto a James Cameron<\/title>\n<meta name=\"description\" content=\"Billie Eilish est\u00e1 en medio de la producci\u00f3n de su pel\u00edcula - Hit Me Hard and Soft - que la ganadora de nueve premios Grammy anunci\u00f3 en julio bajo la\" \/>\n<meta name=\"robots\" content=\"index, follow, max-snippet:-1, max-image-preview:large, max-video-preview:-1\" \/>\n<link rel=\"canonical\" href=\"https:\/\/graziamagazine.com\/mx\/articles\/billie-eilish-planea-pelicula-de-su-gira-hit-me-hard-and-soft-junto-a-james-cameron\/\" \/>\n<meta property=\"og:locale\" content=\"es_MX\" \/>\n<meta property=\"og:type\" content=\"article\" \/>\n<meta property=\"og:title\" content=\"Billie Eilish planea pel\u00edcula de su gira \u2018Hit Me Hard and Soft\u2019 junto a James Cameron\" \/>\n<meta property=\"og:description\" content=\"Billie Eilish est\u00e1 en medio de la producci\u00f3n de su pel\u00edcula - Hit Me Hard and Soft - que la ganadora de nueve premios Grammy anunci\u00f3 en julio bajo la\" \/>\n<meta property=\"og:url\" content=\"https:\/\/graziamagazine.com\/mx\/articles\/billie-eilish-planea-pelicula-de-su-gira-hit-me-hard-and-soft-junto-a-james-cameron\/\" \/>\n<meta property=\"og:site_name\" content=\"Grazia M\u00e9xico y Latinoam\u00e9rica\" \/>\n<meta property=\"article:modified_time\" content=\"2025-11-28T22:56:27+00:00\" \/>\n<meta property=\"og:image\" content=\"https:\/\/graziamagazine.com\/mx\/wp-content\/uploads\/sites\/13\/2025\/11\/843.jpg\" \/>\n\t<meta property=\"og:image:width\" content=\"631\" \/>\n\t<meta property=\"og:image:height\" content=\"347\" \/>\n\t<meta property=\"og:image:type\" content=\"image\/jpeg\" \/>\n<meta name=\"twitter:card\" content=\"summary_large_image\" \/>\n<meta name=\"twitter:label1\" content=\"Est. reading time\" \/>\n\t<meta name=\"twitter:data1\" content=\"2 minutos\" \/>\n<script type=\"application\/ld+json\" class=\"yoast-schema-graph\">{\"@context\":\"https:\/\/schema.org\",\"@graph\":[{\"@type\":\"WebPage\",\"@id\":\"https:\/\/graziamagazine.com\/mx\/articles\/billie-eilish-planea-pelicula-de-su-gira-hit-me-hard-and-soft-junto-a-james-cameron\/\",\"url\":\"https:\/\/graziamagazine.com\/mx\/articles\/billie-eilish-planea-pelicula-de-su-gira-hit-me-hard-and-soft-junto-a-james-cameron\/\",\"name\":\"Billie Eilish planea pel\u00edcula de su gira \u2018Hit Me Hard and Soft\u2019 junto a James Cameron\",\"isPartOf\":{\"@id\":\"https:\/\/graziamagazine.com\/mx\/#website\"},\"datePublished\":\"2025-11-28T22:55:00+00:00\",\"dateModified\":\"2025-11-28T22:56:27+00:00\",\"description\":\"Billie Eilish est\u00e1 en medio de la producci\u00f3n de su pel\u00edcula - Hit Me Hard and Soft - que la ganadora de nueve premios Grammy anunci\u00f3 en julio bajo la\",\"breadcrumb\":{\"@id\":\"https:\/\/graziamagazine.com\/mx\/articles\/billie-eilish-planea-pelicula-de-su-gira-hit-me-hard-and-soft-junto-a-james-cameron\/#breadcrumb\"},\"inLanguage\":\"es-MX\",\"potentialAction\":[{\"@type\":\"ReadAction\",\"target\":[\"https:\/\/graziamagazine.com\/mx\/articles\/billie-eilish-planea-pelicula-de-su-gira-hit-me-hard-and-soft-junto-a-james-cameron\/\"]}]},{\"@type\":\"BreadcrumbList\",\"@id\":\"https:\/\/graziamagazine.com\/mx\/articles\/billie-eilish-planea-pelicula-de-su-gira-hit-me-hard-and-soft-junto-a-james-cameron\/#breadcrumb\",\"itemListElement\":[{\"@type\":\"ListItem\",\"position\":1,\"name\":\"Home\",\"item\":\"https:\/\/graziamagazine.com\/mx\/\"},{\"@type\":\"ListItem\",\"position\":2,\"name\":\"Billie Eilish planea pel\u00edcula de su gira \u2018Hit Me Hard and Soft\u2019 junto a James Cameron\"}]},{\"@type\":\"WebSite\",\"@id\":\"https:\/\/graziamagazine.com\/mx\/#website\",\"url\":\"https:\/\/graziamagazine.com\/mx\/\",\"name\":\"Grazia M\u00e9xico y Latinoam\u00e9rica\",\"description\":\"Grazia es moda, belleza y noticias  de actualidad \",\"potentialAction\":[{\"@type\":\"SearchAction\",\"target\":{\"@type\":\"EntryPoint\",\"urlTemplate\":\"https:\/\/graziamagazine.com\/mx\/?s={search_term_string}\"},\"query-input\":\"required name=search_term_string\"}],\"inLanguage\":\"es-MX\"}]}<\/script>\n<!-- \/ Yoast SEO Premium plugin. -->","yoast_head_json":{"title":"Billie Eilish planea pel\u00edcula de su gira \u2018Hit Me Hard and Soft\u2019 junto a James Cameron","description":"Billie Eilish est\u00e1 en medio de la producci\u00f3n de su pel\u00edcula - Hit Me Hard and Soft - que la ganadora de nueve premios Grammy anunci\u00f3 en julio bajo la","robots":{"index":"index","follow":"follow","max-snippet":"max-snippet:-1","max-image-preview":"max-image-preview:large","max-video-preview":"max-video-preview:-1"},"canonical":"https:\/\/graziamagazine.com\/mx\/articles\/billie-eilish-planea-pelicula-de-su-gira-hit-me-hard-and-soft-junto-a-james-cameron\/","og_locale":"es_MX","og_type":"article","og_title":"Billie Eilish planea pel\u00edcula de su gira \u2018Hit Me Hard and Soft\u2019 junto a James Cameron","og_description":"Billie Eilish est\u00e1 en medio de la producci\u00f3n de su pel\u00edcula - Hit Me Hard and Soft - que la ganadora de nueve premios Grammy anunci\u00f3 en julio bajo la","og_url":"https:\/\/graziamagazine.com\/mx\/articles\/billie-eilish-planea-pelicula-de-su-gira-hit-me-hard-and-soft-junto-a-james-cameron\/","og_site_name":"Grazia M\u00e9xico y Latinoam\u00e9rica","article_modified_time":"2025-11-28T22:56:27+00:00","og_image":[{"width":631,"height":347,"url":"https:\/\/graziamagazine.com\/mx\/wp-content\/uploads\/sites\/13\/2025\/11\/843.jpg","type":"image\/jpeg"}],"twitter_card":"summary_large_image","twitter_misc":{"Est. reading time":"2 minutos"},"schema":{"@context":"https:\/\/schema.org","@graph":[{"@type":"WebPage","@id":"https:\/\/graziamagazine.com\/mx\/articles\/billie-eilish-planea-pelicula-de-su-gira-hit-me-hard-and-soft-junto-a-james-cameron\/","url":"https:\/\/graziamagazine.com\/mx\/articles\/billie-eilish-planea-pelicula-de-su-gira-hit-me-hard-and-soft-junto-a-james-cameron\/","name":"Billie Eilish planea pel\u00edcula de su gira \u2018Hit Me Hard and Soft\u2019 junto a James Cameron","isPartOf":{"@id":"https:\/\/graziamagazine.com\/mx\/#website"},"datePublished":"2025-11-28T22:55:00+00:00","dateModified":"2025-11-28T22:56:27+00:00","description":"Billie Eilish est\u00e1 en medio de la producci\u00f3n de su pel\u00edcula - Hit Me Hard and Soft - que la ganadora de nueve premios Grammy anunci\u00f3 en julio bajo la","breadcrumb":{"@id":"https:\/\/graziamagazine.com\/mx\/articles\/billie-eilish-planea-pelicula-de-su-gira-hit-me-hard-and-soft-junto-a-james-cameron\/#breadcrumb"},"inLanguage":"es-MX","potentialAction":[{"@type":"ReadAction","target":["https:\/\/graziamagazine.com\/mx\/articles\/billie-eilish-planea-pelicula-de-su-gira-hit-me-hard-and-soft-junto-a-james-cameron\/"]}]},{"@type":"BreadcrumbList","@id":"https:\/\/graziamagazine.com\/mx\/articles\/billie-eilish-planea-pelicula-de-su-gira-hit-me-hard-and-soft-junto-a-james-cameron\/#breadcrumb","itemListElement":[{"@type":"ListItem","position":1,"name":"Home","item":"https:\/\/graziamagazine.com\/mx\/"},{"@type":"ListItem","position":2,"name":"Billie Eilish planea pel\u00edcula de su gira \u2018Hit Me Hard and Soft\u2019 junto a James Cameron"}]},{"@type":"WebSite","@id":"https:\/\/graziamagazine.com\/mx\/#website","url":"https:\/\/graziamagazine.com\/mx\/","name":"Grazia M\u00e9xico y Latinoam\u00e9rica","description":"Grazia es moda, belleza y noticias  de actualidad ","potentialAction":[{"@type":"SearchAction","target":{"@type":"EntryPoint","urlTemplate":"https:\/\/graziamagazine.com\/mx\/?s={search_term_string}"},"query-input":"required name=search_term_string"}],"inLanguage":"es-MX"}]}},"jetpack_sharing_enabled":true,"distributor_meta":false,"distributor_terms":false,"distributor_media":false,"distributor_original_site_name":"Grazia M\u00e9xico y Latinoam\u00e9rica","distributor_original_site_url":"https:\/\/graziamagazine.com\/mx","push-errors":false,"_links":{"self":[{"href":"https:\/\/graziamagazine.com\/mx\/wp-json\/wp\/v2\/articles\/162571"}],"collection":[{"href":"https:\/\/graziamagazine.com\/mx\/wp-json\/wp\/v2\/articles"}],"about":[{"href":"https:\/\/graziamagazine.com\/mx\/wp-json\/wp\/v2\/types\/articles"}],"author":[{"embeddable":true,"href":"https:\/\/graziamagazine.com\/mx\/wp-json\/wp\/v2\/users\/11628"}],"wp:featuredmedia":[{"embeddable":true,"href":"https:\/\/graziamagazine.com\/mx\/wp-json\/wp\/v2\/media\/162572"}],"wp:attachment":[{"href":"https:\/\/graziamagazine.com\/mx\/wp-json\/wp\/v2\/media?parent=162571"}],"wp:term":[{"taxonomy":"category","embeddable":true,"href":"https:\/\/graziamagazine.com\/mx\/wp-json\/wp\/v2\/categories?post=162571"}],"curies":[{"name":"wp","href":"https:\/\/api.w.org\/{rel}","templated":true}]}}