{"id":162437,"date":"2025-11-26T12:01:52","date_gmt":"2025-11-26T17:01:52","guid":{"rendered":"https:\/\/graziamagazine.com\/mx\/?post_type=articles&#038;p=162437"},"modified":"2025-11-26T12:21:37","modified_gmt":"2025-11-26T17:21:37","slug":"el-elegante-abrigo-dior-de-melania-trump-para-recibir-el-arbol-navideno-en-la-casa-blanca","status":"publish","type":"articles","link":"https:\/\/graziamagazine.com\/mx\/articles\/el-elegante-abrigo-dior-de-melania-trump-para-recibir-el-arbol-navideno-en-la-casa-blanca\/","title":{"rendered":"El elegante abrigo Dior de Melania Trump para recibir el \u00e1rbol navide\u00f1o en la Casa Blanca"},"content":{"rendered":"<p>Las elecciones de moda de las primeras damas siempre ha sido tema de conversaci\u00f3n \u2014basta con leer <a href=\"https:\/\/graziamagazine.com\/mx\/articles\/michelle-obama-y-el-poder-de-la-moda-en-su-nuevo-libro-the-look\/\" target=\"_blank\" rel=\"noopener\">el nuevo libro de Michelle Obama, donde analiza cada uno de sus looks<\/a>\u2014, y, por lo tanto, la actual\u00a0<em>First Lady of the United States\u00a0<\/em>le da a los medios de comunicaci\u00f3n bastante material.<\/p>\n<p>Siendo su segunda ronda en estas festividades como <a href=\"https:\/\/graziamagazine.com\/mx\/articles\/melania-e-ivanka-trump-dior-politica-y-moda\/\" target=\"_blank\" rel=\"noopener\">Primera Dama, Melania Trump<\/a> cautiv\u00f3 a la audiencia con su elecci\u00f3n de estilo para recibir el \u00e1rbol de Navidad en la Casa Blanca.<\/p>\n<figure id=\"attachment_162441\" aria-describedby=\"caption-attachment-162441\" style=\"width: 900px\" class=\"wp-caption alignnone\"><img loading=\"lazy\" decoding=\"async\" class=\"wp-image-162441 size-full\" src=\"https:\/\/graziamagazine.com\/mx\/wp-content\/uploads\/sites\/13\/2025\/11\/el-elegante-abrigo-dior-de-melania-trump-para-recibir-el-arbol-navideno-en-la-casa-blanca-4.jpg\" alt=\"El elegante abrigo Dior de Melania Trump para recibir el \u00e1rbol navide\u00f1o en la Casa Blanca\" width=\"900\" height=\"1200\" srcset=\"https:\/\/graziamagazine.com\/mx\/wp-content\/uploads\/sites\/13\/2025\/11\/el-elegante-abrigo-dior-de-melania-trump-para-recibir-el-arbol-navideno-en-la-casa-blanca-4.jpg 900w, https:\/\/graziamagazine.com\/mx\/wp-content\/uploads\/sites\/13\/2025\/11\/el-elegante-abrigo-dior-de-melania-trump-para-recibir-el-arbol-navideno-en-la-casa-blanca-4-338x450.jpg 338w, https:\/\/graziamagazine.com\/mx\/wp-content\/uploads\/sites\/13\/2025\/11\/el-elegante-abrigo-dior-de-melania-trump-para-recibir-el-arbol-navideno-en-la-casa-blanca-4-768x1024.jpg 768w, https:\/\/graziamagazine.com\/mx\/wp-content\/uploads\/sites\/13\/2025\/11\/el-elegante-abrigo-dior-de-melania-trump-para-recibir-el-arbol-navideno-en-la-casa-blanca-4-400x533.jpg 400w, https:\/\/graziamagazine.com\/mx\/wp-content\/uploads\/sites\/13\/2025\/11\/el-elegante-abrigo-dior-de-melania-trump-para-recibir-el-arbol-navideno-en-la-casa-blanca-4-155x207.jpg 155w\" sizes=\"(max-width: 900px) 100vw, 900px\" \/><figcaption id=\"caption-attachment-162441\" class=\"wp-caption-text\">Foto: Getty Images<\/figcaption><\/figure>\n<h2>El look de Melania Trump para recibir el \u00e1rbol navide\u00f1o en la Casa Blanca<\/h2>\n<article class=\"text-token-text-primary w-full focus:outline-none [--shadow-height:45px] has-data-writing-block:pointer-events-none has-data-writing-block:-mt-(--shadow-height) has-data-writing-block:pt-(--shadow-height) [&amp;:has([data-writing-block])&gt;*]:pointer-events-auto [content-visibility:auto] supports-[content-visibility:auto]:[contain-intrinsic-size:auto_100lvh] scroll-mt-[calc(var(--header-height)+min(200px,max(70px,20svh)))]\" dir=\"auto\" data-turn-id=\"20f9c39f-642b-42ec-baa8-b63b2207313c\" data-testid=\"conversation-turn-2\" data-scroll-anchor=\"true\" data-turn=\"assistant\">\n<div class=\"text-base my-auto mx-auto pb-10 [--thread-content-margin:--spacing(4)] thread-sm:[--thread-content-margin:--spacing(6)] thread-lg:[--thread-content-margin:--spacing(16)] px-(--thread-content-margin)\">\n<div class=\"[--thread-content-max-width:40rem] thread-lg:[--thread-content-max-width:48rem] mx-auto max-w-(--thread-content-max-width) flex-1 group\/turn-messages focus-visible:outline-hidden relative flex w-full min-w-0 flex-col agent-turn\">\n<div class=\"flex max-w-full flex-col grow\">\n<div class=\"min-h-8 text-message relative flex w-full flex-col items-end gap-2 text-start break-words whitespace-normal [.text-message+&amp;]:mt-1\" dir=\"auto\" data-message-author-role=\"assistant\" data-message-id=\"aeec32c7-965d-43df-b000-4923e3058144\" data-message-model-slug=\"gpt-5-1\">\n<div class=\"flex w-full flex-col gap-1 empty:hidden first:pt-[1px]\">\n<div class=\"markdown prose dark:prose-invert w-full break-words light markdown-new-styling\">\n<p data-start=\"0\" data-end=\"450\" data-is-last-node=\"\" data-is-only-node=\"\">\u00bfLes gust\u00f3? La primera dama, Melania Trump, dio la bienvenida al \u00e1rbol de Navidad oficial de la Casa Blanca 2025, ubicado frente al P\u00f3rtico Norte, apropiada y elegante. Melania luci\u00f3 espectacular con un abrigo off-white de Christian Dior con manga semi corta en forma de campana campana, stilettos con patr\u00f3n vichy de Manolo Blahnik \u2014un aparente gui\u00f1o a las ra\u00edces escocesas de su esposo, Donald Trump\u2014 y guantes color burdeos de Ralph Lauren.<\/p>\n<figure id=\"attachment_162440\" aria-describedby=\"caption-attachment-162440\" style=\"width: 900px\" class=\"wp-caption alignnone\"><img loading=\"lazy\" decoding=\"async\" class=\"wp-image-162440 size-full\" src=\"https:\/\/graziamagazine.com\/mx\/wp-content\/uploads\/sites\/13\/2025\/11\/el-elegante-abrigo-dior-de-melania-trump-para-recibir-el-arbol-navideno-en-la-casa-blanca-3.jpg\" alt=\"El elegante abrigo Dior de Melania Trump para recibir el \u00e1rbol navide\u00f1o en la Casa Blanca\" width=\"900\" height=\"1200\" srcset=\"https:\/\/graziamagazine.com\/mx\/wp-content\/uploads\/sites\/13\/2025\/11\/el-elegante-abrigo-dior-de-melania-trump-para-recibir-el-arbol-navideno-en-la-casa-blanca-3.jpg 900w, https:\/\/graziamagazine.com\/mx\/wp-content\/uploads\/sites\/13\/2025\/11\/el-elegante-abrigo-dior-de-melania-trump-para-recibir-el-arbol-navideno-en-la-casa-blanca-3-338x450.jpg 338w, https:\/\/graziamagazine.com\/mx\/wp-content\/uploads\/sites\/13\/2025\/11\/el-elegante-abrigo-dior-de-melania-trump-para-recibir-el-arbol-navideno-en-la-casa-blanca-3-768x1024.jpg 768w, https:\/\/graziamagazine.com\/mx\/wp-content\/uploads\/sites\/13\/2025\/11\/el-elegante-abrigo-dior-de-melania-trump-para-recibir-el-arbol-navideno-en-la-casa-blanca-3-400x533.jpg 400w, https:\/\/graziamagazine.com\/mx\/wp-content\/uploads\/sites\/13\/2025\/11\/el-elegante-abrigo-dior-de-melania-trump-para-recibir-el-arbol-navideno-en-la-casa-blanca-3-155x207.jpg 155w\" sizes=\"(max-width: 900px) 100vw, 900px\" \/><figcaption id=\"caption-attachment-162440\" class=\"wp-caption-text\">Foto: Getty Images<\/figcaption><\/figure>\n<p data-start=\"0\" data-end=\"450\" data-is-last-node=\"\" data-is-only-node=\"\">El \u00e1rbol, procedente de Korson\u2019s Tree Farms en Michigan, fue entregado en una carreta verde tirada por caballos y conducida por tres hombres que llevaban sombreros de copa. \u201cEs un \u00e1rbol hermoso\u201d, dijo la primera dama mientras rodeaba la carreta y posaba para las fotos. Korson\u2019s ahora gan\u00f3 popularidad porque gan\u00f3 el concurso de la National Christmas Tree Association; este triunfo marc\u00f3 la primera vez en m\u00e1s de 40 a\u00f1os que una granja de Michigan era elegida para suministrar el \u00e1rbol oficial. Adem\u00e1s, la granja ha ganado premios a nivel estatal y anteriormente fue subcampeona para la residencia del vicepresidente.<\/p>\n<div class=\"z-0 flex min-h-[46px] justify-start\">\n<article class=\"text-token-text-primary w-full focus:outline-none [--shadow-height:45px] has-data-writing-block:pointer-events-none has-data-writing-block:-mt-(--shadow-height) has-data-writing-block:pt-(--shadow-height) [&amp;:has([data-writing-block])&gt;*]:pointer-events-auto scroll-mt-[calc(var(--header-height)+min(200px,max(70px,20svh)))]\" dir=\"auto\" data-turn-id=\"request-WEB:691fcf10-d849-4400-8873-e463ecd78844-4\" data-testid=\"conversation-turn-10\" data-scroll-anchor=\"true\" data-turn=\"assistant\">\n<div class=\"text-base my-auto mx-auto pb-10 [--thread-content-margin:--spacing(4)] thread-sm:[--thread-content-margin:--spacing(6)] thread-lg:[--thread-content-margin:--spacing(16)] px-(--thread-content-margin)\">\n<div class=\"[--thread-content-max-width:40rem] thread-lg:[--thread-content-max-width:48rem] mx-auto max-w-(--thread-content-max-width) flex-1 group\/turn-messages focus-visible:outline-hidden relative flex w-full min-w-0 flex-col agent-turn\">\n<div class=\"flex max-w-full flex-col grow\">\n<div class=\"min-h-8 text-message relative flex w-full flex-col items-end gap-2 text-start break-words whitespace-normal [.text-message+&amp;]:mt-1\" dir=\"auto\" data-message-author-role=\"assistant\" data-message-id=\"9c3bdf38-4062-4fb9-99cb-7f2cf7c48ee7\" data-message-model-slug=\"gpt-5-1\">\n<div class=\"flex w-full flex-col gap-1 empty:hidden first:pt-[1px]\">\n<div class=\"markdown prose dark:prose-invert w-full break-words light markdown-new-styling\">\n<p data-start=\"0\" data-end=\"208\" data-is-last-node=\"\" data-is-only-node=\"\">Curiosamente, <em>This is Money <\/em>recalca que en 2018, Melania fue grabada expresando su frustraci\u00f3n por tener que poner la Casa Blanca en ambiente festivo, diciendo: \u201cSabes, \u00bfa qui\u00e9n le importa la mi*rda de la Navidad y las decoraciones?\u201d.<\/p>\n<\/div>\n<\/div>\n<\/div>\n<\/div>\n<div class=\"z-0 flex min-h-[46px] justify-start\">\n<p data-start=\"0\" data-end=\"130\">La tradici\u00f3n de recibir el \u00e1rbol marca el inicio de una serie de eventos planeados por la Primera Familia en las pr\u00f3ximas semanas. El presidente Trump tiene previsto indultar a dos pavos de Carolina del Norte, Gobble y Waddle, durante una ceremonia previa al D\u00eda de Acci\u00f3n de Gracias. Para este evento, FLOTUS luci\u00f3 la cazadora bomber Leon marr\u00f3n oscuro de Anine Bing, un su\u00e9ter marr\u00f3n de cuello redondo, una falda de tweed marr\u00f3n de Ralph Lauren y unos tacones de gamuza marr\u00f3n de Manolo Blahnik.<\/p>\n<figure id=\"attachment_162439\" aria-describedby=\"caption-attachment-162439\" style=\"width: 900px\" class=\"wp-caption alignnone\"><img loading=\"lazy\" decoding=\"async\" class=\"wp-image-162439 size-full\" src=\"https:\/\/graziamagazine.com\/mx\/wp-content\/uploads\/sites\/13\/2025\/11\/el-elegante-abrigo-dior-de-melania-trump-para-recibir-el-arbol-navideno-en-la-casa-blanca-2.jpg\" alt=\"El elegante abrigo Dior de Melania Trump para recibir el \u00e1rbol navide\u00f1o en la Casa Blanca\" width=\"900\" height=\"1200\" srcset=\"https:\/\/graziamagazine.com\/mx\/wp-content\/uploads\/sites\/13\/2025\/11\/el-elegante-abrigo-dior-de-melania-trump-para-recibir-el-arbol-navideno-en-la-casa-blanca-2.jpg 900w, https:\/\/graziamagazine.com\/mx\/wp-content\/uploads\/sites\/13\/2025\/11\/el-elegante-abrigo-dior-de-melania-trump-para-recibir-el-arbol-navideno-en-la-casa-blanca-2-338x450.jpg 338w, https:\/\/graziamagazine.com\/mx\/wp-content\/uploads\/sites\/13\/2025\/11\/el-elegante-abrigo-dior-de-melania-trump-para-recibir-el-arbol-navideno-en-la-casa-blanca-2-768x1024.jpg 768w, https:\/\/graziamagazine.com\/mx\/wp-content\/uploads\/sites\/13\/2025\/11\/el-elegante-abrigo-dior-de-melania-trump-para-recibir-el-arbol-navideno-en-la-casa-blanca-2-400x533.jpg 400w, https:\/\/graziamagazine.com\/mx\/wp-content\/uploads\/sites\/13\/2025\/11\/el-elegante-abrigo-dior-de-melania-trump-para-recibir-el-arbol-navideno-en-la-casa-blanca-2-155x207.jpg 155w\" sizes=\"(max-width: 900px) 100vw, 900px\" \/><figcaption id=\"caption-attachment-162439\" class=\"wp-caption-text\">Foto: Getty Images<\/figcaption><\/figure>\n<p data-start=\"0\" data-end=\"130\">\u00bfQu\u00e9 opinas de estos looks?<\/p>\n<\/div>\n<\/div>\n<\/div>\n<\/article>\n<\/div>\n<\/div>\n<\/div>\n<\/div>\n<\/div>\n<\/div>\n<\/div>\n<\/article>\n","protected":false},"author":42761,"featured_media":162438,"template":"","format":"standard","categories":[2],"acf":[],"yoast_head":"<!-- This site is optimized with the Yoast SEO Premium plugin v18.5 (Yoast SEO v20.4) - https:\/\/yoast.com\/wordpress\/plugins\/seo\/ -->\n<title>El elegante abrigo Dior de Melania Trump para recibir el \u00e1rbol navide\u00f1o en la Casa Blanca | Grazia M\u00e9xico y Latinoam\u00e9rica<\/title>\n<meta name=\"description\" content=\"Las elecciones de moda de las primeras damas siempre ha sido tema de conversaci\u00f3n \u2014basta con leer el nuevo libro de Michelle Obama, donde analiza cada uno\" \/>\n<meta name=\"robots\" content=\"index, follow, max-snippet:-1, max-image-preview:large, max-video-preview:-1\" \/>\n<link rel=\"canonical\" href=\"https:\/\/graziamagazine.com\/mx\/articles\/el-elegante-abrigo-dior-de-melania-trump-para-recibir-el-arbol-navideno-en-la-casa-blanca\/\" \/>\n<meta property=\"og:locale\" content=\"es_MX\" \/>\n<meta property=\"og:type\" content=\"article\" \/>\n<meta property=\"og:title\" content=\"El elegante abrigo Dior de Melania Trump para recibir el \u00e1rbol navide\u00f1o en la Casa Blanca\" \/>\n<meta property=\"og:description\" content=\"Las elecciones de moda de las primeras damas siempre ha sido tema de conversaci\u00f3n \u2014basta con leer el nuevo libro de Michelle Obama, donde analiza cada uno\" \/>\n<meta property=\"og:url\" content=\"https:\/\/graziamagazine.com\/mx\/articles\/el-elegante-abrigo-dior-de-melania-trump-para-recibir-el-arbol-navideno-en-la-casa-blanca\/\" \/>\n<meta property=\"og:site_name\" content=\"Grazia M\u00e9xico y Latinoam\u00e9rica\" \/>\n<meta property=\"article:modified_time\" content=\"2025-11-26T17:21:37+00:00\" \/>\n<meta property=\"og:image\" content=\"https:\/\/graziamagazine.com\/mx\/wp-content\/uploads\/sites\/13\/2025\/11\/el-elegante-abrigo-dior-de-melania-trump-para-recibir-el-arbol-navideno-en-la-casa-blanca-1.jpg\" \/>\n\t<meta property=\"og:image:width\" content=\"1280\" \/>\n\t<meta property=\"og:image:height\" content=\"720\" \/>\n\t<meta property=\"og:image:type\" content=\"image\/jpeg\" \/>\n<meta name=\"twitter:card\" content=\"summary_large_image\" \/>\n<meta name=\"twitter:label1\" content=\"Est. reading time\" \/>\n\t<meta name=\"twitter:data1\" content=\"3 minutos\" \/>\n<script type=\"application\/ld+json\" class=\"yoast-schema-graph\">{\"@context\":\"https:\/\/schema.org\",\"@graph\":[{\"@type\":\"WebPage\",\"@id\":\"https:\/\/graziamagazine.com\/mx\/articles\/el-elegante-abrigo-dior-de-melania-trump-para-recibir-el-arbol-navideno-en-la-casa-blanca\/\",\"url\":\"https:\/\/graziamagazine.com\/mx\/articles\/el-elegante-abrigo-dior-de-melania-trump-para-recibir-el-arbol-navideno-en-la-casa-blanca\/\",\"name\":\"El elegante abrigo Dior de Melania Trump para recibir el \u00e1rbol navide\u00f1o en la Casa Blanca | Grazia M\u00e9xico y Latinoam\u00e9rica\",\"isPartOf\":{\"@id\":\"https:\/\/graziamagazine.com\/mx\/#website\"},\"datePublished\":\"2025-11-26T17:01:52+00:00\",\"dateModified\":\"2025-11-26T17:21:37+00:00\",\"description\":\"Las elecciones de moda de las primeras damas siempre ha sido tema de conversaci\u00f3n \u2014basta con leer el nuevo libro de Michelle Obama, donde analiza cada uno\",\"breadcrumb\":{\"@id\":\"https:\/\/graziamagazine.com\/mx\/articles\/el-elegante-abrigo-dior-de-melania-trump-para-recibir-el-arbol-navideno-en-la-casa-blanca\/#breadcrumb\"},\"inLanguage\":\"es-MX\",\"potentialAction\":[{\"@type\":\"ReadAction\",\"target\":[\"https:\/\/graziamagazine.com\/mx\/articles\/el-elegante-abrigo-dior-de-melania-trump-para-recibir-el-arbol-navideno-en-la-casa-blanca\/\"]}]},{\"@type\":\"BreadcrumbList\",\"@id\":\"https:\/\/graziamagazine.com\/mx\/articles\/el-elegante-abrigo-dior-de-melania-trump-para-recibir-el-arbol-navideno-en-la-casa-blanca\/#breadcrumb\",\"itemListElement\":[{\"@type\":\"ListItem\",\"position\":1,\"name\":\"Home\",\"item\":\"https:\/\/graziamagazine.com\/mx\/\"},{\"@type\":\"ListItem\",\"position\":2,\"name\":\"El elegante abrigo Dior de Melania Trump para recibir el \u00e1rbol navide\u00f1o en la Casa Blanca\"}]},{\"@type\":\"WebSite\",\"@id\":\"https:\/\/graziamagazine.com\/mx\/#website\",\"url\":\"https:\/\/graziamagazine.com\/mx\/\",\"name\":\"Grazia M\u00e9xico y Latinoam\u00e9rica\",\"description\":\"Grazia es moda, belleza y noticias  de actualidad \",\"potentialAction\":[{\"@type\":\"SearchAction\",\"target\":{\"@type\":\"EntryPoint\",\"urlTemplate\":\"https:\/\/graziamagazine.com\/mx\/?s={search_term_string}\"},\"query-input\":\"required name=search_term_string\"}],\"inLanguage\":\"es-MX\"}]}<\/script>\n<!-- \/ Yoast SEO Premium plugin. -->","yoast_head_json":{"title":"El elegante abrigo Dior de Melania Trump para recibir el \u00e1rbol navide\u00f1o en la Casa Blanca | Grazia M\u00e9xico y Latinoam\u00e9rica","description":"Las elecciones de moda de las primeras damas siempre ha sido tema de conversaci\u00f3n \u2014basta con leer el nuevo libro de Michelle Obama, donde analiza cada uno","robots":{"index":"index","follow":"follow","max-snippet":"max-snippet:-1","max-image-preview":"max-image-preview:large","max-video-preview":"max-video-preview:-1"},"canonical":"https:\/\/graziamagazine.com\/mx\/articles\/el-elegante-abrigo-dior-de-melania-trump-para-recibir-el-arbol-navideno-en-la-casa-blanca\/","og_locale":"es_MX","og_type":"article","og_title":"El elegante abrigo Dior de Melania Trump para recibir el \u00e1rbol navide\u00f1o en la Casa Blanca","og_description":"Las elecciones de moda de las primeras damas siempre ha sido tema de conversaci\u00f3n \u2014basta con leer el nuevo libro de Michelle Obama, donde analiza cada uno","og_url":"https:\/\/graziamagazine.com\/mx\/articles\/el-elegante-abrigo-dior-de-melania-trump-para-recibir-el-arbol-navideno-en-la-casa-blanca\/","og_site_name":"Grazia M\u00e9xico y Latinoam\u00e9rica","article_modified_time":"2025-11-26T17:21:37+00:00","og_image":[{"width":1280,"height":720,"url":"https:\/\/graziamagazine.com\/mx\/wp-content\/uploads\/sites\/13\/2025\/11\/el-elegante-abrigo-dior-de-melania-trump-para-recibir-el-arbol-navideno-en-la-casa-blanca-1.jpg","type":"image\/jpeg"}],"twitter_card":"summary_large_image","twitter_misc":{"Est. reading time":"3 minutos"},"schema":{"@context":"https:\/\/schema.org","@graph":[{"@type":"WebPage","@id":"https:\/\/graziamagazine.com\/mx\/articles\/el-elegante-abrigo-dior-de-melania-trump-para-recibir-el-arbol-navideno-en-la-casa-blanca\/","url":"https:\/\/graziamagazine.com\/mx\/articles\/el-elegante-abrigo-dior-de-melania-trump-para-recibir-el-arbol-navideno-en-la-casa-blanca\/","name":"El elegante abrigo Dior de Melania Trump para recibir el \u00e1rbol navide\u00f1o en la Casa Blanca | Grazia M\u00e9xico y Latinoam\u00e9rica","isPartOf":{"@id":"https:\/\/graziamagazine.com\/mx\/#website"},"datePublished":"2025-11-26T17:01:52+00:00","dateModified":"2025-11-26T17:21:37+00:00","description":"Las elecciones de moda de las primeras damas siempre ha sido tema de conversaci\u00f3n \u2014basta con leer el nuevo libro de Michelle Obama, donde analiza cada uno","breadcrumb":{"@id":"https:\/\/graziamagazine.com\/mx\/articles\/el-elegante-abrigo-dior-de-melania-trump-para-recibir-el-arbol-navideno-en-la-casa-blanca\/#breadcrumb"},"inLanguage":"es-MX","potentialAction":[{"@type":"ReadAction","target":["https:\/\/graziamagazine.com\/mx\/articles\/el-elegante-abrigo-dior-de-melania-trump-para-recibir-el-arbol-navideno-en-la-casa-blanca\/"]}]},{"@type":"BreadcrumbList","@id":"https:\/\/graziamagazine.com\/mx\/articles\/el-elegante-abrigo-dior-de-melania-trump-para-recibir-el-arbol-navideno-en-la-casa-blanca\/#breadcrumb","itemListElement":[{"@type":"ListItem","position":1,"name":"Home","item":"https:\/\/graziamagazine.com\/mx\/"},{"@type":"ListItem","position":2,"name":"El elegante abrigo Dior de Melania Trump para recibir el \u00e1rbol navide\u00f1o en la Casa Blanca"}]},{"@type":"WebSite","@id":"https:\/\/graziamagazine.com\/mx\/#website","url":"https:\/\/graziamagazine.com\/mx\/","name":"Grazia M\u00e9xico y Latinoam\u00e9rica","description":"Grazia es moda, belleza y noticias  de actualidad ","potentialAction":[{"@type":"SearchAction","target":{"@type":"EntryPoint","urlTemplate":"https:\/\/graziamagazine.com\/mx\/?s={search_term_string}"},"query-input":"required name=search_term_string"}],"inLanguage":"es-MX"}]}},"jetpack_sharing_enabled":true,"distributor_meta":false,"distributor_terms":false,"distributor_media":false,"distributor_original_site_name":"Grazia M\u00e9xico y Latinoam\u00e9rica","distributor_original_site_url":"https:\/\/graziamagazine.com\/mx","push-errors":false,"_links":{"self":[{"href":"https:\/\/graziamagazine.com\/mx\/wp-json\/wp\/v2\/articles\/162437"}],"collection":[{"href":"https:\/\/graziamagazine.com\/mx\/wp-json\/wp\/v2\/articles"}],"about":[{"href":"https:\/\/graziamagazine.com\/mx\/wp-json\/wp\/v2\/types\/articles"}],"author":[{"embeddable":true,"href":"https:\/\/graziamagazine.com\/mx\/wp-json\/wp\/v2\/users\/42761"}],"wp:featuredmedia":[{"embeddable":true,"href":"https:\/\/graziamagazine.com\/mx\/wp-json\/wp\/v2\/media\/162438"}],"wp:attachment":[{"href":"https:\/\/graziamagazine.com\/mx\/wp-json\/wp\/v2\/media?parent=162437"}],"wp:term":[{"taxonomy":"category","embeddable":true,"href":"https:\/\/graziamagazine.com\/mx\/wp-json\/wp\/v2\/categories?post=162437"}],"curies":[{"name":"wp","href":"https:\/\/api.w.org\/{rel}","templated":true}]}}