{"id":162417,"date":"2025-11-25T13:23:06","date_gmt":"2025-11-25T18:23:06","guid":{"rendered":"https:\/\/graziamagazine.com\/mx\/?post_type=articles&#038;p=162417"},"modified":"2025-11-25T13:26:10","modified_gmt":"2025-11-25T18:26:10","slug":"las-tendencias-de-maquillaje-que-marcaran-el-2026","status":"publish","type":"articles","link":"https:\/\/graziamagazine.com\/mx\/articles\/las-tendencias-de-maquillaje-que-marcaran-el-2026\/","title":{"rendered":"Las tendencias de maquillaje que marcar\u00e1n el 2026"},"content":{"rendered":"<p><span style=\"font-weight: 400\">El pr\u00f3ximo a\u00f1o est\u00e1 a la vuelta de la esquina, y con \u00e9l vienen nuevas tendencias de maquillaje. Seg\u00fan se anticipa, para 2026 se esperan propuestas que priorizan la precisi\u00f3n, la textura bien trabajada y un acabado natural. Las principales marcas de cosm\u00e9ticos han presentado l\u00edneas que apuestan por f\u00f3rmulas m\u00e1s estables, pigmentaci\u00f3n controlada y t\u00e9cnicas nuevas para cada producto.\u00a0<\/span><\/p>\n<p><span style=\"font-weight: 400\">Uno de los movimientos m\u00e1s claros para el pr\u00f3ximo a\u00f1o ser\u00e1 el retorno del delineado de ojos bien definido. Despu\u00e9s de varias temporadas dominadas por trazos difuminados, en 2026 se recupera el delineado definido, con l\u00edneas rectas o ligeramente ascendentes que aportan direcci\u00f3n a la mirada. Este estilo se apoya en geles de larga duraci\u00f3n y l\u00e1pices resistentes a la humedad, lo que facilita mantener la forma durante todo el d\u00eda.<\/span><\/p>\n<p><span style=\"font-weight: 400\">En cuanto a la piel, se fortalecen los fondos de maquillaje de cobertura media, formulados para unificar sin generar una capa pesada. La tendencia apunta a un acabado que permita ver la textura real de la piel, con puntos de luz colocados estrat\u00e9gicamente. El iluminador ya no se distribuye de manera amplia; ahora se aplica solo en \u00e1reas espec\u00edficas para dar profundidad y proyectar un aspecto m\u00e1s pulcro, mientras que las bases con p\u00e9ptidos, antioxidantes o complejos nutritivos seguir\u00e1n creciendo.<\/span><\/p>\n<p><span style=\"font-weight: 400\">Las cejas adoptar\u00e1n un enfoque m\u00e1s t\u00e9cnico. Se dejar\u00e1n atr\u00e1s los extremos (ni tan marcadas ni tan despeinadas) para dar paso a un dise\u00f1o natural que refuerce el resto del maquillaje con menor densidad. Los geles transparentes con fijaci\u00f3n moderada y los l\u00e1pices ultra finos ser\u00e1n esenciales para lograr este acabado.<\/span><\/p>\n<p><span style=\"font-weight: 400\">Los labios tambi\u00e9n presentan una evoluci\u00f3n interesante. Los tonos neutros dominar\u00e1n, especialmente aquellos que replican la pigmentaci\u00f3n natural de la boca. Los labiales satinados ganan terreno sobre los completamente mates, ofreciendo una sensaci\u00f3n m\u00e1s c\u00f3moda y garantizando una mayor estabilidad en el color.<\/span><\/p>\n<p><span style=\"font-weight: 400\">\u00bfLista para las compras de los nuevos cosm\u00e9ticos que necesitar\u00e1s?<\/span><\/p>\n","protected":false},"author":11628,"featured_media":138814,"template":"","format":"standard","categories":[3],"acf":[],"yoast_head":"<!-- This site is optimized with the Yoast SEO Premium plugin v18.5 (Yoast SEO v20.4) - https:\/\/yoast.com\/wordpress\/plugins\/seo\/ -->\n<title>Las tendencias de maquillaje que marcar\u00e1n el 2026<\/title>\n<meta name=\"description\" content=\"El pr\u00f3ximo a\u00f1o est\u00e1 a la vuelta de la esquina, y con \u00e9l vienen nuevas tendencias de maquillaje. Seg\u00fan se anticipa, para 2026 se esperan propuestas que\" \/>\n<meta name=\"robots\" content=\"index, follow, max-snippet:-1, max-image-preview:large, max-video-preview:-1\" \/>\n<link rel=\"canonical\" href=\"https:\/\/graziamagazine.com\/mx\/articles\/las-tendencias-de-maquillaje-que-marcaran-el-2026\/\" \/>\n<meta property=\"og:locale\" content=\"es_MX\" \/>\n<meta property=\"og:type\" content=\"article\" \/>\n<meta property=\"og:title\" content=\"Las tendencias de maquillaje que marcar\u00e1n el 2026\" \/>\n<meta property=\"og:description\" content=\"El pr\u00f3ximo a\u00f1o est\u00e1 a la vuelta de la esquina, y con \u00e9l vienen nuevas tendencias de maquillaje. Seg\u00fan se anticipa, para 2026 se esperan propuestas que\" \/>\n<meta property=\"og:url\" content=\"https:\/\/graziamagazine.com\/mx\/articles\/las-tendencias-de-maquillaje-que-marcaran-el-2026\/\" \/>\n<meta property=\"og:site_name\" content=\"Grazia M\u00e9xico y Latinoam\u00e9rica\" \/>\n<meta property=\"article:modified_time\" content=\"2025-11-25T18:26:10+00:00\" \/>\n<meta property=\"og:image\" content=\"https:\/\/graziamagazine.com\/mx\/wp-content\/uploads\/sites\/13\/2024\/07\/maquillaje9390-F-scaled.jpg\" \/>\n\t<meta property=\"og:image:width\" content=\"2560\" \/>\n\t<meta property=\"og:image:height\" content=\"1707\" \/>\n\t<meta property=\"og:image:type\" content=\"image\/jpeg\" \/>\n<meta name=\"twitter:card\" content=\"summary_large_image\" \/>\n<meta name=\"twitter:label1\" content=\"Est. reading time\" \/>\n\t<meta name=\"twitter:data1\" content=\"2 minutos\" \/>\n<script type=\"application\/ld+json\" class=\"yoast-schema-graph\">{\"@context\":\"https:\/\/schema.org\",\"@graph\":[{\"@type\":\"WebPage\",\"@id\":\"https:\/\/graziamagazine.com\/mx\/articles\/las-tendencias-de-maquillaje-que-marcaran-el-2026\/\",\"url\":\"https:\/\/graziamagazine.com\/mx\/articles\/las-tendencias-de-maquillaje-que-marcaran-el-2026\/\",\"name\":\"Las tendencias de maquillaje que marcar\u00e1n el 2026\",\"isPartOf\":{\"@id\":\"https:\/\/graziamagazine.com\/mx\/#website\"},\"datePublished\":\"2025-11-25T18:23:06+00:00\",\"dateModified\":\"2025-11-25T18:26:10+00:00\",\"description\":\"El pr\u00f3ximo a\u00f1o est\u00e1 a la vuelta de la esquina, y con \u00e9l vienen nuevas tendencias de maquillaje. Seg\u00fan se anticipa, para 2026 se esperan propuestas que\",\"breadcrumb\":{\"@id\":\"https:\/\/graziamagazine.com\/mx\/articles\/las-tendencias-de-maquillaje-que-marcaran-el-2026\/#breadcrumb\"},\"inLanguage\":\"es-MX\",\"potentialAction\":[{\"@type\":\"ReadAction\",\"target\":[\"https:\/\/graziamagazine.com\/mx\/articles\/las-tendencias-de-maquillaje-que-marcaran-el-2026\/\"]}]},{\"@type\":\"BreadcrumbList\",\"@id\":\"https:\/\/graziamagazine.com\/mx\/articles\/las-tendencias-de-maquillaje-que-marcaran-el-2026\/#breadcrumb\",\"itemListElement\":[{\"@type\":\"ListItem\",\"position\":1,\"name\":\"Home\",\"item\":\"https:\/\/graziamagazine.com\/mx\/\"},{\"@type\":\"ListItem\",\"position\":2,\"name\":\"Las tendencias de maquillaje que marcar\u00e1n el 2026\"}]},{\"@type\":\"WebSite\",\"@id\":\"https:\/\/graziamagazine.com\/mx\/#website\",\"url\":\"https:\/\/graziamagazine.com\/mx\/\",\"name\":\"Grazia M\u00e9xico y Latinoam\u00e9rica\",\"description\":\"Grazia es moda, belleza y noticias  de actualidad \",\"potentialAction\":[{\"@type\":\"SearchAction\",\"target\":{\"@type\":\"EntryPoint\",\"urlTemplate\":\"https:\/\/graziamagazine.com\/mx\/?s={search_term_string}\"},\"query-input\":\"required name=search_term_string\"}],\"inLanguage\":\"es-MX\"}]}<\/script>\n<!-- \/ Yoast SEO Premium plugin. -->","yoast_head_json":{"title":"Las tendencias de maquillaje que marcar\u00e1n el 2026","description":"El pr\u00f3ximo a\u00f1o est\u00e1 a la vuelta de la esquina, y con \u00e9l vienen nuevas tendencias de maquillaje. Seg\u00fan se anticipa, para 2026 se esperan propuestas que","robots":{"index":"index","follow":"follow","max-snippet":"max-snippet:-1","max-image-preview":"max-image-preview:large","max-video-preview":"max-video-preview:-1"},"canonical":"https:\/\/graziamagazine.com\/mx\/articles\/las-tendencias-de-maquillaje-que-marcaran-el-2026\/","og_locale":"es_MX","og_type":"article","og_title":"Las tendencias de maquillaje que marcar\u00e1n el 2026","og_description":"El pr\u00f3ximo a\u00f1o est\u00e1 a la vuelta de la esquina, y con \u00e9l vienen nuevas tendencias de maquillaje. Seg\u00fan se anticipa, para 2026 se esperan propuestas que","og_url":"https:\/\/graziamagazine.com\/mx\/articles\/las-tendencias-de-maquillaje-que-marcaran-el-2026\/","og_site_name":"Grazia M\u00e9xico y Latinoam\u00e9rica","article_modified_time":"2025-11-25T18:26:10+00:00","og_image":[{"width":2560,"height":1707,"url":"https:\/\/graziamagazine.com\/mx\/wp-content\/uploads\/sites\/13\/2024\/07\/maquillaje9390-F-scaled.jpg","type":"image\/jpeg"}],"twitter_card":"summary_large_image","twitter_misc":{"Est. reading time":"2 minutos"},"schema":{"@context":"https:\/\/schema.org","@graph":[{"@type":"WebPage","@id":"https:\/\/graziamagazine.com\/mx\/articles\/las-tendencias-de-maquillaje-que-marcaran-el-2026\/","url":"https:\/\/graziamagazine.com\/mx\/articles\/las-tendencias-de-maquillaje-que-marcaran-el-2026\/","name":"Las tendencias de maquillaje que marcar\u00e1n el 2026","isPartOf":{"@id":"https:\/\/graziamagazine.com\/mx\/#website"},"datePublished":"2025-11-25T18:23:06+00:00","dateModified":"2025-11-25T18:26:10+00:00","description":"El pr\u00f3ximo a\u00f1o est\u00e1 a la vuelta de la esquina, y con \u00e9l vienen nuevas tendencias de maquillaje. Seg\u00fan se anticipa, para 2026 se esperan propuestas que","breadcrumb":{"@id":"https:\/\/graziamagazine.com\/mx\/articles\/las-tendencias-de-maquillaje-que-marcaran-el-2026\/#breadcrumb"},"inLanguage":"es-MX","potentialAction":[{"@type":"ReadAction","target":["https:\/\/graziamagazine.com\/mx\/articles\/las-tendencias-de-maquillaje-que-marcaran-el-2026\/"]}]},{"@type":"BreadcrumbList","@id":"https:\/\/graziamagazine.com\/mx\/articles\/las-tendencias-de-maquillaje-que-marcaran-el-2026\/#breadcrumb","itemListElement":[{"@type":"ListItem","position":1,"name":"Home","item":"https:\/\/graziamagazine.com\/mx\/"},{"@type":"ListItem","position":2,"name":"Las tendencias de maquillaje que marcar\u00e1n el 2026"}]},{"@type":"WebSite","@id":"https:\/\/graziamagazine.com\/mx\/#website","url":"https:\/\/graziamagazine.com\/mx\/","name":"Grazia M\u00e9xico y Latinoam\u00e9rica","description":"Grazia es moda, belleza y noticias  de actualidad ","potentialAction":[{"@type":"SearchAction","target":{"@type":"EntryPoint","urlTemplate":"https:\/\/graziamagazine.com\/mx\/?s={search_term_string}"},"query-input":"required name=search_term_string"}],"inLanguage":"es-MX"}]}},"jetpack_sharing_enabled":true,"distributor_meta":false,"distributor_terms":false,"distributor_media":false,"distributor_original_site_name":"Grazia M\u00e9xico y Latinoam\u00e9rica","distributor_original_site_url":"https:\/\/graziamagazine.com\/mx","push-errors":false,"_links":{"self":[{"href":"https:\/\/graziamagazine.com\/mx\/wp-json\/wp\/v2\/articles\/162417"}],"collection":[{"href":"https:\/\/graziamagazine.com\/mx\/wp-json\/wp\/v2\/articles"}],"about":[{"href":"https:\/\/graziamagazine.com\/mx\/wp-json\/wp\/v2\/types\/articles"}],"author":[{"embeddable":true,"href":"https:\/\/graziamagazine.com\/mx\/wp-json\/wp\/v2\/users\/11628"}],"wp:featuredmedia":[{"embeddable":true,"href":"https:\/\/graziamagazine.com\/mx\/wp-json\/wp\/v2\/media\/138814"}],"wp:attachment":[{"href":"https:\/\/graziamagazine.com\/mx\/wp-json\/wp\/v2\/media?parent=162417"}],"wp:term":[{"taxonomy":"category","embeddable":true,"href":"https:\/\/graziamagazine.com\/mx\/wp-json\/wp\/v2\/categories?post=162417"}],"curies":[{"name":"wp","href":"https:\/\/api.w.org\/{rel}","templated":true}]}}