{"id":161915,"date":"2025-11-19T14:46:59","date_gmt":"2025-11-19T19:46:59","guid":{"rendered":"https:\/\/graziamagazine.com\/mx\/?post_type=articles&#038;p=161915"},"modified":"2025-11-19T14:51:04","modified_gmt":"2025-11-19T19:51:04","slug":"elegancia-historica-de-carlota-casiraghi-en-monaco","status":"publish","type":"articles","link":"https:\/\/graziamagazine.com\/mx\/articles\/elegancia-historica-de-carlota-casiraghi-en-monaco\/","title":{"rendered":"Elegancia hist\u00f3rica de Carlota Casiraghi en M\u00f3naco"},"content":{"rendered":"<p data-start=\"245\" data-end=\"683\">El D\u00eda Nacional de M\u00f3naco es uno de esos momentos en los que el estilo toma un papel protag\u00f3nico. La familia real despliega su mejor versi\u00f3n en una celebraci\u00f3n que combina tradici\u00f3n, solemnidad y glamour absoluto.<\/p>\n<p data-start=\"245\" data-end=\"683\">Entre todos los asistentes, Carlota Casiraghi y la princesa Carolina se han consolidado como referentes indiscutibles. Hoy recorremos algunos de sus looks m\u00e1s representativos que han marcado tendencia a lo largo de los a\u00f1os.<\/p>\n<h3 data-start=\"1051\" data-end=\"1090\"><strong data-start=\"1055\" data-end=\"1088\">Azul cielo para anunciar 2025<\/strong><\/h3>\n<figure id=\"attachment_161949\" aria-describedby=\"caption-attachment-161949\" style=\"width: 608px\" class=\"wp-caption alignnone\"><img loading=\"lazy\" decoding=\"async\" class=\"size-full wp-image-161949\" src=\"https:\/\/graziamagazine.com\/mx\/wp-content\/uploads\/sites\/13\/2025\/11\/Captura-de-Pantalla-2025-11-19-a-las-12.48.58.png\" alt=\"Elegancia hist\u00f3rica de Carlota Casiraghi en M\u00f3naco\" width=\"608\" height=\"1018\" srcset=\"https:\/\/graziamagazine.com\/mx\/wp-content\/uploads\/sites\/13\/2025\/11\/Captura-de-Pantalla-2025-11-19-a-las-12.48.58.png 608w, https:\/\/graziamagazine.com\/mx\/wp-content\/uploads\/sites\/13\/2025\/11\/Captura-de-Pantalla-2025-11-19-a-las-12.48.58-269x450.png 269w, https:\/\/graziamagazine.com\/mx\/wp-content\/uploads\/sites\/13\/2025\/11\/Captura-de-Pantalla-2025-11-19-a-las-12.48.58-400x670.png 400w, https:\/\/graziamagazine.com\/mx\/wp-content\/uploads\/sites\/13\/2025\/11\/Captura-de-Pantalla-2025-11-19-a-las-12.48.58-128x215.png 128w\" sizes=\"(max-width: 608px) 100vw, 608px\" \/><figcaption id=\"caption-attachment-161949\" class=\"wp-caption-text\">Elegancia hist\u00f3rica de Carlota Casiraghi en M\u00f3naco<\/figcaption><\/figure>\n<p data-start=\"1091\" data-end=\"1433\">Ese mismo a\u00f1o, Carlota Casiraghi anticip\u00f3 uno de los colores que dominar\u00eda la temporada siguiente: el azul cielo. Su abrigo vestido de Chanel, decorado con la cl\u00e1sica camelia en el pecho, se convirti\u00f3 en un ejemplo perfecto de elegancia minimalista. Un estilismo que complement\u00f3 con accesorios negros para equilibrar sutileza y fuerza visual.<\/p>\n<h3 data-start=\"1435\" data-end=\"1477\"><strong data-start=\"1439\" data-end=\"1475\">Rojo vibrante con minifalda 2023<\/strong><\/h3>\n<figure id=\"attachment_161944\" aria-describedby=\"caption-attachment-161944\" style=\"width: 724px\" class=\"wp-caption alignnone\"><img loading=\"lazy\" decoding=\"async\" class=\"size-large wp-image-161944\" src=\"https:\/\/graziamagazine.com\/mx\/wp-content\/uploads\/sites\/13\/2025\/11\/Captura-de-Pantalla-2025-11-19-a-las-12.48.12-724x1024.png\" alt=\"Elegancia hist\u00f3rica de Carlota Casiraghi en M\u00f3naco\" width=\"724\" height=\"1024\" srcset=\"https:\/\/graziamagazine.com\/mx\/wp-content\/uploads\/sites\/13\/2025\/11\/Captura-de-Pantalla-2025-11-19-a-las-12.48.12-724x1024.png 724w, https:\/\/graziamagazine.com\/mx\/wp-content\/uploads\/sites\/13\/2025\/11\/Captura-de-Pantalla-2025-11-19-a-las-12.48.12-318x450.png 318w, https:\/\/graziamagazine.com\/mx\/wp-content\/uploads\/sites\/13\/2025\/11\/Captura-de-Pantalla-2025-11-19-a-las-12.48.12-768x1087.png 768w, https:\/\/graziamagazine.com\/mx\/wp-content\/uploads\/sites\/13\/2025\/11\/Captura-de-Pantalla-2025-11-19-a-las-12.48.12-400x566.png 400w, https:\/\/graziamagazine.com\/mx\/wp-content\/uploads\/sites\/13\/2025\/11\/Captura-de-Pantalla-2025-11-19-a-las-12.48.12-152x215.png 152w, https:\/\/graziamagazine.com\/mx\/wp-content\/uploads\/sites\/13\/2025\/11\/Captura-de-Pantalla-2025-11-19-a-las-12.48.12.png 814w\" sizes=\"(max-width: 724px) 100vw, 724px\" \/><figcaption id=\"caption-attachment-161944\" class=\"wp-caption-text\">Elegancia hist\u00f3rica de Carlota Casiraghi en M\u00f3naco<\/figcaption><\/figure>\n<p data-start=\"1478\" data-end=\"1782\">Entre sus elecciones m\u00e1s poderosas aparece el conjunto rojo de Chanel con chaqueta estructurada, cintur\u00f3n contrastante y minifalda. El bolso de cadena y los salones acharolados completaron un look lleno de energ\u00eda y sofisticaci\u00f3n. Un recordatorio de que Carlota domina los c\u00f3digos del chic contempor\u00e1neo.<\/p>\n<h3 data-start=\"1784\" data-end=\"1817\"><strong data-start=\"1788\" data-end=\"1815\">Tweed atemporal en 2022<\/strong><\/h3>\n<figure id=\"attachment_161947\" aria-describedby=\"caption-attachment-161947\" style=\"width: 747px\" class=\"wp-caption alignnone\"><img loading=\"lazy\" decoding=\"async\" class=\"size-large wp-image-161947\" src=\"https:\/\/graziamagazine.com\/mx\/wp-content\/uploads\/sites\/13\/2025\/11\/Captura-de-Pantalla-2025-11-19-a-las-12.48.38-747x1024.png\" alt=\"Elegancia hist\u00f3rica de Carlota Casiraghi en M\u00f3naco\" width=\"747\" height=\"1024\" srcset=\"https:\/\/graziamagazine.com\/mx\/wp-content\/uploads\/sites\/13\/2025\/11\/Captura-de-Pantalla-2025-11-19-a-las-12.48.38-747x1024.png 747w, https:\/\/graziamagazine.com\/mx\/wp-content\/uploads\/sites\/13\/2025\/11\/Captura-de-Pantalla-2025-11-19-a-las-12.48.38-328x450.png 328w, https:\/\/graziamagazine.com\/mx\/wp-content\/uploads\/sites\/13\/2025\/11\/Captura-de-Pantalla-2025-11-19-a-las-12.48.38-768x1053.png 768w, https:\/\/graziamagazine.com\/mx\/wp-content\/uploads\/sites\/13\/2025\/11\/Captura-de-Pantalla-2025-11-19-a-las-12.48.38-400x548.png 400w, https:\/\/graziamagazine.com\/mx\/wp-content\/uploads\/sites\/13\/2025\/11\/Captura-de-Pantalla-2025-11-19-a-las-12.48.38-155x212.png 155w, https:\/\/graziamagazine.com\/mx\/wp-content\/uploads\/sites\/13\/2025\/11\/Captura-de-Pantalla-2025-11-19-a-las-12.48.38.png 820w\" sizes=\"(max-width: 747px) 100vw, 747px\" \/><figcaption id=\"caption-attachment-161947\" class=\"wp-caption-text\">Elegancia hist\u00f3rica de Carlota Casiraghi en M\u00f3naco<\/figcaption><\/figure>\n<p data-start=\"1818\" data-end=\"2071\">En 2022 volvi\u00f3 a apostar por Chanel, esta vez con un abrigo vestido de tweed en gris y rosa. Lo combin\u00f3 con merceditas beige con puntera negra, bolso de pedrer\u00eda y tocado delicado. Una propuesta elegante y cl\u00e1sica que equilibraba tradici\u00f3n y modernidad.<\/p>\n<h3 data-start=\"2073\" data-end=\"2103\"><strong data-start=\"2077\" data-end=\"2101\">Dorado viral en 2021<\/strong><\/h3>\n<figure id=\"attachment_161946\" aria-describedby=\"caption-attachment-161946\" style=\"width: 650px\" class=\"wp-caption alignnone\"><img loading=\"lazy\" decoding=\"async\" class=\"size-large wp-image-161946\" src=\"https:\/\/graziamagazine.com\/mx\/wp-content\/uploads\/sites\/13\/2025\/11\/Captura-de-Pantalla-2025-11-19-a-las-12.48.30-650x1024.png\" alt=\"Elegancia hist\u00f3rica de Carlota Casiraghi en M\u00f3naco\" width=\"650\" height=\"1024\" srcset=\"https:\/\/graziamagazine.com\/mx\/wp-content\/uploads\/sites\/13\/2025\/11\/Captura-de-Pantalla-2025-11-19-a-las-12.48.30-650x1024.png 650w, https:\/\/graziamagazine.com\/mx\/wp-content\/uploads\/sites\/13\/2025\/11\/Captura-de-Pantalla-2025-11-19-a-las-12.48.30-286x450.png 286w, https:\/\/graziamagazine.com\/mx\/wp-content\/uploads\/sites\/13\/2025\/11\/Captura-de-Pantalla-2025-11-19-a-las-12.48.30-768x1210.png 768w, https:\/\/graziamagazine.com\/mx\/wp-content\/uploads\/sites\/13\/2025\/11\/Captura-de-Pantalla-2025-11-19-a-las-12.48.30-400x630.png 400w, https:\/\/graziamagazine.com\/mx\/wp-content\/uploads\/sites\/13\/2025\/11\/Captura-de-Pantalla-2025-11-19-a-las-12.48.30-136x215.png 136w, https:\/\/graziamagazine.com\/mx\/wp-content\/uploads\/sites\/13\/2025\/11\/Captura-de-Pantalla-2025-11-19-a-las-12.48.30.png 778w\" sizes=\"(max-width: 650px) 100vw, 650px\" \/><figcaption id=\"caption-attachment-161946\" class=\"wp-caption-text\">Elegancia hist\u00f3rica de Carlota Casiraghi en M\u00f3naco<\/figcaption><\/figure>\n<p data-start=\"2104\" data-end=\"2296\">Uno de sus looks m\u00e1s comentados fue el abrigo vestido acolchado dorado. La silueta, el brillo y los pendientes XL hicieron de este momento un referente viral que reafirm\u00f3 su poder estil\u00edstico.<\/p>\n<h3 data-start=\"2298\" data-end=\"2329\"><strong data-start=\"2302\" data-end=\"2327\">Silueta oversize 2017<img loading=\"lazy\" decoding=\"async\" class=\"alignnone size-large wp-image-161945\" src=\"https:\/\/graziamagazine.com\/mx\/wp-content\/uploads\/sites\/13\/2025\/11\/Captura-de-Pantalla-2025-11-19-a-las-12.48.21-715x1024.png\" alt=\"\" width=\"715\" height=\"1024\" srcset=\"https:\/\/graziamagazine.com\/mx\/wp-content\/uploads\/sites\/13\/2025\/11\/Captura-de-Pantalla-2025-11-19-a-las-12.48.21-715x1024.png 715w, https:\/\/graziamagazine.com\/mx\/wp-content\/uploads\/sites\/13\/2025\/11\/Captura-de-Pantalla-2025-11-19-a-las-12.48.21-314x450.png 314w, https:\/\/graziamagazine.com\/mx\/wp-content\/uploads\/sites\/13\/2025\/11\/Captura-de-Pantalla-2025-11-19-a-las-12.48.21-768x1100.png 768w, https:\/\/graziamagazine.com\/mx\/wp-content\/uploads\/sites\/13\/2025\/11\/Captura-de-Pantalla-2025-11-19-a-las-12.48.21-400x573.png 400w, https:\/\/graziamagazine.com\/mx\/wp-content\/uploads\/sites\/13\/2025\/11\/Captura-de-Pantalla-2025-11-19-a-las-12.48.21-150x215.png 150w, https:\/\/graziamagazine.com\/mx\/wp-content\/uploads\/sites\/13\/2025\/11\/Captura-de-Pantalla-2025-11-19-a-las-12.48.21.png 804w\" sizes=\"(max-width: 715px) 100vw, 715px\" \/><\/strong><\/h3>\n<p data-start=\"2330\" data-end=\"2482\">En 2017 apost\u00f3 por un abrigo amplio ce\u00f1ido con cintur\u00f3n, sombrero granate y salones sobrios. Un look magistral para quienes aman la est\u00e9tica effortless.<\/p>\n<h3 data-start=\"2671\" data-end=\"2711\"><strong data-start=\"2675\" data-end=\"2709\">Rosa empolvado edulcorado 2015<\/strong><\/h3>\n<figure id=\"attachment_161943\" aria-describedby=\"caption-attachment-161943\" style=\"width: 716px\" class=\"wp-caption alignnone\"><img loading=\"lazy\" decoding=\"async\" class=\"size-large wp-image-161943\" src=\"https:\/\/graziamagazine.com\/mx\/wp-content\/uploads\/sites\/13\/2025\/11\/Captura-de-Pantalla-2025-11-19-a-las-12.48.05-716x1024.png\" alt=\"Elegancia hist\u00f3rica de Carlota Casiraghi en M\u00f3naco\" width=\"716\" height=\"1024\" srcset=\"https:\/\/graziamagazine.com\/mx\/wp-content\/uploads\/sites\/13\/2025\/11\/Captura-de-Pantalla-2025-11-19-a-las-12.48.05-716x1024.png 716w, https:\/\/graziamagazine.com\/mx\/wp-content\/uploads\/sites\/13\/2025\/11\/Captura-de-Pantalla-2025-11-19-a-las-12.48.05-314x450.png 314w, https:\/\/graziamagazine.com\/mx\/wp-content\/uploads\/sites\/13\/2025\/11\/Captura-de-Pantalla-2025-11-19-a-las-12.48.05-768x1099.png 768w, https:\/\/graziamagazine.com\/mx\/wp-content\/uploads\/sites\/13\/2025\/11\/Captura-de-Pantalla-2025-11-19-a-las-12.48.05-400x572.png 400w, https:\/\/graziamagazine.com\/mx\/wp-content\/uploads\/sites\/13\/2025\/11\/Captura-de-Pantalla-2025-11-19-a-las-12.48.05-150x215.png 150w, https:\/\/graziamagazine.com\/mx\/wp-content\/uploads\/sites\/13\/2025\/11\/Captura-de-Pantalla-2025-11-19-a-las-12.48.05.png 784w\" sizes=\"(max-width: 716px) 100vw, 716px\" \/><figcaption id=\"caption-attachment-161943\" class=\"wp-caption-text\">Elegancia hist\u00f3rica de Carlota Casiraghi en M\u00f3naco<\/figcaption><\/figure>\n<p data-start=\"2712\" data-end=\"2835\">Carlota brill\u00f3 con un abrigo rosa empolvado y falda cruda plisada. Un look dulce y sofisticado que marc\u00f3 tendencia ese a\u00f1o.<\/p>\n<p data-start=\"2837\" data-end=\"2986\" data-is-last-node=\"\" data-is-only-node=\"\"><strong data-start=\"2837\" data-end=\"2856\">*IMAGEN: Google Images<\/strong><\/p>\n","protected":false},"author":28953,"featured_media":161954,"template":"","format":"standard","categories":[4],"acf":[],"yoast_head":"<!-- This site is optimized with the Yoast SEO Premium plugin v18.5 (Yoast SEO v20.4) - https:\/\/yoast.com\/wordpress\/plugins\/seo\/ -->\n<title>Elegancia hist\u00f3rica de Carlota Casiraghi en M\u00f3naco<\/title>\n<meta name=\"description\" content=\"Una revisi\u00f3n exquisita de los looks m\u00e1s memorables de Carlota Casiraghi en el D\u00eda Nacional de M\u00f3naco desde 2008 hasta hoy.\" \/>\n<meta name=\"robots\" content=\"index, follow, max-snippet:-1, max-image-preview:large, max-video-preview:-1\" \/>\n<link rel=\"canonical\" href=\"https:\/\/graziamagazine.com\/mx\/articles\/elegancia-historica-de-carlota-casiraghi-en-monaco\/\" \/>\n<meta property=\"og:locale\" content=\"es_MX\" \/>\n<meta property=\"og:type\" content=\"article\" \/>\n<meta property=\"og:title\" content=\"Elegancia hist\u00f3rica de Carlota Casiraghi en M\u00f3naco\" \/>\n<meta property=\"og:description\" content=\"Una revisi\u00f3n exquisita de los looks m\u00e1s memorables de Carlota Casiraghi en el D\u00eda Nacional de M\u00f3naco desde 2008 hasta hoy.\" \/>\n<meta property=\"og:url\" content=\"https:\/\/graziamagazine.com\/mx\/articles\/elegancia-historica-de-carlota-casiraghi-en-monaco\/\" \/>\n<meta property=\"og:site_name\" content=\"Grazia M\u00e9xico y Latinoam\u00e9rica\" \/>\n<meta property=\"article:modified_time\" content=\"2025-11-19T19:51:04+00:00\" \/>\n<meta property=\"og:image\" content=\"https:\/\/graziamagazine.com\/mx\/wp-content\/uploads\/sites\/13\/2025\/11\/f.elconfidencial.com_original_d0a_2b6_0d8_d0a2b60d8620c1c7c8eeac3202327650.jpg\" \/>\n\t<meta property=\"og:image:width\" content=\"1200\" \/>\n\t<meta property=\"og:image:height\" content=\"900\" \/>\n\t<meta property=\"og:image:type\" content=\"image\/jpeg\" \/>\n<meta name=\"twitter:card\" content=\"summary_large_image\" \/>\n<meta name=\"twitter:label1\" content=\"Est. reading time\" \/>\n\t<meta name=\"twitter:data1\" content=\"3 minutos\" \/>\n<script type=\"application\/ld+json\" class=\"yoast-schema-graph\">{\"@context\":\"https:\/\/schema.org\",\"@graph\":[{\"@type\":\"WebPage\",\"@id\":\"https:\/\/graziamagazine.com\/mx\/articles\/elegancia-historica-de-carlota-casiraghi-en-monaco\/\",\"url\":\"https:\/\/graziamagazine.com\/mx\/articles\/elegancia-historica-de-carlota-casiraghi-en-monaco\/\",\"name\":\"Elegancia hist\u00f3rica de Carlota Casiraghi en M\u00f3naco\",\"isPartOf\":{\"@id\":\"https:\/\/graziamagazine.com\/mx\/#website\"},\"datePublished\":\"2025-11-19T19:46:59+00:00\",\"dateModified\":\"2025-11-19T19:51:04+00:00\",\"description\":\"Una revisi\u00f3n exquisita de los looks m\u00e1s memorables de Carlota Casiraghi en el D\u00eda Nacional de M\u00f3naco desde 2008 hasta hoy.\",\"breadcrumb\":{\"@id\":\"https:\/\/graziamagazine.com\/mx\/articles\/elegancia-historica-de-carlota-casiraghi-en-monaco\/#breadcrumb\"},\"inLanguage\":\"es-MX\",\"potentialAction\":[{\"@type\":\"ReadAction\",\"target\":[\"https:\/\/graziamagazine.com\/mx\/articles\/elegancia-historica-de-carlota-casiraghi-en-monaco\/\"]}]},{\"@type\":\"BreadcrumbList\",\"@id\":\"https:\/\/graziamagazine.com\/mx\/articles\/elegancia-historica-de-carlota-casiraghi-en-monaco\/#breadcrumb\",\"itemListElement\":[{\"@type\":\"ListItem\",\"position\":1,\"name\":\"Home\",\"item\":\"https:\/\/graziamagazine.com\/mx\/\"},{\"@type\":\"ListItem\",\"position\":2,\"name\":\"Elegancia hist\u00f3rica de Carlota Casiraghi en M\u00f3naco\"}]},{\"@type\":\"WebSite\",\"@id\":\"https:\/\/graziamagazine.com\/mx\/#website\",\"url\":\"https:\/\/graziamagazine.com\/mx\/\",\"name\":\"Grazia M\u00e9xico y Latinoam\u00e9rica\",\"description\":\"Grazia es moda, belleza y noticias  de actualidad \",\"potentialAction\":[{\"@type\":\"SearchAction\",\"target\":{\"@type\":\"EntryPoint\",\"urlTemplate\":\"https:\/\/graziamagazine.com\/mx\/?s={search_term_string}\"},\"query-input\":\"required name=search_term_string\"}],\"inLanguage\":\"es-MX\"}]}<\/script>\n<!-- \/ Yoast SEO Premium plugin. -->","yoast_head_json":{"title":"Elegancia hist\u00f3rica de Carlota Casiraghi en M\u00f3naco","description":"Una revisi\u00f3n exquisita de los looks m\u00e1s memorables de Carlota Casiraghi en el D\u00eda Nacional de M\u00f3naco desde 2008 hasta hoy.","robots":{"index":"index","follow":"follow","max-snippet":"max-snippet:-1","max-image-preview":"max-image-preview:large","max-video-preview":"max-video-preview:-1"},"canonical":"https:\/\/graziamagazine.com\/mx\/articles\/elegancia-historica-de-carlota-casiraghi-en-monaco\/","og_locale":"es_MX","og_type":"article","og_title":"Elegancia hist\u00f3rica de Carlota Casiraghi en M\u00f3naco","og_description":"Una revisi\u00f3n exquisita de los looks m\u00e1s memorables de Carlota Casiraghi en el D\u00eda Nacional de M\u00f3naco desde 2008 hasta hoy.","og_url":"https:\/\/graziamagazine.com\/mx\/articles\/elegancia-historica-de-carlota-casiraghi-en-monaco\/","og_site_name":"Grazia M\u00e9xico y Latinoam\u00e9rica","article_modified_time":"2025-11-19T19:51:04+00:00","og_image":[{"width":1200,"height":900,"url":"https:\/\/graziamagazine.com\/mx\/wp-content\/uploads\/sites\/13\/2025\/11\/f.elconfidencial.com_original_d0a_2b6_0d8_d0a2b60d8620c1c7c8eeac3202327650.jpg","type":"image\/jpeg"}],"twitter_card":"summary_large_image","twitter_misc":{"Est. reading time":"3 minutos"},"schema":{"@context":"https:\/\/schema.org","@graph":[{"@type":"WebPage","@id":"https:\/\/graziamagazine.com\/mx\/articles\/elegancia-historica-de-carlota-casiraghi-en-monaco\/","url":"https:\/\/graziamagazine.com\/mx\/articles\/elegancia-historica-de-carlota-casiraghi-en-monaco\/","name":"Elegancia hist\u00f3rica de Carlota Casiraghi en M\u00f3naco","isPartOf":{"@id":"https:\/\/graziamagazine.com\/mx\/#website"},"datePublished":"2025-11-19T19:46:59+00:00","dateModified":"2025-11-19T19:51:04+00:00","description":"Una revisi\u00f3n exquisita de los looks m\u00e1s memorables de Carlota Casiraghi en el D\u00eda Nacional de M\u00f3naco desde 2008 hasta hoy.","breadcrumb":{"@id":"https:\/\/graziamagazine.com\/mx\/articles\/elegancia-historica-de-carlota-casiraghi-en-monaco\/#breadcrumb"},"inLanguage":"es-MX","potentialAction":[{"@type":"ReadAction","target":["https:\/\/graziamagazine.com\/mx\/articles\/elegancia-historica-de-carlota-casiraghi-en-monaco\/"]}]},{"@type":"BreadcrumbList","@id":"https:\/\/graziamagazine.com\/mx\/articles\/elegancia-historica-de-carlota-casiraghi-en-monaco\/#breadcrumb","itemListElement":[{"@type":"ListItem","position":1,"name":"Home","item":"https:\/\/graziamagazine.com\/mx\/"},{"@type":"ListItem","position":2,"name":"Elegancia hist\u00f3rica de Carlota Casiraghi en M\u00f3naco"}]},{"@type":"WebSite","@id":"https:\/\/graziamagazine.com\/mx\/#website","url":"https:\/\/graziamagazine.com\/mx\/","name":"Grazia M\u00e9xico y Latinoam\u00e9rica","description":"Grazia es moda, belleza y noticias  de actualidad ","potentialAction":[{"@type":"SearchAction","target":{"@type":"EntryPoint","urlTemplate":"https:\/\/graziamagazine.com\/mx\/?s={search_term_string}"},"query-input":"required name=search_term_string"}],"inLanguage":"es-MX"}]}},"jetpack_sharing_enabled":true,"distributor_meta":false,"distributor_terms":false,"distributor_media":false,"distributor_original_site_name":"Grazia M\u00e9xico y Latinoam\u00e9rica","distributor_original_site_url":"https:\/\/graziamagazine.com\/mx","push-errors":false,"_links":{"self":[{"href":"https:\/\/graziamagazine.com\/mx\/wp-json\/wp\/v2\/articles\/161915"}],"collection":[{"href":"https:\/\/graziamagazine.com\/mx\/wp-json\/wp\/v2\/articles"}],"about":[{"href":"https:\/\/graziamagazine.com\/mx\/wp-json\/wp\/v2\/types\/articles"}],"author":[{"embeddable":true,"href":"https:\/\/graziamagazine.com\/mx\/wp-json\/wp\/v2\/users\/28953"}],"wp:featuredmedia":[{"embeddable":true,"href":"https:\/\/graziamagazine.com\/mx\/wp-json\/wp\/v2\/media\/161954"}],"wp:attachment":[{"href":"https:\/\/graziamagazine.com\/mx\/wp-json\/wp\/v2\/media?parent=161915"}],"wp:term":[{"taxonomy":"category","embeddable":true,"href":"https:\/\/graziamagazine.com\/mx\/wp-json\/wp\/v2\/categories?post=161915"}],"curies":[{"name":"wp","href":"https:\/\/api.w.org\/{rel}","templated":true}]}}