{"id":161914,"date":"2025-11-19T12:17:44","date_gmt":"2025-11-19T17:17:44","guid":{"rendered":"https:\/\/graziamagazine.com\/mx\/?post_type=articles&#038;p=161914"},"modified":"2025-11-19T12:41:43","modified_gmt":"2025-11-19T17:41:43","slug":"fatima-bosch-y-su-desfile-preliminar-con-traje-tipico-para-miss-universo-2025","status":"publish","type":"articles","link":"https:\/\/graziamagazine.com\/mx\/articles\/fatima-bosch-y-su-desfile-preliminar-con-traje-tipico-para-miss-universo-2025\/","title":{"rendered":"F\u00e1tima Bosch y su desfile preliminar con traje t\u00edpico para Miss Universo 2025"},"content":{"rendered":"<p>F\u00e1tima Bosch Fern\u00e1ndez, originaria de Teapa, Tabasco, es la representante de M\u00e9xico en el certamen Miss Universo 2025, cuya final se celebra en Tailandia \u2014certamen que tomar\u00e1 lugar el pr\u00f3ximo viernes 21 de noviembre\u2014. En el desfile preliminar, Bosch se destac\u00f3 en sus tres presentaciones: traje de gala, traje de ba\u00f1o y, notablemente, su traje t\u00edpico; siendo este \u00faltimo el que dej\u00f3 boquiabierto al p\u00fablico por tanto detalle y color.<\/p>\n<figure id=\"attachment_161918\" aria-describedby=\"caption-attachment-161918\" style=\"width: 900px\" class=\"wp-caption alignnone\"><img loading=\"lazy\" decoding=\"async\" class=\"wp-image-161918 size-full\" src=\"https:\/\/graziamagazine.com\/mx\/wp-content\/uploads\/sites\/13\/2025\/11\/fatima-bosch-y-su-desfile-preliminar-con-traje-tipico-para-miss-universo-2025-3.jpg\" alt=\"F\u00e1tima Bosch y su desfile preliminar con traje t\u00edpico para Miss Universo 2025\" width=\"900\" height=\"1200\" srcset=\"https:\/\/graziamagazine.com\/mx\/wp-content\/uploads\/sites\/13\/2025\/11\/fatima-bosch-y-su-desfile-preliminar-con-traje-tipico-para-miss-universo-2025-3.jpg 900w, https:\/\/graziamagazine.com\/mx\/wp-content\/uploads\/sites\/13\/2025\/11\/fatima-bosch-y-su-desfile-preliminar-con-traje-tipico-para-miss-universo-2025-3-338x450.jpg 338w, https:\/\/graziamagazine.com\/mx\/wp-content\/uploads\/sites\/13\/2025\/11\/fatima-bosch-y-su-desfile-preliminar-con-traje-tipico-para-miss-universo-2025-3-768x1024.jpg 768w, https:\/\/graziamagazine.com\/mx\/wp-content\/uploads\/sites\/13\/2025\/11\/fatima-bosch-y-su-desfile-preliminar-con-traje-tipico-para-miss-universo-2025-3-400x533.jpg 400w, https:\/\/graziamagazine.com\/mx\/wp-content\/uploads\/sites\/13\/2025\/11\/fatima-bosch-y-su-desfile-preliminar-con-traje-tipico-para-miss-universo-2025-3-155x207.jpg 155w\" sizes=\"(max-width: 900px) 100vw, 900px\" \/><figcaption id=\"caption-attachment-161918\" class=\"wp-caption-text\">Foto @fernandoortiz.atelier<\/figcaption><\/figure>\n<h2>F\u00e1tima Bosch y su desfile preliminar en Miss Universo 2025<\/h2>\n<p>La p\u00e1gina oficial de Miss Universe describi\u00f3 a la concursante de M\u00e9xico: &#8220;F\u00e1tima Bosch es un s\u00edmbolo de resiliencia y compasi\u00f3n: convierte su camino con dislexia y TDAH en una misi\u00f3n de empoderamiento y servicio. Dise\u00f1adora y voluntaria de larga trayectoria, impulsa a ni\u00f1os, migrantes y comunidades vulnerables, llevando con orgullo el coraz\u00f3n de Tabasco al escenario de Miss Universo&#8221;. Y bajo esta presentaci\u00f3n, vino una de las etapas m\u00e1s esperadas: el desfile preliminar.<\/p>\n<figure id=\"attachment_161919\" aria-describedby=\"caption-attachment-161919\" style=\"width: 900px\" class=\"wp-caption alignnone\"><img loading=\"lazy\" decoding=\"async\" class=\"wp-image-161919 size-full\" src=\"https:\/\/graziamagazine.com\/mx\/wp-content\/uploads\/sites\/13\/2025\/11\/fatima-bosch-y-su-desfile-preliminar-con-traje-tipico-para-miss-universo-2025-4.jpg\" alt=\"F\u00e1tima Bosch y su desfile preliminar con traje t\u00edpico para Miss Universo 2025\" width=\"900\" height=\"1200\" srcset=\"https:\/\/graziamagazine.com\/mx\/wp-content\/uploads\/sites\/13\/2025\/11\/fatima-bosch-y-su-desfile-preliminar-con-traje-tipico-para-miss-universo-2025-4.jpg 900w, https:\/\/graziamagazine.com\/mx\/wp-content\/uploads\/sites\/13\/2025\/11\/fatima-bosch-y-su-desfile-preliminar-con-traje-tipico-para-miss-universo-2025-4-338x450.jpg 338w, https:\/\/graziamagazine.com\/mx\/wp-content\/uploads\/sites\/13\/2025\/11\/fatima-bosch-y-su-desfile-preliminar-con-traje-tipico-para-miss-universo-2025-4-768x1024.jpg 768w, https:\/\/graziamagazine.com\/mx\/wp-content\/uploads\/sites\/13\/2025\/11\/fatima-bosch-y-su-desfile-preliminar-con-traje-tipico-para-miss-universo-2025-4-400x533.jpg 400w, https:\/\/graziamagazine.com\/mx\/wp-content\/uploads\/sites\/13\/2025\/11\/fatima-bosch-y-su-desfile-preliminar-con-traje-tipico-para-miss-universo-2025-4-155x207.jpg 155w\" sizes=\"(max-width: 900px) 100vw, 900px\" \/><figcaption id=\"caption-attachment-161919\" class=\"wp-caption-text\">Foto @fernandoortiz.atelier<\/figcaption><\/figure>\n<p data-path-to-node=\"3\">La competencia preliminar es un evento que se realiza d\u00edas antes de la Gran Final de Miss Universo. Es la primera evaluaci\u00f3n formal de las candidatas por parte del jurado de selecci\u00f3n, y sus resultados son secretos hasta la noche de la final. Hay tres rondas de evaluaci\u00f3n esc\u00e9nica: traje de ba\u00f1o (donde se valora la condici\u00f3n f\u00edsica, la seguridad y la confianza de la concursante), el vestido de gala (para evaluar la elegancia y gusto personal de la concursante, as\u00ed como su proyecci\u00f3n esc\u00e9nica) y el traje t\u00edpico nacional (una exhibici\u00f3n de dise\u00f1os elaborados que representan la historia, el folclore y la identidad de sus naciones).<\/p>\n<figure id=\"attachment_161920\" aria-describedby=\"caption-attachment-161920\" style=\"width: 900px\" class=\"wp-caption alignnone\"><img loading=\"lazy\" decoding=\"async\" class=\"wp-image-161920 size-full\" src=\"https:\/\/graziamagazine.com\/mx\/wp-content\/uploads\/sites\/13\/2025\/11\/fatima-bosch-y-su-desfile-preliminar-con-traje-tipico-para-miss-universo-2025-5.jpg\" alt=\"F\u00e1tima Bosch y su desfile preliminar con traje t\u00edpico para Miss Universo 2025\" width=\"900\" height=\"1200\" srcset=\"https:\/\/graziamagazine.com\/mx\/wp-content\/uploads\/sites\/13\/2025\/11\/fatima-bosch-y-su-desfile-preliminar-con-traje-tipico-para-miss-universo-2025-5.jpg 900w, https:\/\/graziamagazine.com\/mx\/wp-content\/uploads\/sites\/13\/2025\/11\/fatima-bosch-y-su-desfile-preliminar-con-traje-tipico-para-miss-universo-2025-5-338x450.jpg 338w, https:\/\/graziamagazine.com\/mx\/wp-content\/uploads\/sites\/13\/2025\/11\/fatima-bosch-y-su-desfile-preliminar-con-traje-tipico-para-miss-universo-2025-5-768x1024.jpg 768w, https:\/\/graziamagazine.com\/mx\/wp-content\/uploads\/sites\/13\/2025\/11\/fatima-bosch-y-su-desfile-preliminar-con-traje-tipico-para-miss-universo-2025-5-400x533.jpg 400w, https:\/\/graziamagazine.com\/mx\/wp-content\/uploads\/sites\/13\/2025\/11\/fatima-bosch-y-su-desfile-preliminar-con-traje-tipico-para-miss-universo-2025-5-155x207.jpg 155w\" sizes=\"(max-width: 900px) 100vw, 900px\" \/><figcaption id=\"caption-attachment-161920\" class=\"wp-caption-text\">Foto @fernandoortiz.atelier<\/figcaption><\/figure>\n<p data-path-to-node=\"3\">El atuendo t\u00edpico de F\u00e1tima fue dise\u00f1ado por Fernando Ortiz. El traje est\u00e1 inspirado en Xochiqu\u00e9tzal, la diosa azteca y tolteca del amor, la belleza, las flores, el placer y las artes. El dise\u00f1o est\u00e1 cargado de simbolismo y espiritualidad. Incorpora elementos como el <i>Ollin<\/i>, que simboliza el renacimiento y el movimiento, y figuras de colibr\u00edes, que en la cosmovisi\u00f3n mexica representan a los guerreros ca\u00eddos que regresan como mensajeros.<\/p>\n<figure id=\"attachment_161916\" aria-describedby=\"caption-attachment-161916\" style=\"width: 900px\" class=\"wp-caption alignnone\"><img loading=\"lazy\" decoding=\"async\" class=\"wp-image-161916 size-full\" src=\"https:\/\/graziamagazine.com\/mx\/wp-content\/uploads\/sites\/13\/2025\/11\/fatima-bosch-y-su-desfile-preliminar-con-traje-tipico-para-miss-universo-2025-1.jpg\" alt=\"F\u00e1tima Bosch y su desfile preliminar con traje t\u00edpico para Miss Universo 2025\" width=\"900\" height=\"1200\" srcset=\"https:\/\/graziamagazine.com\/mx\/wp-content\/uploads\/sites\/13\/2025\/11\/fatima-bosch-y-su-desfile-preliminar-con-traje-tipico-para-miss-universo-2025-1.jpg 900w, https:\/\/graziamagazine.com\/mx\/wp-content\/uploads\/sites\/13\/2025\/11\/fatima-bosch-y-su-desfile-preliminar-con-traje-tipico-para-miss-universo-2025-1-338x450.jpg 338w, https:\/\/graziamagazine.com\/mx\/wp-content\/uploads\/sites\/13\/2025\/11\/fatima-bosch-y-su-desfile-preliminar-con-traje-tipico-para-miss-universo-2025-1-768x1024.jpg 768w, https:\/\/graziamagazine.com\/mx\/wp-content\/uploads\/sites\/13\/2025\/11\/fatima-bosch-y-su-desfile-preliminar-con-traje-tipico-para-miss-universo-2025-1-400x533.jpg 400w, https:\/\/graziamagazine.com\/mx\/wp-content\/uploads\/sites\/13\/2025\/11\/fatima-bosch-y-su-desfile-preliminar-con-traje-tipico-para-miss-universo-2025-1-155x207.jpg 155w\" sizes=\"(max-width: 900px) 100vw, 900px\" \/><figcaption id=\"caption-attachment-161916\" class=\"wp-caption-text\">Foto @fernandoortiz.atelier<\/figcaption><\/figure>\n<p data-path-to-node=\"3\">&#8220;Este traje estilizado, inspirado en Xochiquetzal, \u201cflor preciosa\u201d de la mitolog\u00eda mexica, irradia esplendor y fuerza&#8221;, explic\u00f3 Fernando en sus redes sociales. &#8220;Sus vibrantes plumas rojas, verdes y turquesa evocan la belleza de la diosa y la fertilidad de la tierra, mientras que los colibr\u00edes que lo rodean representan el esp\u00edritu de los guerreros mexicas, mensajeros incansables entre el mundo terrenal y el divino. Los detalles dorados y la majestuosidad del penacho remiten al arte, la capa con la constelaci\u00f3n de las pleyades representa la cosmovisi\u00f3n del antiguo imperio, fusionando elegancia, historia y misticismo en una sola pieza&#8221;.<\/p>\n<figure id=\"attachment_161917\" aria-describedby=\"caption-attachment-161917\" style=\"width: 900px\" class=\"wp-caption alignnone\"><img loading=\"lazy\" decoding=\"async\" class=\"wp-image-161917 size-full\" src=\"https:\/\/graziamagazine.com\/mx\/wp-content\/uploads\/sites\/13\/2025\/11\/fatima-bosch-y-su-desfile-preliminar-con-traje-tipico-para-miss-universo-2025-2.jpg\" alt=\"F\u00e1tima Bosch y su desfile preliminar con traje t\u00edpico para Miss Universo 2025\" width=\"900\" height=\"1200\" srcset=\"https:\/\/graziamagazine.com\/mx\/wp-content\/uploads\/sites\/13\/2025\/11\/fatima-bosch-y-su-desfile-preliminar-con-traje-tipico-para-miss-universo-2025-2.jpg 900w, https:\/\/graziamagazine.com\/mx\/wp-content\/uploads\/sites\/13\/2025\/11\/fatima-bosch-y-su-desfile-preliminar-con-traje-tipico-para-miss-universo-2025-2-338x450.jpg 338w, https:\/\/graziamagazine.com\/mx\/wp-content\/uploads\/sites\/13\/2025\/11\/fatima-bosch-y-su-desfile-preliminar-con-traje-tipico-para-miss-universo-2025-2-768x1024.jpg 768w, https:\/\/graziamagazine.com\/mx\/wp-content\/uploads\/sites\/13\/2025\/11\/fatima-bosch-y-su-desfile-preliminar-con-traje-tipico-para-miss-universo-2025-2-400x533.jpg 400w, https:\/\/graziamagazine.com\/mx\/wp-content\/uploads\/sites\/13\/2025\/11\/fatima-bosch-y-su-desfile-preliminar-con-traje-tipico-para-miss-universo-2025-2-155x207.jpg 155w\" sizes=\"(max-width: 900px) 100vw, 900px\" \/><figcaption id=\"caption-attachment-161917\" class=\"wp-caption-text\">Foto @fernandoortiz.atelier<\/figcaption><\/figure>\n<p data-path-to-node=\"3\">F\u00e1tima desfil\u00f3 con este colorido y majestuoso dise\u00f1o en el Impact Challenger Hall de Nonthaburi, Tailandia, brillando por su porte y seguridad esc\u00e9nica. La ceremonia de coronaci\u00f3n se llevar\u00e1 a cabo el viernes 21 de noviembre de 2025, pero por la diferencia de horarios, la transmisi\u00f3n final podr\u00e1 verse desde M\u00e9xico el jueves 20 de noviembre a las 7 pm.<\/p>\n","protected":false},"author":42761,"featured_media":161921,"template":"","format":"standard","categories":[114],"acf":[],"yoast_head":"<!-- This site is optimized with the Yoast SEO Premium plugin v18.5 (Yoast SEO v20.4) - https:\/\/yoast.com\/wordpress\/plugins\/seo\/ -->\n<title>F\u00e1tima Bosch y su desfile preliminar con traje t\u00edpico para Miss Universo 2025 | Grazia M\u00e9xico y Latinoam\u00e9rica<\/title>\n<meta name=\"description\" content=\"F\u00e1tima Bosch Fern\u00e1ndez, originaria de Teapa, Tabasco, es la representante de M\u00e9xico en el certamen Miss Universo 2025, cuya final se celebra en Tailandia\" \/>\n<meta name=\"robots\" content=\"index, follow, max-snippet:-1, max-image-preview:large, max-video-preview:-1\" \/>\n<link rel=\"canonical\" href=\"https:\/\/graziamagazine.com\/mx\/articles\/fatima-bosch-y-su-desfile-preliminar-con-traje-tipico-para-miss-universo-2025\/\" \/>\n<meta property=\"og:locale\" content=\"es_MX\" \/>\n<meta property=\"og:type\" content=\"article\" \/>\n<meta property=\"og:title\" content=\"F\u00e1tima Bosch y su desfile preliminar con traje t\u00edpico para Miss Universo 2025\" \/>\n<meta property=\"og:description\" content=\"F\u00e1tima Bosch Fern\u00e1ndez, originaria de Teapa, Tabasco, es la representante de M\u00e9xico en el certamen Miss Universo 2025, cuya final se celebra en Tailandia\" \/>\n<meta property=\"og:url\" content=\"https:\/\/graziamagazine.com\/mx\/articles\/fatima-bosch-y-su-desfile-preliminar-con-traje-tipico-para-miss-universo-2025\/\" \/>\n<meta property=\"og:site_name\" content=\"Grazia M\u00e9xico y Latinoam\u00e9rica\" \/>\n<meta property=\"article:modified_time\" content=\"2025-11-19T17:41:43+00:00\" \/>\n<meta property=\"og:image\" content=\"https:\/\/graziamagazine.com\/mx\/wp-content\/uploads\/sites\/13\/2025\/11\/fatima-bosch-y-su-desfile-preliminar-con-traje-tipico-para-miss-universo-2025-6.jpg\" \/>\n\t<meta property=\"og:image:width\" content=\"1280\" \/>\n\t<meta property=\"og:image:height\" content=\"720\" \/>\n\t<meta property=\"og:image:type\" content=\"image\/jpeg\" \/>\n<meta name=\"twitter:card\" content=\"summary_large_image\" \/>\n<meta name=\"twitter:label1\" content=\"Est. reading time\" \/>\n\t<meta name=\"twitter:data1\" content=\"4 minutos\" \/>\n<script type=\"application\/ld+json\" class=\"yoast-schema-graph\">{\"@context\":\"https:\/\/schema.org\",\"@graph\":[{\"@type\":\"WebPage\",\"@id\":\"https:\/\/graziamagazine.com\/mx\/articles\/fatima-bosch-y-su-desfile-preliminar-con-traje-tipico-para-miss-universo-2025\/\",\"url\":\"https:\/\/graziamagazine.com\/mx\/articles\/fatima-bosch-y-su-desfile-preliminar-con-traje-tipico-para-miss-universo-2025\/\",\"name\":\"F\u00e1tima Bosch y su desfile preliminar con traje t\u00edpico para Miss Universo 2025 | Grazia M\u00e9xico y Latinoam\u00e9rica\",\"isPartOf\":{\"@id\":\"https:\/\/graziamagazine.com\/mx\/#website\"},\"datePublished\":\"2025-11-19T17:17:44+00:00\",\"dateModified\":\"2025-11-19T17:41:43+00:00\",\"description\":\"F\u00e1tima Bosch Fern\u00e1ndez, originaria de Teapa, Tabasco, es la representante de M\u00e9xico en el certamen Miss Universo 2025, cuya final se celebra en Tailandia\",\"breadcrumb\":{\"@id\":\"https:\/\/graziamagazine.com\/mx\/articles\/fatima-bosch-y-su-desfile-preliminar-con-traje-tipico-para-miss-universo-2025\/#breadcrumb\"},\"inLanguage\":\"es-MX\",\"potentialAction\":[{\"@type\":\"ReadAction\",\"target\":[\"https:\/\/graziamagazine.com\/mx\/articles\/fatima-bosch-y-su-desfile-preliminar-con-traje-tipico-para-miss-universo-2025\/\"]}]},{\"@type\":\"BreadcrumbList\",\"@id\":\"https:\/\/graziamagazine.com\/mx\/articles\/fatima-bosch-y-su-desfile-preliminar-con-traje-tipico-para-miss-universo-2025\/#breadcrumb\",\"itemListElement\":[{\"@type\":\"ListItem\",\"position\":1,\"name\":\"Home\",\"item\":\"https:\/\/graziamagazine.com\/mx\/\"},{\"@type\":\"ListItem\",\"position\":2,\"name\":\"F\u00e1tima Bosch y su desfile preliminar con traje t\u00edpico para Miss Universo 2025\"}]},{\"@type\":\"WebSite\",\"@id\":\"https:\/\/graziamagazine.com\/mx\/#website\",\"url\":\"https:\/\/graziamagazine.com\/mx\/\",\"name\":\"Grazia M\u00e9xico y Latinoam\u00e9rica\",\"description\":\"Grazia es moda, belleza y noticias  de actualidad \",\"potentialAction\":[{\"@type\":\"SearchAction\",\"target\":{\"@type\":\"EntryPoint\",\"urlTemplate\":\"https:\/\/graziamagazine.com\/mx\/?s={search_term_string}\"},\"query-input\":\"required name=search_term_string\"}],\"inLanguage\":\"es-MX\"}]}<\/script>\n<!-- \/ Yoast SEO Premium plugin. -->","yoast_head_json":{"title":"F\u00e1tima Bosch y su desfile preliminar con traje t\u00edpico para Miss Universo 2025 | Grazia M\u00e9xico y Latinoam\u00e9rica","description":"F\u00e1tima Bosch Fern\u00e1ndez, originaria de Teapa, Tabasco, es la representante de M\u00e9xico en el certamen Miss Universo 2025, cuya final se celebra en Tailandia","robots":{"index":"index","follow":"follow","max-snippet":"max-snippet:-1","max-image-preview":"max-image-preview:large","max-video-preview":"max-video-preview:-1"},"canonical":"https:\/\/graziamagazine.com\/mx\/articles\/fatima-bosch-y-su-desfile-preliminar-con-traje-tipico-para-miss-universo-2025\/","og_locale":"es_MX","og_type":"article","og_title":"F\u00e1tima Bosch y su desfile preliminar con traje t\u00edpico para Miss Universo 2025","og_description":"F\u00e1tima Bosch Fern\u00e1ndez, originaria de Teapa, Tabasco, es la representante de M\u00e9xico en el certamen Miss Universo 2025, cuya final se celebra en Tailandia","og_url":"https:\/\/graziamagazine.com\/mx\/articles\/fatima-bosch-y-su-desfile-preliminar-con-traje-tipico-para-miss-universo-2025\/","og_site_name":"Grazia M\u00e9xico y Latinoam\u00e9rica","article_modified_time":"2025-11-19T17:41:43+00:00","og_image":[{"width":1280,"height":720,"url":"https:\/\/graziamagazine.com\/mx\/wp-content\/uploads\/sites\/13\/2025\/11\/fatima-bosch-y-su-desfile-preliminar-con-traje-tipico-para-miss-universo-2025-6.jpg","type":"image\/jpeg"}],"twitter_card":"summary_large_image","twitter_misc":{"Est. reading time":"4 minutos"},"schema":{"@context":"https:\/\/schema.org","@graph":[{"@type":"WebPage","@id":"https:\/\/graziamagazine.com\/mx\/articles\/fatima-bosch-y-su-desfile-preliminar-con-traje-tipico-para-miss-universo-2025\/","url":"https:\/\/graziamagazine.com\/mx\/articles\/fatima-bosch-y-su-desfile-preliminar-con-traje-tipico-para-miss-universo-2025\/","name":"F\u00e1tima Bosch y su desfile preliminar con traje t\u00edpico para Miss Universo 2025 | Grazia M\u00e9xico y Latinoam\u00e9rica","isPartOf":{"@id":"https:\/\/graziamagazine.com\/mx\/#website"},"datePublished":"2025-11-19T17:17:44+00:00","dateModified":"2025-11-19T17:41:43+00:00","description":"F\u00e1tima Bosch Fern\u00e1ndez, originaria de Teapa, Tabasco, es la representante de M\u00e9xico en el certamen Miss Universo 2025, cuya final se celebra en Tailandia","breadcrumb":{"@id":"https:\/\/graziamagazine.com\/mx\/articles\/fatima-bosch-y-su-desfile-preliminar-con-traje-tipico-para-miss-universo-2025\/#breadcrumb"},"inLanguage":"es-MX","potentialAction":[{"@type":"ReadAction","target":["https:\/\/graziamagazine.com\/mx\/articles\/fatima-bosch-y-su-desfile-preliminar-con-traje-tipico-para-miss-universo-2025\/"]}]},{"@type":"BreadcrumbList","@id":"https:\/\/graziamagazine.com\/mx\/articles\/fatima-bosch-y-su-desfile-preliminar-con-traje-tipico-para-miss-universo-2025\/#breadcrumb","itemListElement":[{"@type":"ListItem","position":1,"name":"Home","item":"https:\/\/graziamagazine.com\/mx\/"},{"@type":"ListItem","position":2,"name":"F\u00e1tima Bosch y su desfile preliminar con traje t\u00edpico para Miss Universo 2025"}]},{"@type":"WebSite","@id":"https:\/\/graziamagazine.com\/mx\/#website","url":"https:\/\/graziamagazine.com\/mx\/","name":"Grazia M\u00e9xico y Latinoam\u00e9rica","description":"Grazia es moda, belleza y noticias  de actualidad ","potentialAction":[{"@type":"SearchAction","target":{"@type":"EntryPoint","urlTemplate":"https:\/\/graziamagazine.com\/mx\/?s={search_term_string}"},"query-input":"required name=search_term_string"}],"inLanguage":"es-MX"}]}},"jetpack_sharing_enabled":true,"distributor_meta":false,"distributor_terms":false,"distributor_media":false,"distributor_original_site_name":"Grazia M\u00e9xico y Latinoam\u00e9rica","distributor_original_site_url":"https:\/\/graziamagazine.com\/mx","push-errors":false,"_links":{"self":[{"href":"https:\/\/graziamagazine.com\/mx\/wp-json\/wp\/v2\/articles\/161914"}],"collection":[{"href":"https:\/\/graziamagazine.com\/mx\/wp-json\/wp\/v2\/articles"}],"about":[{"href":"https:\/\/graziamagazine.com\/mx\/wp-json\/wp\/v2\/types\/articles"}],"author":[{"embeddable":true,"href":"https:\/\/graziamagazine.com\/mx\/wp-json\/wp\/v2\/users\/42761"}],"wp:featuredmedia":[{"embeddable":true,"href":"https:\/\/graziamagazine.com\/mx\/wp-json\/wp\/v2\/media\/161921"}],"wp:attachment":[{"href":"https:\/\/graziamagazine.com\/mx\/wp-json\/wp\/v2\/media?parent=161914"}],"wp:term":[{"taxonomy":"category","embeddable":true,"href":"https:\/\/graziamagazine.com\/mx\/wp-json\/wp\/v2\/categories?post=161914"}],"curies":[{"name":"wp","href":"https:\/\/api.w.org\/{rel}","templated":true}]}}