{"id":161710,"date":"2025-11-13T11:57:09","date_gmt":"2025-11-13T16:57:09","guid":{"rendered":"https:\/\/graziamagazine.com\/mx\/?post_type=articles&#038;p=161710"},"modified":"2025-11-13T15:01:36","modified_gmt":"2025-11-13T20:01:36","slug":"mi-experiencia-en-el-paso-texas-mucho-mas-que-un-viaje-de-compras","status":"publish","type":"articles","link":"https:\/\/graziamagazine.com\/mx\/articles\/mi-experiencia-en-el-paso-texas-mucho-mas-que-un-viaje-de-compras\/","title":{"rendered":"Mi experiencia en El Paso, Texas: mucho m\u00e1s que un viaje de compras"},"content":{"rendered":"<p><strong>Entre monta\u00f1as des\u00e9rticas, museos, gastronom\u00eda y cultura fronteriza, descubr\u00ed una ciudad que vive entre dos mundos \u2014M\u00e9xico y Estados Unidos\u2014 y que me sorprendi\u00f3 por todo lo que tiene para ofrecer m\u00e1s all\u00e1 del shopping.<\/strong><\/p>\n<p>&nbsp;<\/p>\n<p><img loading=\"lazy\" decoding=\"async\" class=\"size-full wp-image-161768\" src=\"https:\/\/graziamagazine.com\/mx\/wp-content\/uploads\/sites\/13\/2025\/11\/DSC05364.jpg\" alt=\"\" width=\"8896\" height=\"5931\" srcset=\"https:\/\/graziamagazine.com\/mx\/wp-content\/uploads\/sites\/13\/2025\/11\/DSC05364.jpg 8896w, https:\/\/graziamagazine.com\/mx\/wp-content\/uploads\/sites\/13\/2025\/11\/DSC05364-450x300.jpg 450w, https:\/\/graziamagazine.com\/mx\/wp-content\/uploads\/sites\/13\/2025\/11\/DSC05364-1024x683.jpg 1024w, https:\/\/graziamagazine.com\/mx\/wp-content\/uploads\/sites\/13\/2025\/11\/DSC05364-768x512.jpg 768w, https:\/\/graziamagazine.com\/mx\/wp-content\/uploads\/sites\/13\/2025\/11\/DSC05364-400x267.jpg 400w, https:\/\/graziamagazine.com\/mx\/wp-content\/uploads\/sites\/13\/2025\/11\/DSC05364-155x103.jpg 155w\" sizes=\"(max-width: 8896px) 100vw, 8896px\" \/><\/p>\n<p>Viajar a El Paso, Texas, es cruzar una frontera f\u00edsica, pero tambi\u00e9n simb\u00f3lica. Vol\u00e9 a Ciudad Ju\u00e1rez y, tras cruzar el puente fronterizo, en cuesti\u00f3n de minutos ya estaba del otro lado. Pero lo curioso es que no se siente como \u201cotro lado\u201d. En El Paso, los l\u00edmites se difuminan. El ingl\u00e9s y el espa\u00f1ol se entrelazan como parte del mismo lenguaje; las costumbres, la comida y la gente habitan ambos territorios con una naturalidad que te hace olvidar que est\u00e1s en una l\u00ednea divisoria.<\/p>\n<p>Mi primera parada fue Salt + Honey, un caf\u00e9 luminoso y acogedor que parece dise\u00f1ado para empezar bien el d\u00eda. Ah\u00ed desayun\u00e9 unos pancakes espectaculares y tom\u00e9 un caf\u00e9 delicioso mientras observaba ese vaiv\u00e9n de culturas. Es un espacio que refleja muy bien lo que es El Paso: creativo, c\u00e1lido y con ese esp\u00edritu fronterizo que mezcla influencias mexicanas y estadounidenses con un encanto relajado.<\/p>\n<p>Despu\u00e9s, visit\u00e9 Rocketbuster Boots, uno de los lugares que m\u00e1s me impact\u00f3. Este taller-f\u00e1brica artesanal crea botas vaqueras a mano, personalizadas y llenas de color. Entre moldes, pieles y diferentes dise\u00f1os, entend\u00ed por qu\u00e9 este lugar es tan especial: cada par de botas es como una obra de arte que combina tradici\u00f3n, identidad y orgullo local. No es casualidad que artistas nacionales e internacionales busquen aqu\u00ed sus botas; hay algo profundamente aut\u00e9ntico en la forma en que trabajan.<\/p>\n<p><img loading=\"lazy\" decoding=\"async\" class=\"size-full wp-image-161763 aligncenter\" src=\"https:\/\/graziamagazine.com\/mx\/wp-content\/uploads\/sites\/13\/2025\/11\/Captura-de-Pantalla-2025-11-10-a-las-13.15.45.png\" alt=\"\" width=\"520\" height=\"691\" srcset=\"https:\/\/graziamagazine.com\/mx\/wp-content\/uploads\/sites\/13\/2025\/11\/Captura-de-Pantalla-2025-11-10-a-las-13.15.45.png 520w, https:\/\/graziamagazine.com\/mx\/wp-content\/uploads\/sites\/13\/2025\/11\/Captura-de-Pantalla-2025-11-10-a-las-13.15.45-339x450.png 339w, https:\/\/graziamagazine.com\/mx\/wp-content\/uploads\/sites\/13\/2025\/11\/Captura-de-Pantalla-2025-11-10-a-las-13.15.45-400x532.png 400w, https:\/\/graziamagazine.com\/mx\/wp-content\/uploads\/sites\/13\/2025\/11\/Captura-de-Pantalla-2025-11-10-a-las-13.15.45-155x206.png 155w\" sizes=\"(max-width: 520px) 100vw, 520px\" \/><\/p>\n<p>La siguiente parada fue The Outlet Shoppes at El Paso, el para\u00edso para quienes aman las compras (y una gran sorpresa para quienes, como yo, no solemos hacerlo). Me encant\u00f3 la cantidad de tiendas \u2014Adidas, Nike, American Eagle, Aeropostale, Tommy Hilfiger\u2014 y, sobre todo, los precios. Encontr\u00e9 unos pants de Tommy Hilfiger que hab\u00eda buscado durante meses, rebajados de $150 a solo $20. Lo que m\u00e1s me impresion\u00f3 fue la diferencia de precios con respecto a M\u00e9xico y otras ciudades de Estados Unidos. En El Paso, comprar se siente como descubrir tesoros escondidos.<\/p>\n<p><img loading=\"lazy\" decoding=\"async\" class=\"alignnone size-full wp-image-161765\" src=\"https:\/\/graziamagazine.com\/mx\/wp-content\/uploads\/sites\/13\/2025\/11\/BS9A8295-scaled.jpg\" alt=\"\" width=\"2560\" height=\"1707\" srcset=\"https:\/\/graziamagazine.com\/mx\/wp-content\/uploads\/sites\/13\/2025\/11\/BS9A8295-scaled.jpg 2560w, https:\/\/graziamagazine.com\/mx\/wp-content\/uploads\/sites\/13\/2025\/11\/BS9A8295-450x300.jpg 450w, https:\/\/graziamagazine.com\/mx\/wp-content\/uploads\/sites\/13\/2025\/11\/BS9A8295-1024x683.jpg 1024w, https:\/\/graziamagazine.com\/mx\/wp-content\/uploads\/sites\/13\/2025\/11\/BS9A8295-768x512.jpg 768w, https:\/\/graziamagazine.com\/mx\/wp-content\/uploads\/sites\/13\/2025\/11\/BS9A8295-1536x1024.jpg 1536w, https:\/\/graziamagazine.com\/mx\/wp-content\/uploads\/sites\/13\/2025\/11\/BS9A8295-2048x1365.jpg 2048w, https:\/\/graziamagazine.com\/mx\/wp-content\/uploads\/sites\/13\/2025\/11\/BS9A8295-400x267.jpg 400w, https:\/\/graziamagazine.com\/mx\/wp-content\/uploads\/sites\/13\/2025\/11\/BS9A8295-155x103.jpg 155w\" sizes=\"(max-width: 2560px) 100vw, 2560px\" \/><\/p>\n<p>Despu\u00e9s del shopping, lleg\u00f3 el momento de jugar. Fuimos a Topgolf, un simulador de golf moderno con m\u00fasica, comida y vistas espectaculares. Era la primera vez que jugaba y, entre risas, descubr\u00ed que no se me da nada mal. M\u00e1s tarde, visitamos iFly, un simulador de paracaidismo que se convirti\u00f3 en el favorito del grupo. Flotar en el aire fue tan divertido como liberador: una experiencia que te hace sentir que puedes con todo.<\/p>\n<p><img loading=\"lazy\" decoding=\"async\" class=\"alignnone size-full wp-image-161770\" src=\"https:\/\/graziamagazine.com\/mx\/wp-content\/uploads\/sites\/13\/2025\/11\/Captura-de-Pantalla-2025-11-13-a-las-13.45.57.png\" alt=\"\" width=\"1027\" height=\"650\" srcset=\"https:\/\/graziamagazine.com\/mx\/wp-content\/uploads\/sites\/13\/2025\/11\/Captura-de-Pantalla-2025-11-13-a-las-13.45.57.png 1027w, https:\/\/graziamagazine.com\/mx\/wp-content\/uploads\/sites\/13\/2025\/11\/Captura-de-Pantalla-2025-11-13-a-las-13.45.57-450x285.png 450w, https:\/\/graziamagazine.com\/mx\/wp-content\/uploads\/sites\/13\/2025\/11\/Captura-de-Pantalla-2025-11-13-a-las-13.45.57-1024x648.png 1024w, https:\/\/graziamagazine.com\/mx\/wp-content\/uploads\/sites\/13\/2025\/11\/Captura-de-Pantalla-2025-11-13-a-las-13.45.57-768x486.png 768w, https:\/\/graziamagazine.com\/mx\/wp-content\/uploads\/sites\/13\/2025\/11\/Captura-de-Pantalla-2025-11-13-a-las-13.45.57-400x253.png 400w, https:\/\/graziamagazine.com\/mx\/wp-content\/uploads\/sites\/13\/2025\/11\/Captura-de-Pantalla-2025-11-13-a-las-13.45.57-155x98.png 155w\" sizes=\"(max-width: 1027px) 100vw, 1027px\" \/><img loading=\"lazy\" decoding=\"async\" class=\"alignnone size-full wp-image-161769\" src=\"https:\/\/graziamagazine.com\/mx\/wp-content\/uploads\/sites\/13\/2025\/11\/Captura-de-Pantalla-2025-11-13-a-las-13.45.49.png\" alt=\"\" width=\"1109\" height=\"660\" srcset=\"https:\/\/graziamagazine.com\/mx\/wp-content\/uploads\/sites\/13\/2025\/11\/Captura-de-Pantalla-2025-11-13-a-las-13.45.49.png 1109w, https:\/\/graziamagazine.com\/mx\/wp-content\/uploads\/sites\/13\/2025\/11\/Captura-de-Pantalla-2025-11-13-a-las-13.45.49-450x268.png 450w, https:\/\/graziamagazine.com\/mx\/wp-content\/uploads\/sites\/13\/2025\/11\/Captura-de-Pantalla-2025-11-13-a-las-13.45.49-1024x609.png 1024w, https:\/\/graziamagazine.com\/mx\/wp-content\/uploads\/sites\/13\/2025\/11\/Captura-de-Pantalla-2025-11-13-a-las-13.45.49-768x457.png 768w, https:\/\/graziamagazine.com\/mx\/wp-content\/uploads\/sites\/13\/2025\/11\/Captura-de-Pantalla-2025-11-13-a-las-13.45.49-400x238.png 400w, https:\/\/graziamagazine.com\/mx\/wp-content\/uploads\/sites\/13\/2025\/11\/Captura-de-Pantalla-2025-11-13-a-las-13.45.49-155x92.png 155w\" sizes=\"(max-width: 1109px) 100vw, 1109px\" \/> <img loading=\"lazy\" decoding=\"async\" class=\"size-full wp-image-161771 aligncenter\" src=\"https:\/\/graziamagazine.com\/mx\/wp-content\/uploads\/sites\/13\/2025\/11\/Captura-de-Pantalla-2025-11-13-a-las-13.46.16.png\" alt=\"\" width=\"438\" height=\"658\" srcset=\"https:\/\/graziamagazine.com\/mx\/wp-content\/uploads\/sites\/13\/2025\/11\/Captura-de-Pantalla-2025-11-13-a-las-13.46.16.png 438w, https:\/\/graziamagazine.com\/mx\/wp-content\/uploads\/sites\/13\/2025\/11\/Captura-de-Pantalla-2025-11-13-a-las-13.46.16-300x450.png 300w, https:\/\/graziamagazine.com\/mx\/wp-content\/uploads\/sites\/13\/2025\/11\/Captura-de-Pantalla-2025-11-13-a-las-13.46.16-400x601.png 400w, https:\/\/graziamagazine.com\/mx\/wp-content\/uploads\/sites\/13\/2025\/11\/Captura-de-Pantalla-2025-11-13-a-las-13.46.16-143x215.png 143w\" sizes=\"(max-width: 438px) 100vw, 438px\" \/><\/p>\n<p>La cena de esa noche fue en Amar Restaurant, un espacio que combina la gastronom\u00eda peruana y mexicana de una forma deliciosa y sofisticada. Nos atendieron incre\u00edble \u2014incluso la t\u00eda de la due\u00f1a sali\u00f3 a recomendarnos los platillos\u2014 y cada bocado fue un descubrimiento. Probamos elotes, pulpo, calamares y un ceviche peruano que fue mi favorito. Tambi\u00e9n pedimos un sashimi de at\u00fan espectacular. Los platos son enormes, pensados para compartir, y la decoraci\u00f3n del lugar combina lo mejor de ambas culturas. El postre, Avocado Dream, fue el cierre perfecto: helado de aguacate cubierto con chocolate oscuro, caramelo y un brownie de Nutella. Todo acompa\u00f1ado por unos drinks espectaculares. Yo me ped\u00ed el mezcal que tanto me gusta.<\/p>\n<p><img loading=\"lazy\" decoding=\"async\" class=\"alignnone size-full wp-image-161790\" src=\"https:\/\/graziamagazine.com\/mx\/wp-content\/uploads\/sites\/13\/2025\/11\/Unknown-6.jpeg\" alt=\"\" width=\"1032\" height=\"1280\" srcset=\"https:\/\/graziamagazine.com\/mx\/wp-content\/uploads\/sites\/13\/2025\/11\/Unknown-6.jpeg 1032w, https:\/\/graziamagazine.com\/mx\/wp-content\/uploads\/sites\/13\/2025\/11\/Unknown-6-363x450.jpeg 363w, https:\/\/graziamagazine.com\/mx\/wp-content\/uploads\/sites\/13\/2025\/11\/Unknown-6-826x1024.jpeg 826w, https:\/\/graziamagazine.com\/mx\/wp-content\/uploads\/sites\/13\/2025\/11\/Unknown-6-768x953.jpeg 768w, https:\/\/graziamagazine.com\/mx\/wp-content\/uploads\/sites\/13\/2025\/11\/Unknown-6-400x496.jpeg 400w, https:\/\/graziamagazine.com\/mx\/wp-content\/uploads\/sites\/13\/2025\/11\/Unknown-6-155x192.jpeg 155w\" sizes=\"(max-width: 1032px) 100vw, 1032px\" \/> <img loading=\"lazy\" decoding=\"async\" class=\"alignnone size-full wp-image-161791\" src=\"https:\/\/graziamagazine.com\/mx\/wp-content\/uploads\/sites\/13\/2025\/11\/Unknown-8.jpeg\" alt=\"\" width=\"1199\" height=\"1522\" srcset=\"https:\/\/graziamagazine.com\/mx\/wp-content\/uploads\/sites\/13\/2025\/11\/Unknown-8.jpeg 1199w, https:\/\/graziamagazine.com\/mx\/wp-content\/uploads\/sites\/13\/2025\/11\/Unknown-8-355x450.jpeg 355w, https:\/\/graziamagazine.com\/mx\/wp-content\/uploads\/sites\/13\/2025\/11\/Unknown-8-807x1024.jpeg 807w, https:\/\/graziamagazine.com\/mx\/wp-content\/uploads\/sites\/13\/2025\/11\/Unknown-8-768x975.jpeg 768w, https:\/\/graziamagazine.com\/mx\/wp-content\/uploads\/sites\/13\/2025\/11\/Unknown-8-400x508.jpeg 400w, https:\/\/graziamagazine.com\/mx\/wp-content\/uploads\/sites\/13\/2025\/11\/Unknown-8-155x197.jpeg 155w\" sizes=\"(max-width: 1199px) 100vw, 1199px\" \/><\/p>\n<p>El segundo d\u00eda comenz\u00f3 con una de mis actividades favoritas: senderismo en las monta\u00f1as Franklin. Nuestra gu\u00eda, disfrazada por Halloween, nos llev\u00f3 a explorar unas minas antiguas. Fue una experiencia m\u00e1gica y desafiante: tuve que vencer mi claustrofobia para entrar, pero vali\u00f3 totalmente la pena. Dentro vimos cuarzos y el famoso \u201coro de los tontos\u201d, ese mineral que brilla como oro pero no lo es. Lo m\u00e1s impresionante fue el silencio: esa mezcla de desierto, viento y luz que te envuelve y te conecta con la naturaleza.<\/p>\n<p>ENu<img loading=\"lazy\" decoding=\"async\" class=\"alignnone size-full wp-image-161792\" src=\"https:\/\/graziamagazine.com\/mx\/wp-content\/uploads\/sites\/13\/2025\/11\/Unknown-1.jpeg\" alt=\"\" width=\"960\" height=\"1280\" srcset=\"https:\/\/graziamagazine.com\/mx\/wp-content\/uploads\/sites\/13\/2025\/11\/Unknown-1.jpeg 960w, https:\/\/graziamagazine.com\/mx\/wp-content\/uploads\/sites\/13\/2025\/11\/Unknown-1-338x450.jpeg 338w, https:\/\/graziamagazine.com\/mx\/wp-content\/uploads\/sites\/13\/2025\/11\/Unknown-1-768x1024.jpeg 768w, https:\/\/graziamagazine.com\/mx\/wp-content\/uploads\/sites\/13\/2025\/11\/Unknown-1-400x533.jpeg 400w, https:\/\/graziamagazine.com\/mx\/wp-content\/uploads\/sites\/13\/2025\/11\/Unknown-1-155x207.jpeg 155w\" sizes=\"(max-width: 960px) 100vw, 960px\" \/> <img loading=\"lazy\" decoding=\"async\" class=\"alignnone size-full wp-image-161793\" src=\"https:\/\/graziamagazine.com\/mx\/wp-content\/uploads\/sites\/13\/2025\/11\/Unknown.jpeg\" alt=\"\" width=\"960\" height=\"1280\" srcset=\"https:\/\/graziamagazine.com\/mx\/wp-content\/uploads\/sites\/13\/2025\/11\/Unknown.jpeg 960w, https:\/\/graziamagazine.com\/mx\/wp-content\/uploads\/sites\/13\/2025\/11\/Unknown-338x450.jpeg 338w, https:\/\/graziamagazine.com\/mx\/wp-content\/uploads\/sites\/13\/2025\/11\/Unknown-768x1024.jpeg 768w, https:\/\/graziamagazine.com\/mx\/wp-content\/uploads\/sites\/13\/2025\/11\/Unknown-400x533.jpeg 400w, https:\/\/graziamagazine.com\/mx\/wp-content\/uploads\/sites\/13\/2025\/11\/Unknown-155x207.jpeg 155w\" sizes=\"(max-width: 960px) 100vw, 960px\" \/><\/p>\n<p>M\u00e1s tarde visitamos Cielo Vista Mall, y aunque pens\u00e9 que ya hab\u00eda tenido suficiente de compras, termin\u00e9 encontrando una joya: en un rinc\u00f3n escondido de Macy\u2019s, descubr\u00ed un vestido de $29 d\u00f3lares perfecto para que mi mam\u00e1 usara en boda de mi hermana. S\u00ed, leyeron bien, un vestido para mam\u00e1 de la novia divino, que con tantas rebajas me sali\u00f3 en ese precio. Un hallazgo que solo puede pasar en El Paso, donde las sorpresas aparecen en cada esquina.<\/p>\n<p><img loading=\"lazy\" decoding=\"async\" class=\"alignnone size-full wp-image-161752\" src=\"https:\/\/graziamagazine.com\/mx\/wp-content\/uploads\/sites\/13\/2025\/11\/BS9A4528-scaled.jpg\" alt=\"\" width=\"2560\" height=\"1707\" srcset=\"https:\/\/graziamagazine.com\/mx\/wp-content\/uploads\/sites\/13\/2025\/11\/BS9A4528-scaled.jpg 2560w, https:\/\/graziamagazine.com\/mx\/wp-content\/uploads\/sites\/13\/2025\/11\/BS9A4528-450x300.jpg 450w, https:\/\/graziamagazine.com\/mx\/wp-content\/uploads\/sites\/13\/2025\/11\/BS9A4528-1024x683.jpg 1024w, https:\/\/graziamagazine.com\/mx\/wp-content\/uploads\/sites\/13\/2025\/11\/BS9A4528-768x512.jpg 768w, https:\/\/graziamagazine.com\/mx\/wp-content\/uploads\/sites\/13\/2025\/11\/BS9A4528-1536x1024.jpg 1536w, https:\/\/graziamagazine.com\/mx\/wp-content\/uploads\/sites\/13\/2025\/11\/BS9A4528-2048x1365.jpg 2048w, https:\/\/graziamagazine.com\/mx\/wp-content\/uploads\/sites\/13\/2025\/11\/BS9A4528-400x267.jpg 400w, https:\/\/graziamagazine.com\/mx\/wp-content\/uploads\/sites\/13\/2025\/11\/BS9A4528-155x103.jpg 155w\" sizes=\"(max-width: 2560px) 100vw, 2560px\" \/> <img loading=\"lazy\" decoding=\"async\" class=\"alignnone size-full wp-image-161753\" src=\"https:\/\/graziamagazine.com\/mx\/wp-content\/uploads\/sites\/13\/2025\/11\/BS9A4531-scaled.jpg\" alt=\"\" width=\"2560\" height=\"1707\" srcset=\"https:\/\/graziamagazine.com\/mx\/wp-content\/uploads\/sites\/13\/2025\/11\/BS9A4531-scaled.jpg 2560w, https:\/\/graziamagazine.com\/mx\/wp-content\/uploads\/sites\/13\/2025\/11\/BS9A4531-450x300.jpg 450w, https:\/\/graziamagazine.com\/mx\/wp-content\/uploads\/sites\/13\/2025\/11\/BS9A4531-1024x683.jpg 1024w, https:\/\/graziamagazine.com\/mx\/wp-content\/uploads\/sites\/13\/2025\/11\/BS9A4531-768x512.jpg 768w, https:\/\/graziamagazine.com\/mx\/wp-content\/uploads\/sites\/13\/2025\/11\/BS9A4531-1536x1024.jpg 1536w, https:\/\/graziamagazine.com\/mx\/wp-content\/uploads\/sites\/13\/2025\/11\/BS9A4531-2048x1365.jpg 2048w, https:\/\/graziamagazine.com\/mx\/wp-content\/uploads\/sites\/13\/2025\/11\/BS9A4531-400x267.jpg 400w, https:\/\/graziamagazine.com\/mx\/wp-content\/uploads\/sites\/13\/2025\/11\/BS9A4531-155x103.jpg 155w\" sizes=\"(max-width: 2560px) 100vw, 2560px\" \/><\/p>\n<p>Despu\u00e9s fuimos a La Nube, uno de los lugares m\u00e1s fascinantes del viaje. Este museo fue creado gracias a la generosidad de Paul L. Foster y Alejandra de la Vega, una pareja que don\u00f3 10 millones de d\u00f3lares a este proyecto para hacerlo realidad. M\u00e1s all\u00e1 de la cifra, lo que me conmovi\u00f3 fue descubrir c\u00f3mo esta pareja ha transformado la ciudad con su compromiso social y su visi\u00f3n a largo plazo.<\/p>\n<p><strong>Sobre Paul Foster y Alejandra de la Vega <\/strong><\/p>\n<p>Paul L. Foster, empresario originario de Nuevo M\u00e9xico, fund\u00f3 Western Refining Inc. en El Paso y se ha convertido en uno de los principales fil\u00e1ntropos de Texas. Su fundaci\u00f3n ha apoyado causas educativas y comunitarias con m\u00e1s de 180 millones de d\u00f3lares en donaciones. Fue quien impuls\u00f3 la creaci\u00f3n de la Paul L. Foster School of Medicine en la Texas Tech University Health Sciences Center El Paso, que ha cambiado la vida de miles de estudiantes en la regi\u00f3n.<\/p>\n<p>Alejandra de la Vega Foster, empresaria originaria de Ciudad Ju\u00e1rez, ha dedicado su carrera a fortalecer el desarrollo econ\u00f3mico y cultural de la frontera. Fue Secretaria de Innovaci\u00f3n y Desarrollo Econ\u00f3mico del estado de Chihuahua y, junto con su esposo, lidera proyectos que promueven la educaci\u00f3n, la salud, el deporte y la revitalizaci\u00f3n urbana de la regi\u00f3n conocida como Borderplex.<\/p>\n<p>Ambos rescataron y restauraron el hist\u00f3rico Plaza Hotel Pioneer Park, un \u00edcono Art Deco de 1930 que volvi\u00f3 a brillar gracias a su visi\u00f3n. Tambi\u00e9n apoyaron la renovaci\u00f3n del Sun Bowl Stadium de la UTEP y m\u00faltiples proyectos comunitarios. Pero su legado m\u00e1s inspirador es c\u00f3mo han logrado unir ambos lados de la frontera desde la acci\u00f3n: invirtiendo en conocimiento, cultura y bienestar.<\/p>\n<p>Y esa filosof\u00eda se siente en La Nube, un centro inmersivo y educativo que, aunque est\u00e1 pensado para ni\u00f1os, encanta por igual a los adultos. Es completamente biling\u00fce y ofrece experiencias interactivas sobre ciencia, sonido, agua, sostenibilidad y conciencia ambiental. Mi parte favorita fueron las ondas de sonido: un espacio sensorial que te recuerda que la ciencia tambi\u00e9n puede ser arte. Sal\u00ed fascinada, con la certeza de que lugares as\u00ed pueden transformar una comunidad.<\/p>\n<p>Tambi\u00e9n visitamos el Museo de Arte y Cultura (MACC), que refleja la esencia bicultural de El Paso. Recorrimos exposiciones sobre la historia de la frontera, las tradiciones mexicanas y los or\u00edgenes de la ciudad. Coincidi\u00f3 con el D\u00eda de Muertos, as\u00ed que el museo estaba lleno de ofrendas, colores y trajes t\u00edpicos de Chihuahua. Fue un recordatorio hermoso de c\u00f3mo el arte mantiene vivas las ra\u00edces y las historias que cruzan fronteras.<\/p>\n<p><img loading=\"lazy\" decoding=\"async\" class=\"alignnone size-full wp-image-161787\" src=\"https:\/\/graziamagazine.com\/mx\/wp-content\/uploads\/sites\/13\/2025\/11\/Unknown-2.jpeg\" alt=\"\" width=\"1004\" height=\"1280\" srcset=\"https:\/\/graziamagazine.com\/mx\/wp-content\/uploads\/sites\/13\/2025\/11\/Unknown-2.jpeg 1004w, https:\/\/graziamagazine.com\/mx\/wp-content\/uploads\/sites\/13\/2025\/11\/Unknown-2-353x450.jpeg 353w, https:\/\/graziamagazine.com\/mx\/wp-content\/uploads\/sites\/13\/2025\/11\/Unknown-2-803x1024.jpeg 803w, https:\/\/graziamagazine.com\/mx\/wp-content\/uploads\/sites\/13\/2025\/11\/Unknown-2-768x979.jpeg 768w, https:\/\/graziamagazine.com\/mx\/wp-content\/uploads\/sites\/13\/2025\/11\/Unknown-2-400x510.jpeg 400w, https:\/\/graziamagazine.com\/mx\/wp-content\/uploads\/sites\/13\/2025\/11\/Unknown-2-155x198.jpeg 155w\" sizes=\"(max-width: 1004px) 100vw, 1004px\" \/> <img loading=\"lazy\" decoding=\"async\" class=\"alignnone size-full wp-image-161788\" src=\"https:\/\/graziamagazine.com\/mx\/wp-content\/uploads\/sites\/13\/2025\/11\/Unknown-3.jpeg\" alt=\"\" width=\"960\" height=\"1280\" srcset=\"https:\/\/graziamagazine.com\/mx\/wp-content\/uploads\/sites\/13\/2025\/11\/Unknown-3.jpeg 960w, https:\/\/graziamagazine.com\/mx\/wp-content\/uploads\/sites\/13\/2025\/11\/Unknown-3-338x450.jpeg 338w, https:\/\/graziamagazine.com\/mx\/wp-content\/uploads\/sites\/13\/2025\/11\/Unknown-3-768x1024.jpeg 768w, https:\/\/graziamagazine.com\/mx\/wp-content\/uploads\/sites\/13\/2025\/11\/Unknown-3-400x533.jpeg 400w, https:\/\/graziamagazine.com\/mx\/wp-content\/uploads\/sites\/13\/2025\/11\/Unknown-3-155x207.jpeg 155w\" sizes=\"(max-width: 960px) 100vw, 960px\" \/> <img loading=\"lazy\" decoding=\"async\" class=\"alignnone size-full wp-image-161789\" src=\"https:\/\/graziamagazine.com\/mx\/wp-content\/uploads\/sites\/13\/2025\/11\/Unknown-4.jpeg\" alt=\"\" width=\"960\" height=\"1280\" srcset=\"https:\/\/graziamagazine.com\/mx\/wp-content\/uploads\/sites\/13\/2025\/11\/Unknown-4.jpeg 960w, https:\/\/graziamagazine.com\/mx\/wp-content\/uploads\/sites\/13\/2025\/11\/Unknown-4-338x450.jpeg 338w, https:\/\/graziamagazine.com\/mx\/wp-content\/uploads\/sites\/13\/2025\/11\/Unknown-4-768x1024.jpeg 768w, https:\/\/graziamagazine.com\/mx\/wp-content\/uploads\/sites\/13\/2025\/11\/Unknown-4-400x533.jpeg 400w, https:\/\/graziamagazine.com\/mx\/wp-content\/uploads\/sites\/13\/2025\/11\/Unknown-4-155x207.jpeg 155w\" sizes=\"(max-width: 960px) 100vw, 960px\" \/><\/p>\n<p>El viaje cerr\u00f3 con una cena en Texas Chop House, donde prob\u00e9 algunas de las mejores carnes que he comido: jugosas, perfectamente preparadas, acompa\u00f1adas de tu\u00e9tano y ese toque texano que redondea la experiencia. Fue la manera ideal de cerrar un viaje que, m\u00e1s all\u00e1 de lo gastron\u00f3mico o cultural, se sinti\u00f3 profundamente humano.<\/p>\n<p>Porque El Paso no es solo una frontera. Es un punto de encuentro. Una ciudad donde las lenguas se mezclan sin esfuerzo y donde la hospitalidad es parte del ADN local. Volv\u00ed con la certeza de que hay lugares que no te obligan a elegir entre dos mundos, porque su belleza est\u00e1 justamente en c\u00f3mo los unen. M\u00e1s all\u00e1 de las compras, de la gastronom\u00eda y de las actividades que realic\u00e9, El Paso es, toda una experiencia.<\/p>\n<p><img loading=\"lazy\" decoding=\"async\" class=\"alignnone size-full wp-image-161772\" src=\"https:\/\/graziamagazine.com\/mx\/wp-content\/uploads\/sites\/13\/2025\/11\/ACA08231-scaled.jpg\" alt=\"\" width=\"1707\" height=\"2560\" srcset=\"https:\/\/graziamagazine.com\/mx\/wp-content\/uploads\/sites\/13\/2025\/11\/ACA08231-scaled.jpg 1707w, https:\/\/graziamagazine.com\/mx\/wp-content\/uploads\/sites\/13\/2025\/11\/ACA08231-300x450.jpg 300w, https:\/\/graziamagazine.com\/mx\/wp-content\/uploads\/sites\/13\/2025\/11\/ACA08231-683x1024.jpg 683w, https:\/\/graziamagazine.com\/mx\/wp-content\/uploads\/sites\/13\/2025\/11\/ACA08231-768x1152.jpg 768w, https:\/\/graziamagazine.com\/mx\/wp-content\/uploads\/sites\/13\/2025\/11\/ACA08231-1024x1536.jpg 1024w, https:\/\/graziamagazine.com\/mx\/wp-content\/uploads\/sites\/13\/2025\/11\/ACA08231-1365x2048.jpg 1365w, https:\/\/graziamagazine.com\/mx\/wp-content\/uploads\/sites\/13\/2025\/11\/ACA08231-400x600.jpg 400w, https:\/\/graziamagazine.com\/mx\/wp-content\/uploads\/sites\/13\/2025\/11\/ACA08231-143x215.jpg 143w\" sizes=\"(max-width: 1707px) 100vw, 1707px\" \/><\/p>\n<p>&nbsp;<\/p>\n","protected":false},"author":42739,"featured_media":161767,"template":"","format":"standard","categories":[],"acf":[],"yoast_head":"<!-- This site is optimized with the Yoast SEO Premium plugin v18.5 (Yoast SEO v20.4) - https:\/\/yoast.com\/wordpress\/plugins\/seo\/ -->\n<title>Mi experiencia en El Paso, Texas: mucho m\u00e1s que un viaje de compras | Grazia M\u00e9xico y Latinoam\u00e9rica<\/title>\n<meta name=\"description\" content=\"Entre monta\u00f1as des\u00e9rticas, museos, gastronom\u00eda y cultura fronteriza, descubr\u00ed una ciudad que vive entre dos mundos \u2014M\u00e9xico y Estados Unidos\u2014 y que me\" \/>\n<meta name=\"robots\" content=\"index, follow, max-snippet:-1, max-image-preview:large, max-video-preview:-1\" \/>\n<link rel=\"canonical\" href=\"https:\/\/graziamagazine.com\/mx\/articles\/mi-experiencia-en-el-paso-texas-mucho-mas-que-un-viaje-de-compras\/\" \/>\n<meta property=\"og:locale\" content=\"es_MX\" \/>\n<meta property=\"og:type\" content=\"article\" \/>\n<meta property=\"og:title\" content=\"Mi experiencia en El Paso, Texas: mucho m\u00e1s que un viaje de compras\" \/>\n<meta property=\"og:description\" content=\"Entre monta\u00f1as des\u00e9rticas, museos, gastronom\u00eda y cultura fronteriza, descubr\u00ed una ciudad que vive entre dos mundos \u2014M\u00e9xico y Estados Unidos\u2014 y que me\" \/>\n<meta property=\"og:url\" content=\"https:\/\/graziamagazine.com\/mx\/articles\/mi-experiencia-en-el-paso-texas-mucho-mas-que-un-viaje-de-compras\/\" \/>\n<meta property=\"og:site_name\" content=\"Grazia M\u00e9xico y Latinoam\u00e9rica\" \/>\n<meta property=\"article:modified_time\" content=\"2025-11-13T20:01:36+00:00\" \/>\n<meta property=\"og:image\" content=\"https:\/\/graziamagazine.com\/mx\/wp-content\/uploads\/sites\/13\/2025\/11\/GraziaInstaLogo-El-PasoOct25_04.jpg\" \/>\n\t<meta property=\"og:image:width\" content=\"1080\" \/>\n\t<meta property=\"og:image:height\" content=\"1440\" \/>\n\t<meta property=\"og:image:type\" content=\"image\/jpeg\" \/>\n<meta name=\"twitter:card\" content=\"summary_large_image\" \/>\n<meta name=\"twitter:label1\" content=\"Est. reading time\" \/>\n\t<meta name=\"twitter:data1\" content=\"10 minutos\" \/>\n<script type=\"application\/ld+json\" class=\"yoast-schema-graph\">{\"@context\":\"https:\/\/schema.org\",\"@graph\":[{\"@type\":\"WebPage\",\"@id\":\"https:\/\/graziamagazine.com\/mx\/articles\/mi-experiencia-en-el-paso-texas-mucho-mas-que-un-viaje-de-compras\/\",\"url\":\"https:\/\/graziamagazine.com\/mx\/articles\/mi-experiencia-en-el-paso-texas-mucho-mas-que-un-viaje-de-compras\/\",\"name\":\"Mi experiencia en El Paso, Texas: mucho m\u00e1s que un viaje de compras | Grazia M\u00e9xico y Latinoam\u00e9rica\",\"isPartOf\":{\"@id\":\"https:\/\/graziamagazine.com\/mx\/#website\"},\"datePublished\":\"2025-11-13T16:57:09+00:00\",\"dateModified\":\"2025-11-13T20:01:36+00:00\",\"description\":\"Entre monta\u00f1as des\u00e9rticas, museos, gastronom\u00eda y cultura fronteriza, descubr\u00ed una ciudad que vive entre dos mundos \u2014M\u00e9xico y Estados Unidos\u2014 y que me\",\"breadcrumb\":{\"@id\":\"https:\/\/graziamagazine.com\/mx\/articles\/mi-experiencia-en-el-paso-texas-mucho-mas-que-un-viaje-de-compras\/#breadcrumb\"},\"inLanguage\":\"es-MX\",\"potentialAction\":[{\"@type\":\"ReadAction\",\"target\":[\"https:\/\/graziamagazine.com\/mx\/articles\/mi-experiencia-en-el-paso-texas-mucho-mas-que-un-viaje-de-compras\/\"]}]},{\"@type\":\"BreadcrumbList\",\"@id\":\"https:\/\/graziamagazine.com\/mx\/articles\/mi-experiencia-en-el-paso-texas-mucho-mas-que-un-viaje-de-compras\/#breadcrumb\",\"itemListElement\":[{\"@type\":\"ListItem\",\"position\":1,\"name\":\"Home\",\"item\":\"https:\/\/graziamagazine.com\/mx\/\"},{\"@type\":\"ListItem\",\"position\":2,\"name\":\"Mi experiencia en El Paso, Texas: mucho m\u00e1s que un viaje de compras\"}]},{\"@type\":\"WebSite\",\"@id\":\"https:\/\/graziamagazine.com\/mx\/#website\",\"url\":\"https:\/\/graziamagazine.com\/mx\/\",\"name\":\"Grazia M\u00e9xico y Latinoam\u00e9rica\",\"description\":\"Grazia es moda, belleza y noticias  de actualidad \",\"potentialAction\":[{\"@type\":\"SearchAction\",\"target\":{\"@type\":\"EntryPoint\",\"urlTemplate\":\"https:\/\/graziamagazine.com\/mx\/?s={search_term_string}\"},\"query-input\":\"required name=search_term_string\"}],\"inLanguage\":\"es-MX\"}]}<\/script>\n<!-- \/ Yoast SEO Premium plugin. -->","yoast_head_json":{"title":"Mi experiencia en El Paso, Texas: mucho m\u00e1s que un viaje de compras | Grazia M\u00e9xico y Latinoam\u00e9rica","description":"Entre monta\u00f1as des\u00e9rticas, museos, gastronom\u00eda y cultura fronteriza, descubr\u00ed una ciudad que vive entre dos mundos \u2014M\u00e9xico y Estados Unidos\u2014 y que me","robots":{"index":"index","follow":"follow","max-snippet":"max-snippet:-1","max-image-preview":"max-image-preview:large","max-video-preview":"max-video-preview:-1"},"canonical":"https:\/\/graziamagazine.com\/mx\/articles\/mi-experiencia-en-el-paso-texas-mucho-mas-que-un-viaje-de-compras\/","og_locale":"es_MX","og_type":"article","og_title":"Mi experiencia en El Paso, Texas: mucho m\u00e1s que un viaje de compras","og_description":"Entre monta\u00f1as des\u00e9rticas, museos, gastronom\u00eda y cultura fronteriza, descubr\u00ed una ciudad que vive entre dos mundos \u2014M\u00e9xico y Estados Unidos\u2014 y que me","og_url":"https:\/\/graziamagazine.com\/mx\/articles\/mi-experiencia-en-el-paso-texas-mucho-mas-que-un-viaje-de-compras\/","og_site_name":"Grazia M\u00e9xico y Latinoam\u00e9rica","article_modified_time":"2025-11-13T20:01:36+00:00","og_image":[{"width":1080,"height":1440,"url":"https:\/\/graziamagazine.com\/mx\/wp-content\/uploads\/sites\/13\/2025\/11\/GraziaInstaLogo-El-PasoOct25_04.jpg","type":"image\/jpeg"}],"twitter_card":"summary_large_image","twitter_misc":{"Est. reading time":"10 minutos"},"schema":{"@context":"https:\/\/schema.org","@graph":[{"@type":"WebPage","@id":"https:\/\/graziamagazine.com\/mx\/articles\/mi-experiencia-en-el-paso-texas-mucho-mas-que-un-viaje-de-compras\/","url":"https:\/\/graziamagazine.com\/mx\/articles\/mi-experiencia-en-el-paso-texas-mucho-mas-que-un-viaje-de-compras\/","name":"Mi experiencia en El Paso, Texas: mucho m\u00e1s que un viaje de compras | Grazia M\u00e9xico y Latinoam\u00e9rica","isPartOf":{"@id":"https:\/\/graziamagazine.com\/mx\/#website"},"datePublished":"2025-11-13T16:57:09+00:00","dateModified":"2025-11-13T20:01:36+00:00","description":"Entre monta\u00f1as des\u00e9rticas, museos, gastronom\u00eda y cultura fronteriza, descubr\u00ed una ciudad que vive entre dos mundos \u2014M\u00e9xico y Estados Unidos\u2014 y que me","breadcrumb":{"@id":"https:\/\/graziamagazine.com\/mx\/articles\/mi-experiencia-en-el-paso-texas-mucho-mas-que-un-viaje-de-compras\/#breadcrumb"},"inLanguage":"es-MX","potentialAction":[{"@type":"ReadAction","target":["https:\/\/graziamagazine.com\/mx\/articles\/mi-experiencia-en-el-paso-texas-mucho-mas-que-un-viaje-de-compras\/"]}]},{"@type":"BreadcrumbList","@id":"https:\/\/graziamagazine.com\/mx\/articles\/mi-experiencia-en-el-paso-texas-mucho-mas-que-un-viaje-de-compras\/#breadcrumb","itemListElement":[{"@type":"ListItem","position":1,"name":"Home","item":"https:\/\/graziamagazine.com\/mx\/"},{"@type":"ListItem","position":2,"name":"Mi experiencia en El Paso, Texas: mucho m\u00e1s que un viaje de compras"}]},{"@type":"WebSite","@id":"https:\/\/graziamagazine.com\/mx\/#website","url":"https:\/\/graziamagazine.com\/mx\/","name":"Grazia M\u00e9xico y Latinoam\u00e9rica","description":"Grazia es moda, belleza y noticias  de actualidad ","potentialAction":[{"@type":"SearchAction","target":{"@type":"EntryPoint","urlTemplate":"https:\/\/graziamagazine.com\/mx\/?s={search_term_string}"},"query-input":"required name=search_term_string"}],"inLanguage":"es-MX"}]}},"jetpack_sharing_enabled":true,"distributor_meta":false,"distributor_terms":false,"distributor_media":false,"distributor_original_site_name":"Grazia M\u00e9xico y Latinoam\u00e9rica","distributor_original_site_url":"https:\/\/graziamagazine.com\/mx","push-errors":false,"_links":{"self":[{"href":"https:\/\/graziamagazine.com\/mx\/wp-json\/wp\/v2\/articles\/161710"}],"collection":[{"href":"https:\/\/graziamagazine.com\/mx\/wp-json\/wp\/v2\/articles"}],"about":[{"href":"https:\/\/graziamagazine.com\/mx\/wp-json\/wp\/v2\/types\/articles"}],"author":[{"embeddable":true,"href":"https:\/\/graziamagazine.com\/mx\/wp-json\/wp\/v2\/users\/42739"}],"wp:featuredmedia":[{"embeddable":true,"href":"https:\/\/graziamagazine.com\/mx\/wp-json\/wp\/v2\/media\/161767"}],"wp:attachment":[{"href":"https:\/\/graziamagazine.com\/mx\/wp-json\/wp\/v2\/media?parent=161710"}],"wp:term":[{"taxonomy":"category","embeddable":true,"href":"https:\/\/graziamagazine.com\/mx\/wp-json\/wp\/v2\/categories?post=161710"}],"curies":[{"name":"wp","href":"https:\/\/api.w.org\/{rel}","templated":true}]}}