{"id":161400,"date":"2025-11-06T12:39:07","date_gmt":"2025-11-06T17:39:07","guid":{"rendered":"https:\/\/graziamagazine.com\/mx\/?post_type=articles&#038;p=161400"},"modified":"2025-11-06T13:36:07","modified_gmt":"2025-11-06T18:36:07","slug":"la-falda-de-cuero-midi-que-sera-un-must-en-esta-temporada","status":"publish","type":"articles","link":"https:\/\/graziamagazine.com\/mx\/articles\/la-falda-de-cuero-midi-que-sera-un-must-en-esta-temporada\/","title":{"rendered":"La falda de cuero midi que ser\u00e1 un must en esta temporada"},"content":{"rendered":"<article class=\"text-token-text-primary w-full focus:outline-none [--shadow-height:45px] has-data-writing-block:pointer-events-none has-data-writing-block:-mt-(--shadow-height) has-data-writing-block:pt-(--shadow-height) [&amp;:has([data-writing-block])&gt;*]:pointer-events-auto [content-visibility:auto] supports-[content-visibility:auto]:[contain-intrinsic-size:auto_100lvh] scroll-mt-[calc(var(--header-height)+min(200px,max(70px,20svh)))]\" dir=\"auto\" data-turn-id=\"request-WEB:d3bf8293-d1fb-458a-ad77-e76d8250d316-4\" data-testid=\"conversation-turn-10\" data-scroll-anchor=\"true\" data-turn=\"assistant\">\n<div class=\"text-base my-auto mx-auto pb-10 [--thread-content-margin:--spacing(4)] thread-sm:[--thread-content-margin:--spacing(6)] thread-lg:[--thread-content-margin:--spacing(16)] px-(--thread-content-margin)\">\n<div class=\"[--thread-content-max-width:40rem] thread-lg:[--thread-content-max-width:48rem] mx-auto max-w-(--thread-content-max-width) flex-1 group\/turn-messages focus-visible:outline-hidden relative flex w-full min-w-0 flex-col agent-turn\">\n<div class=\"flex max-w-full flex-col grow\">\n<div class=\"min-h-8 text-message relative flex w-full flex-col items-end gap-2 text-start break-words whitespace-normal [.text-message+&amp;]:mt-1\" dir=\"auto\" data-message-author-role=\"assistant\" data-message-id=\"8077d5de-0084-4a1d-a206-cf6e132275b4\" data-message-model-slug=\"gpt-5\">\n<div class=\"flex w-full flex-col gap-1 empty:hidden first:pt-[1px]\">\n<div class=\"markdown prose dark:prose-invert w-full break-words light markdown-new-styling\">\n<p data-start=\"0\" data-end=\"1361\" data-is-last-node=\"\" data-is-only-node=\"\">Las faldas de cuero han sido un \u00edcono recurrente a lo largo de las d\u00e9cadas. Para oto\u00f1o\/invierno 2025, esta pieza contin\u00faa reinvent\u00e1ndose y se vuelve una pieza imprescindible del guardarropa de las <em data-start=\"229\" data-end=\"238\">it-girls<\/em>. Las pasarelas de The Row, Miu Miu y Coperni las reinterpretan con un aire sofisticado, combin\u00e1ndolas con proporciones amplias, tejidos transl\u00facidos y toques met\u00e1licos, mientras en el street style el esp\u00edritu de la falda de cuero es m\u00e1s pr\u00e1ctico y contempor\u00e1neo: conjuntos monocrom\u00e1ticos, cinturones de todos tama\u00f1os y formas, y botas que mezclan comodidad con estilo. Cuando el clima comienza a enfriar, una falda de cuero se vuelve la aliada perfecta su\u00e9teres oversize o los ce\u00f1idos con cuello alto, creando un contraste elegante entre texturas. El resultado mejora a\u00fan m\u00e1s con unos <em data-start=\"928\" data-end=\"940\">slingbacks<\/em> o botas altas que estilizan la silueta. Sea cual sea tu f\u00f3rmula preferida, la falda de cuero sigue siendo una declaraci\u00f3n de estilo oto\u00f1al e invernal.<\/p>\n<h2 data-start=\"0\" data-end=\"1361\">C\u00f3mo llevar la falda de cuero midi en oto\u00f1o\/invierno 2025<\/h2>\n<p>Una manera disruptiva de llevar esta falda es con un pop de color. El cuero, aunque es com\u00fan en color negro o marr\u00f3n, puede tener una alternativa m\u00e1s llamativa si lo buscas en tonos atractivos a la temporada \u2014como lo es el azul cenizo, burdeos, verde oliva o beige, mismos que funcionan muy bien con el resto de prendas de un guardarropa oto\u00f1al.<\/p>\n<figure id=\"attachment_161407\" aria-describedby=\"caption-attachment-161407\" style=\"width: 900px\" class=\"wp-caption alignnone\"><img loading=\"lazy\" decoding=\"async\" class=\"wp-image-161407 size-full\" src=\"https:\/\/graziamagazine.com\/mx\/wp-content\/uploads\/sites\/13\/2025\/11\/la-falda-de-cuero-midi-que-sera-un-must-en-esta-temporada-6.jpg\" alt=\"La falda de cuero midi que ser\u00e1 un must en esta temporada\" width=\"900\" height=\"1200\" srcset=\"https:\/\/graziamagazine.com\/mx\/wp-content\/uploads\/sites\/13\/2025\/11\/la-falda-de-cuero-midi-que-sera-un-must-en-esta-temporada-6.jpg 900w, https:\/\/graziamagazine.com\/mx\/wp-content\/uploads\/sites\/13\/2025\/11\/la-falda-de-cuero-midi-que-sera-un-must-en-esta-temporada-6-338x450.jpg 338w, https:\/\/graziamagazine.com\/mx\/wp-content\/uploads\/sites\/13\/2025\/11\/la-falda-de-cuero-midi-que-sera-un-must-en-esta-temporada-6-768x1024.jpg 768w, https:\/\/graziamagazine.com\/mx\/wp-content\/uploads\/sites\/13\/2025\/11\/la-falda-de-cuero-midi-que-sera-un-must-en-esta-temporada-6-400x533.jpg 400w, https:\/\/graziamagazine.com\/mx\/wp-content\/uploads\/sites\/13\/2025\/11\/la-falda-de-cuero-midi-que-sera-un-must-en-esta-temporada-6-155x207.jpg 155w\" sizes=\"(max-width: 900px) 100vw, 900px\" \/><figcaption id=\"caption-attachment-161407\" class=\"wp-caption-text\">Foto: Instagram<\/figcaption><\/figure>\n<p>Para crear un balance m\u00e1s sofisticado, la combinaci\u00f3n\u00a0<em>total black\u00a0<\/em>no tiene falla. Puedes a\u00f1adir diferentes texturas al llevar tu falda de cuero + un trench coat del mismo color y botas largas, o con un su\u00e9ter amplio que otorgue una silueta m\u00e1s disruptiva. Puedes acompa\u00f1ar el look de joyer\u00eda llamativa, como collares, pulseras y aretes grandes en tonos plata o dorados.<\/p>\n<figure id=\"attachment_161404\" aria-describedby=\"caption-attachment-161404\" style=\"width: 900px\" class=\"wp-caption alignnone\"><img loading=\"lazy\" decoding=\"async\" class=\"wp-image-161404 size-full\" src=\"https:\/\/graziamagazine.com\/mx\/wp-content\/uploads\/sites\/13\/2025\/11\/la-falda-de-cuero-midi-que-sera-un-must-en-esta-temporada-4-1.jpg\" alt=\"La falda de cuero midi que ser\u00e1 un must en esta temporada\" width=\"900\" height=\"1200\" srcset=\"https:\/\/graziamagazine.com\/mx\/wp-content\/uploads\/sites\/13\/2025\/11\/la-falda-de-cuero-midi-que-sera-un-must-en-esta-temporada-4-1.jpg 900w, https:\/\/graziamagazine.com\/mx\/wp-content\/uploads\/sites\/13\/2025\/11\/la-falda-de-cuero-midi-que-sera-un-must-en-esta-temporada-4-1-338x450.jpg 338w, https:\/\/graziamagazine.com\/mx\/wp-content\/uploads\/sites\/13\/2025\/11\/la-falda-de-cuero-midi-que-sera-un-must-en-esta-temporada-4-1-768x1024.jpg 768w, https:\/\/graziamagazine.com\/mx\/wp-content\/uploads\/sites\/13\/2025\/11\/la-falda-de-cuero-midi-que-sera-un-must-en-esta-temporada-4-1-400x533.jpg 400w, https:\/\/graziamagazine.com\/mx\/wp-content\/uploads\/sites\/13\/2025\/11\/la-falda-de-cuero-midi-que-sera-un-must-en-esta-temporada-4-1-155x207.jpg 155w\" sizes=\"(max-width: 900px) 100vw, 900px\" \/><figcaption id=\"caption-attachment-161404\" class=\"wp-caption-text\">Foto: Instagram<\/figcaption><\/figure>\n<figure id=\"attachment_161401\" aria-describedby=\"caption-attachment-161401\" style=\"width: 900px\" class=\"wp-caption alignnone\"><img loading=\"lazy\" decoding=\"async\" class=\"wp-image-161401 size-full\" src=\"https:\/\/graziamagazine.com\/mx\/wp-content\/uploads\/sites\/13\/2025\/11\/la-falda-de-cuero-midi-que-sera-un-must-en-esta-temporada-1.jpg\" alt=\"La falda de cuero midi que ser\u00e1 un must en esta temporada\" width=\"900\" height=\"1200\" srcset=\"https:\/\/graziamagazine.com\/mx\/wp-content\/uploads\/sites\/13\/2025\/11\/la-falda-de-cuero-midi-que-sera-un-must-en-esta-temporada-1.jpg 900w, https:\/\/graziamagazine.com\/mx\/wp-content\/uploads\/sites\/13\/2025\/11\/la-falda-de-cuero-midi-que-sera-un-must-en-esta-temporada-1-338x450.jpg 338w, https:\/\/graziamagazine.com\/mx\/wp-content\/uploads\/sites\/13\/2025\/11\/la-falda-de-cuero-midi-que-sera-un-must-en-esta-temporada-1-768x1024.jpg 768w, https:\/\/graziamagazine.com\/mx\/wp-content\/uploads\/sites\/13\/2025\/11\/la-falda-de-cuero-midi-que-sera-un-must-en-esta-temporada-1-400x533.jpg 400w, https:\/\/graziamagazine.com\/mx\/wp-content\/uploads\/sites\/13\/2025\/11\/la-falda-de-cuero-midi-que-sera-un-must-en-esta-temporada-1-155x207.jpg 155w\" sizes=\"(max-width: 900px) 100vw, 900px\" \/><figcaption id=\"caption-attachment-161401\" class=\"wp-caption-text\">Foto: Instagram<\/figcaption><\/figure>\n<article class=\"text-token-text-primary w-full focus:outline-none [--shadow-height:45px] has-data-writing-block:pointer-events-none has-data-writing-block:-mt-(--shadow-height) has-data-writing-block:pt-(--shadow-height) [&amp;:has([data-writing-block])&gt;*]:pointer-events-auto [content-visibility:auto] supports-[content-visibility:auto]:[contain-intrinsic-size:auto_100lvh] scroll-mt-[calc(var(--header-height)+min(200px,max(70px,20svh)))]\" dir=\"auto\" data-turn-id=\"request-WEB:d3bf8293-d1fb-458a-ad77-e76d8250d316-5\" data-testid=\"conversation-turn-12\" data-scroll-anchor=\"true\" data-turn=\"assistant\">\n<div class=\"text-base my-auto mx-auto pb-10 [--thread-content-margin:--spacing(4)] thread-sm:[--thread-content-margin:--spacing(6)] thread-lg:[--thread-content-margin:--spacing(16)] px-(--thread-content-margin)\">\n<div class=\"[--thread-content-max-width:40rem] thread-lg:[--thread-content-max-width:48rem] mx-auto max-w-(--thread-content-max-width) flex-1 group\/turn-messages focus-visible:outline-hidden relative flex w-full min-w-0 flex-col agent-turn\">\n<div class=\"flex max-w-full flex-col grow\">\n<div class=\"min-h-8 text-message relative flex w-full flex-col items-end gap-2 text-start break-words whitespace-normal [.text-message+&amp;]:mt-1\" dir=\"auto\" data-message-author-role=\"assistant\" data-message-id=\"8aabcd63-b17d-440a-a1d4-923b67a73434\" data-message-model-slug=\"gpt-5\">\n<div class=\"flex w-full flex-col gap-1 empty:hidden first:pt-[1px]\">\n<div class=\"markdown prose dark:prose-invert w-full break-words light markdown-new-styling\">\n<p data-start=\"0\" data-end=\"531\" data-is-last-node=\"\" data-is-only-node=\"\">Desde los cortes tipo l\u00e1piz que realzan la figura, hasta versiones evas\u00e9 o tipo l\u00ednea A que aportan ligereza y dinamismo, cada dise\u00f1o juega con la textura y el brillo del cuero para crear un efecto sofisticado y contempor\u00e1neo. Algunas faldas incorporan pliegues o aberturas frontales que suavizan la rigidez del material, y puedes llevarlas ya sea con botas biker o sandalias de tac\u00f3n.<\/p>\n<\/div>\n<\/div>\n<\/div>\n<\/div>\n<\/div>\n<\/div>\n<\/article>\n<figure id=\"attachment_161405\" aria-describedby=\"caption-attachment-161405\" style=\"width: 900px\" class=\"wp-caption alignnone\"><img loading=\"lazy\" decoding=\"async\" class=\"wp-image-161405 size-full\" src=\"https:\/\/graziamagazine.com\/mx\/wp-content\/uploads\/sites\/13\/2025\/11\/la-falda-de-cuero-midi-que-sera-un-must-en-esta-temporada-4.jpg\" alt=\"La falda de cuero midi que ser\u00e1 un must en esta temporada\" width=\"900\" height=\"1200\" srcset=\"https:\/\/graziamagazine.com\/mx\/wp-content\/uploads\/sites\/13\/2025\/11\/la-falda-de-cuero-midi-que-sera-un-must-en-esta-temporada-4.jpg 900w, https:\/\/graziamagazine.com\/mx\/wp-content\/uploads\/sites\/13\/2025\/11\/la-falda-de-cuero-midi-que-sera-un-must-en-esta-temporada-4-338x450.jpg 338w, https:\/\/graziamagazine.com\/mx\/wp-content\/uploads\/sites\/13\/2025\/11\/la-falda-de-cuero-midi-que-sera-un-must-en-esta-temporada-4-768x1024.jpg 768w, https:\/\/graziamagazine.com\/mx\/wp-content\/uploads\/sites\/13\/2025\/11\/la-falda-de-cuero-midi-que-sera-un-must-en-esta-temporada-4-400x533.jpg 400w, https:\/\/graziamagazine.com\/mx\/wp-content\/uploads\/sites\/13\/2025\/11\/la-falda-de-cuero-midi-que-sera-un-must-en-esta-temporada-4-155x207.jpg 155w\" sizes=\"(max-width: 900px) 100vw, 900px\" \/><figcaption id=\"caption-attachment-161405\" class=\"wp-caption-text\">Foto: Instagram<\/figcaption><\/figure>\n<article class=\"text-token-text-primary w-full focus:outline-none [--shadow-height:45px] has-data-writing-block:pointer-events-none has-data-writing-block:-mt-(--shadow-height) has-data-writing-block:pt-(--shadow-height) [&amp;:has([data-writing-block])&gt;*]:pointer-events-auto [content-visibility:auto] supports-[content-visibility:auto]:[contain-intrinsic-size:auto_100lvh] scroll-mt-[calc(var(--header-height)+min(200px,max(70px,20svh)))]\" dir=\"auto\" data-turn-id=\"request-WEB:d3bf8293-d1fb-458a-ad77-e76d8250d316-6\" data-testid=\"conversation-turn-14\" data-scroll-anchor=\"true\" data-turn=\"assistant\">\n<div class=\"text-base my-auto mx-auto pb-10 [--thread-content-margin:--spacing(4)] thread-sm:[--thread-content-margin:--spacing(6)] thread-lg:[--thread-content-margin:--spacing(16)] px-(--thread-content-margin)\">\n<div class=\"[--thread-content-max-width:40rem] thread-lg:[--thread-content-max-width:48rem] mx-auto max-w-(--thread-content-max-width) flex-1 group\/turn-messages focus-visible:outline-hidden relative flex w-full min-w-0 flex-col agent-turn\">\n<div class=\"flex max-w-full flex-col grow\">\n<div class=\"min-h-8 text-message relative flex w-full flex-col items-end gap-2 text-start break-words whitespace-normal [.text-message+&amp;]:mt-1\" dir=\"auto\" data-message-author-role=\"assistant\" data-message-id=\"d5ea3a07-d4e7-4229-8830-0903d2d1f09d\" data-message-model-slug=\"gpt-5\">\n<div class=\"flex w-full flex-col gap-1 empty:hidden first:pt-[1px]\">\n<div class=\"markdown prose dark:prose-invert w-full break-words light markdown-new-styling\">\n<p data-start=\"0\" data-end=\"741\" data-is-last-node=\"\" data-is-only-node=\"\">Combinar cuero con cuero puede sonar arriesgado, pero cuando se hace con intenci\u00f3n, el resultado es un diez. La clave est\u00e1 en jugar con las proporciones y los acabados: una falda midi de cuero puede equilibrarse con una chaqueta tipo <em data-start=\"250\" data-end=\"257\">biker<\/em> o una camisa de piel m\u00e1s ligera, preferentemente en el mismo tono o en una paleta cercana (negro con negro, caf\u00e9 con caramelo, borgo\u00f1a con vino). Para romper la uniformidad, opta por accesorios que aporten textura \u2014como un bolso met\u00e1lico o botas de gamuza\u2014 y mant\u00e9n el resto del look limpio y estructurado. Si buscas un aire m\u00e1s editorial, lleva el conjunto con tacones puntiagudos o botas altas; si prefieres algo m\u00e1s relajado, un par de sneakers\u00a0aportan el contraste perfecto.<\/p>\n<\/div>\n<\/div>\n<\/div>\n<\/div>\n<\/div>\n<\/div>\n<\/article>\n<figure id=\"attachment_161402\" aria-describedby=\"caption-attachment-161402\" style=\"width: 900px\" class=\"wp-caption alignnone\"><img loading=\"lazy\" decoding=\"async\" class=\"wp-image-161402 size-full\" src=\"https:\/\/graziamagazine.com\/mx\/wp-content\/uploads\/sites\/13\/2025\/11\/la-falda-de-cuero-midi-que-sera-un-must-en-esta-temporada-2.jpg\" alt=\"La falda de cuero midi que ser\u00e1 un must en esta temporada\" width=\"900\" height=\"1200\" srcset=\"https:\/\/graziamagazine.com\/mx\/wp-content\/uploads\/sites\/13\/2025\/11\/la-falda-de-cuero-midi-que-sera-un-must-en-esta-temporada-2.jpg 900w, https:\/\/graziamagazine.com\/mx\/wp-content\/uploads\/sites\/13\/2025\/11\/la-falda-de-cuero-midi-que-sera-un-must-en-esta-temporada-2-338x450.jpg 338w, https:\/\/graziamagazine.com\/mx\/wp-content\/uploads\/sites\/13\/2025\/11\/la-falda-de-cuero-midi-que-sera-un-must-en-esta-temporada-2-768x1024.jpg 768w, https:\/\/graziamagazine.com\/mx\/wp-content\/uploads\/sites\/13\/2025\/11\/la-falda-de-cuero-midi-que-sera-un-must-en-esta-temporada-2-400x533.jpg 400w, https:\/\/graziamagazine.com\/mx\/wp-content\/uploads\/sites\/13\/2025\/11\/la-falda-de-cuero-midi-que-sera-un-must-en-esta-temporada-2-155x207.jpg 155w\" sizes=\"(max-width: 900px) 100vw, 900px\" \/><figcaption id=\"caption-attachment-161402\" class=\"wp-caption-text\">Foto: Instagram<\/figcaption><\/figure>\n<article class=\"text-token-text-primary w-full focus:outline-none [--shadow-height:45px] has-data-writing-block:pointer-events-none has-data-writing-block:-mt-(--shadow-height) has-data-writing-block:pt-(--shadow-height) [&amp;:has([data-writing-block])&gt;*]:pointer-events-auto [content-visibility:auto] supports-[content-visibility:auto]:[contain-intrinsic-size:auto_100lvh] scroll-mt-[calc(var(--header-height)+min(200px,max(70px,20svh)))]\" dir=\"auto\" data-turn-id=\"request-WEB:d3bf8293-d1fb-458a-ad77-e76d8250d316-9\" data-testid=\"conversation-turn-20\" data-scroll-anchor=\"true\" data-turn=\"assistant\">\n<div class=\"text-base my-auto mx-auto pb-10 [--thread-content-margin:--spacing(4)] thread-sm:[--thread-content-margin:--spacing(6)] thread-lg:[--thread-content-margin:--spacing(16)] px-(--thread-content-margin)\">\n<div class=\"[--thread-content-max-width:40rem] thread-lg:[--thread-content-max-width:48rem] mx-auto max-w-(--thread-content-max-width) flex-1 group\/turn-messages focus-visible:outline-hidden relative flex w-full min-w-0 flex-col agent-turn\">\n<div class=\"flex max-w-full flex-col grow\">\n<div class=\"min-h-8 text-message relative flex w-full flex-col items-end gap-2 text-start break-words whitespace-normal [.text-message+&amp;]:mt-1\" dir=\"auto\" data-message-author-role=\"assistant\" data-message-id=\"12c352e0-0238-4061-84f4-c1a7446e5a9d\" data-message-model-slug=\"gpt-5\">\n<div class=\"flex w-full flex-col gap-1 empty:hidden first:pt-[1px]\">\n<div class=\"markdown prose dark:prose-invert w-full break-words light markdown-new-styling\">\n<p data-start=\"0\" data-end=\"592\" data-is-last-node=\"\" data-is-only-node=\"\">La silueta pulida de una falda midi de cuero se ve a\u00fan m\u00e1s estilizada al contrastar con el volumen de un su\u00e9ter de punto trenzado. Incluso puedes a\u00f1adir sandalias de tiras o <em data-start=\"163\" data-end=\"171\">slides<\/em> y un bolso acolchado para lograr el equilibrio <em>cozy &amp; chic<\/em>. La verdad es que sobran las razones por las que las faldas de cuero siguen siendo una favorita: ese ajuste favorecedor, la manera en que elevan cualquier conjunto y su capacidad de brillar en la temporada oto\u00f1o\/invierno las vuelven un\u00a0<em>must.<\/em><\/p>\n<p data-start=\"0\" data-end=\"592\" data-is-last-node=\"\" data-is-only-node=\"\"><img loading=\"lazy\" decoding=\"async\" class=\"alignnone wp-image-161406 size-full\" src=\"https:\/\/graziamagazine.com\/mx\/wp-content\/uploads\/sites\/13\/2025\/11\/la-falda-de-cuero-midi-que-sera-un-must-en-esta-temporada-5.jpg\" alt=\"La falda de cuero midi que ser\u00e1 un must en esta temporada\" width=\"900\" height=\"1200\" srcset=\"https:\/\/graziamagazine.com\/mx\/wp-content\/uploads\/sites\/13\/2025\/11\/la-falda-de-cuero-midi-que-sera-un-must-en-esta-temporada-5.jpg 900w, https:\/\/graziamagazine.com\/mx\/wp-content\/uploads\/sites\/13\/2025\/11\/la-falda-de-cuero-midi-que-sera-un-must-en-esta-temporada-5-338x450.jpg 338w, https:\/\/graziamagazine.com\/mx\/wp-content\/uploads\/sites\/13\/2025\/11\/la-falda-de-cuero-midi-que-sera-un-must-en-esta-temporada-5-768x1024.jpg 768w, https:\/\/graziamagazine.com\/mx\/wp-content\/uploads\/sites\/13\/2025\/11\/la-falda-de-cuero-midi-que-sera-un-must-en-esta-temporada-5-400x533.jpg 400w, https:\/\/graziamagazine.com\/mx\/wp-content\/uploads\/sites\/13\/2025\/11\/la-falda-de-cuero-midi-que-sera-un-must-en-esta-temporada-5-155x207.jpg 155w\" sizes=\"(max-width: 900px) 100vw, 900px\" \/><\/p>\n<\/div>\n<\/div>\n<\/div>\n<\/div>\n<\/div>\n<\/div>\n<\/article>\n<p>Foto: Instagram<\/p>\n<figure id=\"attachment_161403\" aria-describedby=\"caption-attachment-161403\" style=\"width: 900px\" class=\"wp-caption alignnone\"><img loading=\"lazy\" decoding=\"async\" class=\"wp-image-161403 size-full\" src=\"https:\/\/graziamagazine.com\/mx\/wp-content\/uploads\/sites\/13\/2025\/11\/la-falda-de-cuero-midi-que-sera-un-must-en-esta-temporada-3.jpg\" alt=\"La falda de cuero midi que ser\u00e1 un must en esta temporada\" width=\"900\" height=\"1200\" srcset=\"https:\/\/graziamagazine.com\/mx\/wp-content\/uploads\/sites\/13\/2025\/11\/la-falda-de-cuero-midi-que-sera-un-must-en-esta-temporada-3.jpg 900w, https:\/\/graziamagazine.com\/mx\/wp-content\/uploads\/sites\/13\/2025\/11\/la-falda-de-cuero-midi-que-sera-un-must-en-esta-temporada-3-338x450.jpg 338w, https:\/\/graziamagazine.com\/mx\/wp-content\/uploads\/sites\/13\/2025\/11\/la-falda-de-cuero-midi-que-sera-un-must-en-esta-temporada-3-768x1024.jpg 768w, https:\/\/graziamagazine.com\/mx\/wp-content\/uploads\/sites\/13\/2025\/11\/la-falda-de-cuero-midi-que-sera-un-must-en-esta-temporada-3-400x533.jpg 400w, https:\/\/graziamagazine.com\/mx\/wp-content\/uploads\/sites\/13\/2025\/11\/la-falda-de-cuero-midi-que-sera-un-must-en-esta-temporada-3-155x207.jpg 155w\" sizes=\"(max-width: 900px) 100vw, 900px\" \/><figcaption id=\"caption-attachment-161403\" class=\"wp-caption-text\">Foto: Instagram<\/figcaption><\/figure>\n<\/div>\n<\/div>\n<\/div>\n<\/div>\n<div class=\"z-0 flex min-h-[46px] justify-start\"><\/div>\n<div class=\"mt-3 w-full empty:hidden\">\n<div class=\"text-center\"><\/div>\n<\/div>\n<\/div>\n<\/div>\n<\/article>\n<div class=\"pointer-events-none h-px w-px\" aria-hidden=\"true\" data-edge=\"true\"><\/div>\n","protected":false},"author":42761,"featured_media":161408,"template":"","format":"standard","categories":[4],"acf":[],"yoast_head":"<!-- This site is optimized with the Yoast SEO Premium plugin v18.5 (Yoast SEO v20.4) - https:\/\/yoast.com\/wordpress\/plugins\/seo\/ -->\n<title>La falda de cuero midi que ser\u00e1 un must en esta temporada | Grazia M\u00e9xico y Latinoam\u00e9rica<\/title>\n<meta name=\"description\" content=\"Las faldas de cuero han sido un \u00edcono recurrente a lo largo de las d\u00e9cadas. Para oto\u00f1o\/invierno 2025, esta pieza contin\u00faa reinvent\u00e1ndose y se vuelve una\" \/>\n<meta name=\"robots\" content=\"index, follow, max-snippet:-1, max-image-preview:large, max-video-preview:-1\" \/>\n<link rel=\"canonical\" href=\"https:\/\/graziamagazine.com\/mx\/articles\/la-falda-de-cuero-midi-que-sera-un-must-en-esta-temporada\/\" \/>\n<meta property=\"og:locale\" content=\"es_MX\" \/>\n<meta property=\"og:type\" content=\"article\" \/>\n<meta property=\"og:title\" content=\"La falda de cuero midi que ser\u00e1 un must en esta temporada\" \/>\n<meta property=\"og:description\" content=\"Las faldas de cuero han sido un \u00edcono recurrente a lo largo de las d\u00e9cadas. Para oto\u00f1o\/invierno 2025, esta pieza contin\u00faa reinvent\u00e1ndose y se vuelve una\" \/>\n<meta property=\"og:url\" content=\"https:\/\/graziamagazine.com\/mx\/articles\/la-falda-de-cuero-midi-que-sera-un-must-en-esta-temporada\/\" \/>\n<meta property=\"og:site_name\" content=\"Grazia M\u00e9xico y Latinoam\u00e9rica\" \/>\n<meta property=\"article:modified_time\" content=\"2025-11-06T18:36:07+00:00\" \/>\n<meta property=\"og:image\" content=\"https:\/\/graziamagazine.com\/mx\/wp-content\/uploads\/sites\/13\/2025\/11\/la-falda-de-cuero-midi-que-sera-un-must-en-esta-temporada-7.jpg\" \/>\n\t<meta property=\"og:image:width\" content=\"1280\" \/>\n\t<meta property=\"og:image:height\" content=\"720\" \/>\n\t<meta property=\"og:image:type\" content=\"image\/jpeg\" \/>\n<meta name=\"twitter:card\" content=\"summary_large_image\" \/>\n<meta name=\"twitter:label1\" content=\"Est. reading time\" \/>\n\t<meta name=\"twitter:data1\" content=\"5 minutos\" \/>\n<script type=\"application\/ld+json\" class=\"yoast-schema-graph\">{\"@context\":\"https:\/\/schema.org\",\"@graph\":[{\"@type\":\"WebPage\",\"@id\":\"https:\/\/graziamagazine.com\/mx\/articles\/la-falda-de-cuero-midi-que-sera-un-must-en-esta-temporada\/\",\"url\":\"https:\/\/graziamagazine.com\/mx\/articles\/la-falda-de-cuero-midi-que-sera-un-must-en-esta-temporada\/\",\"name\":\"La falda de cuero midi que ser\u00e1 un must en esta temporada | Grazia M\u00e9xico y Latinoam\u00e9rica\",\"isPartOf\":{\"@id\":\"https:\/\/graziamagazine.com\/mx\/#website\"},\"datePublished\":\"2025-11-06T17:39:07+00:00\",\"dateModified\":\"2025-11-06T18:36:07+00:00\",\"description\":\"Las faldas de cuero han sido un \u00edcono recurrente a lo largo de las d\u00e9cadas. Para oto\u00f1o\/invierno 2025, esta pieza contin\u00faa reinvent\u00e1ndose y se vuelve una\",\"breadcrumb\":{\"@id\":\"https:\/\/graziamagazine.com\/mx\/articles\/la-falda-de-cuero-midi-que-sera-un-must-en-esta-temporada\/#breadcrumb\"},\"inLanguage\":\"es-MX\",\"potentialAction\":[{\"@type\":\"ReadAction\",\"target\":[\"https:\/\/graziamagazine.com\/mx\/articles\/la-falda-de-cuero-midi-que-sera-un-must-en-esta-temporada\/\"]}]},{\"@type\":\"BreadcrumbList\",\"@id\":\"https:\/\/graziamagazine.com\/mx\/articles\/la-falda-de-cuero-midi-que-sera-un-must-en-esta-temporada\/#breadcrumb\",\"itemListElement\":[{\"@type\":\"ListItem\",\"position\":1,\"name\":\"Home\",\"item\":\"https:\/\/graziamagazine.com\/mx\/\"},{\"@type\":\"ListItem\",\"position\":2,\"name\":\"La falda de cuero midi que ser\u00e1 un must en esta temporada\"}]},{\"@type\":\"WebSite\",\"@id\":\"https:\/\/graziamagazine.com\/mx\/#website\",\"url\":\"https:\/\/graziamagazine.com\/mx\/\",\"name\":\"Grazia M\u00e9xico y Latinoam\u00e9rica\",\"description\":\"Grazia es moda, belleza y noticias  de actualidad \",\"potentialAction\":[{\"@type\":\"SearchAction\",\"target\":{\"@type\":\"EntryPoint\",\"urlTemplate\":\"https:\/\/graziamagazine.com\/mx\/?s={search_term_string}\"},\"query-input\":\"required name=search_term_string\"}],\"inLanguage\":\"es-MX\"}]}<\/script>\n<!-- \/ Yoast SEO Premium plugin. -->","yoast_head_json":{"title":"La falda de cuero midi que ser\u00e1 un must en esta temporada | Grazia M\u00e9xico y Latinoam\u00e9rica","description":"Las faldas de cuero han sido un \u00edcono recurrente a lo largo de las d\u00e9cadas. Para oto\u00f1o\/invierno 2025, esta pieza contin\u00faa reinvent\u00e1ndose y se vuelve una","robots":{"index":"index","follow":"follow","max-snippet":"max-snippet:-1","max-image-preview":"max-image-preview:large","max-video-preview":"max-video-preview:-1"},"canonical":"https:\/\/graziamagazine.com\/mx\/articles\/la-falda-de-cuero-midi-que-sera-un-must-en-esta-temporada\/","og_locale":"es_MX","og_type":"article","og_title":"La falda de cuero midi que ser\u00e1 un must en esta temporada","og_description":"Las faldas de cuero han sido un \u00edcono recurrente a lo largo de las d\u00e9cadas. Para oto\u00f1o\/invierno 2025, esta pieza contin\u00faa reinvent\u00e1ndose y se vuelve una","og_url":"https:\/\/graziamagazine.com\/mx\/articles\/la-falda-de-cuero-midi-que-sera-un-must-en-esta-temporada\/","og_site_name":"Grazia M\u00e9xico y Latinoam\u00e9rica","article_modified_time":"2025-11-06T18:36:07+00:00","og_image":[{"width":1280,"height":720,"url":"https:\/\/graziamagazine.com\/mx\/wp-content\/uploads\/sites\/13\/2025\/11\/la-falda-de-cuero-midi-que-sera-un-must-en-esta-temporada-7.jpg","type":"image\/jpeg"}],"twitter_card":"summary_large_image","twitter_misc":{"Est. reading time":"5 minutos"},"schema":{"@context":"https:\/\/schema.org","@graph":[{"@type":"WebPage","@id":"https:\/\/graziamagazine.com\/mx\/articles\/la-falda-de-cuero-midi-que-sera-un-must-en-esta-temporada\/","url":"https:\/\/graziamagazine.com\/mx\/articles\/la-falda-de-cuero-midi-que-sera-un-must-en-esta-temporada\/","name":"La falda de cuero midi que ser\u00e1 un must en esta temporada | Grazia M\u00e9xico y Latinoam\u00e9rica","isPartOf":{"@id":"https:\/\/graziamagazine.com\/mx\/#website"},"datePublished":"2025-11-06T17:39:07+00:00","dateModified":"2025-11-06T18:36:07+00:00","description":"Las faldas de cuero han sido un \u00edcono recurrente a lo largo de las d\u00e9cadas. Para oto\u00f1o\/invierno 2025, esta pieza contin\u00faa reinvent\u00e1ndose y se vuelve una","breadcrumb":{"@id":"https:\/\/graziamagazine.com\/mx\/articles\/la-falda-de-cuero-midi-que-sera-un-must-en-esta-temporada\/#breadcrumb"},"inLanguage":"es-MX","potentialAction":[{"@type":"ReadAction","target":["https:\/\/graziamagazine.com\/mx\/articles\/la-falda-de-cuero-midi-que-sera-un-must-en-esta-temporada\/"]}]},{"@type":"BreadcrumbList","@id":"https:\/\/graziamagazine.com\/mx\/articles\/la-falda-de-cuero-midi-que-sera-un-must-en-esta-temporada\/#breadcrumb","itemListElement":[{"@type":"ListItem","position":1,"name":"Home","item":"https:\/\/graziamagazine.com\/mx\/"},{"@type":"ListItem","position":2,"name":"La falda de cuero midi que ser\u00e1 un must en esta temporada"}]},{"@type":"WebSite","@id":"https:\/\/graziamagazine.com\/mx\/#website","url":"https:\/\/graziamagazine.com\/mx\/","name":"Grazia M\u00e9xico y Latinoam\u00e9rica","description":"Grazia es moda, belleza y noticias  de actualidad ","potentialAction":[{"@type":"SearchAction","target":{"@type":"EntryPoint","urlTemplate":"https:\/\/graziamagazine.com\/mx\/?s={search_term_string}"},"query-input":"required name=search_term_string"}],"inLanguage":"es-MX"}]}},"jetpack_sharing_enabled":true,"distributor_meta":false,"distributor_terms":false,"distributor_media":false,"distributor_original_site_name":"Grazia M\u00e9xico y Latinoam\u00e9rica","distributor_original_site_url":"https:\/\/graziamagazine.com\/mx","push-errors":false,"_links":{"self":[{"href":"https:\/\/graziamagazine.com\/mx\/wp-json\/wp\/v2\/articles\/161400"}],"collection":[{"href":"https:\/\/graziamagazine.com\/mx\/wp-json\/wp\/v2\/articles"}],"about":[{"href":"https:\/\/graziamagazine.com\/mx\/wp-json\/wp\/v2\/types\/articles"}],"author":[{"embeddable":true,"href":"https:\/\/graziamagazine.com\/mx\/wp-json\/wp\/v2\/users\/42761"}],"wp:featuredmedia":[{"embeddable":true,"href":"https:\/\/graziamagazine.com\/mx\/wp-json\/wp\/v2\/media\/161408"}],"wp:attachment":[{"href":"https:\/\/graziamagazine.com\/mx\/wp-json\/wp\/v2\/media?parent=161400"}],"wp:term":[{"taxonomy":"category","embeddable":true,"href":"https:\/\/graziamagazine.com\/mx\/wp-json\/wp\/v2\/categories?post=161400"}],"curies":[{"name":"wp","href":"https:\/\/api.w.org\/{rel}","templated":true}]}}