{"id":161364,"date":"2025-11-05T16:59:30","date_gmt":"2025-11-05T21:59:30","guid":{"rendered":"https:\/\/graziamagazine.com\/mx\/?post_type=articles&#038;p=161364"},"modified":"2025-11-05T17:02:52","modified_gmt":"2025-11-05T22:02:52","slug":"tips-para-cuidar-del-cuero-cabelludo","status":"publish","type":"articles","link":"https:\/\/graziamagazine.com\/mx\/articles\/tips-para-cuidar-del-cuero-cabelludo\/","title":{"rendered":"Tips para cuidar del cuero cabelludo"},"content":{"rendered":"<p><span style=\"font-weight: 400\">El cuero cabelludo es la base de un cabello sano. Sin embargo, suele ser una de las zonas m\u00e1s olvidadas dentro de las rutinas de cuidado personal. Al igual que la piel del rostro, el cuero cabelludo acumula residuos, grasa y c\u00e9lulas muertas que, si no se eliminan adecuadamente, pueden afectar la salud capilar. Mantenerlo limpio, equilibrado e hidratado mejora la apariencia del cabello y previene problemas como la caspa, la irritaci\u00f3n o la ca\u00edda excesiva.<\/span><\/p>\n<p><span style=\"font-weight: 400\">El primer paso fundamental es la limpieza adecuada. Lavar el cabello con la frecuencia necesaria seg\u00fan el tipo de cuero cabelludo evita la acumulaci\u00f3n de sebo y residuos. En cueros cabelludos grasos, se recomienda un lavado frecuente con un champ\u00fa purificante, mientras que en los secos o sensibles conviene usar f\u00f3rmulas suaves, libres de sulfatos agresivos. La clave est\u00e1 en masajear con la yema de los dedos, nunca con las u\u00f1as, para activar la circulaci\u00f3n sin causar irritaci\u00f3n.<\/span><\/p>\n<p><img loading=\"lazy\" decoding=\"async\" class=\"alignnone size-medium wp-image-161367\" src=\"https:\/\/graziamagazine.com\/mx\/wp-content\/uploads\/sites\/13\/2025\/11\/2-2-450x332.jpg\" alt=\"\" width=\"450\" height=\"332\" srcset=\"https:\/\/graziamagazine.com\/mx\/wp-content\/uploads\/sites\/13\/2025\/11\/2-2-450x332.jpg 450w, https:\/\/graziamagazine.com\/mx\/wp-content\/uploads\/sites\/13\/2025\/11\/2-2-400x295.jpg 400w, https:\/\/graziamagazine.com\/mx\/wp-content\/uploads\/sites\/13\/2025\/11\/2-2-155x114.jpg 155w, https:\/\/graziamagazine.com\/mx\/wp-content\/uploads\/sites\/13\/2025\/11\/2-2.jpg 465w\" sizes=\"(max-width: 450px) 100vw, 450px\" \/><\/p>\n<p><span style=\"font-weight: 400\">El segundo aspecto a cuidar es la exfoliaci\u00f3n. Este paso, que muchas veces se omite, ayuda a eliminar c\u00e9lulas muertas y restos de productos. Existen exfoliantes capilares espec\u00edficos, tanto en formato f\u00edsico como qu\u00edmico, que deben aplicarse cada dos o tres semanas. Su uso regular mejora la oxigenaci\u00f3n de los fol\u00edculos y favorece un crecimiento m\u00e1s uniforme del cabello.<\/span><\/p>\n<p><span style=\"font-weight: 400\">La hidrataci\u00f3n es otro punto esencial. Los sueros y tratamientos espec\u00edficos para el cuero cabelludo aportan los nutrientes que esta zona necesita para mantener su equilibrio. Ingredientes como el \u00e1cido hialur\u00f3nico, el pantenol o los aceites ligeros de jojoba y arg\u00e1n ayudan a conservar la barrera protectora natural. Es importante aplicar estos productos directamente sobre la piel, no solo en las puntas o el largo del cabello.<\/span><\/p>\n<p><img loading=\"lazy\" decoding=\"async\" class=\"alignnone size-medium wp-image-161365\" src=\"https:\/\/graziamagazine.com\/mx\/wp-content\/uploads\/sites\/13\/2025\/11\/5-3-450x290.jpg\" alt=\"\" width=\"450\" height=\"290\" srcset=\"https:\/\/graziamagazine.com\/mx\/wp-content\/uploads\/sites\/13\/2025\/11\/5-3-450x290.jpg 450w, https:\/\/graziamagazine.com\/mx\/wp-content\/uploads\/sites\/13\/2025\/11\/5-3-400x258.jpg 400w, https:\/\/graziamagazine.com\/mx\/wp-content\/uploads\/sites\/13\/2025\/11\/5-3-155x100.jpg 155w, https:\/\/graziamagazine.com\/mx\/wp-content\/uploads\/sites\/13\/2025\/11\/5-3.jpg 660w\" sizes=\"(max-width: 450px) 100vw, 450px\" \/><\/p>\n<p><span style=\"font-weight: 400\">Cuidar la alimentaci\u00f3n tambi\u00e9n tiene un papel decisivo. Un cuero cabelludo saludable requiere una dieta equilibrada, rica en prote\u00ednas, hierro, zinc y vitaminas del grupo B. Estos nutrientes fortalecen el fol\u00edculo piloso desde el interior y ayudan a mantener una producci\u00f3n de sebo adecuada. La hidrataci\u00f3n general del cuerpo, mediante el consumo suficiente de agua, tambi\u00e9n influye directamente en la salud capilar.<\/span><\/p>\n<p><span style=\"font-weight: 400\">Por \u00faltimo, es recomendable evitar el uso excesivo de herramientas de calor y productos con alcohol o fragancias intensas, ya que pueden alterar el equilibrio natural del cuero cabelludo. Permitir que respire, protegerlo del sol y dar peque\u00f1os masajes de manera regular son h\u00e1bitos simples que marcan una diferencia visible con el tiempo.\u00a0<\/span><\/p>\n","protected":false},"author":11628,"featured_media":161366,"template":"","format":"standard","categories":[3],"acf":[],"yoast_head":"<!-- This site is optimized with the Yoast SEO Premium plugin v18.5 (Yoast SEO v20.4) - https:\/\/yoast.com\/wordpress\/plugins\/seo\/ -->\n<title>Tips para cuidar del cuero cabelludo<\/title>\n<meta name=\"description\" content=\"El cuero cabelludo es la base de un cabello sano. Sin embargo, suele ser una de las zonas m\u00e1s olvidadas dentro de las rutinas de cuidado personal. Al\" \/>\n<meta name=\"robots\" content=\"index, follow, max-snippet:-1, max-image-preview:large, max-video-preview:-1\" \/>\n<link rel=\"canonical\" href=\"https:\/\/graziamagazine.com\/mx\/articles\/tips-para-cuidar-del-cuero-cabelludo\/\" \/>\n<meta property=\"og:locale\" content=\"es_MX\" \/>\n<meta property=\"og:type\" content=\"article\" \/>\n<meta property=\"og:title\" content=\"Tips para cuidar del cuero cabelludo\" \/>\n<meta property=\"og:description\" content=\"El cuero cabelludo es la base de un cabello sano. Sin embargo, suele ser una de las zonas m\u00e1s olvidadas dentro de las rutinas de cuidado personal. Al\" \/>\n<meta property=\"og:url\" content=\"https:\/\/graziamagazine.com\/mx\/articles\/tips-para-cuidar-del-cuero-cabelludo\/\" \/>\n<meta property=\"og:site_name\" content=\"Grazia M\u00e9xico y Latinoam\u00e9rica\" \/>\n<meta property=\"article:modified_time\" content=\"2025-11-05T22:02:52+00:00\" \/>\n<meta property=\"og:image\" content=\"https:\/\/graziamagazine.com\/mx\/wp-content\/uploads\/sites\/13\/2025\/11\/1-2.jpg\" \/>\n\t<meta property=\"og:image:width\" content=\"588\" \/>\n\t<meta property=\"og:image:height\" content=\"380\" \/>\n\t<meta property=\"og:image:type\" content=\"image\/jpeg\" \/>\n<meta name=\"twitter:card\" content=\"summary_large_image\" \/>\n<meta name=\"twitter:label1\" content=\"Est. reading time\" \/>\n\t<meta name=\"twitter:data1\" content=\"3 minutos\" \/>\n<script type=\"application\/ld+json\" class=\"yoast-schema-graph\">{\"@context\":\"https:\/\/schema.org\",\"@graph\":[{\"@type\":\"WebPage\",\"@id\":\"https:\/\/graziamagazine.com\/mx\/articles\/tips-para-cuidar-del-cuero-cabelludo\/\",\"url\":\"https:\/\/graziamagazine.com\/mx\/articles\/tips-para-cuidar-del-cuero-cabelludo\/\",\"name\":\"Tips para cuidar del cuero cabelludo\",\"isPartOf\":{\"@id\":\"https:\/\/graziamagazine.com\/mx\/#website\"},\"datePublished\":\"2025-11-05T21:59:30+00:00\",\"dateModified\":\"2025-11-05T22:02:52+00:00\",\"description\":\"El cuero cabelludo es la base de un cabello sano. Sin embargo, suele ser una de las zonas m\u00e1s olvidadas dentro de las rutinas de cuidado personal. Al\",\"breadcrumb\":{\"@id\":\"https:\/\/graziamagazine.com\/mx\/articles\/tips-para-cuidar-del-cuero-cabelludo\/#breadcrumb\"},\"inLanguage\":\"es-MX\",\"potentialAction\":[{\"@type\":\"ReadAction\",\"target\":[\"https:\/\/graziamagazine.com\/mx\/articles\/tips-para-cuidar-del-cuero-cabelludo\/\"]}]},{\"@type\":\"BreadcrumbList\",\"@id\":\"https:\/\/graziamagazine.com\/mx\/articles\/tips-para-cuidar-del-cuero-cabelludo\/#breadcrumb\",\"itemListElement\":[{\"@type\":\"ListItem\",\"position\":1,\"name\":\"Home\",\"item\":\"https:\/\/graziamagazine.com\/mx\/\"},{\"@type\":\"ListItem\",\"position\":2,\"name\":\"Tips para cuidar del cuero cabelludo\"}]},{\"@type\":\"WebSite\",\"@id\":\"https:\/\/graziamagazine.com\/mx\/#website\",\"url\":\"https:\/\/graziamagazine.com\/mx\/\",\"name\":\"Grazia M\u00e9xico y Latinoam\u00e9rica\",\"description\":\"Grazia es moda, belleza y noticias  de actualidad \",\"potentialAction\":[{\"@type\":\"SearchAction\",\"target\":{\"@type\":\"EntryPoint\",\"urlTemplate\":\"https:\/\/graziamagazine.com\/mx\/?s={search_term_string}\"},\"query-input\":\"required name=search_term_string\"}],\"inLanguage\":\"es-MX\"}]}<\/script>\n<!-- \/ Yoast SEO Premium plugin. -->","yoast_head_json":{"title":"Tips para cuidar del cuero cabelludo","description":"El cuero cabelludo es la base de un cabello sano. Sin embargo, suele ser una de las zonas m\u00e1s olvidadas dentro de las rutinas de cuidado personal. Al","robots":{"index":"index","follow":"follow","max-snippet":"max-snippet:-1","max-image-preview":"max-image-preview:large","max-video-preview":"max-video-preview:-1"},"canonical":"https:\/\/graziamagazine.com\/mx\/articles\/tips-para-cuidar-del-cuero-cabelludo\/","og_locale":"es_MX","og_type":"article","og_title":"Tips para cuidar del cuero cabelludo","og_description":"El cuero cabelludo es la base de un cabello sano. Sin embargo, suele ser una de las zonas m\u00e1s olvidadas dentro de las rutinas de cuidado personal. Al","og_url":"https:\/\/graziamagazine.com\/mx\/articles\/tips-para-cuidar-del-cuero-cabelludo\/","og_site_name":"Grazia M\u00e9xico y Latinoam\u00e9rica","article_modified_time":"2025-11-05T22:02:52+00:00","og_image":[{"width":588,"height":380,"url":"https:\/\/graziamagazine.com\/mx\/wp-content\/uploads\/sites\/13\/2025\/11\/1-2.jpg","type":"image\/jpeg"}],"twitter_card":"summary_large_image","twitter_misc":{"Est. reading time":"3 minutos"},"schema":{"@context":"https:\/\/schema.org","@graph":[{"@type":"WebPage","@id":"https:\/\/graziamagazine.com\/mx\/articles\/tips-para-cuidar-del-cuero-cabelludo\/","url":"https:\/\/graziamagazine.com\/mx\/articles\/tips-para-cuidar-del-cuero-cabelludo\/","name":"Tips para cuidar del cuero cabelludo","isPartOf":{"@id":"https:\/\/graziamagazine.com\/mx\/#website"},"datePublished":"2025-11-05T21:59:30+00:00","dateModified":"2025-11-05T22:02:52+00:00","description":"El cuero cabelludo es la base de un cabello sano. Sin embargo, suele ser una de las zonas m\u00e1s olvidadas dentro de las rutinas de cuidado personal. Al","breadcrumb":{"@id":"https:\/\/graziamagazine.com\/mx\/articles\/tips-para-cuidar-del-cuero-cabelludo\/#breadcrumb"},"inLanguage":"es-MX","potentialAction":[{"@type":"ReadAction","target":["https:\/\/graziamagazine.com\/mx\/articles\/tips-para-cuidar-del-cuero-cabelludo\/"]}]},{"@type":"BreadcrumbList","@id":"https:\/\/graziamagazine.com\/mx\/articles\/tips-para-cuidar-del-cuero-cabelludo\/#breadcrumb","itemListElement":[{"@type":"ListItem","position":1,"name":"Home","item":"https:\/\/graziamagazine.com\/mx\/"},{"@type":"ListItem","position":2,"name":"Tips para cuidar del cuero cabelludo"}]},{"@type":"WebSite","@id":"https:\/\/graziamagazine.com\/mx\/#website","url":"https:\/\/graziamagazine.com\/mx\/","name":"Grazia M\u00e9xico y Latinoam\u00e9rica","description":"Grazia es moda, belleza y noticias  de actualidad ","potentialAction":[{"@type":"SearchAction","target":{"@type":"EntryPoint","urlTemplate":"https:\/\/graziamagazine.com\/mx\/?s={search_term_string}"},"query-input":"required name=search_term_string"}],"inLanguage":"es-MX"}]}},"jetpack_sharing_enabled":true,"distributor_meta":false,"distributor_terms":false,"distributor_media":false,"distributor_original_site_name":"Grazia M\u00e9xico y Latinoam\u00e9rica","distributor_original_site_url":"https:\/\/graziamagazine.com\/mx","push-errors":false,"_links":{"self":[{"href":"https:\/\/graziamagazine.com\/mx\/wp-json\/wp\/v2\/articles\/161364"}],"collection":[{"href":"https:\/\/graziamagazine.com\/mx\/wp-json\/wp\/v2\/articles"}],"about":[{"href":"https:\/\/graziamagazine.com\/mx\/wp-json\/wp\/v2\/types\/articles"}],"author":[{"embeddable":true,"href":"https:\/\/graziamagazine.com\/mx\/wp-json\/wp\/v2\/users\/11628"}],"wp:featuredmedia":[{"embeddable":true,"href":"https:\/\/graziamagazine.com\/mx\/wp-json\/wp\/v2\/media\/161366"}],"wp:attachment":[{"href":"https:\/\/graziamagazine.com\/mx\/wp-json\/wp\/v2\/media?parent=161364"}],"wp:term":[{"taxonomy":"category","embeddable":true,"href":"https:\/\/graziamagazine.com\/mx\/wp-json\/wp\/v2\/categories?post=161364"}],"curies":[{"name":"wp","href":"https:\/\/api.w.org\/{rel}","templated":true}]}}