{"id":161128,"date":"2025-11-01T09:48:13","date_gmt":"2025-11-01T14:48:13","guid":{"rendered":"https:\/\/graziamagazine.com\/mx\/?post_type=articles&#038;p=161128"},"modified":"2025-11-01T09:56:10","modified_gmt":"2025-11-01T14:56:10","slug":"terror-glamour-y-fantasia-los-looks-de-halloween-2025","status":"publish","type":"articles","link":"https:\/\/graziamagazine.com\/mx\/articles\/terror-glamour-y-fantasia-los-looks-de-halloween-2025\/","title":{"rendered":"Terror, glamour y fantas\u00eda: los looks de Halloween 2025"},"content":{"rendered":"<p data-start=\"257\" data-end=\"724\">Halloween 2025 se convirti\u00f3 en una aut\u00e9ntica pasarela de creatividad donde las celebridades demostraron que la moda tambi\u00e9n puede ser divertida, teatral y profundamente conceptual.<\/p>\n<p data-start=\"257\" data-end=\"724\">Desde interpretaciones mitol\u00f3gicas hasta gui\u00f1os nost\u00e1lgicos y cinematogr\u00e1ficos, este a\u00f1o los disfraces no solo sorprendieron por su originalidad, sino tambi\u00e9n por su ejecuci\u00f3n impecable y sentido del espect\u00e1culo.<\/p>\n<p data-start=\"257\" data-end=\"724\">A continuaci\u00f3n, te presentamos un recuento de los looks m\u00e1s comentados.<\/p>\n<h3 data-start=\"976\" data-end=\"1209\"><strong data-start=\"976\" data-end=\"1024\">Justin y Hailey Bieber: familia superheroica<\/strong><\/h3>\n<figure id=\"attachment_161129\" aria-describedby=\"caption-attachment-161129\" style=\"width: 700px\" class=\"wp-caption alignnone\"><img loading=\"lazy\" decoding=\"async\" class=\"size-full wp-image-161129\" src=\"https:\/\/graziamagazine.com\/mx\/wp-content\/uploads\/sites\/13\/2025\/11\/Captura-de-Pantalla-2025-11-01-a-las-8.40.05.png\" alt=\"Terror, glamour y fantas\u00eda: los looks de Halloween 2025\" width=\"700\" height=\"1004\" srcset=\"https:\/\/graziamagazine.com\/mx\/wp-content\/uploads\/sites\/13\/2025\/11\/Captura-de-Pantalla-2025-11-01-a-las-8.40.05.png 700w, https:\/\/graziamagazine.com\/mx\/wp-content\/uploads\/sites\/13\/2025\/11\/Captura-de-Pantalla-2025-11-01-a-las-8.40.05-314x450.png 314w, https:\/\/graziamagazine.com\/mx\/wp-content\/uploads\/sites\/13\/2025\/11\/Captura-de-Pantalla-2025-11-01-a-las-8.40.05-400x574.png 400w, https:\/\/graziamagazine.com\/mx\/wp-content\/uploads\/sites\/13\/2025\/11\/Captura-de-Pantalla-2025-11-01-a-las-8.40.05-150x215.png 150w\" sizes=\"(max-width: 700px) 100vw, 700px\" \/><figcaption id=\"caption-attachment-161129\" class=\"wp-caption-text\">Terror, glamour y fantas\u00eda: los looks de Halloween 2025<\/figcaption><\/figure>\n<p data-start=\"976\" data-end=\"1209\"><br data-start=\"1024\" data-end=\"1027\" \/>Los Bieber apostaron por el poder y la nostalgia al transformarse en \u201cLos Incre\u00edbles\u201d. Coordinaci\u00f3n perfecta, estilo deportivo y un gui\u00f1o a la uni\u00f3n familiar m\u00e1s cool de Hollywood.<\/p>\n<h3 data-start=\"1211\" data-end=\"1431\"><strong data-start=\"1211\" data-end=\"1252\">Aitana: vampira victoriana de ensue\u00f1o<img loading=\"lazy\" decoding=\"async\" class=\"alignnone size-full wp-image-161130\" src=\"https:\/\/graziamagazine.com\/mx\/wp-content\/uploads\/sites\/13\/2025\/11\/Captura-de-Pantalla-2025-11-01-a-las-8.40.34.png\" alt=\"\" width=\"778\" height=\"1008\" srcset=\"https:\/\/graziamagazine.com\/mx\/wp-content\/uploads\/sites\/13\/2025\/11\/Captura-de-Pantalla-2025-11-01-a-las-8.40.34.png 778w, https:\/\/graziamagazine.com\/mx\/wp-content\/uploads\/sites\/13\/2025\/11\/Captura-de-Pantalla-2025-11-01-a-las-8.40.34-347x450.png 347w, https:\/\/graziamagazine.com\/mx\/wp-content\/uploads\/sites\/13\/2025\/11\/Captura-de-Pantalla-2025-11-01-a-las-8.40.34-768x995.png 768w, https:\/\/graziamagazine.com\/mx\/wp-content\/uploads\/sites\/13\/2025\/11\/Captura-de-Pantalla-2025-11-01-a-las-8.40.34-400x518.png 400w, https:\/\/graziamagazine.com\/mx\/wp-content\/uploads\/sites\/13\/2025\/11\/Captura-de-Pantalla-2025-11-01-a-las-8.40.34-155x201.png 155w\" sizes=\"(max-width: 778px) 100vw, 778px\" \/><\/strong><\/h3>\n<p data-start=\"1211\" data-end=\"1431\">Con un vestido de terciopelo negro, cors\u00e9 estructurado y perlas, Aitana encarn\u00f3 una vampiresa elegante y teatral. Su maquillaje p\u00e1lido y labios borgo\u00f1a fueron el toque final.<\/p>\n<h3 data-start=\"1433\" data-end=\"1646\"><strong data-start=\"1433\" data-end=\"1466\">Lady Gaga: jardinera del Ed\u00e9n<img loading=\"lazy\" decoding=\"async\" class=\"alignnone size-full wp-image-161131\" src=\"https:\/\/graziamagazine.com\/mx\/wp-content\/uploads\/sites\/13\/2025\/11\/Captura-de-Pantalla-2025-11-01-a-las-8.41.16.png\" alt=\"\" width=\"774\" height=\"1012\" srcset=\"https:\/\/graziamagazine.com\/mx\/wp-content\/uploads\/sites\/13\/2025\/11\/Captura-de-Pantalla-2025-11-01-a-las-8.41.16.png 774w, https:\/\/graziamagazine.com\/mx\/wp-content\/uploads\/sites\/13\/2025\/11\/Captura-de-Pantalla-2025-11-01-a-las-8.41.16-344x450.png 344w, https:\/\/graziamagazine.com\/mx\/wp-content\/uploads\/sites\/13\/2025\/11\/Captura-de-Pantalla-2025-11-01-a-las-8.41.16-768x1004.png 768w, https:\/\/graziamagazine.com\/mx\/wp-content\/uploads\/sites\/13\/2025\/11\/Captura-de-Pantalla-2025-11-01-a-las-8.41.16-400x523.png 400w, https:\/\/graziamagazine.com\/mx\/wp-content\/uploads\/sites\/13\/2025\/11\/Captura-de-Pantalla-2025-11-01-a-las-8.41.16-155x203.png 155w\" sizes=\"(max-width: 774px) 100vw, 774px\" \/><\/strong><\/h3>\n<p data-start=\"1433\" data-end=\"1646\">Gaga volvi\u00f3 a demostrar que la moda es performance. Luci\u00f3 un vestido cubierto de flores s, zapatillas altas de p\u00e9talos y una pala negra que simbolizaba la creaci\u00f3n y el arte.<\/p>\n<h3 data-start=\"1648\" data-end=\"1856\"><strong data-start=\"1648\" data-end=\"1677\">Belinda: Greta la Gremlin<img loading=\"lazy\" decoding=\"async\" class=\"alignnone size-full wp-image-161132\" src=\"https:\/\/graziamagazine.com\/mx\/wp-content\/uploads\/sites\/13\/2025\/11\/Captura-de-Pantalla-2025-11-01-a-las-8.42.06.png\" alt=\"\" width=\"730\" height=\"1018\" srcset=\"https:\/\/graziamagazine.com\/mx\/wp-content\/uploads\/sites\/13\/2025\/11\/Captura-de-Pantalla-2025-11-01-a-las-8.42.06.png 730w, https:\/\/graziamagazine.com\/mx\/wp-content\/uploads\/sites\/13\/2025\/11\/Captura-de-Pantalla-2025-11-01-a-las-8.42.06-323x450.png 323w, https:\/\/graziamagazine.com\/mx\/wp-content\/uploads\/sites\/13\/2025\/11\/Captura-de-Pantalla-2025-11-01-a-las-8.42.06-400x558.png 400w, https:\/\/graziamagazine.com\/mx\/wp-content\/uploads\/sites\/13\/2025\/11\/Captura-de-Pantalla-2025-11-01-a-las-8.42.06-155x215.png 155w\" sizes=\"(max-width: 730px) 100vw, 730px\" \/><\/strong><\/h3>\n<p data-start=\"1648\" data-end=\"1856\">La mexicana deslumbr\u00f3 como Greta la Gremlin con maquillaje verde con textura escamosa. Un equilibrio entre terror, glamour y ternura que conquist\u00f3 las redes.<\/p>\n<h3 data-start=\"1858\" data-end=\"2087\"><strong data-start=\"1858\" data-end=\"1920\">Camila Cabello y Henry Junior Chalhoub: vaqueros del oeste<img loading=\"lazy\" decoding=\"async\" class=\"alignnone size-large wp-image-161134\" src=\"https:\/\/graziamagazine.com\/mx\/wp-content\/uploads\/sites\/13\/2025\/11\/Captura-de-Pantalla-2025-11-01-a-las-8.45.20-738x1024.png\" alt=\"\" width=\"738\" height=\"1024\" srcset=\"https:\/\/graziamagazine.com\/mx\/wp-content\/uploads\/sites\/13\/2025\/11\/Captura-de-Pantalla-2025-11-01-a-las-8.45.20-738x1024.png 738w, https:\/\/graziamagazine.com\/mx\/wp-content\/uploads\/sites\/13\/2025\/11\/Captura-de-Pantalla-2025-11-01-a-las-8.45.20-324x450.png 324w, https:\/\/graziamagazine.com\/mx\/wp-content\/uploads\/sites\/13\/2025\/11\/Captura-de-Pantalla-2025-11-01-a-las-8.45.20-768x1066.png 768w, https:\/\/graziamagazine.com\/mx\/wp-content\/uploads\/sites\/13\/2025\/11\/Captura-de-Pantalla-2025-11-01-a-las-8.45.20-400x555.png 400w, https:\/\/graziamagazine.com\/mx\/wp-content\/uploads\/sites\/13\/2025\/11\/Captura-de-Pantalla-2025-11-01-a-las-8.45.20-155x215.png 155w, https:\/\/graziamagazine.com\/mx\/wp-content\/uploads\/sites\/13\/2025\/11\/Captura-de-Pantalla-2025-11-01-a-las-8.45.20.png 990w\" sizes=\"(max-width: 738px) 100vw, 738px\" \/><\/strong><\/h3>\n<p data-start=\"1858\" data-end=\"2087\">La pareja m\u00e1s estilosa del momento se inspir\u00f3 en el viejo oeste. Sombreros, botas y chaquetas con flecos lograron una est\u00e9tica country elegante y cinematogr\u00e1fica.<\/p>\n<h3 data-start=\"2089\" data-end=\"2274\"><strong data-start=\"2089\" data-end=\"2124\">Paris Hilton: campanita moderna<img loading=\"lazy\" decoding=\"async\" class=\"alignnone size-large wp-image-161133\" src=\"https:\/\/graziamagazine.com\/mx\/wp-content\/uploads\/sites\/13\/2025\/11\/Captura-de-Pantalla-2025-11-01-a-las-8.45.16-717x1024.png\" alt=\"\" width=\"717\" height=\"1024\" srcset=\"https:\/\/graziamagazine.com\/mx\/wp-content\/uploads\/sites\/13\/2025\/11\/Captura-de-Pantalla-2025-11-01-a-las-8.45.16-717x1024.png 717w, https:\/\/graziamagazine.com\/mx\/wp-content\/uploads\/sites\/13\/2025\/11\/Captura-de-Pantalla-2025-11-01-a-las-8.45.16-315x450.png 315w, https:\/\/graziamagazine.com\/mx\/wp-content\/uploads\/sites\/13\/2025\/11\/Captura-de-Pantalla-2025-11-01-a-las-8.45.16-768x1097.png 768w, https:\/\/graziamagazine.com\/mx\/wp-content\/uploads\/sites\/13\/2025\/11\/Captura-de-Pantalla-2025-11-01-a-las-8.45.16-400x571.png 400w, https:\/\/graziamagazine.com\/mx\/wp-content\/uploads\/sites\/13\/2025\/11\/Captura-de-Pantalla-2025-11-01-a-las-8.45.16-151x215.png 151w, https:\/\/graziamagazine.com\/mx\/wp-content\/uploads\/sites\/13\/2025\/11\/Captura-de-Pantalla-2025-11-01-a-las-8.45.16.png 980w\" sizes=\"(max-width: 717px) 100vw, 717px\" \/><\/strong><\/h3>\n<p data-start=\"2089\" data-end=\"2274\">Paris volvi\u00f3 a brillar con alas de cristal, minivestido verde lima y zapatos con pedrer\u00eda. Un look m\u00e1gico que combin\u00f3 lujo, fantas\u00eda y nostalgia.<\/p>\n<h3 data-start=\"726\" data-end=\"974\"><strong data-start=\"726\" data-end=\"771\">Heidi Klum: Medusa terrorifica<\/strong><\/h3>\n<p><img loading=\"lazy\" decoding=\"async\" class=\"size-large wp-image-161139\" src=\"https:\/\/graziamagazine.com\/mx\/wp-content\/uploads\/sites\/13\/2025\/11\/Captura-de-Pantalla-2025-11-01-a-las-8.46.31-679x1024.png\" alt=\"HEIDI KLUM: MEDUSA EN CLAVE HAUTE COUTURE\n\nLa reina indiscutible de Halloween apareci\u00f3 con una espectacular recreaci\u00f3n de Medusa. Su cabello lleno de serpientes articuladas y su vestido met\u00e1lico esculpido fueron pura fantas\u00eda griega moderna.\" width=\"679\" height=\"1024\" srcset=\"https:\/\/graziamagazine.com\/mx\/wp-content\/uploads\/sites\/13\/2025\/11\/Captura-de-Pantalla-2025-11-01-a-las-8.46.31-679x1024.png 679w, https:\/\/graziamagazine.com\/mx\/wp-content\/uploads\/sites\/13\/2025\/11\/Captura-de-Pantalla-2025-11-01-a-las-8.46.31-298x450.png 298w, https:\/\/graziamagazine.com\/mx\/wp-content\/uploads\/sites\/13\/2025\/11\/Captura-de-Pantalla-2025-11-01-a-las-8.46.31-400x603.png 400w, https:\/\/graziamagazine.com\/mx\/wp-content\/uploads\/sites\/13\/2025\/11\/Captura-de-Pantalla-2025-11-01-a-las-8.46.31-143x215.png 143w, https:\/\/graziamagazine.com\/mx\/wp-content\/uploads\/sites\/13\/2025\/11\/Captura-de-Pantalla-2025-11-01-a-las-8.46.31.png 768w\" sizes=\"(max-width: 679px) 100vw, 679px\" \/><\/p>\n<p data-start=\"726\" data-end=\"974\">La reina indiscutible de Halloween apareci\u00f3 con una espectacular recreaci\u00f3n de Medusa. Su cabello lleno de serpientes articuladas y su vestido met\u00e1lico esculpido fueron pura fantas\u00eda griega moderna.<\/p>\n<h3 data-start=\"2276\" data-end=\"2466\"><strong data-start=\"2276\" data-end=\"2318\">Paris Jackson: Gandalf versi\u00f3n crochet<img loading=\"lazy\" decoding=\"async\" class=\"alignnone size-large wp-image-161137\" src=\"https:\/\/graziamagazine.com\/mx\/wp-content\/uploads\/sites\/13\/2025\/11\/Captura-de-Pantalla-2025-11-01-a-las-8.45.48-676x1024.png\" alt=\"\" width=\"676\" height=\"1024\" srcset=\"https:\/\/graziamagazine.com\/mx\/wp-content\/uploads\/sites\/13\/2025\/11\/Captura-de-Pantalla-2025-11-01-a-las-8.45.48-676x1024.png 676w, https:\/\/graziamagazine.com\/mx\/wp-content\/uploads\/sites\/13\/2025\/11\/Captura-de-Pantalla-2025-11-01-a-las-8.45.48-297x450.png 297w, https:\/\/graziamagazine.com\/mx\/wp-content\/uploads\/sites\/13\/2025\/11\/Captura-de-Pantalla-2025-11-01-a-las-8.45.48-400x606.png 400w, https:\/\/graziamagazine.com\/mx\/wp-content\/uploads\/sites\/13\/2025\/11\/Captura-de-Pantalla-2025-11-01-a-las-8.45.48-142x215.png 142w, https:\/\/graziamagazine.com\/mx\/wp-content\/uploads\/sites\/13\/2025\/11\/Captura-de-Pantalla-2025-11-01-a-las-8.45.48.png 764w\" sizes=\"(max-width: 676px) 100vw, 676px\" \/><\/strong><\/h3>\n<p data-start=\"2276\" data-end=\"2466\">Sorprendi\u00f3 con un disfraz hecho a mano. Su t\u00fanica tejida y su bast\u00f3n artesanal reinterpretaron al m\u00edtico mago con un giro bohemio y sostenible.<\/p>\n<h3 data-start=\"2468\" data-end=\"2654\"><strong data-start=\"2468\" data-end=\"2503\">Lily Allen: Madeline nost\u00e1lgica<img loading=\"lazy\" decoding=\"async\" class=\"alignnone size-large wp-image-161135\" src=\"https:\/\/graziamagazine.com\/mx\/wp-content\/uploads\/sites\/13\/2025\/11\/Captura-de-Pantalla-2025-11-01-a-las-8.45.24-626x1024.png\" alt=\"\" width=\"626\" height=\"1024\" srcset=\"https:\/\/graziamagazine.com\/mx\/wp-content\/uploads\/sites\/13\/2025\/11\/Captura-de-Pantalla-2025-11-01-a-las-8.45.24-626x1024.png 626w, https:\/\/graziamagazine.com\/mx\/wp-content\/uploads\/sites\/13\/2025\/11\/Captura-de-Pantalla-2025-11-01-a-las-8.45.24-275x450.png 275w, https:\/\/graziamagazine.com\/mx\/wp-content\/uploads\/sites\/13\/2025\/11\/Captura-de-Pantalla-2025-11-01-a-las-8.45.24-768x1256.png 768w, https:\/\/graziamagazine.com\/mx\/wp-content\/uploads\/sites\/13\/2025\/11\/Captura-de-Pantalla-2025-11-01-a-las-8.45.24-400x654.png 400w, https:\/\/graziamagazine.com\/mx\/wp-content\/uploads\/sites\/13\/2025\/11\/Captura-de-Pantalla-2025-11-01-a-las-8.45.24-131x215.png 131w, https:\/\/graziamagazine.com\/mx\/wp-content\/uploads\/sites\/13\/2025\/11\/Captura-de-Pantalla-2025-11-01-a-las-8.45.24.png 790w\" sizes=\"(max-width: 626px) 100vw, 626px\" \/><\/strong><\/h3>\n<p data-start=\"2468\" data-end=\"2654\">Con su vestido azul y sombrero amarillo, Lily encarn\u00f3 a la entra\u00f1able Madeline. Un look infantil reinterpretado con elegancia y un toque parisino.<\/p>\n<h3 data-start=\"2656\" data-end=\"2862\"><strong data-start=\"2656\" data-end=\"2689\">Julia Fox: Jackie Kennedy <img loading=\"lazy\" decoding=\"async\" class=\"alignnone size-large wp-image-161138\" src=\"https:\/\/graziamagazine.com\/mx\/wp-content\/uploads\/sites\/13\/2025\/11\/Captura-de-Pantalla-2025-11-01-a-las-8.46.01-664x1024.png\" alt=\"\" width=\"664\" height=\"1024\" srcset=\"https:\/\/graziamagazine.com\/mx\/wp-content\/uploads\/sites\/13\/2025\/11\/Captura-de-Pantalla-2025-11-01-a-las-8.46.01-664x1024.png 664w, https:\/\/graziamagazine.com\/mx\/wp-content\/uploads\/sites\/13\/2025\/11\/Captura-de-Pantalla-2025-11-01-a-las-8.46.01-292x450.png 292w, https:\/\/graziamagazine.com\/mx\/wp-content\/uploads\/sites\/13\/2025\/11\/Captura-de-Pantalla-2025-11-01-a-las-8.46.01-400x617.png 400w, https:\/\/graziamagazine.com\/mx\/wp-content\/uploads\/sites\/13\/2025\/11\/Captura-de-Pantalla-2025-11-01-a-las-8.46.01-139x215.png 139w, https:\/\/graziamagazine.com\/mx\/wp-content\/uploads\/sites\/13\/2025\/11\/Captura-de-Pantalla-2025-11-01-a-las-8.46.01.png 750w\" sizes=\"(max-width: 664px) 100vw, 664px\" \/><\/strong><\/h3>\n<p data-start=\"2656\" data-end=\"2862\">La siempre provocadora Julia rindi\u00f3 homenaje a Jackie Kennedy con un conjunto rosa reinterpretado al estilo avant-garde, mezclando historia, glamour y su sello rebelde.<\/p>\n<p data-start=\"2864\" data-end=\"2995\" data-is-last-node=\"\" data-is-only-node=\"\"><strong data-start=\"2864\" data-end=\"2883\">*IMAGEN: Instagram &amp; Google Images<\/strong><\/p>\n","protected":false},"author":28953,"featured_media":161136,"template":"","format":"standard","categories":[2,4],"acf":[],"yoast_head":"<!-- This site is optimized with the Yoast SEO Premium plugin v18.5 (Yoast SEO v20.4) - https:\/\/yoast.com\/wordpress\/plugins\/seo\/ -->\n<title>Terror, glamour y fantas\u00eda: los looks de Halloween 2025<\/title>\n<meta name=\"description\" content=\"Las celebridades deslumbraron con creatividad y estilo en la noche m\u00e1s esperada del a\u00f1o, reinventando el Halloween con disfraces que mezclaron humor, arte y alta moda.\" \/>\n<meta name=\"robots\" content=\"index, follow, max-snippet:-1, max-image-preview:large, max-video-preview:-1\" \/>\n<link rel=\"canonical\" href=\"https:\/\/graziamagazine.com\/mx\/articles\/terror-glamour-y-fantasia-los-looks-de-halloween-2025\/\" \/>\n<meta property=\"og:locale\" content=\"es_MX\" \/>\n<meta property=\"og:type\" content=\"article\" \/>\n<meta property=\"og:title\" content=\"Terror, glamour y fantas\u00eda: los looks de Halloween 2025\" \/>\n<meta property=\"og:description\" content=\"Las celebridades deslumbraron con creatividad y estilo en la noche m\u00e1s esperada del a\u00f1o, reinventando el Halloween con disfraces que mezclaron humor, arte y alta moda.\" \/>\n<meta property=\"og:url\" content=\"https:\/\/graziamagazine.com\/mx\/articles\/terror-glamour-y-fantasia-los-looks-de-halloween-2025\/\" \/>\n<meta property=\"og:site_name\" content=\"Grazia M\u00e9xico y Latinoam\u00e9rica\" \/>\n<meta property=\"article:modified_time\" content=\"2025-11-01T14:56:10+00:00\" \/>\n<meta property=\"og:image\" content=\"https:\/\/graziamagazine.com\/mx\/wp-content\/uploads\/sites\/13\/2025\/11\/Captura-de-Pantalla-2025-11-01-a-las-8.45.31-1024x788.png\" \/>\n\t<meta property=\"og:image:width\" content=\"1024\" \/>\n\t<meta property=\"og:image:height\" content=\"788\" \/>\n\t<meta property=\"og:image:type\" content=\"image\/png\" \/>\n<meta name=\"twitter:card\" content=\"summary_large_image\" \/>\n<meta name=\"twitter:label1\" content=\"Est. reading time\" \/>\n\t<meta name=\"twitter:data1\" content=\"4 minutos\" \/>\n<script type=\"application\/ld+json\" class=\"yoast-schema-graph\">{\"@context\":\"https:\/\/schema.org\",\"@graph\":[{\"@type\":\"WebPage\",\"@id\":\"https:\/\/graziamagazine.com\/mx\/articles\/terror-glamour-y-fantasia-los-looks-de-halloween-2025\/\",\"url\":\"https:\/\/graziamagazine.com\/mx\/articles\/terror-glamour-y-fantasia-los-looks-de-halloween-2025\/\",\"name\":\"Terror, glamour y fantas\u00eda: los looks de Halloween 2025\",\"isPartOf\":{\"@id\":\"https:\/\/graziamagazine.com\/mx\/#website\"},\"datePublished\":\"2025-11-01T14:48:13+00:00\",\"dateModified\":\"2025-11-01T14:56:10+00:00\",\"description\":\"Las celebridades deslumbraron con creatividad y estilo en la noche m\u00e1s esperada del a\u00f1o, reinventando el Halloween con disfraces que mezclaron humor, arte y alta moda.\",\"breadcrumb\":{\"@id\":\"https:\/\/graziamagazine.com\/mx\/articles\/terror-glamour-y-fantasia-los-looks-de-halloween-2025\/#breadcrumb\"},\"inLanguage\":\"es-MX\",\"potentialAction\":[{\"@type\":\"ReadAction\",\"target\":[\"https:\/\/graziamagazine.com\/mx\/articles\/terror-glamour-y-fantasia-los-looks-de-halloween-2025\/\"]}]},{\"@type\":\"BreadcrumbList\",\"@id\":\"https:\/\/graziamagazine.com\/mx\/articles\/terror-glamour-y-fantasia-los-looks-de-halloween-2025\/#breadcrumb\",\"itemListElement\":[{\"@type\":\"ListItem\",\"position\":1,\"name\":\"Home\",\"item\":\"https:\/\/graziamagazine.com\/mx\/\"},{\"@type\":\"ListItem\",\"position\":2,\"name\":\"Terror, glamour y fantas\u00eda: los looks de Halloween 2025\"}]},{\"@type\":\"WebSite\",\"@id\":\"https:\/\/graziamagazine.com\/mx\/#website\",\"url\":\"https:\/\/graziamagazine.com\/mx\/\",\"name\":\"Grazia M\u00e9xico y Latinoam\u00e9rica\",\"description\":\"Grazia es moda, belleza y noticias  de actualidad \",\"potentialAction\":[{\"@type\":\"SearchAction\",\"target\":{\"@type\":\"EntryPoint\",\"urlTemplate\":\"https:\/\/graziamagazine.com\/mx\/?s={search_term_string}\"},\"query-input\":\"required name=search_term_string\"}],\"inLanguage\":\"es-MX\"}]}<\/script>\n<!-- \/ Yoast SEO Premium plugin. -->","yoast_head_json":{"title":"Terror, glamour y fantas\u00eda: los looks de Halloween 2025","description":"Las celebridades deslumbraron con creatividad y estilo en la noche m\u00e1s esperada del a\u00f1o, reinventando el Halloween con disfraces que mezclaron humor, arte y alta moda.","robots":{"index":"index","follow":"follow","max-snippet":"max-snippet:-1","max-image-preview":"max-image-preview:large","max-video-preview":"max-video-preview:-1"},"canonical":"https:\/\/graziamagazine.com\/mx\/articles\/terror-glamour-y-fantasia-los-looks-de-halloween-2025\/","og_locale":"es_MX","og_type":"article","og_title":"Terror, glamour y fantas\u00eda: los looks de Halloween 2025","og_description":"Las celebridades deslumbraron con creatividad y estilo en la noche m\u00e1s esperada del a\u00f1o, reinventando el Halloween con disfraces que mezclaron humor, arte y alta moda.","og_url":"https:\/\/graziamagazine.com\/mx\/articles\/terror-glamour-y-fantasia-los-looks-de-halloween-2025\/","og_site_name":"Grazia M\u00e9xico y Latinoam\u00e9rica","article_modified_time":"2025-11-01T14:56:10+00:00","og_image":[{"width":1024,"height":788,"url":"https:\/\/graziamagazine.com\/mx\/wp-content\/uploads\/sites\/13\/2025\/11\/Captura-de-Pantalla-2025-11-01-a-las-8.45.31-1024x788.png","type":"image\/png"}],"twitter_card":"summary_large_image","twitter_misc":{"Est. reading time":"4 minutos"},"schema":{"@context":"https:\/\/schema.org","@graph":[{"@type":"WebPage","@id":"https:\/\/graziamagazine.com\/mx\/articles\/terror-glamour-y-fantasia-los-looks-de-halloween-2025\/","url":"https:\/\/graziamagazine.com\/mx\/articles\/terror-glamour-y-fantasia-los-looks-de-halloween-2025\/","name":"Terror, glamour y fantas\u00eda: los looks de Halloween 2025","isPartOf":{"@id":"https:\/\/graziamagazine.com\/mx\/#website"},"datePublished":"2025-11-01T14:48:13+00:00","dateModified":"2025-11-01T14:56:10+00:00","description":"Las celebridades deslumbraron con creatividad y estilo en la noche m\u00e1s esperada del a\u00f1o, reinventando el Halloween con disfraces que mezclaron humor, arte y alta moda.","breadcrumb":{"@id":"https:\/\/graziamagazine.com\/mx\/articles\/terror-glamour-y-fantasia-los-looks-de-halloween-2025\/#breadcrumb"},"inLanguage":"es-MX","potentialAction":[{"@type":"ReadAction","target":["https:\/\/graziamagazine.com\/mx\/articles\/terror-glamour-y-fantasia-los-looks-de-halloween-2025\/"]}]},{"@type":"BreadcrumbList","@id":"https:\/\/graziamagazine.com\/mx\/articles\/terror-glamour-y-fantasia-los-looks-de-halloween-2025\/#breadcrumb","itemListElement":[{"@type":"ListItem","position":1,"name":"Home","item":"https:\/\/graziamagazine.com\/mx\/"},{"@type":"ListItem","position":2,"name":"Terror, glamour y fantas\u00eda: los looks de Halloween 2025"}]},{"@type":"WebSite","@id":"https:\/\/graziamagazine.com\/mx\/#website","url":"https:\/\/graziamagazine.com\/mx\/","name":"Grazia M\u00e9xico y Latinoam\u00e9rica","description":"Grazia es moda, belleza y noticias  de actualidad ","potentialAction":[{"@type":"SearchAction","target":{"@type":"EntryPoint","urlTemplate":"https:\/\/graziamagazine.com\/mx\/?s={search_term_string}"},"query-input":"required name=search_term_string"}],"inLanguage":"es-MX"}]}},"jetpack_sharing_enabled":true,"distributor_meta":false,"distributor_terms":false,"distributor_media":false,"distributor_original_site_name":"Grazia M\u00e9xico y Latinoam\u00e9rica","distributor_original_site_url":"https:\/\/graziamagazine.com\/mx","push-errors":false,"_links":{"self":[{"href":"https:\/\/graziamagazine.com\/mx\/wp-json\/wp\/v2\/articles\/161128"}],"collection":[{"href":"https:\/\/graziamagazine.com\/mx\/wp-json\/wp\/v2\/articles"}],"about":[{"href":"https:\/\/graziamagazine.com\/mx\/wp-json\/wp\/v2\/types\/articles"}],"author":[{"embeddable":true,"href":"https:\/\/graziamagazine.com\/mx\/wp-json\/wp\/v2\/users\/28953"}],"wp:featuredmedia":[{"embeddable":true,"href":"https:\/\/graziamagazine.com\/mx\/wp-json\/wp\/v2\/media\/161136"}],"wp:attachment":[{"href":"https:\/\/graziamagazine.com\/mx\/wp-json\/wp\/v2\/media?parent=161128"}],"wp:term":[{"taxonomy":"category","embeddable":true,"href":"https:\/\/graziamagazine.com\/mx\/wp-json\/wp\/v2\/categories?post=161128"}],"curies":[{"name":"wp","href":"https:\/\/api.w.org\/{rel}","templated":true}]}}