{"id":161121,"date":"2025-10-31T17:58:00","date_gmt":"2025-10-31T22:58:00","guid":{"rendered":"https:\/\/graziamagazine.com\/mx\/?post_type=articles&#038;p=161121"},"modified":"2025-10-31T17:59:38","modified_gmt":"2025-10-31T22:59:38","slug":"5-ideas-de-manicuras-para-el-dia-de-muertos","status":"publish","type":"articles","link":"https:\/\/graziamagazine.com\/mx\/articles\/5-ideas-de-manicuras-para-el-dia-de-muertos\/","title":{"rendered":"5 ideas de manicuras para el D\u00eda de Muertos"},"content":{"rendered":"<p><span style=\"font-weight: 400\">El D\u00eda de Muertos est\u00e1 aqu\u00ed y queremos que la vivas tambi\u00e9n en los peque\u00f1os detalles personales, como la manicura. Esta fecha, profundamente arraigada en la tradici\u00f3n mexicana, se ha convertido en una oportunidad para rendir homenaje a la cultura a trav\u00e9s de dise\u00f1os que mezclan arte, simbolismo y creatividad.<\/span><\/p>\n<p><span style=\"font-weight: 400\">Estas son cinco ideas de manicura que capturan la esencia de esta festividad:<\/span><\/p>\n<p><span style=\"font-weight: 400\">Una de las opciones m\u00e1s representativas son las calaveras decoradas. Inspiradas en la est\u00e9tica del arte popular mexicano, pueden realizarse con base blanca y trazos finos en negro para delinear los rostros, o bien con peque\u00f1os acentos en tonos naranja y fucsia que recuerdan las flores y los adornos tradicionales.<\/span><\/p>\n<p><img loading=\"lazy\" decoding=\"async\" class=\"alignnone size-medium wp-image-161122\" src=\"https:\/\/graziamagazine.com\/mx\/wp-content\/uploads\/sites\/13\/2025\/10\/565-3-450x275.jpg\" alt=\"\" width=\"450\" height=\"275\" srcset=\"https:\/\/graziamagazine.com\/mx\/wp-content\/uploads\/sites\/13\/2025\/10\/565-3-450x275.jpg 450w, https:\/\/graziamagazine.com\/mx\/wp-content\/uploads\/sites\/13\/2025\/10\/565-3-400x245.jpg 400w, https:\/\/graziamagazine.com\/mx\/wp-content\/uploads\/sites\/13\/2025\/10\/565-3-155x95.jpg 155w, https:\/\/graziamagazine.com\/mx\/wp-content\/uploads\/sites\/13\/2025\/10\/565-3.jpg 700w\" sizes=\"(max-width: 450px) 100vw, 450px\" \/><\/p>\n<p><span style=\"font-weight: 400\">Otra propuesta consiste en una manicura con flores de cempas\u00fachil. Los tonos naranjas, amarillos y dorados dominan el dise\u00f1o, evocando el s\u00edmbolo principal de los altares. Las flores pueden pintarse sobre una base neutra o negra para resaltar su forma, o bien emplear aplicaciones m\u00ednimas de esmalte en relieve que aporten textura sin sobrecargar el conjunto.<\/span><\/p>\n<p><img loading=\"lazy\" decoding=\"async\" class=\"alignnone size-full wp-image-161126\" src=\"https:\/\/graziamagazine.com\/mx\/wp-content\/uploads\/sites\/13\/2025\/10\/2-6.jpg\" alt=\"\" width=\"427\" height=\"427\" srcset=\"https:\/\/graziamagazine.com\/mx\/wp-content\/uploads\/sites\/13\/2025\/10\/2-6.jpg 427w, https:\/\/graziamagazine.com\/mx\/wp-content\/uploads\/sites\/13\/2025\/10\/2-6-150x150.jpg 150w, https:\/\/graziamagazine.com\/mx\/wp-content\/uploads\/sites\/13\/2025\/10\/2-6-400x400.jpg 400w, https:\/\/graziamagazine.com\/mx\/wp-content\/uploads\/sites\/13\/2025\/10\/2-6-155x155.jpg 155w\" sizes=\"(max-width: 427px) 100vw, 427px\" \/><\/p>\n<p><span style=\"font-weight: 400\">Las u\u00f1as con detalles de papel picado tambi\u00e9n se han vuelto una elecci\u00f3n popular. Este dise\u00f1o juega con patrones geom\u00e9tricos y l\u00edneas recortadas que recuerdan al tradicional adorno de las ofrendas. Se puede lograr con una base clara y dibujos en colores contrastantes, como morado o azul, representando los tonos t\u00edpicos de las festividades.<\/span><\/p>\n<p><img loading=\"lazy\" decoding=\"async\" class=\"alignnone size-medium wp-image-161127\" src=\"https:\/\/graziamagazine.com\/mx\/wp-content\/uploads\/sites\/13\/2025\/10\/65-389x450.jpg\" alt=\"\" width=\"389\" height=\"450\" srcset=\"https:\/\/graziamagazine.com\/mx\/wp-content\/uploads\/sites\/13\/2025\/10\/65-389x450.jpg 389w, https:\/\/graziamagazine.com\/mx\/wp-content\/uploads\/sites\/13\/2025\/10\/65-155x179.jpg 155w, https:\/\/graziamagazine.com\/mx\/wp-content\/uploads\/sites\/13\/2025\/10\/65.jpg 392w\" sizes=\"(max-width: 389px) 100vw, 389px\" \/><\/p>\n<p><span style=\"font-weight: 400\">Las u\u00f1as m\u00e1s discretas, en tonos mate con acentos met\u00e1licos ofrecen una alternativa moderna. Una base negra o gris oscuro, acompa\u00f1ada de l\u00edneas doradas o plateadas, crea un efecto alusivo al esp\u00edritu del D\u00eda de Muertos.<\/span><\/p>\n<p><img loading=\"lazy\" decoding=\"async\" class=\"alignnone size-medium wp-image-161125\" src=\"https:\/\/graziamagazine.com\/mx\/wp-content\/uploads\/sites\/13\/2025\/10\/959-3-258x450.jpg\" alt=\"\" width=\"258\" height=\"450\" srcset=\"https:\/\/graziamagazine.com\/mx\/wp-content\/uploads\/sites\/13\/2025\/10\/959-3-258x450.jpg 258w, https:\/\/graziamagazine.com\/mx\/wp-content\/uploads\/sites\/13\/2025\/10\/959-3-123x215.jpg 123w, https:\/\/graziamagazine.com\/mx\/wp-content\/uploads\/sites\/13\/2025\/10\/959-3.jpg 307w\" sizes=\"(max-width: 258px) 100vw, 258px\" \/><\/p>\n<p><span style=\"font-weight: 400\">Finalmente, una manicura alusiva al altar puede incluir peque\u00f1os elementos simb\u00f3licos, como velas, cruces o p\u00e9talos, pintados de forma sutil sobre un fondo degradado<\/span><\/p>\n<p><img loading=\"lazy\" decoding=\"async\" class=\"alignnone size-medium wp-image-161124\" src=\"https:\/\/graziamagazine.com\/mx\/wp-content\/uploads\/sites\/13\/2025\/10\/898-448x450.jpg\" alt=\"\" width=\"448\" height=\"450\" srcset=\"https:\/\/graziamagazine.com\/mx\/wp-content\/uploads\/sites\/13\/2025\/10\/898-448x450.jpg 448w, https:\/\/graziamagazine.com\/mx\/wp-content\/uploads\/sites\/13\/2025\/10\/898-150x150.jpg 150w, https:\/\/graziamagazine.com\/mx\/wp-content\/uploads\/sites\/13\/2025\/10\/898-400x402.jpg 400w, https:\/\/graziamagazine.com\/mx\/wp-content\/uploads\/sites\/13\/2025\/10\/898-155x156.jpg 155w, https:\/\/graziamagazine.com\/mx\/wp-content\/uploads\/sites\/13\/2025\/10\/898.jpg 554w\" sizes=\"(max-width: 448px) 100vw, 448px\" \/><\/p>\n<p><span style=\"font-weight: 400\">\u00bfCu\u00e1l es tu favorita?<br \/>\n<\/span><\/p>\n","protected":false},"author":11628,"featured_media":161123,"template":"","format":"standard","categories":[3],"acf":[],"yoast_head":"<!-- This site is optimized with the Yoast SEO Premium plugin v18.5 (Yoast SEO v20.4) - https:\/\/yoast.com\/wordpress\/plugins\/seo\/ -->\n<title>5 ideas de manicuras para el D\u00eda de Muertos<\/title>\n<meta name=\"description\" content=\"El D\u00eda de Muertos est\u00e1 aqu\u00ed y queremos que la vivas tambi\u00e9n en los peque\u00f1os detalles personales, como la manicura. Esta fecha, profundamente arraigada en\" \/>\n<meta name=\"robots\" content=\"index, follow, max-snippet:-1, max-image-preview:large, max-video-preview:-1\" \/>\n<link rel=\"canonical\" href=\"https:\/\/graziamagazine.com\/mx\/articles\/5-ideas-de-manicuras-para-el-dia-de-muertos\/\" \/>\n<meta property=\"og:locale\" content=\"es_MX\" \/>\n<meta property=\"og:type\" content=\"article\" \/>\n<meta property=\"og:title\" content=\"5 ideas de manicuras para el D\u00eda de Muertos\" \/>\n<meta property=\"og:description\" content=\"El D\u00eda de Muertos est\u00e1 aqu\u00ed y queremos que la vivas tambi\u00e9n en los peque\u00f1os detalles personales, como la manicura. Esta fecha, profundamente arraigada en\" \/>\n<meta property=\"og:url\" content=\"https:\/\/graziamagazine.com\/mx\/articles\/5-ideas-de-manicuras-para-el-dia-de-muertos\/\" \/>\n<meta property=\"og:site_name\" content=\"Grazia M\u00e9xico y Latinoam\u00e9rica\" \/>\n<meta property=\"article:modified_time\" content=\"2025-10-31T22:59:38+00:00\" \/>\n<meta property=\"og:image\" content=\"https:\/\/graziamagazine.com\/mx\/wp-content\/uploads\/sites\/13\/2025\/10\/659-3.jpg\" \/>\n\t<meta property=\"og:image:width\" content=\"418\" \/>\n\t<meta property=\"og:image:height\" content=\"311\" \/>\n\t<meta property=\"og:image:type\" content=\"image\/jpeg\" \/>\n<meta name=\"twitter:card\" content=\"summary_large_image\" \/>\n<meta name=\"twitter:label1\" content=\"Est. reading time\" \/>\n\t<meta name=\"twitter:data1\" content=\"3 minutos\" \/>\n<script type=\"application\/ld+json\" class=\"yoast-schema-graph\">{\"@context\":\"https:\/\/schema.org\",\"@graph\":[{\"@type\":\"WebPage\",\"@id\":\"https:\/\/graziamagazine.com\/mx\/articles\/5-ideas-de-manicuras-para-el-dia-de-muertos\/\",\"url\":\"https:\/\/graziamagazine.com\/mx\/articles\/5-ideas-de-manicuras-para-el-dia-de-muertos\/\",\"name\":\"5 ideas de manicuras para el D\u00eda de Muertos\",\"isPartOf\":{\"@id\":\"https:\/\/graziamagazine.com\/mx\/#website\"},\"datePublished\":\"2025-10-31T22:58:00+00:00\",\"dateModified\":\"2025-10-31T22:59:38+00:00\",\"description\":\"El D\u00eda de Muertos est\u00e1 aqu\u00ed y queremos que la vivas tambi\u00e9n en los peque\u00f1os detalles personales, como la manicura. Esta fecha, profundamente arraigada en\",\"breadcrumb\":{\"@id\":\"https:\/\/graziamagazine.com\/mx\/articles\/5-ideas-de-manicuras-para-el-dia-de-muertos\/#breadcrumb\"},\"inLanguage\":\"es-MX\",\"potentialAction\":[{\"@type\":\"ReadAction\",\"target\":[\"https:\/\/graziamagazine.com\/mx\/articles\/5-ideas-de-manicuras-para-el-dia-de-muertos\/\"]}]},{\"@type\":\"BreadcrumbList\",\"@id\":\"https:\/\/graziamagazine.com\/mx\/articles\/5-ideas-de-manicuras-para-el-dia-de-muertos\/#breadcrumb\",\"itemListElement\":[{\"@type\":\"ListItem\",\"position\":1,\"name\":\"Home\",\"item\":\"https:\/\/graziamagazine.com\/mx\/\"},{\"@type\":\"ListItem\",\"position\":2,\"name\":\"5 ideas de manicuras para el D\u00eda de Muertos\"}]},{\"@type\":\"WebSite\",\"@id\":\"https:\/\/graziamagazine.com\/mx\/#website\",\"url\":\"https:\/\/graziamagazine.com\/mx\/\",\"name\":\"Grazia M\u00e9xico y Latinoam\u00e9rica\",\"description\":\"Grazia es moda, belleza y noticias  de actualidad \",\"potentialAction\":[{\"@type\":\"SearchAction\",\"target\":{\"@type\":\"EntryPoint\",\"urlTemplate\":\"https:\/\/graziamagazine.com\/mx\/?s={search_term_string}\"},\"query-input\":\"required name=search_term_string\"}],\"inLanguage\":\"es-MX\"}]}<\/script>\n<!-- \/ Yoast SEO Premium plugin. -->","yoast_head_json":{"title":"5 ideas de manicuras para el D\u00eda de Muertos","description":"El D\u00eda de Muertos est\u00e1 aqu\u00ed y queremos que la vivas tambi\u00e9n en los peque\u00f1os detalles personales, como la manicura. Esta fecha, profundamente arraigada en","robots":{"index":"index","follow":"follow","max-snippet":"max-snippet:-1","max-image-preview":"max-image-preview:large","max-video-preview":"max-video-preview:-1"},"canonical":"https:\/\/graziamagazine.com\/mx\/articles\/5-ideas-de-manicuras-para-el-dia-de-muertos\/","og_locale":"es_MX","og_type":"article","og_title":"5 ideas de manicuras para el D\u00eda de Muertos","og_description":"El D\u00eda de Muertos est\u00e1 aqu\u00ed y queremos que la vivas tambi\u00e9n en los peque\u00f1os detalles personales, como la manicura. Esta fecha, profundamente arraigada en","og_url":"https:\/\/graziamagazine.com\/mx\/articles\/5-ideas-de-manicuras-para-el-dia-de-muertos\/","og_site_name":"Grazia M\u00e9xico y Latinoam\u00e9rica","article_modified_time":"2025-10-31T22:59:38+00:00","og_image":[{"width":418,"height":311,"url":"https:\/\/graziamagazine.com\/mx\/wp-content\/uploads\/sites\/13\/2025\/10\/659-3.jpg","type":"image\/jpeg"}],"twitter_card":"summary_large_image","twitter_misc":{"Est. reading time":"3 minutos"},"schema":{"@context":"https:\/\/schema.org","@graph":[{"@type":"WebPage","@id":"https:\/\/graziamagazine.com\/mx\/articles\/5-ideas-de-manicuras-para-el-dia-de-muertos\/","url":"https:\/\/graziamagazine.com\/mx\/articles\/5-ideas-de-manicuras-para-el-dia-de-muertos\/","name":"5 ideas de manicuras para el D\u00eda de Muertos","isPartOf":{"@id":"https:\/\/graziamagazine.com\/mx\/#website"},"datePublished":"2025-10-31T22:58:00+00:00","dateModified":"2025-10-31T22:59:38+00:00","description":"El D\u00eda de Muertos est\u00e1 aqu\u00ed y queremos que la vivas tambi\u00e9n en los peque\u00f1os detalles personales, como la manicura. Esta fecha, profundamente arraigada en","breadcrumb":{"@id":"https:\/\/graziamagazine.com\/mx\/articles\/5-ideas-de-manicuras-para-el-dia-de-muertos\/#breadcrumb"},"inLanguage":"es-MX","potentialAction":[{"@type":"ReadAction","target":["https:\/\/graziamagazine.com\/mx\/articles\/5-ideas-de-manicuras-para-el-dia-de-muertos\/"]}]},{"@type":"BreadcrumbList","@id":"https:\/\/graziamagazine.com\/mx\/articles\/5-ideas-de-manicuras-para-el-dia-de-muertos\/#breadcrumb","itemListElement":[{"@type":"ListItem","position":1,"name":"Home","item":"https:\/\/graziamagazine.com\/mx\/"},{"@type":"ListItem","position":2,"name":"5 ideas de manicuras para el D\u00eda de Muertos"}]},{"@type":"WebSite","@id":"https:\/\/graziamagazine.com\/mx\/#website","url":"https:\/\/graziamagazine.com\/mx\/","name":"Grazia M\u00e9xico y Latinoam\u00e9rica","description":"Grazia es moda, belleza y noticias  de actualidad ","potentialAction":[{"@type":"SearchAction","target":{"@type":"EntryPoint","urlTemplate":"https:\/\/graziamagazine.com\/mx\/?s={search_term_string}"},"query-input":"required name=search_term_string"}],"inLanguage":"es-MX"}]}},"jetpack_sharing_enabled":true,"distributor_meta":false,"distributor_terms":false,"distributor_media":false,"distributor_original_site_name":"Grazia M\u00e9xico y Latinoam\u00e9rica","distributor_original_site_url":"https:\/\/graziamagazine.com\/mx","push-errors":false,"_links":{"self":[{"href":"https:\/\/graziamagazine.com\/mx\/wp-json\/wp\/v2\/articles\/161121"}],"collection":[{"href":"https:\/\/graziamagazine.com\/mx\/wp-json\/wp\/v2\/articles"}],"about":[{"href":"https:\/\/graziamagazine.com\/mx\/wp-json\/wp\/v2\/types\/articles"}],"author":[{"embeddable":true,"href":"https:\/\/graziamagazine.com\/mx\/wp-json\/wp\/v2\/users\/11628"}],"wp:featuredmedia":[{"embeddable":true,"href":"https:\/\/graziamagazine.com\/mx\/wp-json\/wp\/v2\/media\/161123"}],"wp:attachment":[{"href":"https:\/\/graziamagazine.com\/mx\/wp-json\/wp\/v2\/media?parent=161121"}],"wp:term":[{"taxonomy":"category","embeddable":true,"href":"https:\/\/graziamagazine.com\/mx\/wp-json\/wp\/v2\/categories?post=161121"}],"curies":[{"name":"wp","href":"https:\/\/api.w.org\/{rel}","templated":true}]}}