{"id":160974,"date":"2025-10-30T07:41:23","date_gmt":"2025-10-30T12:41:23","guid":{"rendered":"https:\/\/graziamagazine.com\/mx\/?post_type=articles&#038;p=160974"},"modified":"2025-10-31T10:36:49","modified_gmt":"2025-10-31T15:36:49","slug":"portada-grazia-joyas-bvlgari","status":"publish","type":"articles","link":"https:\/\/graziamagazine.com\/mx\/articles\/portada-grazia-joyas-bvlgari\/","title":{"rendered":"MAJESTUOSIDAD ITALIANA"},"content":{"rendered":"<div class=\"page\" title=\"Page 28\">\n<div class=\"layoutArea\">\n<div class=\"column\">\n<h3 style=\"text-align: center\">POLYCHROMA, LA COLECCIO\u0301N<br \/>\nDE ALTA JOYERI\u0301A DE BVLGARI, DEJA CLARO QUE SU ESPI\u0301RITU ES TAN GRANDE, COLORIDO Y ESPECTACULAR COMO SUS PIEZAS. DESDE LA VILLA PICCOLOMINI EN ROMA, DISFRUTA DE ESTOS TESOROS.<\/h3>\n<\/div>\n<\/div>\n<div class=\"layoutArea\">\n<div class=\"column\">\n<h4 style=\"text-align: center\">DIRECTORA DE MODA: ANNIE LASK FOTOGRAFI\u0301AS: FEDERICO LINDNER<\/h4>\n<p><img loading=\"lazy\" decoding=\"async\" class=\"size-full wp-image-160977 aligncenter\" src=\"https:\/\/graziamagazine.com\/mx\/wp-content\/uploads\/sites\/13\/2025\/10\/GraziaWebLogo-BVLGARINov25_01.jpg\" alt=\"\" width=\"675\" height=\"945\" srcset=\"https:\/\/graziamagazine.com\/mx\/wp-content\/uploads\/sites\/13\/2025\/10\/GraziaWebLogo-BVLGARINov25_01.jpg 675w, https:\/\/graziamagazine.com\/mx\/wp-content\/uploads\/sites\/13\/2025\/10\/GraziaWebLogo-BVLGARINov25_01-321x450.jpg 321w, https:\/\/graziamagazine.com\/mx\/wp-content\/uploads\/sites\/13\/2025\/10\/GraziaWebLogo-BVLGARINov25_01-400x560.jpg 400w\" sizes=\"(max-width: 675px) 100vw, 675px\" \/><\/p>\n<figure id=\"attachment_160976\" aria-describedby=\"caption-attachment-160976\" style=\"width: 675px\" class=\"wp-caption aligncenter\"><img loading=\"lazy\" decoding=\"async\" class=\"size-full wp-image-160976\" src=\"https:\/\/graziamagazine.com\/mx\/wp-content\/uploads\/sites\/13\/2025\/10\/GraziaWebLogo-BVLGARINov25_02.jpg\" alt=\"\" width=\"675\" height=\"945\" srcset=\"https:\/\/graziamagazine.com\/mx\/wp-content\/uploads\/sites\/13\/2025\/10\/GraziaWebLogo-BVLGARINov25_02.jpg 675w, https:\/\/graziamagazine.com\/mx\/wp-content\/uploads\/sites\/13\/2025\/10\/GraziaWebLogo-BVLGARINov25_02-321x450.jpg 321w, https:\/\/graziamagazine.com\/mx\/wp-content\/uploads\/sites\/13\/2025\/10\/GraziaWebLogo-BVLGARINov25_02-400x560.jpg 400w\" sizes=\"(max-width: 675px) 100vw, 675px\" \/><figcaption id=\"caption-attachment-160976\" class=\"wp-caption-text\">SUNSET WALKS<br \/>Collar Monete tubogas en oro amarillo, diamantes y esmeraldas, anillos en oro amarillo diamantes y esmeraldas, anillo en oro rosa, esmeralda, diamantes<br \/>y gemas de color, reloj Serpenti Aeterna en oro blanco, diamantes y esmeraldas, todo alta joyer\u00eda Polychroma, Bvlgari.<br \/>Vestido en seda y pelo, Ferragamo.<\/figcaption><\/figure>\n<figure id=\"attachment_160980\" aria-describedby=\"caption-attachment-160980\" style=\"width: 675px\" class=\"wp-caption aligncenter\"><img loading=\"lazy\" decoding=\"async\" class=\"size-full wp-image-160980\" src=\"https:\/\/graziamagazine.com\/mx\/wp-content\/uploads\/sites\/13\/2025\/10\/GraziaWebLogo-BVLGARINov25_06.jpg\" alt=\"\" width=\"675\" height=\"945\" srcset=\"https:\/\/graziamagazine.com\/mx\/wp-content\/uploads\/sites\/13\/2025\/10\/GraziaWebLogo-BVLGARINov25_06.jpg 675w, https:\/\/graziamagazine.com\/mx\/wp-content\/uploads\/sites\/13\/2025\/10\/GraziaWebLogo-BVLGARINov25_06-321x450.jpg 321w, https:\/\/graziamagazine.com\/mx\/wp-content\/uploads\/sites\/13\/2025\/10\/GraziaWebLogo-BVLGARINov25_06-400x560.jpg 400w\" sizes=\"(max-width: 675px) 100vw, 675px\" \/><figcaption id=\"caption-attachment-160980\" class=\"wp-caption-text\">LOVING YOU<br \/>Anillo en platino y diamante amarillo, collar Serpenti<br \/>en oro blanco diamantes incoloros y amarillos, todo alta joyer\u00eda Polychroma, Bvlgari.<br \/>Vestido, Dolce&amp;Gabbana.<\/figcaption><\/figure>\n<figure id=\"attachment_160981\" aria-describedby=\"caption-attachment-160981\" style=\"width: 945px\" class=\"wp-caption alignnone\"><img loading=\"lazy\" decoding=\"async\" class=\"size-full wp-image-160981\" src=\"https:\/\/graziamagazine.com\/mx\/wp-content\/uploads\/sites\/13\/2025\/10\/GraziaWebLogo-BVLGARINov25_07-e1761828243954.jpg\" alt=\"\" width=\"945\" height=\"675\" srcset=\"https:\/\/graziamagazine.com\/mx\/wp-content\/uploads\/sites\/13\/2025\/10\/GraziaWebLogo-BVLGARINov25_07-e1761828243954.jpg 945w, https:\/\/graziamagazine.com\/mx\/wp-content\/uploads\/sites\/13\/2025\/10\/GraziaWebLogo-BVLGARINov25_07-e1761828243954-450x321.jpg 450w, https:\/\/graziamagazine.com\/mx\/wp-content\/uploads\/sites\/13\/2025\/10\/GraziaWebLogo-BVLGARINov25_07-e1761828243954-400x286.jpg 400w, https:\/\/graziamagazine.com\/mx\/wp-content\/uploads\/sites\/13\/2025\/10\/GraziaWebLogo-BVLGARINov25_07-e1761828243954-155x111.jpg 155w, https:\/\/graziamagazine.com\/mx\/wp-content\/uploads\/sites\/13\/2025\/10\/GraziaWebLogo-BVLGARINov25_07-e1761828243954-768x549.jpg 768w\" sizes=\"(max-width: 945px) 100vw, 945px\" \/><figcaption id=\"caption-attachment-160981\" class=\"wp-caption-text\">SUNNY DAYS<br \/>Collar, brazalete y reloj, Monete en oro amarillo y diamantes, aretes en diamantes corte coj\u00edn, anillo en oro rosa, diamantes, \u00f3nix y rub\u00ed, lentes de sol tubogas en oro amarillo, todo alta joyer\u00eda Polychroma, Bvlgari.<\/figcaption><\/figure>\n<p><img loading=\"lazy\" decoding=\"async\" class=\"size-full wp-image-160979 aligncenter\" src=\"https:\/\/graziamagazine.com\/mx\/wp-content\/uploads\/sites\/13\/2025\/10\/GraziaWebLogo-BVLGARINov25_04.jpg\" alt=\"\" width=\"675\" height=\"945\" srcset=\"https:\/\/graziamagazine.com\/mx\/wp-content\/uploads\/sites\/13\/2025\/10\/GraziaWebLogo-BVLGARINov25_04.jpg 675w, https:\/\/graziamagazine.com\/mx\/wp-content\/uploads\/sites\/13\/2025\/10\/GraziaWebLogo-BVLGARINov25_04-321x450.jpg 321w, https:\/\/graziamagazine.com\/mx\/wp-content\/uploads\/sites\/13\/2025\/10\/GraziaWebLogo-BVLGARINov25_04-400x560.jpg 400w\" sizes=\"(max-width: 675px) 100vw, 675px\" \/><\/p>\n<figure id=\"attachment_160975\" aria-describedby=\"caption-attachment-160975\" style=\"width: 675px\" class=\"wp-caption aligncenter\"><img loading=\"lazy\" decoding=\"async\" class=\"size-full wp-image-160975\" src=\"https:\/\/graziamagazine.com\/mx\/wp-content\/uploads\/sites\/13\/2025\/10\/GraziaWebLogo-BVLGARINov25_03.jpg\" alt=\"\" width=\"675\" height=\"945\" srcset=\"https:\/\/graziamagazine.com\/mx\/wp-content\/uploads\/sites\/13\/2025\/10\/GraziaWebLogo-BVLGARINov25_03.jpg 675w, https:\/\/graziamagazine.com\/mx\/wp-content\/uploads\/sites\/13\/2025\/10\/GraziaWebLogo-BVLGARINov25_03-321x450.jpg 321w, https:\/\/graziamagazine.com\/mx\/wp-content\/uploads\/sites\/13\/2025\/10\/GraziaWebLogo-BVLGARINov25_03-400x560.jpg 400w\" sizes=\"(max-width: 675px) 100vw, 675px\" \/><figcaption id=\"caption-attachment-160975\" class=\"wp-caption-text\">LOOKING FOR YOU Anillo y collar en oro rosa, diamantes y zafiros, aretes en oro rosa, diamantes, zafiros<br \/>y gemas de color,<br \/>todo alta joyer\u00eda Polychroma, Bvlgari. Vestido, pantal\u00f3n, cintur\u00f3n, guantes en piel y botas, Max Mara.<br \/>Coordinadora de moda: Flavia Liberatori Maquillaje: Elisa Zamparelli @ Making Beauty Management Pelo: Luce Tasca<br \/>@ Greenapple<br \/>Modelo: Lilly @FAW Asistente de moda Roma: Carlotta Gallina Asistentes de moda M\u00e9xico: Brenda Miranda y Yessica Salas<br \/>Asistente de fotograf\u00eda: Alberto Malorgio Producci\u00f3n:<br \/>Studio Repossi<\/figcaption><\/figure>\n<\/div>\n<\/div>\n<\/div>\n","protected":false},"author":11636,"featured_media":160978,"template":"","format":"standard","categories":[17161,4],"acf":[],"yoast_head":"<!-- This site is optimized with the Yoast SEO Premium plugin v18.5 (Yoast SEO v20.4) - https:\/\/yoast.com\/wordpress\/plugins\/seo\/ -->\n<title>MAJESTUOSIDAD ITALIANA | Grazia M\u00e9xico y Latinoam\u00e9rica<\/title>\n<meta name=\"description\" content=\"POLYCHROMA, LA COLECCIO\u0301N DE ALTA JOYERI\u0301A DE BVLGARI, DEJA CLARO QUE SU ESPI\u0301RITU ES TAN GRANDE, COLORIDO Y ESPECTACULAR COMO SUS PIEZAS. DESDE LA VILLA\" \/>\n<meta name=\"robots\" content=\"index, follow, max-snippet:-1, max-image-preview:large, max-video-preview:-1\" \/>\n<link rel=\"canonical\" href=\"https:\/\/graziamagazine.com\/mx\/articles\/portada-grazia-joyas-bvlgari\/\" \/>\n<meta property=\"og:locale\" content=\"es_MX\" \/>\n<meta property=\"og:type\" content=\"article\" \/>\n<meta property=\"og:title\" content=\"MAJESTUOSIDAD ITALIANA\" \/>\n<meta property=\"og:description\" content=\"POLYCHROMA, LA COLECCIO\u0301N DE ALTA JOYERI\u0301A DE BVLGARI, DEJA CLARO QUE SU ESPI\u0301RITU ES TAN GRANDE, COLORIDO Y ESPECTACULAR COMO SUS PIEZAS. DESDE LA VILLA\" \/>\n<meta property=\"og:url\" content=\"https:\/\/graziamagazine.com\/mx\/articles\/portada-grazia-joyas-bvlgari\/\" \/>\n<meta property=\"og:site_name\" content=\"Grazia M\u00e9xico y Latinoam\u00e9rica\" \/>\n<meta property=\"article:modified_time\" content=\"2025-10-31T15:36:49+00:00\" \/>\n<meta property=\"og:image\" content=\"https:\/\/graziamagazine.com\/mx\/wp-content\/uploads\/sites\/13\/2025\/10\/GraziaWebLogo-BVLGARINov25_05-e1761828140320.jpg\" \/>\n\t<meta property=\"og:image:width\" content=\"945\" \/>\n\t<meta property=\"og:image:height\" content=\"675\" \/>\n\t<meta property=\"og:image:type\" content=\"image\/jpeg\" \/>\n<meta name=\"twitter:card\" content=\"summary_large_image\" \/>\n<meta name=\"twitter:label1\" content=\"Est. reading time\" \/>\n\t<meta name=\"twitter:data1\" content=\"3 minutos\" \/>\n<script type=\"application\/ld+json\" class=\"yoast-schema-graph\">{\"@context\":\"https:\/\/schema.org\",\"@graph\":[{\"@type\":\"WebPage\",\"@id\":\"https:\/\/graziamagazine.com\/mx\/articles\/portada-grazia-joyas-bvlgari\/\",\"url\":\"https:\/\/graziamagazine.com\/mx\/articles\/portada-grazia-joyas-bvlgari\/\",\"name\":\"MAJESTUOSIDAD ITALIANA | Grazia M\u00e9xico y Latinoam\u00e9rica\",\"isPartOf\":{\"@id\":\"https:\/\/graziamagazine.com\/mx\/#website\"},\"datePublished\":\"2025-10-30T12:41:23+00:00\",\"dateModified\":\"2025-10-31T15:36:49+00:00\",\"description\":\"POLYCHROMA, LA COLECCIO\u0301N DE ALTA JOYERI\u0301A DE BVLGARI, DEJA CLARO QUE SU ESPI\u0301RITU ES TAN GRANDE, COLORIDO Y ESPECTACULAR COMO SUS PIEZAS. DESDE LA VILLA\",\"breadcrumb\":{\"@id\":\"https:\/\/graziamagazine.com\/mx\/articles\/portada-grazia-joyas-bvlgari\/#breadcrumb\"},\"inLanguage\":\"es-MX\",\"potentialAction\":[{\"@type\":\"ReadAction\",\"target\":[\"https:\/\/graziamagazine.com\/mx\/articles\/portada-grazia-joyas-bvlgari\/\"]}]},{\"@type\":\"BreadcrumbList\",\"@id\":\"https:\/\/graziamagazine.com\/mx\/articles\/portada-grazia-joyas-bvlgari\/#breadcrumb\",\"itemListElement\":[{\"@type\":\"ListItem\",\"position\":1,\"name\":\"Home\",\"item\":\"https:\/\/graziamagazine.com\/mx\/\"},{\"@type\":\"ListItem\",\"position\":2,\"name\":\"MAJESTUOSIDAD ITALIANA\"}]},{\"@type\":\"WebSite\",\"@id\":\"https:\/\/graziamagazine.com\/mx\/#website\",\"url\":\"https:\/\/graziamagazine.com\/mx\/\",\"name\":\"Grazia M\u00e9xico y Latinoam\u00e9rica\",\"description\":\"Grazia es moda, belleza y noticias  de actualidad \",\"potentialAction\":[{\"@type\":\"SearchAction\",\"target\":{\"@type\":\"EntryPoint\",\"urlTemplate\":\"https:\/\/graziamagazine.com\/mx\/?s={search_term_string}\"},\"query-input\":\"required name=search_term_string\"}],\"inLanguage\":\"es-MX\"}]}<\/script>\n<!-- \/ Yoast SEO Premium plugin. -->","yoast_head_json":{"title":"MAJESTUOSIDAD ITALIANA | Grazia M\u00e9xico y Latinoam\u00e9rica","description":"POLYCHROMA, LA COLECCIO\u0301N DE ALTA JOYERI\u0301A DE BVLGARI, DEJA CLARO QUE SU ESPI\u0301RITU ES TAN GRANDE, COLORIDO Y ESPECTACULAR COMO SUS PIEZAS. DESDE LA VILLA","robots":{"index":"index","follow":"follow","max-snippet":"max-snippet:-1","max-image-preview":"max-image-preview:large","max-video-preview":"max-video-preview:-1"},"canonical":"https:\/\/graziamagazine.com\/mx\/articles\/portada-grazia-joyas-bvlgari\/","og_locale":"es_MX","og_type":"article","og_title":"MAJESTUOSIDAD ITALIANA","og_description":"POLYCHROMA, LA COLECCIO\u0301N DE ALTA JOYERI\u0301A DE BVLGARI, DEJA CLARO QUE SU ESPI\u0301RITU ES TAN GRANDE, COLORIDO Y ESPECTACULAR COMO SUS PIEZAS. DESDE LA VILLA","og_url":"https:\/\/graziamagazine.com\/mx\/articles\/portada-grazia-joyas-bvlgari\/","og_site_name":"Grazia M\u00e9xico y Latinoam\u00e9rica","article_modified_time":"2025-10-31T15:36:49+00:00","og_image":[{"width":945,"height":675,"url":"https:\/\/graziamagazine.com\/mx\/wp-content\/uploads\/sites\/13\/2025\/10\/GraziaWebLogo-BVLGARINov25_05-e1761828140320.jpg","type":"image\/jpeg"}],"twitter_card":"summary_large_image","twitter_misc":{"Est. reading time":"3 minutos"},"schema":{"@context":"https:\/\/schema.org","@graph":[{"@type":"WebPage","@id":"https:\/\/graziamagazine.com\/mx\/articles\/portada-grazia-joyas-bvlgari\/","url":"https:\/\/graziamagazine.com\/mx\/articles\/portada-grazia-joyas-bvlgari\/","name":"MAJESTUOSIDAD ITALIANA | Grazia M\u00e9xico y Latinoam\u00e9rica","isPartOf":{"@id":"https:\/\/graziamagazine.com\/mx\/#website"},"datePublished":"2025-10-30T12:41:23+00:00","dateModified":"2025-10-31T15:36:49+00:00","description":"POLYCHROMA, LA COLECCIO\u0301N DE ALTA JOYERI\u0301A DE BVLGARI, DEJA CLARO QUE SU ESPI\u0301RITU ES TAN GRANDE, COLORIDO Y ESPECTACULAR COMO SUS PIEZAS. DESDE LA VILLA","breadcrumb":{"@id":"https:\/\/graziamagazine.com\/mx\/articles\/portada-grazia-joyas-bvlgari\/#breadcrumb"},"inLanguage":"es-MX","potentialAction":[{"@type":"ReadAction","target":["https:\/\/graziamagazine.com\/mx\/articles\/portada-grazia-joyas-bvlgari\/"]}]},{"@type":"BreadcrumbList","@id":"https:\/\/graziamagazine.com\/mx\/articles\/portada-grazia-joyas-bvlgari\/#breadcrumb","itemListElement":[{"@type":"ListItem","position":1,"name":"Home","item":"https:\/\/graziamagazine.com\/mx\/"},{"@type":"ListItem","position":2,"name":"MAJESTUOSIDAD ITALIANA"}]},{"@type":"WebSite","@id":"https:\/\/graziamagazine.com\/mx\/#website","url":"https:\/\/graziamagazine.com\/mx\/","name":"Grazia M\u00e9xico y Latinoam\u00e9rica","description":"Grazia es moda, belleza y noticias  de actualidad ","potentialAction":[{"@type":"SearchAction","target":{"@type":"EntryPoint","urlTemplate":"https:\/\/graziamagazine.com\/mx\/?s={search_term_string}"},"query-input":"required name=search_term_string"}],"inLanguage":"es-MX"}]}},"jetpack_sharing_enabled":true,"distributor_meta":false,"distributor_terms":false,"distributor_media":false,"distributor_original_site_name":"Grazia M\u00e9xico y Latinoam\u00e9rica","distributor_original_site_url":"https:\/\/graziamagazine.com\/mx","push-errors":false,"_links":{"self":[{"href":"https:\/\/graziamagazine.com\/mx\/wp-json\/wp\/v2\/articles\/160974"}],"collection":[{"href":"https:\/\/graziamagazine.com\/mx\/wp-json\/wp\/v2\/articles"}],"about":[{"href":"https:\/\/graziamagazine.com\/mx\/wp-json\/wp\/v2\/types\/articles"}],"author":[{"embeddable":true,"href":"https:\/\/graziamagazine.com\/mx\/wp-json\/wp\/v2\/users\/11636"}],"wp:featuredmedia":[{"embeddable":true,"href":"https:\/\/graziamagazine.com\/mx\/wp-json\/wp\/v2\/media\/160978"}],"wp:attachment":[{"href":"https:\/\/graziamagazine.com\/mx\/wp-json\/wp\/v2\/media?parent=160974"}],"wp:term":[{"taxonomy":"category","embeddable":true,"href":"https:\/\/graziamagazine.com\/mx\/wp-json\/wp\/v2\/categories?post=160974"}],"curies":[{"name":"wp","href":"https:\/\/api.w.org\/{rel}","templated":true}]}}