{"id":160924,"date":"2025-10-28T11:31:29","date_gmt":"2025-10-28T16:31:29","guid":{"rendered":"https:\/\/graziamagazine.com\/mx\/?post_type=articles&#038;p=160924"},"modified":"2025-10-29T12:36:11","modified_gmt":"2025-10-29T17:36:11","slug":"los-mejores-looks-del-festival-de-cine-de-roma","status":"publish","type":"articles","link":"https:\/\/graziamagazine.com\/mx\/articles\/los-mejores-looks-del-festival-de-cine-de-roma\/","title":{"rendered":"Los mejores looks del festival de cine de Roma"},"content":{"rendered":"<p data-start=\"252\" data-end=\"711\">El <em data-start=\"255\" data-end=\"276\">Rome Film Fest 2025<\/em> volvi\u00f3 a demostrar por qu\u00e9 Italia es una de las capitales del glamour mundial. Con la belleza de la arquitectura del <em data-start=\"394\" data-end=\"425\">Auditorium Parco della Musica<\/em> como tel\u00f3n de fondo, las estrellas desfilaron con un despliegue de estilo que fusion\u00f3 la sofisticaci\u00f3n cl\u00e1sica con la innovaci\u00f3n moderna.<\/p>\n<p data-start=\"252\" data-end=\"711\">Entre los looks m\u00e1s comentados, destacaron actrices y figuras del entretenimiento que convirtieron la alfombra roja en una pasarela de alta moda.<\/p>\n<h3 data-start=\"713\" data-end=\"767\">Matilda De Angelis: minimalismo y poder en negro<\/h3>\n<figure id=\"attachment_160942\" aria-describedby=\"caption-attachment-160942\" style=\"width: 1024px\" class=\"wp-caption alignnone\"><img loading=\"lazy\" decoding=\"async\" class=\"size-large wp-image-160942\" src=\"https:\/\/graziamagazine.com\/mx\/wp-content\/uploads\/sites\/13\/2025\/10\/GettyImages-2242619028-1024x683.jpg\" alt=\"Los mejores looks del festival de cine de Roma \" width=\"1024\" height=\"683\" srcset=\"https:\/\/graziamagazine.com\/mx\/wp-content\/uploads\/sites\/13\/2025\/10\/GettyImages-2242619028-1024x683.jpg 1024w, https:\/\/graziamagazine.com\/mx\/wp-content\/uploads\/sites\/13\/2025\/10\/GettyImages-2242619028-450x300.jpg 450w, https:\/\/graziamagazine.com\/mx\/wp-content\/uploads\/sites\/13\/2025\/10\/GettyImages-2242619028-768x512.jpg 768w, https:\/\/graziamagazine.com\/mx\/wp-content\/uploads\/sites\/13\/2025\/10\/GettyImages-2242619028-1536x1024.jpg 1536w, https:\/\/graziamagazine.com\/mx\/wp-content\/uploads\/sites\/13\/2025\/10\/GettyImages-2242619028-2048x1365.jpg 2048w, https:\/\/graziamagazine.com\/mx\/wp-content\/uploads\/sites\/13\/2025\/10\/GettyImages-2242619028-400x267.jpg 400w, https:\/\/graziamagazine.com\/mx\/wp-content\/uploads\/sites\/13\/2025\/10\/GettyImages-2242619028-155x103.jpg 155w\" sizes=\"(max-width: 1024px) 100vw, 1024px\" \/><figcaption id=\"caption-attachment-160942\" class=\"wp-caption-text\">Los mejores looks del festival de cine de Roma<\/figcaption><\/figure>\n<p data-start=\"768\" data-end=\"1116\">La actriz italiana deslumbr\u00f3 con un vestido palabra de honor en tono negro firmado por <em data-start=\"855\" data-end=\"862\">Fendi<\/em>. La silueta entallada y el brillo sutil de la tela creaban una est\u00e9tica poderosa y moderna. Sin accesorios excesivos, Matilda apost\u00f3 por la elegancia pura, reafirmando su estatus como una de las mujeres m\u00e1s influyentes del cine italiano contempor\u00e1neo.<\/p>\n<h3 data-start=\"1118\" data-end=\"1187\">Carolina Crescentini: romanticismo g\u00f3tico con acentos de encaje<\/h3>\n<figure id=\"attachment_160946\" aria-describedby=\"caption-attachment-160946\" style=\"width: 1024px\" class=\"wp-caption alignnone\"><img loading=\"lazy\" decoding=\"async\" class=\"size-large wp-image-160946\" src=\"https:\/\/graziamagazine.com\/mx\/wp-content\/uploads\/sites\/13\/2025\/10\/GettyImages-2242979236-1024x683.jpg\" alt=\"Los mejores looks del festival de cine de Roma \" width=\"1024\" height=\"683\" srcset=\"https:\/\/graziamagazine.com\/mx\/wp-content\/uploads\/sites\/13\/2025\/10\/GettyImages-2242979236-1024x683.jpg 1024w, https:\/\/graziamagazine.com\/mx\/wp-content\/uploads\/sites\/13\/2025\/10\/GettyImages-2242979236-450x300.jpg 450w, https:\/\/graziamagazine.com\/mx\/wp-content\/uploads\/sites\/13\/2025\/10\/GettyImages-2242979236-768x512.jpg 768w, https:\/\/graziamagazine.com\/mx\/wp-content\/uploads\/sites\/13\/2025\/10\/GettyImages-2242979236-1536x1024.jpg 1536w, https:\/\/graziamagazine.com\/mx\/wp-content\/uploads\/sites\/13\/2025\/10\/GettyImages-2242979236-2048x1365.jpg 2048w, https:\/\/graziamagazine.com\/mx\/wp-content\/uploads\/sites\/13\/2025\/10\/GettyImages-2242979236-400x267.jpg 400w, https:\/\/graziamagazine.com\/mx\/wp-content\/uploads\/sites\/13\/2025\/10\/GettyImages-2242979236-155x103.jpg 155w\" sizes=\"(max-width: 1024px) 100vw, 1024px\" \/><figcaption id=\"caption-attachment-160946\" class=\"wp-caption-text\">Los mejores looks del festival de cine de Roma<\/figcaption><\/figure>\n<p data-start=\"1188\" data-end=\"1496\">Carolina Crescentini apost\u00f3 por un vestido negro de mallas de encaje con una cola satinada vaporosa. Su look combin\u00f3 lo rom\u00e1ntico con lo teatral, evocando la esencia del glamour cl\u00e1sico italiano. La textura del encaje y la fluidez del sat\u00e9n crearon un contraste fascinante que acentu\u00f3 su porte sofisticado.<\/p>\n<h3 data-start=\"1498\" data-end=\"1542\">Lidia Vitale: sutileza en tonos tierra<\/h3>\n<figure id=\"attachment_160945\" aria-describedby=\"caption-attachment-160945\" style=\"width: 683px\" class=\"wp-caption alignnone\"><img loading=\"lazy\" decoding=\"async\" class=\"size-large wp-image-160945\" src=\"https:\/\/graziamagazine.com\/mx\/wp-content\/uploads\/sites\/13\/2025\/10\/GettyImages-2242978665-683x1024.jpg\" alt=\"Los mejores looks del festival de cine de Roma \" width=\"683\" height=\"1024\" srcset=\"https:\/\/graziamagazine.com\/mx\/wp-content\/uploads\/sites\/13\/2025\/10\/GettyImages-2242978665-683x1024.jpg 683w, https:\/\/graziamagazine.com\/mx\/wp-content\/uploads\/sites\/13\/2025\/10\/GettyImages-2242978665-300x450.jpg 300w, https:\/\/graziamagazine.com\/mx\/wp-content\/uploads\/sites\/13\/2025\/10\/GettyImages-2242978665-768x1152.jpg 768w, https:\/\/graziamagazine.com\/mx\/wp-content\/uploads\/sites\/13\/2025\/10\/GettyImages-2242978665-1024x1536.jpg 1024w, https:\/\/graziamagazine.com\/mx\/wp-content\/uploads\/sites\/13\/2025\/10\/GettyImages-2242978665-1365x2048.jpg 1365w, https:\/\/graziamagazine.com\/mx\/wp-content\/uploads\/sites\/13\/2025\/10\/GettyImages-2242978665-400x600.jpg 400w, https:\/\/graziamagazine.com\/mx\/wp-content\/uploads\/sites\/13\/2025\/10\/GettyImages-2242978665-143x215.jpg 143w, https:\/\/graziamagazine.com\/mx\/wp-content\/uploads\/sites\/13\/2025\/10\/GettyImages-2242978665-scaled.jpg 1707w\" sizes=\"(max-width: 683px) 100vw, 683px\" \/><figcaption id=\"caption-attachment-160945\" class=\"wp-caption-text\">Los mejores looks del festival de cine de Roma<\/figcaption><\/figure>\n<p data-start=\"1543\" data-end=\"1777\">La actriz Lidia Vitale luci\u00f3 un vestido sin mangas en color caf\u00e9, con pliegues delicados en el escote que aportaban movimiento y naturalidad. Su elecci\u00f3n demostr\u00f3 que los tonos neutros pueden ser sin\u00f3nimo de elegancia y profundidad.<\/p>\n<h3 data-start=\"1779\" data-end=\"1837\">Valentina Cervi: elegancia vers\u00e1til con sello Armani<\/h3>\n<figure id=\"attachment_160947\" aria-describedby=\"caption-attachment-160947\" style=\"width: 683px\" class=\"wp-caption alignnone\"><img loading=\"lazy\" decoding=\"async\" class=\"size-large wp-image-160947\" src=\"https:\/\/graziamagazine.com\/mx\/wp-content\/uploads\/sites\/13\/2025\/10\/GettyImages-2243010925-683x1024.jpg\" alt=\"Los mejores looks del festival de cine de Roma \" width=\"683\" height=\"1024\" srcset=\"https:\/\/graziamagazine.com\/mx\/wp-content\/uploads\/sites\/13\/2025\/10\/GettyImages-2243010925-683x1024.jpg 683w, https:\/\/graziamagazine.com\/mx\/wp-content\/uploads\/sites\/13\/2025\/10\/GettyImages-2243010925-300x450.jpg 300w, https:\/\/graziamagazine.com\/mx\/wp-content\/uploads\/sites\/13\/2025\/10\/GettyImages-2243010925-768x1152.jpg 768w, https:\/\/graziamagazine.com\/mx\/wp-content\/uploads\/sites\/13\/2025\/10\/GettyImages-2243010925-1024x1536.jpg 1024w, https:\/\/graziamagazine.com\/mx\/wp-content\/uploads\/sites\/13\/2025\/10\/GettyImages-2243010925-1366x2048.jpg 1366w, https:\/\/graziamagazine.com\/mx\/wp-content\/uploads\/sites\/13\/2025\/10\/GettyImages-2243010925-400x600.jpg 400w, https:\/\/graziamagazine.com\/mx\/wp-content\/uploads\/sites\/13\/2025\/10\/GettyImages-2243010925-143x215.jpg 143w, https:\/\/graziamagazine.com\/mx\/wp-content\/uploads\/sites\/13\/2025\/10\/GettyImages-2243010925-scaled.jpg 1707w\" sizes=\"(max-width: 683px) 100vw, 683px\" \/><figcaption id=\"caption-attachment-160947\" class=\"wp-caption-text\">Los mejores looks del festival de cine de Roma<\/figcaption><\/figure>\n<p data-start=\"1838\" data-end=\"2176\">Valentina Cervi opt\u00f3 por dos atuendos memorables. En el primero, un conjunto de <em data-start=\"1918\" data-end=\"1926\">Armani<\/em> con top aterciopelado palabra de honor y pantalones palazzo, reinterpretando la feminidad con un toque andr\u00f3gino. En su segunda aparici\u00f3n, eligi\u00f3 un vestido midi negro con texturas florales, confirmando su dominio de la moda italiana m\u00e1s refinada.<\/p>\n<h3 data-start=\"2178\" data-end=\"2231\">Tiziana Rocca: sofisticaci\u00f3n con un toque audaz<\/h3>\n<figure id=\"attachment_160938\" aria-describedby=\"caption-attachment-160938\" style=\"width: 683px\" class=\"wp-caption alignnone\"><img loading=\"lazy\" decoding=\"async\" class=\"size-large wp-image-160938\" src=\"https:\/\/graziamagazine.com\/mx\/wp-content\/uploads\/sites\/13\/2025\/10\/GettyImages-2241381743-683x1024.jpg\" alt=\"Los mejores looks del festival de cine de Roma \" width=\"683\" height=\"1024\" srcset=\"https:\/\/graziamagazine.com\/mx\/wp-content\/uploads\/sites\/13\/2025\/10\/GettyImages-2241381743-683x1024.jpg 683w, https:\/\/graziamagazine.com\/mx\/wp-content\/uploads\/sites\/13\/2025\/10\/GettyImages-2241381743-300x450.jpg 300w, https:\/\/graziamagazine.com\/mx\/wp-content\/uploads\/sites\/13\/2025\/10\/GettyImages-2241381743-768x1152.jpg 768w, https:\/\/graziamagazine.com\/mx\/wp-content\/uploads\/sites\/13\/2025\/10\/GettyImages-2241381743-1024x1536.jpg 1024w, https:\/\/graziamagazine.com\/mx\/wp-content\/uploads\/sites\/13\/2025\/10\/GettyImages-2241381743-1366x2048.jpg 1366w, https:\/\/graziamagazine.com\/mx\/wp-content\/uploads\/sites\/13\/2025\/10\/GettyImages-2241381743-400x600.jpg 400w, https:\/\/graziamagazine.com\/mx\/wp-content\/uploads\/sites\/13\/2025\/10\/GettyImages-2241381743-143x215.jpg 143w, https:\/\/graziamagazine.com\/mx\/wp-content\/uploads\/sites\/13\/2025\/10\/GettyImages-2241381743-scaled.jpg 1707w\" sizes=\"(max-width: 683px) 100vw, 683px\" \/><figcaption id=\"caption-attachment-160938\" class=\"wp-caption-text\">Los mejores looks del festival de cine de Roma<\/figcaption><\/figure>\n<p data-start=\"2232\" data-end=\"2458\">La productora y actriz italiana deslumbr\u00f3 con un conjunto negro de blazer y vestido halter con una apertura que dejaba entrever un filo satinado en verde lima. Una combinaci\u00f3n inesperada que equilibr\u00f3 elegancia y vanguardia.<\/p>\n<h3 data-start=\"2460\" data-end=\"2508\">Ema Stokholma: energ\u00eda y brillo en mostaza<\/h3>\n<figure id=\"attachment_160937\" aria-describedby=\"caption-attachment-160937\" style=\"width: 683px\" class=\"wp-caption alignnone\"><img loading=\"lazy\" decoding=\"async\" class=\"size-large wp-image-160937\" src=\"https:\/\/graziamagazine.com\/mx\/wp-content\/uploads\/sites\/13\/2025\/10\/GettyImages-2241381550-683x1024.jpg\" alt=\"Los mejores looks del festival de cine de Roma \" width=\"683\" height=\"1024\" srcset=\"https:\/\/graziamagazine.com\/mx\/wp-content\/uploads\/sites\/13\/2025\/10\/GettyImages-2241381550-683x1024.jpg 683w, https:\/\/graziamagazine.com\/mx\/wp-content\/uploads\/sites\/13\/2025\/10\/GettyImages-2241381550-300x450.jpg 300w, https:\/\/graziamagazine.com\/mx\/wp-content\/uploads\/sites\/13\/2025\/10\/GettyImages-2241381550-768x1152.jpg 768w, https:\/\/graziamagazine.com\/mx\/wp-content\/uploads\/sites\/13\/2025\/10\/GettyImages-2241381550-1024x1536.jpg 1024w, https:\/\/graziamagazine.com\/mx\/wp-content\/uploads\/sites\/13\/2025\/10\/GettyImages-2241381550-1366x2048.jpg 1366w, https:\/\/graziamagazine.com\/mx\/wp-content\/uploads\/sites\/13\/2025\/10\/GettyImages-2241381550-400x600.jpg 400w, https:\/\/graziamagazine.com\/mx\/wp-content\/uploads\/sites\/13\/2025\/10\/GettyImages-2241381550-143x215.jpg 143w, https:\/\/graziamagazine.com\/mx\/wp-content\/uploads\/sites\/13\/2025\/10\/GettyImages-2241381550-scaled.jpg 1707w\" sizes=\"(max-width: 683px) 100vw, 683px\" \/><figcaption id=\"caption-attachment-160937\" class=\"wp-caption-text\">Los mejores looks del festival de cine de Roma<\/figcaption><\/figure>\n<p data-start=\"2509\" data-end=\"2729\">La presentadora franco-italiana eligi\u00f3 un vestido de lentejuelas en tono amarillo mostaza. Su elecci\u00f3n fue un gui\u00f1o al optimismo y la vitalidad, aportando una dosis de color a la alfombra roja sin perder sofisticaci\u00f3n.<\/p>\n<h3 data-start=\"2731\" data-end=\"2776\">Rita Rusic: sensualidad cl\u00e1sica en rojo<\/h3>\n<figure id=\"attachment_160940\" aria-describedby=\"caption-attachment-160940\" style=\"width: 682px\" class=\"wp-caption alignnone\"><img loading=\"lazy\" decoding=\"async\" class=\"size-large wp-image-160940\" src=\"https:\/\/graziamagazine.com\/mx\/wp-content\/uploads\/sites\/13\/2025\/10\/GettyImages-2241397754-682x1024.jpg\" alt=\"Los mejores looks del festival de cine de Roma \" width=\"682\" height=\"1024\" srcset=\"https:\/\/graziamagazine.com\/mx\/wp-content\/uploads\/sites\/13\/2025\/10\/GettyImages-2241397754-682x1024.jpg 682w, https:\/\/graziamagazine.com\/mx\/wp-content\/uploads\/sites\/13\/2025\/10\/GettyImages-2241397754-300x450.jpg 300w, https:\/\/graziamagazine.com\/mx\/wp-content\/uploads\/sites\/13\/2025\/10\/GettyImages-2241397754-768x1154.jpg 768w, https:\/\/graziamagazine.com\/mx\/wp-content\/uploads\/sites\/13\/2025\/10\/GettyImages-2241397754-1022x1536.jpg 1022w, https:\/\/graziamagazine.com\/mx\/wp-content\/uploads\/sites\/13\/2025\/10\/GettyImages-2241397754-1363x2048.jpg 1363w, https:\/\/graziamagazine.com\/mx\/wp-content\/uploads\/sites\/13\/2025\/10\/GettyImages-2241397754-400x601.jpg 400w, https:\/\/graziamagazine.com\/mx\/wp-content\/uploads\/sites\/13\/2025\/10\/GettyImages-2241397754-143x215.jpg 143w, https:\/\/graziamagazine.com\/mx\/wp-content\/uploads\/sites\/13\/2025\/10\/GettyImages-2241397754-scaled.jpg 1704w\" sizes=\"(max-width: 682px) 100vw, 682px\" \/><figcaption id=\"caption-attachment-160940\" class=\"wp-caption-text\">Los mejores looks del festival de cine de Roma<\/figcaption><\/figure>\n<p data-start=\"2777\" data-end=\"2968\">Rita Rusic apost\u00f3 por un vestido largo de sat\u00e9n rojo con apertura en la pierna. El dise\u00f1o, de l\u00edneas limpias y corte perfecto, evoc\u00f3 la sensualidad atemporal de las divas del cine italiano.<\/p>\n<h3 data-start=\"2970\" data-end=\"3022\">Margareth Mad\u00e8: el poder del esmoquin femenino<\/h3>\n<figure id=\"attachment_160941\" aria-describedby=\"caption-attachment-160941\" style=\"width: 682px\" class=\"wp-caption alignnone\"><img loading=\"lazy\" decoding=\"async\" class=\"size-large wp-image-160941\" src=\"https:\/\/graziamagazine.com\/mx\/wp-content\/uploads\/sites\/13\/2025\/10\/GettyImages-2241398339-682x1024.jpg\" alt=\"Los mejores looks del festival de cine de Roma \" width=\"682\" height=\"1024\" srcset=\"https:\/\/graziamagazine.com\/mx\/wp-content\/uploads\/sites\/13\/2025\/10\/GettyImages-2241398339-682x1024.jpg 682w, https:\/\/graziamagazine.com\/mx\/wp-content\/uploads\/sites\/13\/2025\/10\/GettyImages-2241398339-300x450.jpg 300w, https:\/\/graziamagazine.com\/mx\/wp-content\/uploads\/sites\/13\/2025\/10\/GettyImages-2241398339-768x1154.jpg 768w, https:\/\/graziamagazine.com\/mx\/wp-content\/uploads\/sites\/13\/2025\/10\/GettyImages-2241398339-1022x1536.jpg 1022w, https:\/\/graziamagazine.com\/mx\/wp-content\/uploads\/sites\/13\/2025\/10\/GettyImages-2241398339-1363x2048.jpg 1363w, https:\/\/graziamagazine.com\/mx\/wp-content\/uploads\/sites\/13\/2025\/10\/GettyImages-2241398339-400x601.jpg 400w, https:\/\/graziamagazine.com\/mx\/wp-content\/uploads\/sites\/13\/2025\/10\/GettyImages-2241398339-143x215.jpg 143w, https:\/\/graziamagazine.com\/mx\/wp-content\/uploads\/sites\/13\/2025\/10\/GettyImages-2241398339-scaled.jpg 1704w\" sizes=\"(max-width: 682px) 100vw, 682px\" \/><figcaption id=\"caption-attachment-160941\" class=\"wp-caption-text\">Los mejores looks del festival de cine de Roma<\/figcaption><\/figure>\n<p data-start=\"3023\" data-end=\"3233\">Cerrando con broche de oro, Margareth Mad\u00e8 deslumbr\u00f3 con un traje negro de solapas satinadas y escote pronunciado. El equilibrio entre fuerza y feminidad hizo de su look uno de los m\u00e1s celebrados de la noche.<\/p>\n<p data-start=\"3235\" data-end=\"3387\">El <em data-start=\"3238\" data-end=\"3259\">Rome Film Fest 2025<\/em> fue, sin duda, un homenaje a la moda italiana, al estilo personal y a la elegancia sin esfuerzo que solo Roma puede inspirar.<\/p>\n<p data-start=\"3235\" data-end=\"3387\"><em><strong>*IMAGEN: Getty Images<\/strong><\/em><\/p>\n","protected":false},"author":28953,"featured_media":160939,"template":"","format":"standard","categories":[4],"acf":[],"yoast_head":"<!-- This site is optimized with the Yoast SEO Premium plugin v18.5 (Yoast SEO v20.4) - https:\/\/yoast.com\/wordpress\/plugins\/seo\/ -->\n<title>Los mejores looks del festival de cine de Roma<\/title>\n<meta name=\"description\" content=\"La alfombra roja romana brill\u00f3 con la elegancia y sofisticaci\u00f3n de las celebridades italianas que redefinieron la moda cinematogr\u00e1fica este a\u00f1o.\" \/>\n<meta name=\"robots\" content=\"index, follow, max-snippet:-1, max-image-preview:large, max-video-preview:-1\" \/>\n<link rel=\"canonical\" href=\"https:\/\/graziamagazine.com\/mx\/articles\/los-mejores-looks-del-festival-de-cine-de-roma\/\" \/>\n<meta property=\"og:locale\" content=\"es_MX\" \/>\n<meta property=\"og:type\" content=\"article\" \/>\n<meta property=\"og:title\" content=\"Los mejores looks del festival de cine de Roma\" \/>\n<meta property=\"og:description\" content=\"La alfombra roja romana brill\u00f3 con la elegancia y sofisticaci\u00f3n de las celebridades italianas que redefinieron la moda cinematogr\u00e1fica este a\u00f1o.\" \/>\n<meta property=\"og:url\" content=\"https:\/\/graziamagazine.com\/mx\/articles\/los-mejores-looks-del-festival-de-cine-de-roma\/\" \/>\n<meta property=\"og:site_name\" content=\"Grazia M\u00e9xico y Latinoam\u00e9rica\" \/>\n<meta property=\"article:modified_time\" content=\"2025-10-29T17:36:11+00:00\" \/>\n<meta property=\"og:image\" content=\"https:\/\/graziamagazine.com\/mx\/wp-content\/uploads\/sites\/13\/2025\/10\/GettyImages-2241381912-scaled.jpg\" \/>\n\t<meta property=\"og:image:width\" content=\"2560\" \/>\n\t<meta property=\"og:image:height\" content=\"1707\" \/>\n\t<meta property=\"og:image:type\" content=\"image\/jpeg\" \/>\n<meta name=\"twitter:card\" content=\"summary_large_image\" \/>\n<meta name=\"twitter:label1\" content=\"Est. reading time\" \/>\n\t<meta name=\"twitter:data1\" content=\"5 minutos\" \/>\n<script type=\"application\/ld+json\" class=\"yoast-schema-graph\">{\"@context\":\"https:\/\/schema.org\",\"@graph\":[{\"@type\":\"WebPage\",\"@id\":\"https:\/\/graziamagazine.com\/mx\/articles\/los-mejores-looks-del-festival-de-cine-de-roma\/\",\"url\":\"https:\/\/graziamagazine.com\/mx\/articles\/los-mejores-looks-del-festival-de-cine-de-roma\/\",\"name\":\"Los mejores looks del festival de cine de Roma\",\"isPartOf\":{\"@id\":\"https:\/\/graziamagazine.com\/mx\/#website\"},\"datePublished\":\"2025-10-28T16:31:29+00:00\",\"dateModified\":\"2025-10-29T17:36:11+00:00\",\"description\":\"La alfombra roja romana brill\u00f3 con la elegancia y sofisticaci\u00f3n de las celebridades italianas que redefinieron la moda cinematogr\u00e1fica este a\u00f1o.\",\"breadcrumb\":{\"@id\":\"https:\/\/graziamagazine.com\/mx\/articles\/los-mejores-looks-del-festival-de-cine-de-roma\/#breadcrumb\"},\"inLanguage\":\"es-MX\",\"potentialAction\":[{\"@type\":\"ReadAction\",\"target\":[\"https:\/\/graziamagazine.com\/mx\/articles\/los-mejores-looks-del-festival-de-cine-de-roma\/\"]}]},{\"@type\":\"BreadcrumbList\",\"@id\":\"https:\/\/graziamagazine.com\/mx\/articles\/los-mejores-looks-del-festival-de-cine-de-roma\/#breadcrumb\",\"itemListElement\":[{\"@type\":\"ListItem\",\"position\":1,\"name\":\"Home\",\"item\":\"https:\/\/graziamagazine.com\/mx\/\"},{\"@type\":\"ListItem\",\"position\":2,\"name\":\"Los mejores looks del festival de cine de Roma\"}]},{\"@type\":\"WebSite\",\"@id\":\"https:\/\/graziamagazine.com\/mx\/#website\",\"url\":\"https:\/\/graziamagazine.com\/mx\/\",\"name\":\"Grazia M\u00e9xico y Latinoam\u00e9rica\",\"description\":\"Grazia es moda, belleza y noticias  de actualidad \",\"potentialAction\":[{\"@type\":\"SearchAction\",\"target\":{\"@type\":\"EntryPoint\",\"urlTemplate\":\"https:\/\/graziamagazine.com\/mx\/?s={search_term_string}\"},\"query-input\":\"required name=search_term_string\"}],\"inLanguage\":\"es-MX\"}]}<\/script>\n<!-- \/ Yoast SEO Premium plugin. -->","yoast_head_json":{"title":"Los mejores looks del festival de cine de Roma","description":"La alfombra roja romana brill\u00f3 con la elegancia y sofisticaci\u00f3n de las celebridades italianas que redefinieron la moda cinematogr\u00e1fica este a\u00f1o.","robots":{"index":"index","follow":"follow","max-snippet":"max-snippet:-1","max-image-preview":"max-image-preview:large","max-video-preview":"max-video-preview:-1"},"canonical":"https:\/\/graziamagazine.com\/mx\/articles\/los-mejores-looks-del-festival-de-cine-de-roma\/","og_locale":"es_MX","og_type":"article","og_title":"Los mejores looks del festival de cine de Roma","og_description":"La alfombra roja romana brill\u00f3 con la elegancia y sofisticaci\u00f3n de las celebridades italianas que redefinieron la moda cinematogr\u00e1fica este a\u00f1o.","og_url":"https:\/\/graziamagazine.com\/mx\/articles\/los-mejores-looks-del-festival-de-cine-de-roma\/","og_site_name":"Grazia M\u00e9xico y Latinoam\u00e9rica","article_modified_time":"2025-10-29T17:36:11+00:00","og_image":[{"width":2560,"height":1707,"url":"https:\/\/graziamagazine.com\/mx\/wp-content\/uploads\/sites\/13\/2025\/10\/GettyImages-2241381912-scaled.jpg","type":"image\/jpeg"}],"twitter_card":"summary_large_image","twitter_misc":{"Est. reading time":"5 minutos"},"schema":{"@context":"https:\/\/schema.org","@graph":[{"@type":"WebPage","@id":"https:\/\/graziamagazine.com\/mx\/articles\/los-mejores-looks-del-festival-de-cine-de-roma\/","url":"https:\/\/graziamagazine.com\/mx\/articles\/los-mejores-looks-del-festival-de-cine-de-roma\/","name":"Los mejores looks del festival de cine de Roma","isPartOf":{"@id":"https:\/\/graziamagazine.com\/mx\/#website"},"datePublished":"2025-10-28T16:31:29+00:00","dateModified":"2025-10-29T17:36:11+00:00","description":"La alfombra roja romana brill\u00f3 con la elegancia y sofisticaci\u00f3n de las celebridades italianas que redefinieron la moda cinematogr\u00e1fica este a\u00f1o.","breadcrumb":{"@id":"https:\/\/graziamagazine.com\/mx\/articles\/los-mejores-looks-del-festival-de-cine-de-roma\/#breadcrumb"},"inLanguage":"es-MX","potentialAction":[{"@type":"ReadAction","target":["https:\/\/graziamagazine.com\/mx\/articles\/los-mejores-looks-del-festival-de-cine-de-roma\/"]}]},{"@type":"BreadcrumbList","@id":"https:\/\/graziamagazine.com\/mx\/articles\/los-mejores-looks-del-festival-de-cine-de-roma\/#breadcrumb","itemListElement":[{"@type":"ListItem","position":1,"name":"Home","item":"https:\/\/graziamagazine.com\/mx\/"},{"@type":"ListItem","position":2,"name":"Los mejores looks del festival de cine de Roma"}]},{"@type":"WebSite","@id":"https:\/\/graziamagazine.com\/mx\/#website","url":"https:\/\/graziamagazine.com\/mx\/","name":"Grazia M\u00e9xico y Latinoam\u00e9rica","description":"Grazia es moda, belleza y noticias  de actualidad ","potentialAction":[{"@type":"SearchAction","target":{"@type":"EntryPoint","urlTemplate":"https:\/\/graziamagazine.com\/mx\/?s={search_term_string}"},"query-input":"required name=search_term_string"}],"inLanguage":"es-MX"}]}},"jetpack_sharing_enabled":true,"distributor_meta":false,"distributor_terms":false,"distributor_media":false,"distributor_original_site_name":"Grazia M\u00e9xico y Latinoam\u00e9rica","distributor_original_site_url":"https:\/\/graziamagazine.com\/mx","push-errors":false,"_links":{"self":[{"href":"https:\/\/graziamagazine.com\/mx\/wp-json\/wp\/v2\/articles\/160924"}],"collection":[{"href":"https:\/\/graziamagazine.com\/mx\/wp-json\/wp\/v2\/articles"}],"about":[{"href":"https:\/\/graziamagazine.com\/mx\/wp-json\/wp\/v2\/types\/articles"}],"author":[{"embeddable":true,"href":"https:\/\/graziamagazine.com\/mx\/wp-json\/wp\/v2\/users\/28953"}],"wp:featuredmedia":[{"embeddable":true,"href":"https:\/\/graziamagazine.com\/mx\/wp-json\/wp\/v2\/media\/160939"}],"wp:attachment":[{"href":"https:\/\/graziamagazine.com\/mx\/wp-json\/wp\/v2\/media?parent=160924"}],"wp:term":[{"taxonomy":"category","embeddable":true,"href":"https:\/\/graziamagazine.com\/mx\/wp-json\/wp\/v2\/categories?post=160924"}],"curies":[{"name":"wp","href":"https:\/\/api.w.org\/{rel}","templated":true}]}}