{"id":160905,"date":"2025-10-29T11:35:32","date_gmt":"2025-10-29T16:35:32","guid":{"rendered":"https:\/\/graziamagazine.com\/mx\/?post_type=articles&#038;p=160905"},"modified":"2025-10-30T12:06:20","modified_gmt":"2025-10-30T17:06:20","slug":"el-futuro-es-nuestro-la-serie-de-netflix-que-marca-el-regreso-de-enzo-vocigric-a-la-pantalla-grande","status":"publish","type":"articles","link":"https:\/\/graziamagazine.com\/mx\/articles\/el-futuro-es-nuestro-la-serie-de-netflix-que-marca-el-regreso-de-enzo-vocigric-a-la-pantalla-grande\/","title":{"rendered":"\u2018El futuro es nuestro\u2019, la serie de Netflix que marca el regreso de Enzo Vocigric a la pantalla grande"},"content":{"rendered":"<p><span style=\"font-weight: 400\">Netflix anunci\u00f3 hoy la puesta en marcha de El futuro es nuestro, que re\u00fane a un talentoso equipo de Am\u00e9rica Latina, tanto delante como detr\u00e1s de c\u00e1mara. Una miniserie dist\u00f3pica de ocho episodios basada en la novela The World Jones Made del reconocido escritor estadounidense Philip K. Dick, siendo esta la primera adaptaci\u00f3n audiovisual de una obra del autor en espa\u00f1ol.\u00a0<\/span><\/p>\n<p><span style=\"font-weight: 400\">Con el director y guionista Mateo Gil (Pedro P\u00e1ramo, Los favoritos de Midas) como showrunner, la serie ser\u00e1 dirigida por los directores brasile\u00f1os Vicente Amorim (Senna), Daniel Rezende (O Filho de Mil Homens) y el argentino Jes\u00fas Braceras (Barrabrava). Ser\u00e1 producida por K&amp;S Films (El Eternauta) y Electric Shepherd Productions, (The Man in the High Castle), la productora del patrimonio de Philip K. Dick.\u00a0\u00a0<\/span><\/p>\n<p><span style=\"font-weight: 400\">La serie se lleva a cabo en el a\u00f1o 2047. \u201cEl colapso ecol\u00f3gico ha llevado a la creaci\u00f3n del FedSur, una coalici\u00f3n de pa\u00edses sudamericanos que aplica medidas extremas para proteger la naturaleza y contrarrestar el hambre y la violencia reinantes\u201d, revela Netflix respecto a la sinopsis.<\/span><\/p>\n<p><span style=\"font-weight: 400\">\u201cUna nueva y cautivadora voz surge entonces en internet, una voz mucho m\u00e1s poderosa que cualquier otra porque es capaz de predecir el futuro. El polic\u00eda Hugo Cruss\u00ed descubre que tras la voz se encuentra un joven predicador llamado Jon\u00e1s Flores, pero con su detenci\u00f3n provoca que \u00e9ste se convierta de la noche a la ma\u00f1ana en el l\u00edder espiritual del continente. Augurando la ca\u00edda del FedSur y la victoria sobre el cambio clim\u00e1tico, Jon\u00e1s har\u00e1 so\u00f1ar al pueblo latinoamericano y conseguir\u00e1 que muchos se unan a su revoluci\u00f3n reaccionaria. Mientras tanto, Cruss\u00ed, perseguido como miembro de la resistencia, se embarcar\u00e1 en una misi\u00f3n suicida para acabar con el tirano, quien habr\u00e1 previsto el magnicidio y lo estar\u00e1 esperando\u201d, agrega.<\/span><\/p>\n<p><span style=\"font-weight: 400\">\u201cNos hemos acercado a la obra de Philip K. Dick con much\u00edsimo respeto y admiraci\u00f3n, encontrando temas contundentemente relevantes en la actualidad. Sin lugar a dudas, el desaf\u00edo es inmenso pero nos llena de orgullo poder contar una historia que mostrar\u00e1 a Latinoam\u00e9rica como fuerza de resistencia en el nuevo orden. Ser\u00e1 una producci\u00f3n de m\u00e1xima ambici\u00f3n, sin precedentes en Am\u00e9rica Latina, que demostrar\u00e1 que este tipo de historias tambi\u00e9n pueden ser contadas desde nuestros pa\u00edses, en espa\u00f1ol y con la m\u00e1xima calidad\u201d, afirma Francisco Ramos, Vicepresidente de contenidos de Netflix para Latinoam\u00e9rica.<\/span><\/p>\n<p><span style=\"font-weight: 400\">\u201cEs un honor y un privilegio colaborar con Netflix, con Francisco Ramos y con este extraordinario equipo creativo en la primera adaptaci\u00f3n audiovisual en espa\u00f1ol de la obra de mi padre. La adaptaci\u00f3n de la novela realizada por Mateo es ingeniosa y audaz, y mantiene la esencia de la historia original. Siempre he cre\u00eddo que la rica cultura y el incre\u00edble talento de Am\u00e9rica Latina brindan un escenario extraordinario para este tipo de proyectos ambiciosos, y la pasi\u00f3n expresada por todo el equipo es realmente inspiradora\u201d, dijo por su parte Isa Dick Hackett, productora ejecutiva e hija del autor.<\/span><\/p>\n<p><span style=\"font-weight: 400\">Para llevar a cabo El futuro es nuestro se ha reunido a algunos de los t\u00e9cnicos y artistas m\u00e1s reconocidos de Latinoam\u00e9rica, entre ellos: los directores de fotograf\u00eda Adri\u00e1n Teijido (Ainda Estou Aqui), Luis Sansans (Narcos, Narcos M\u00e9xico); el dise\u00f1ador de producci\u00f3n Carlos Y. Jacques (Pedro P\u00e1ramo); el director de arte Juli\u00e1n Romera (El Eternauta); los productores Micky Buye, Mat\u00edas Mosteir\u00edn, Diego Copello, Emiliano Torres y Anal\u00eda Castro (responsables de El Eternauta, entre otras producciones argentinas), con Isa Dick Hackett, hija del autor, tambi\u00e9n como productora ejecutiva. Y con un equipo de guionistas liderado por Mateo Gil con Laura Santullo, Camila Brug\u00e9s G\u00f3mez (Cien a\u00f1os de soledad) y Kyzza Terrazas.\u00a0<\/span><\/p>\n<p><span style=\"font-weight: 400\">Todos ellos, junto a un ensamble de actores y actrices de Am\u00e9rica Latina encabezado por Enzo Vogrincic (La sociedad de la nieve), Emiliano Zurita, Delfina Chaves, Marleyda Soto, Fern\u00e1n Mir\u00e1s, Alfredo Castro, Antonia Zegers, Angela Rodr\u00edguez, Marco Antonio Caponi, Mar\u00eda Gracia Omegna, Rallen Montenegro, Juan Palomino, Ilay Perales y Paloma Contreras.<\/span><\/p>\n","protected":false},"author":11628,"featured_media":160906,"template":"","format":"standard","categories":[114,12483,12517,12832],"acf":[],"yoast_head":"<!-- This site is optimized with the Yoast SEO Premium plugin v18.5 (Yoast SEO v20.4) - https:\/\/yoast.com\/wordpress\/plugins\/seo\/ -->\n<title>\u2018El futuro es nuestro\u2019, la serie de Netflix que marca el regreso de Enzo Vocigric a la pantalla grande<\/title>\n<meta name=\"description\" content=\"Netflix anunci\u00f3 hoy la puesta en marcha de El futuro es nuestro, que re\u00fane a un talentoso equipo de Am\u00e9rica Latina, tanto delante como detr\u00e1s de c\u00e1mara.\" \/>\n<meta name=\"robots\" content=\"index, follow, max-snippet:-1, max-image-preview:large, max-video-preview:-1\" \/>\n<link rel=\"canonical\" href=\"https:\/\/graziamagazine.com\/mx\/articles\/el-futuro-es-nuestro-la-serie-de-netflix-que-marca-el-regreso-de-enzo-vocigric-a-la-pantalla-grande\/\" \/>\n<meta property=\"og:locale\" content=\"es_MX\" \/>\n<meta property=\"og:type\" content=\"article\" \/>\n<meta property=\"og:title\" content=\"\u2018El futuro es nuestro\u2019, la serie de Netflix que marca el regreso de Enzo Vocigric a la pantalla grande\" \/>\n<meta property=\"og:description\" content=\"Netflix anunci\u00f3 hoy la puesta en marcha de El futuro es nuestro, que re\u00fane a un talentoso equipo de Am\u00e9rica Latina, tanto delante como detr\u00e1s de c\u00e1mara.\" \/>\n<meta property=\"og:url\" content=\"https:\/\/graziamagazine.com\/mx\/articles\/el-futuro-es-nuestro-la-serie-de-netflix-que-marca-el-regreso-de-enzo-vocigric-a-la-pantalla-grande\/\" \/>\n<meta property=\"og:site_name\" content=\"Grazia M\u00e9xico y Latinoam\u00e9rica\" \/>\n<meta property=\"article:modified_time\" content=\"2025-10-30T17:06:20+00:00\" \/>\n<meta property=\"og:image\" content=\"https:\/\/graziamagazine.com\/mx\/wp-content\/uploads\/sites\/13\/2025\/10\/IMG_7545_R_V2-scaled.jpg\" \/>\n\t<meta property=\"og:image:width\" content=\"2560\" \/>\n\t<meta property=\"og:image:height\" content=\"1772\" \/>\n\t<meta property=\"og:image:type\" content=\"image\/jpeg\" \/>\n<meta name=\"twitter:card\" content=\"summary_large_image\" \/>\n<meta name=\"twitter:label1\" content=\"Est. reading time\" \/>\n\t<meta name=\"twitter:data1\" content=\"3 minutos\" \/>\n<script type=\"application\/ld+json\" class=\"yoast-schema-graph\">{\"@context\":\"https:\/\/schema.org\",\"@graph\":[{\"@type\":\"WebPage\",\"@id\":\"https:\/\/graziamagazine.com\/mx\/articles\/el-futuro-es-nuestro-la-serie-de-netflix-que-marca-el-regreso-de-enzo-vocigric-a-la-pantalla-grande\/\",\"url\":\"https:\/\/graziamagazine.com\/mx\/articles\/el-futuro-es-nuestro-la-serie-de-netflix-que-marca-el-regreso-de-enzo-vocigric-a-la-pantalla-grande\/\",\"name\":\"\u2018El futuro es nuestro\u2019, la serie de Netflix que marca el regreso de Enzo Vocigric a la pantalla grande\",\"isPartOf\":{\"@id\":\"https:\/\/graziamagazine.com\/mx\/#website\"},\"datePublished\":\"2025-10-29T16:35:32+00:00\",\"dateModified\":\"2025-10-30T17:06:20+00:00\",\"description\":\"Netflix anunci\u00f3 hoy la puesta en marcha de El futuro es nuestro, que re\u00fane a un talentoso equipo de Am\u00e9rica Latina, tanto delante como detr\u00e1s de c\u00e1mara.\",\"breadcrumb\":{\"@id\":\"https:\/\/graziamagazine.com\/mx\/articles\/el-futuro-es-nuestro-la-serie-de-netflix-que-marca-el-regreso-de-enzo-vocigric-a-la-pantalla-grande\/#breadcrumb\"},\"inLanguage\":\"es-MX\",\"potentialAction\":[{\"@type\":\"ReadAction\",\"target\":[\"https:\/\/graziamagazine.com\/mx\/articles\/el-futuro-es-nuestro-la-serie-de-netflix-que-marca-el-regreso-de-enzo-vocigric-a-la-pantalla-grande\/\"]}]},{\"@type\":\"BreadcrumbList\",\"@id\":\"https:\/\/graziamagazine.com\/mx\/articles\/el-futuro-es-nuestro-la-serie-de-netflix-que-marca-el-regreso-de-enzo-vocigric-a-la-pantalla-grande\/#breadcrumb\",\"itemListElement\":[{\"@type\":\"ListItem\",\"position\":1,\"name\":\"Home\",\"item\":\"https:\/\/graziamagazine.com\/mx\/\"},{\"@type\":\"ListItem\",\"position\":2,\"name\":\"\u2018El futuro es nuestro\u2019, la serie de Netflix que marca el regreso de Enzo Vocigric a la pantalla grande\"}]},{\"@type\":\"WebSite\",\"@id\":\"https:\/\/graziamagazine.com\/mx\/#website\",\"url\":\"https:\/\/graziamagazine.com\/mx\/\",\"name\":\"Grazia M\u00e9xico y Latinoam\u00e9rica\",\"description\":\"Grazia es moda, belleza y noticias  de actualidad \",\"potentialAction\":[{\"@type\":\"SearchAction\",\"target\":{\"@type\":\"EntryPoint\",\"urlTemplate\":\"https:\/\/graziamagazine.com\/mx\/?s={search_term_string}\"},\"query-input\":\"required name=search_term_string\"}],\"inLanguage\":\"es-MX\"}]}<\/script>\n<!-- \/ Yoast SEO Premium plugin. -->","yoast_head_json":{"title":"\u2018El futuro es nuestro\u2019, la serie de Netflix que marca el regreso de Enzo Vocigric a la pantalla grande","description":"Netflix anunci\u00f3 hoy la puesta en marcha de El futuro es nuestro, que re\u00fane a un talentoso equipo de Am\u00e9rica Latina, tanto delante como detr\u00e1s de c\u00e1mara.","robots":{"index":"index","follow":"follow","max-snippet":"max-snippet:-1","max-image-preview":"max-image-preview:large","max-video-preview":"max-video-preview:-1"},"canonical":"https:\/\/graziamagazine.com\/mx\/articles\/el-futuro-es-nuestro-la-serie-de-netflix-que-marca-el-regreso-de-enzo-vocigric-a-la-pantalla-grande\/","og_locale":"es_MX","og_type":"article","og_title":"\u2018El futuro es nuestro\u2019, la serie de Netflix que marca el regreso de Enzo Vocigric a la pantalla grande","og_description":"Netflix anunci\u00f3 hoy la puesta en marcha de El futuro es nuestro, que re\u00fane a un talentoso equipo de Am\u00e9rica Latina, tanto delante como detr\u00e1s de c\u00e1mara.","og_url":"https:\/\/graziamagazine.com\/mx\/articles\/el-futuro-es-nuestro-la-serie-de-netflix-que-marca-el-regreso-de-enzo-vocigric-a-la-pantalla-grande\/","og_site_name":"Grazia M\u00e9xico y Latinoam\u00e9rica","article_modified_time":"2025-10-30T17:06:20+00:00","og_image":[{"width":2560,"height":1772,"url":"https:\/\/graziamagazine.com\/mx\/wp-content\/uploads\/sites\/13\/2025\/10\/IMG_7545_R_V2-scaled.jpg","type":"image\/jpeg"}],"twitter_card":"summary_large_image","twitter_misc":{"Est. reading time":"3 minutos"},"schema":{"@context":"https:\/\/schema.org","@graph":[{"@type":"WebPage","@id":"https:\/\/graziamagazine.com\/mx\/articles\/el-futuro-es-nuestro-la-serie-de-netflix-que-marca-el-regreso-de-enzo-vocigric-a-la-pantalla-grande\/","url":"https:\/\/graziamagazine.com\/mx\/articles\/el-futuro-es-nuestro-la-serie-de-netflix-que-marca-el-regreso-de-enzo-vocigric-a-la-pantalla-grande\/","name":"\u2018El futuro es nuestro\u2019, la serie de Netflix que marca el regreso de Enzo Vocigric a la pantalla grande","isPartOf":{"@id":"https:\/\/graziamagazine.com\/mx\/#website"},"datePublished":"2025-10-29T16:35:32+00:00","dateModified":"2025-10-30T17:06:20+00:00","description":"Netflix anunci\u00f3 hoy la puesta en marcha de El futuro es nuestro, que re\u00fane a un talentoso equipo de Am\u00e9rica Latina, tanto delante como detr\u00e1s de c\u00e1mara.","breadcrumb":{"@id":"https:\/\/graziamagazine.com\/mx\/articles\/el-futuro-es-nuestro-la-serie-de-netflix-que-marca-el-regreso-de-enzo-vocigric-a-la-pantalla-grande\/#breadcrumb"},"inLanguage":"es-MX","potentialAction":[{"@type":"ReadAction","target":["https:\/\/graziamagazine.com\/mx\/articles\/el-futuro-es-nuestro-la-serie-de-netflix-que-marca-el-regreso-de-enzo-vocigric-a-la-pantalla-grande\/"]}]},{"@type":"BreadcrumbList","@id":"https:\/\/graziamagazine.com\/mx\/articles\/el-futuro-es-nuestro-la-serie-de-netflix-que-marca-el-regreso-de-enzo-vocigric-a-la-pantalla-grande\/#breadcrumb","itemListElement":[{"@type":"ListItem","position":1,"name":"Home","item":"https:\/\/graziamagazine.com\/mx\/"},{"@type":"ListItem","position":2,"name":"\u2018El futuro es nuestro\u2019, la serie de Netflix que marca el regreso de Enzo Vocigric a la pantalla grande"}]},{"@type":"WebSite","@id":"https:\/\/graziamagazine.com\/mx\/#website","url":"https:\/\/graziamagazine.com\/mx\/","name":"Grazia M\u00e9xico y Latinoam\u00e9rica","description":"Grazia es moda, belleza y noticias  de actualidad ","potentialAction":[{"@type":"SearchAction","target":{"@type":"EntryPoint","urlTemplate":"https:\/\/graziamagazine.com\/mx\/?s={search_term_string}"},"query-input":"required name=search_term_string"}],"inLanguage":"es-MX"}]}},"jetpack_sharing_enabled":true,"distributor_meta":false,"distributor_terms":false,"distributor_media":false,"distributor_original_site_name":"Grazia M\u00e9xico y Latinoam\u00e9rica","distributor_original_site_url":"https:\/\/graziamagazine.com\/mx","push-errors":false,"_links":{"self":[{"href":"https:\/\/graziamagazine.com\/mx\/wp-json\/wp\/v2\/articles\/160905"}],"collection":[{"href":"https:\/\/graziamagazine.com\/mx\/wp-json\/wp\/v2\/articles"}],"about":[{"href":"https:\/\/graziamagazine.com\/mx\/wp-json\/wp\/v2\/types\/articles"}],"author":[{"embeddable":true,"href":"https:\/\/graziamagazine.com\/mx\/wp-json\/wp\/v2\/users\/11628"}],"wp:featuredmedia":[{"embeddable":true,"href":"https:\/\/graziamagazine.com\/mx\/wp-json\/wp\/v2\/media\/160906"}],"wp:attachment":[{"href":"https:\/\/graziamagazine.com\/mx\/wp-json\/wp\/v2\/media?parent=160905"}],"wp:term":[{"taxonomy":"category","embeddable":true,"href":"https:\/\/graziamagazine.com\/mx\/wp-json\/wp\/v2\/categories?post=160905"}],"curies":[{"name":"wp","href":"https:\/\/api.w.org\/{rel}","templated":true}]}}