{"id":160851,"date":"2025-10-27T17:43:29","date_gmt":"2025-10-27T22:43:29","guid":{"rendered":"https:\/\/graziamagazine.com\/mx\/?post_type=articles&#038;p=160851"},"modified":"2025-10-27T17:46:06","modified_gmt":"2025-10-27T22:46:06","slug":"los-sweaters-con-estampado-de-rayas-seran-tu-mejor-accesorio-en-esta-temporada","status":"publish","type":"articles","link":"https:\/\/graziamagazine.com\/mx\/articles\/los-sweaters-con-estampado-de-rayas-seran-tu-mejor-accesorio-en-esta-temporada\/","title":{"rendered":"Los sweaters con estampado de rayas ser\u00e1n tu mejor accesorio en esta temporada"},"content":{"rendered":"<p><span style=\"font-weight: 400\">\u00a1Di hola a las rayas! Los sweaters con estampado de rayas se perfilan como una de las piezas m\u00e1s vers\u00e1tiles y funcionales de la temporada. Lejos de ser una simple prenda abrigadora, este cl\u00e1sico de nuestros cl\u00f3sets adquiere un nuevo protagonismo debido a su capacidad para integrarse con distintos estilos y contextos. Ya sean versiones de algod\u00f3n m\u00e1s ligeras o modelos muy calientitos de lana, las rayas vuelven a ser una constante para esta temporada en que baja la temperatura.<\/span><\/p>\n<p><span style=\"font-weight: 400\">Casas de moda como Prada, Tot\u00eame y The Row han lanzado nuevos dise\u00f1os de sweaters de rayas bajo una nueva est\u00e9tica con cortes rectos y colores m\u00e1s neutros. El resultado son prendas que conservan la esencia marinera de siempre, pero con un enfoque hacia la temporada <\/span><i><span style=\"font-weight: 400\">cozy<\/span><\/i><span style=\"font-weight: 400\">. Las rayas en tonos neutros &#8211; negro, beige, gris o azul marino &#8211; dominan las propuestas, aunque tambi\u00e9n aparecen combinaciones m\u00e1s atrevidas en blanco y rojo o en gamas pastel.<\/span><\/p>\n<p><img loading=\"lazy\" decoding=\"async\" class=\"alignnone size-medium wp-image-160853\" src=\"https:\/\/graziamagazine.com\/mx\/wp-content\/uploads\/sites\/13\/2025\/10\/6666-320x450.jpg\" alt=\"\" width=\"320\" height=\"450\" srcset=\"https:\/\/graziamagazine.com\/mx\/wp-content\/uploads\/sites\/13\/2025\/10\/6666-320x450.jpg 320w, https:\/\/graziamagazine.com\/mx\/wp-content\/uploads\/sites\/13\/2025\/10\/6666-400x563.jpg 400w, https:\/\/graziamagazine.com\/mx\/wp-content\/uploads\/sites\/13\/2025\/10\/6666-153x215.jpg 153w, https:\/\/graziamagazine.com\/mx\/wp-content\/uploads\/sites\/13\/2025\/10\/6666.jpg 408w\" sizes=\"(max-width: 320px) 100vw, 320px\" \/><\/p>\n<p><span style=\"font-weight: 400\">La facilidad para coordinar esta prenda es uno de sus mayores atractivos. Un sweater de rayas puede acompa\u00f1ar jeans, pantalones sastre o incluso una falda midi, seg\u00fan la ocasi\u00f3n. Con un simple ajuste en los accesorios, puede pasar de un look relajado a uno m\u00e1s formal. En ambientes laborales, funciona con un blazer y mocasines; para fines de semana, basta con unos tenis y una bolsa cruzada. Este equilibrio explica por qu\u00e9 el su\u00e9ter de rayas se mantiene vigente a\u00f1o tras a\u00f1o.<\/span><\/p>\n<p><img loading=\"lazy\" decoding=\"async\" class=\"alignnone size-medium wp-image-160854\" src=\"https:\/\/graziamagazine.com\/mx\/wp-content\/uploads\/sites\/13\/2025\/10\/359865-300x450.jpg\" alt=\"\" width=\"300\" height=\"450\" srcset=\"https:\/\/graziamagazine.com\/mx\/wp-content\/uploads\/sites\/13\/2025\/10\/359865-300x450.jpg 300w, https:\/\/graziamagazine.com\/mx\/wp-content\/uploads\/sites\/13\/2025\/10\/359865-143x215.jpg 143w, https:\/\/graziamagazine.com\/mx\/wp-content\/uploads\/sites\/13\/2025\/10\/359865.jpg 369w\" sizes=\"(max-width: 300px) 100vw, 300px\" \/><\/p>\n<p><span style=\"font-weight: 400\">Invertir en prendas que van a vienen, pero que realmente nunca pasan de moda, se ha convertido en una forma de equilibrar estilo y funcionalidad, adem\u00e1s de cuidar del bolsillo. En este sentido, el sweater de rayas representa una apuesta segura que aporta car\u00e1cter sin recurrir a excesos.<\/span><\/p>\n<p><img loading=\"lazy\" decoding=\"async\" class=\"alignnone size-full wp-image-160855\" src=\"https:\/\/graziamagazine.com\/mx\/wp-content\/uploads\/sites\/13\/2025\/10\/365895.jpg\" alt=\"\" width=\"321\" height=\"422\" srcset=\"https:\/\/graziamagazine.com\/mx\/wp-content\/uploads\/sites\/13\/2025\/10\/365895.jpg 321w, https:\/\/graziamagazine.com\/mx\/wp-content\/uploads\/sites\/13\/2025\/10\/365895-155x204.jpg 155w\" sizes=\"(max-width: 321px) 100vw, 321px\" \/><\/p>\n<p><span style=\"font-weight: 400\">Esta temporada, incorporar las rayas en el guardarropa es una forma de reconocer que las tendencias m\u00e1s duraderas son, al final, las que mejor se integran a la vida cotidiana. \u00bfTe sumas?<\/span><\/p>\n","protected":false},"author":11628,"featured_media":160852,"template":"","format":"standard","categories":[4],"acf":[],"yoast_head":"<!-- This site is optimized with the Yoast SEO Premium plugin v18.5 (Yoast SEO v20.4) - https:\/\/yoast.com\/wordpress\/plugins\/seo\/ -->\n<title>Los sweaters con estampado de rayas ser\u00e1n tu mejor accesorio en esta temporada<\/title>\n<meta name=\"description\" content=\"\u00a1Di hola a las rayas! Los sweaters con estampado de rayas se perfilan como una de las piezas m\u00e1s vers\u00e1tiles y funcionales de la temporada. Lejos de ser\" \/>\n<meta name=\"robots\" content=\"index, follow, max-snippet:-1, max-image-preview:large, max-video-preview:-1\" \/>\n<link rel=\"canonical\" href=\"https:\/\/graziamagazine.com\/mx\/articles\/los-sweaters-con-estampado-de-rayas-seran-tu-mejor-accesorio-en-esta-temporada\/\" \/>\n<meta property=\"og:locale\" content=\"es_MX\" \/>\n<meta property=\"og:type\" content=\"article\" \/>\n<meta property=\"og:title\" content=\"Los sweaters con estampado de rayas ser\u00e1n tu mejor accesorio en esta temporada\" \/>\n<meta property=\"og:description\" content=\"\u00a1Di hola a las rayas! Los sweaters con estampado de rayas se perfilan como una de las piezas m\u00e1s vers\u00e1tiles y funcionales de la temporada. Lejos de ser\" \/>\n<meta property=\"og:url\" content=\"https:\/\/graziamagazine.com\/mx\/articles\/los-sweaters-con-estampado-de-rayas-seran-tu-mejor-accesorio-en-esta-temporada\/\" \/>\n<meta property=\"og:site_name\" content=\"Grazia M\u00e9xico y Latinoam\u00e9rica\" \/>\n<meta property=\"article:modified_time\" content=\"2025-10-27T22:46:06+00:00\" \/>\n<meta property=\"og:image\" content=\"https:\/\/graziamagazine.com\/mx\/wp-content\/uploads\/sites\/13\/2025\/10\/66-3.jpg\" \/>\n\t<meta property=\"og:image:width\" content=\"624\" \/>\n\t<meta property=\"og:image:height\" content=\"304\" \/>\n\t<meta property=\"og:image:type\" content=\"image\/jpeg\" \/>\n<meta name=\"twitter:card\" content=\"summary_large_image\" \/>\n<meta name=\"twitter:label1\" content=\"Est. reading time\" \/>\n\t<meta name=\"twitter:data1\" content=\"3 minutos\" \/>\n<script type=\"application\/ld+json\" class=\"yoast-schema-graph\">{\"@context\":\"https:\/\/schema.org\",\"@graph\":[{\"@type\":\"WebPage\",\"@id\":\"https:\/\/graziamagazine.com\/mx\/articles\/los-sweaters-con-estampado-de-rayas-seran-tu-mejor-accesorio-en-esta-temporada\/\",\"url\":\"https:\/\/graziamagazine.com\/mx\/articles\/los-sweaters-con-estampado-de-rayas-seran-tu-mejor-accesorio-en-esta-temporada\/\",\"name\":\"Los sweaters con estampado de rayas ser\u00e1n tu mejor accesorio en esta temporada\",\"isPartOf\":{\"@id\":\"https:\/\/graziamagazine.com\/mx\/#website\"},\"datePublished\":\"2025-10-27T22:43:29+00:00\",\"dateModified\":\"2025-10-27T22:46:06+00:00\",\"description\":\"\u00a1Di hola a las rayas! Los sweaters con estampado de rayas se perfilan como una de las piezas m\u00e1s vers\u00e1tiles y funcionales de la temporada. Lejos de ser\",\"breadcrumb\":{\"@id\":\"https:\/\/graziamagazine.com\/mx\/articles\/los-sweaters-con-estampado-de-rayas-seran-tu-mejor-accesorio-en-esta-temporada\/#breadcrumb\"},\"inLanguage\":\"es-MX\",\"potentialAction\":[{\"@type\":\"ReadAction\",\"target\":[\"https:\/\/graziamagazine.com\/mx\/articles\/los-sweaters-con-estampado-de-rayas-seran-tu-mejor-accesorio-en-esta-temporada\/\"]}]},{\"@type\":\"BreadcrumbList\",\"@id\":\"https:\/\/graziamagazine.com\/mx\/articles\/los-sweaters-con-estampado-de-rayas-seran-tu-mejor-accesorio-en-esta-temporada\/#breadcrumb\",\"itemListElement\":[{\"@type\":\"ListItem\",\"position\":1,\"name\":\"Home\",\"item\":\"https:\/\/graziamagazine.com\/mx\/\"},{\"@type\":\"ListItem\",\"position\":2,\"name\":\"Los sweaters con estampado de rayas ser\u00e1n tu mejor accesorio en esta temporada\"}]},{\"@type\":\"WebSite\",\"@id\":\"https:\/\/graziamagazine.com\/mx\/#website\",\"url\":\"https:\/\/graziamagazine.com\/mx\/\",\"name\":\"Grazia M\u00e9xico y Latinoam\u00e9rica\",\"description\":\"Grazia es moda, belleza y noticias  de actualidad \",\"potentialAction\":[{\"@type\":\"SearchAction\",\"target\":{\"@type\":\"EntryPoint\",\"urlTemplate\":\"https:\/\/graziamagazine.com\/mx\/?s={search_term_string}\"},\"query-input\":\"required name=search_term_string\"}],\"inLanguage\":\"es-MX\"}]}<\/script>\n<!-- \/ Yoast SEO Premium plugin. -->","yoast_head_json":{"title":"Los sweaters con estampado de rayas ser\u00e1n tu mejor accesorio en esta temporada","description":"\u00a1Di hola a las rayas! Los sweaters con estampado de rayas se perfilan como una de las piezas m\u00e1s vers\u00e1tiles y funcionales de la temporada. Lejos de ser","robots":{"index":"index","follow":"follow","max-snippet":"max-snippet:-1","max-image-preview":"max-image-preview:large","max-video-preview":"max-video-preview:-1"},"canonical":"https:\/\/graziamagazine.com\/mx\/articles\/los-sweaters-con-estampado-de-rayas-seran-tu-mejor-accesorio-en-esta-temporada\/","og_locale":"es_MX","og_type":"article","og_title":"Los sweaters con estampado de rayas ser\u00e1n tu mejor accesorio en esta temporada","og_description":"\u00a1Di hola a las rayas! Los sweaters con estampado de rayas se perfilan como una de las piezas m\u00e1s vers\u00e1tiles y funcionales de la temporada. Lejos de ser","og_url":"https:\/\/graziamagazine.com\/mx\/articles\/los-sweaters-con-estampado-de-rayas-seran-tu-mejor-accesorio-en-esta-temporada\/","og_site_name":"Grazia M\u00e9xico y Latinoam\u00e9rica","article_modified_time":"2025-10-27T22:46:06+00:00","og_image":[{"width":624,"height":304,"url":"https:\/\/graziamagazine.com\/mx\/wp-content\/uploads\/sites\/13\/2025\/10\/66-3.jpg","type":"image\/jpeg"}],"twitter_card":"summary_large_image","twitter_misc":{"Est. reading time":"3 minutos"},"schema":{"@context":"https:\/\/schema.org","@graph":[{"@type":"WebPage","@id":"https:\/\/graziamagazine.com\/mx\/articles\/los-sweaters-con-estampado-de-rayas-seran-tu-mejor-accesorio-en-esta-temporada\/","url":"https:\/\/graziamagazine.com\/mx\/articles\/los-sweaters-con-estampado-de-rayas-seran-tu-mejor-accesorio-en-esta-temporada\/","name":"Los sweaters con estampado de rayas ser\u00e1n tu mejor accesorio en esta temporada","isPartOf":{"@id":"https:\/\/graziamagazine.com\/mx\/#website"},"datePublished":"2025-10-27T22:43:29+00:00","dateModified":"2025-10-27T22:46:06+00:00","description":"\u00a1Di hola a las rayas! Los sweaters con estampado de rayas se perfilan como una de las piezas m\u00e1s vers\u00e1tiles y funcionales de la temporada. Lejos de ser","breadcrumb":{"@id":"https:\/\/graziamagazine.com\/mx\/articles\/los-sweaters-con-estampado-de-rayas-seran-tu-mejor-accesorio-en-esta-temporada\/#breadcrumb"},"inLanguage":"es-MX","potentialAction":[{"@type":"ReadAction","target":["https:\/\/graziamagazine.com\/mx\/articles\/los-sweaters-con-estampado-de-rayas-seran-tu-mejor-accesorio-en-esta-temporada\/"]}]},{"@type":"BreadcrumbList","@id":"https:\/\/graziamagazine.com\/mx\/articles\/los-sweaters-con-estampado-de-rayas-seran-tu-mejor-accesorio-en-esta-temporada\/#breadcrumb","itemListElement":[{"@type":"ListItem","position":1,"name":"Home","item":"https:\/\/graziamagazine.com\/mx\/"},{"@type":"ListItem","position":2,"name":"Los sweaters con estampado de rayas ser\u00e1n tu mejor accesorio en esta temporada"}]},{"@type":"WebSite","@id":"https:\/\/graziamagazine.com\/mx\/#website","url":"https:\/\/graziamagazine.com\/mx\/","name":"Grazia M\u00e9xico y Latinoam\u00e9rica","description":"Grazia es moda, belleza y noticias  de actualidad ","potentialAction":[{"@type":"SearchAction","target":{"@type":"EntryPoint","urlTemplate":"https:\/\/graziamagazine.com\/mx\/?s={search_term_string}"},"query-input":"required name=search_term_string"}],"inLanguage":"es-MX"}]}},"jetpack_sharing_enabled":true,"distributor_meta":false,"distributor_terms":false,"distributor_media":false,"distributor_original_site_name":"Grazia M\u00e9xico y Latinoam\u00e9rica","distributor_original_site_url":"https:\/\/graziamagazine.com\/mx","push-errors":false,"_links":{"self":[{"href":"https:\/\/graziamagazine.com\/mx\/wp-json\/wp\/v2\/articles\/160851"}],"collection":[{"href":"https:\/\/graziamagazine.com\/mx\/wp-json\/wp\/v2\/articles"}],"about":[{"href":"https:\/\/graziamagazine.com\/mx\/wp-json\/wp\/v2\/types\/articles"}],"author":[{"embeddable":true,"href":"https:\/\/graziamagazine.com\/mx\/wp-json\/wp\/v2\/users\/11628"}],"wp:featuredmedia":[{"embeddable":true,"href":"https:\/\/graziamagazine.com\/mx\/wp-json\/wp\/v2\/media\/160852"}],"wp:attachment":[{"href":"https:\/\/graziamagazine.com\/mx\/wp-json\/wp\/v2\/media?parent=160851"}],"wp:term":[{"taxonomy":"category","embeddable":true,"href":"https:\/\/graziamagazine.com\/mx\/wp-json\/wp\/v2\/categories?post=160851"}],"curies":[{"name":"wp","href":"https:\/\/api.w.org\/{rel}","templated":true}]}}