{"id":160734,"date":"2025-10-23T14:24:17","date_gmt":"2025-10-23T19:24:17","guid":{"rendered":"https:\/\/graziamagazine.com\/mx\/?post_type=articles&#038;p=160734"},"modified":"2025-10-23T14:34:35","modified_gmt":"2025-10-23T19:34:35","slug":"la-chaqueta-cafe-la-clave-del-otono-2025","status":"publish","type":"articles","link":"https:\/\/graziamagazine.com\/mx\/articles\/la-chaqueta-cafe-la-clave-del-otono-2025\/","title":{"rendered":"La Chaqueta Caf\u00e9: La Clave del Oto\u00f1o 2025"},"content":{"rendered":"<p data-start=\"506\" data-end=\"942\">A estas alturas del a\u00f1o, ya no hay duda: la chaqueta marr\u00f3n es el nuevo b\u00e1sico imprescindible del 2025. Las colecciones oto\u00f1o-invierno 2025\/2026 lo confirman, las tiendas la reinterpretan en todas sus versiones y las insiders de moda la han convertido en su sello personal. Desde el street style de Par\u00eds hasta los caf\u00e9s de Nueva York, la chaqueta marr\u00f3n se posiciona como un cl\u00e1sico contempor\u00e1neo que trasciende temporadas y estilos.<\/p>\n<p data-start=\"944\" data-end=\"1258\">El auge comenz\u00f3 con las chaquetas de ante, protagonistas de las pasarelas de Miu Miu, Ralph Lauren e Isabel Marant. Luego, las versiones de punto y lana entraron en juego, ofreciendo calidez y sofisticaci\u00f3n. Y hoy, la chaqueta de piel marr\u00f3n consolida la tendencia con una actitud moderna y un toque irreverente.<\/p>\n<p data-start=\"1260\" data-end=\"1483\">El secreto de su \u00e9xito radica en su versatilidad: combina con tonos neutros, con mezclas m\u00e1s atrevidas y funciona en cualquier ocasi\u00f3n. Desde un look de oficina hasta una cita informal, la chaqueta marr\u00f3n siempre acierta.<\/p>\n<h3 data-start=\"1485\" data-end=\"1529\"><strong data-start=\"1489\" data-end=\"1527\">La chaqueta marr\u00f3n de punto o lana<\/strong><\/h3>\n<div class=\"content-gallery\"><div class=\"gallery-placeholder\"><div class=\"spinner\"><\/div><\/div><span class=\"gallery-pagination\"><\/span><div id=\"gallery-1\" class=\"gallery galleryid-160734 gallery-columns- gallery-size-\"><figure class=\"gallery-item\"><div class=\"gallery-icon landscape\"><img loading=\"lazy\" decoding=\"async\" width=\"1200\" height=\"1803\" src=\"https:\/\/graziamagazine.com\/mx\/wp-content\/uploads\/sites\/13\/2025\/10\/ce3c0cd69794d0e2178e95fe90aae4e0.jpg\" class=\"lazy\" alt=\"\" srcset=\"https:\/\/graziamagazine.com\/mx\/wp-content\/uploads\/sites\/13\/2025\/10\/ce3c0cd69794d0e2178e95fe90aae4e0.jpg 1200w, https:\/\/graziamagazine.com\/mx\/wp-content\/uploads\/sites\/13\/2025\/10\/ce3c0cd69794d0e2178e95fe90aae4e0-300x450.jpg 300w, https:\/\/graziamagazine.com\/mx\/wp-content\/uploads\/sites\/13\/2025\/10\/ce3c0cd69794d0e2178e95fe90aae4e0-682x1024.jpg 682w, https:\/\/graziamagazine.com\/mx\/wp-content\/uploads\/sites\/13\/2025\/10\/ce3c0cd69794d0e2178e95fe90aae4e0-768x1154.jpg 768w, https:\/\/graziamagazine.com\/mx\/wp-content\/uploads\/sites\/13\/2025\/10\/ce3c0cd69794d0e2178e95fe90aae4e0-1022x1536.jpg 1022w, https:\/\/graziamagazine.com\/mx\/wp-content\/uploads\/sites\/13\/2025\/10\/ce3c0cd69794d0e2178e95fe90aae4e0-400x601.jpg 400w, https:\/\/graziamagazine.com\/mx\/wp-content\/uploads\/sites\/13\/2025\/10\/ce3c0cd69794d0e2178e95fe90aae4e0-143x215.jpg 143w\" sizes=\"(max-width: 1200px) 100vw, 1200px\" \/><\/div><\/figure><figure class=\"gallery-item\"><div class=\"gallery-icon landscape\"><img loading=\"lazy\" decoding=\"async\" width=\"1128\" height=\"1692\" src=\"https:\/\/graziamagazine.com\/mx\/wp-content\/uploads\/sites\/13\/2025\/10\/56dfb906c210c99478d7e2271404f323.jpg\" class=\"lazy\" alt=\"\" srcset=\"https:\/\/graziamagazine.com\/mx\/wp-content\/uploads\/sites\/13\/2025\/10\/56dfb906c210c99478d7e2271404f323.jpg 1128w, https:\/\/graziamagazine.com\/mx\/wp-content\/uploads\/sites\/13\/2025\/10\/56dfb906c210c99478d7e2271404f323-300x450.jpg 300w, https:\/\/graziamagazine.com\/mx\/wp-content\/uploads\/sites\/13\/2025\/10\/56dfb906c210c99478d7e2271404f323-683x1024.jpg 683w, https:\/\/graziamagazine.com\/mx\/wp-content\/uploads\/sites\/13\/2025\/10\/56dfb906c210c99478d7e2271404f323-768x1152.jpg 768w, https:\/\/graziamagazine.com\/mx\/wp-content\/uploads\/sites\/13\/2025\/10\/56dfb906c210c99478d7e2271404f323-1024x1536.jpg 1024w, https:\/\/graziamagazine.com\/mx\/wp-content\/uploads\/sites\/13\/2025\/10\/56dfb906c210c99478d7e2271404f323-400x600.jpg 400w, https:\/\/graziamagazine.com\/mx\/wp-content\/uploads\/sites\/13\/2025\/10\/56dfb906c210c99478d7e2271404f323-143x215.jpg 143w\" sizes=\"(max-width: 1128px) 100vw, 1128px\" \/><\/div><\/figure><figure class=\"gallery-item\"><div class=\"gallery-icon landscape\"><img loading=\"lazy\" decoding=\"async\" width=\"390\" height=\"585\" src=\"https:\/\/graziamagazine.com\/mx\/wp-content\/uploads\/sites\/13\/2025\/10\/1a3b2364c38ff2fc1fd0952a2c3ea670.jpg\" class=\"lazy\" alt=\"\" srcset=\"https:\/\/graziamagazine.com\/mx\/wp-content\/uploads\/sites\/13\/2025\/10\/1a3b2364c38ff2fc1fd0952a2c3ea670.jpg 390w, https:\/\/graziamagazine.com\/mx\/wp-content\/uploads\/sites\/13\/2025\/10\/1a3b2364c38ff2fc1fd0952a2c3ea670-300x450.jpg 300w, https:\/\/graziamagazine.com\/mx\/wp-content\/uploads\/sites\/13\/2025\/10\/1a3b2364c38ff2fc1fd0952a2c3ea670-143x215.jpg 143w\" sizes=\"(max-width: 390px) 100vw, 390px\" \/><\/div><\/figure><\/div><\/div>\n<p data-start=\"1530\" data-end=\"1815\">Perfecta para los d\u00edas m\u00e1s fr\u00edos, aporta una textura suave y acogedora que invita al confort sin perder estilo. Ll\u00e9vala con jeans rectos, camiseta blanca y botines, o sobre un vestido midi floral para un contraste rom\u00e1ntico. Es la versi\u00f3n m\u00e1s effortless y parisina de esta tendencia.<\/p>\n<h3 data-start=\"1817\" data-end=\"1853\"><strong data-start=\"1821\" data-end=\"1851\">La chaqueta de ante marr\u00f3n<\/strong><\/h3>\n<div class=\"content-gallery\"><div class=\"gallery-placeholder\"><div class=\"spinner\"><\/div><\/div><span class=\"gallery-pagination\"><\/span><div id=\"gallery-2\" class=\"gallery galleryid-160734 gallery-columns- gallery-size-\"><figure class=\"gallery-item\"><div class=\"gallery-icon landscape\"><img loading=\"lazy\" decoding=\"async\" width=\"1080\" height=\"1463\" src=\"https:\/\/graziamagazine.com\/mx\/wp-content\/uploads\/sites\/13\/2025\/10\/fa83232090a14bc64e1143649347dd26.jpg\" class=\"lazy\" alt=\"\" srcset=\"https:\/\/graziamagazine.com\/mx\/wp-content\/uploads\/sites\/13\/2025\/10\/fa83232090a14bc64e1143649347dd26.jpg 1080w, https:\/\/graziamagazine.com\/mx\/wp-content\/uploads\/sites\/13\/2025\/10\/fa83232090a14bc64e1143649347dd26-332x450.jpg 332w, https:\/\/graziamagazine.com\/mx\/wp-content\/uploads\/sites\/13\/2025\/10\/fa83232090a14bc64e1143649347dd26-756x1024.jpg 756w, https:\/\/graziamagazine.com\/mx\/wp-content\/uploads\/sites\/13\/2025\/10\/fa83232090a14bc64e1143649347dd26-768x1040.jpg 768w, https:\/\/graziamagazine.com\/mx\/wp-content\/uploads\/sites\/13\/2025\/10\/fa83232090a14bc64e1143649347dd26-400x542.jpg 400w, https:\/\/graziamagazine.com\/mx\/wp-content\/uploads\/sites\/13\/2025\/10\/fa83232090a14bc64e1143649347dd26-155x210.jpg 155w\" sizes=\"(max-width: 1080px) 100vw, 1080px\" \/><\/div><\/figure><figure class=\"gallery-item\"><div class=\"gallery-icon landscape\"><img loading=\"lazy\" decoding=\"async\" width=\"1179\" height=\"1444\" src=\"https:\/\/graziamagazine.com\/mx\/wp-content\/uploads\/sites\/13\/2025\/10\/ec1b0e597726e5d82d20b3179332bc60.jpg\" class=\"lazy\" alt=\"\" srcset=\"https:\/\/graziamagazine.com\/mx\/wp-content\/uploads\/sites\/13\/2025\/10\/ec1b0e597726e5d82d20b3179332bc60.jpg 1179w, https:\/\/graziamagazine.com\/mx\/wp-content\/uploads\/sites\/13\/2025\/10\/ec1b0e597726e5d82d20b3179332bc60-367x450.jpg 367w, https:\/\/graziamagazine.com\/mx\/wp-content\/uploads\/sites\/13\/2025\/10\/ec1b0e597726e5d82d20b3179332bc60-836x1024.jpg 836w, https:\/\/graziamagazine.com\/mx\/wp-content\/uploads\/sites\/13\/2025\/10\/ec1b0e597726e5d82d20b3179332bc60-768x941.jpg 768w, https:\/\/graziamagazine.com\/mx\/wp-content\/uploads\/sites\/13\/2025\/10\/ec1b0e597726e5d82d20b3179332bc60-400x490.jpg 400w, https:\/\/graziamagazine.com\/mx\/wp-content\/uploads\/sites\/13\/2025\/10\/ec1b0e597726e5d82d20b3179332bc60-155x190.jpg 155w\" sizes=\"(max-width: 1179px) 100vw, 1179px\" \/><\/div><\/figure><figure class=\"gallery-item\"><div class=\"gallery-icon landscape\"><img loading=\"lazy\" decoding=\"async\" width=\"736\" height=\"914\" src=\"https:\/\/graziamagazine.com\/mx\/wp-content\/uploads\/sites\/13\/2025\/10\/b19b24e88176f7fdd981f148c442bc1d.jpg\" class=\"lazy\" alt=\"\" srcset=\"https:\/\/graziamagazine.com\/mx\/wp-content\/uploads\/sites\/13\/2025\/10\/b19b24e88176f7fdd981f148c442bc1d.jpg 736w, https:\/\/graziamagazine.com\/mx\/wp-content\/uploads\/sites\/13\/2025\/10\/b19b24e88176f7fdd981f148c442bc1d-362x450.jpg 362w, https:\/\/graziamagazine.com\/mx\/wp-content\/uploads\/sites\/13\/2025\/10\/b19b24e88176f7fdd981f148c442bc1d-400x497.jpg 400w, https:\/\/graziamagazine.com\/mx\/wp-content\/uploads\/sites\/13\/2025\/10\/b19b24e88176f7fdd981f148c442bc1d-155x192.jpg 155w\" sizes=\"(max-width: 736px) 100vw, 736px\" \/><\/div><\/figure><\/div><\/div>\n<p data-start=\"1854\" data-end=\"2140\">Ic\u00f3nica y bohemia, evoca el esp\u00edritu de los 70 con un toque de nostalgia refinada. Comb\u00ednala con una blusa de seda y pantalones flare para un look retro chic, o con un total look denim para un aire m\u00e1s casual. Ideal para quienes buscan una prenda que hable de personalidad y libertad.<\/p>\n<h3 data-start=\"2142\" data-end=\"2178\"><strong data-start=\"2146\" data-end=\"2176\">La chaqueta de piel marr\u00f3n<\/strong><\/h3>\n<div class=\"content-gallery\"><div class=\"gallery-placeholder\"><div class=\"spinner\"><\/div><\/div><span class=\"gallery-pagination\"><\/span><div id=\"gallery-3\" class=\"gallery galleryid-160734 gallery-columns- gallery-size-\"><figure class=\"gallery-item\"><div class=\"gallery-icon landscape\"><img loading=\"lazy\" decoding=\"async\" width=\"750\" height=\"1125\" src=\"https:\/\/graziamagazine.com\/mx\/wp-content\/uploads\/sites\/13\/2025\/10\/1169bd568c65d253fd0318fa8f776ff2.jpg\" class=\"lazy\" alt=\"\" srcset=\"https:\/\/graziamagazine.com\/mx\/wp-content\/uploads\/sites\/13\/2025\/10\/1169bd568c65d253fd0318fa8f776ff2.jpg 750w, https:\/\/graziamagazine.com\/mx\/wp-content\/uploads\/sites\/13\/2025\/10\/1169bd568c65d253fd0318fa8f776ff2-300x450.jpg 300w, https:\/\/graziamagazine.com\/mx\/wp-content\/uploads\/sites\/13\/2025\/10\/1169bd568c65d253fd0318fa8f776ff2-683x1024.jpg 683w, https:\/\/graziamagazine.com\/mx\/wp-content\/uploads\/sites\/13\/2025\/10\/1169bd568c65d253fd0318fa8f776ff2-400x600.jpg 400w, https:\/\/graziamagazine.com\/mx\/wp-content\/uploads\/sites\/13\/2025\/10\/1169bd568c65d253fd0318fa8f776ff2-143x215.jpg 143w\" sizes=\"(max-width: 750px) 100vw, 750px\" \/><\/div><\/figure><figure class=\"gallery-item\"><div class=\"gallery-icon landscape\"><img loading=\"lazy\" decoding=\"async\" width=\"564\" height=\"639\" src=\"https:\/\/graziamagazine.com\/mx\/wp-content\/uploads\/sites\/13\/2025\/10\/845f5210fe47057d37a8ab7315a2e4c0.jpg\" class=\"lazy\" alt=\"\" srcset=\"https:\/\/graziamagazine.com\/mx\/wp-content\/uploads\/sites\/13\/2025\/10\/845f5210fe47057d37a8ab7315a2e4c0.jpg 564w, https:\/\/graziamagazine.com\/mx\/wp-content\/uploads\/sites\/13\/2025\/10\/845f5210fe47057d37a8ab7315a2e4c0-397x450.jpg 397w, https:\/\/graziamagazine.com\/mx\/wp-content\/uploads\/sites\/13\/2025\/10\/845f5210fe47057d37a8ab7315a2e4c0-400x453.jpg 400w, https:\/\/graziamagazine.com\/mx\/wp-content\/uploads\/sites\/13\/2025\/10\/845f5210fe47057d37a8ab7315a2e4c0-155x176.jpg 155w\" sizes=\"(max-width: 564px) 100vw, 564px\" \/><\/div><\/figure><figure class=\"gallery-item\"><div class=\"gallery-icon landscape\"><img loading=\"lazy\" decoding=\"async\" width=\"932\" height=\"1200\" src=\"https:\/\/graziamagazine.com\/mx\/wp-content\/uploads\/sites\/13\/2025\/10\/2c4367edf7bdc9b4e811873c6bfe5ecb.jpg\" class=\"lazy\" alt=\"\" srcset=\"https:\/\/graziamagazine.com\/mx\/wp-content\/uploads\/sites\/13\/2025\/10\/2c4367edf7bdc9b4e811873c6bfe5ecb.jpg 932w, https:\/\/graziamagazine.com\/mx\/wp-content\/uploads\/sites\/13\/2025\/10\/2c4367edf7bdc9b4e811873c6bfe5ecb-350x450.jpg 350w, https:\/\/graziamagazine.com\/mx\/wp-content\/uploads\/sites\/13\/2025\/10\/2c4367edf7bdc9b4e811873c6bfe5ecb-795x1024.jpg 795w, https:\/\/graziamagazine.com\/mx\/wp-content\/uploads\/sites\/13\/2025\/10\/2c4367edf7bdc9b4e811873c6bfe5ecb-768x989.jpg 768w, https:\/\/graziamagazine.com\/mx\/wp-content\/uploads\/sites\/13\/2025\/10\/2c4367edf7bdc9b4e811873c6bfe5ecb-400x515.jpg 400w, https:\/\/graziamagazine.com\/mx\/wp-content\/uploads\/sites\/13\/2025\/10\/2c4367edf7bdc9b4e811873c6bfe5ecb-155x200.jpg 155w\" sizes=\"(max-width: 932px) 100vw, 932px\" \/><\/div><\/figure><\/div><\/div>\n<p data-start=\"2179\" data-end=\"2477\">Audaz y contempor\u00e1nea, es la favorita de las fashionistas que aman el estilo urbano con un toque rebelde. Su brillo y estructura elevan cualquier conjunto. P\u00f3ntela con pantalones negros, camisa blanca y stilettos para un look de oficina con car\u00e1cter, o con falda mini y botas altas para la noche.<\/p>\n<p data-start=\"2479\" data-end=\"2731\">Desde el marr\u00f3n casta\u00f1o hasta el chocolate profundo, esta prenda encarna la elegancia c\u00e1lida del oto\u00f1o. La chaqueta marr\u00f3n no solo se lleva, se vive: es el nuevo statement de estilo para quien entiende que la sofisticaci\u00f3n tambi\u00e9n puede ser terrenal.<\/p>\n<p data-start=\"2479\" data-end=\"2731\"><em><strong>*IMAGEN: Google Images<\/strong><\/em><\/p>\n","protected":false},"author":28953,"featured_media":160736,"template":"","format":"standard","categories":[4],"acf":[],"yoast_head":"<!-- This site is optimized with the Yoast SEO Premium plugin v18.5 (Yoast SEO v20.4) - https:\/\/yoast.com\/wordpress\/plugins\/seo\/ -->\n<title>La Chaqueta Caf\u00e9: La Clave del Oto\u00f1o 2025<\/title>\n<meta name=\"description\" content=\"Vers\u00e1til, elegante y absolutamente necesaria. La chaqueta marr\u00f3n se corona como la prenda m\u00e1s poderosa y deseada del a\u00f1o.\" \/>\n<meta name=\"robots\" content=\"index, follow, max-snippet:-1, max-image-preview:large, max-video-preview:-1\" \/>\n<link rel=\"canonical\" href=\"https:\/\/graziamagazine.com\/mx\/articles\/la-chaqueta-cafe-la-clave-del-otono-2025\/\" \/>\n<meta property=\"og:locale\" content=\"es_MX\" \/>\n<meta property=\"og:type\" content=\"article\" \/>\n<meta property=\"og:title\" content=\"La Chaqueta Caf\u00e9: La Clave del Oto\u00f1o 2025\" \/>\n<meta property=\"og:description\" content=\"Vers\u00e1til, elegante y absolutamente necesaria. La chaqueta marr\u00f3n se corona como la prenda m\u00e1s poderosa y deseada del a\u00f1o.\" \/>\n<meta property=\"og:url\" content=\"https:\/\/graziamagazine.com\/mx\/articles\/la-chaqueta-cafe-la-clave-del-otono-2025\/\" \/>\n<meta property=\"og:site_name\" content=\"Grazia M\u00e9xico y Latinoam\u00e9rica\" \/>\n<meta property=\"article:modified_time\" content=\"2025-10-23T19:34:35+00:00\" \/>\n<meta property=\"og:image\" content=\"https:\/\/graziamagazine.com\/mx\/wp-content\/uploads\/sites\/13\/2025\/10\/9f71e1879c44bd8a81d9fc1e05b27567-e1761247944995.jpg\" \/>\n\t<meta property=\"og:image:width\" content=\"736\" \/>\n\t<meta property=\"og:image:height\" content=\"570\" \/>\n\t<meta property=\"og:image:type\" content=\"image\/jpeg\" \/>\n<meta name=\"twitter:card\" content=\"summary_large_image\" \/>\n<meta name=\"twitter:label1\" content=\"Est. reading time\" \/>\n\t<meta name=\"twitter:data1\" content=\"2 minutos\" \/>\n<script type=\"application\/ld+json\" class=\"yoast-schema-graph\">{\"@context\":\"https:\/\/schema.org\",\"@graph\":[{\"@type\":\"WebPage\",\"@id\":\"https:\/\/graziamagazine.com\/mx\/articles\/la-chaqueta-cafe-la-clave-del-otono-2025\/\",\"url\":\"https:\/\/graziamagazine.com\/mx\/articles\/la-chaqueta-cafe-la-clave-del-otono-2025\/\",\"name\":\"La Chaqueta Caf\u00e9: La Clave del Oto\u00f1o 2025\",\"isPartOf\":{\"@id\":\"https:\/\/graziamagazine.com\/mx\/#website\"},\"datePublished\":\"2025-10-23T19:24:17+00:00\",\"dateModified\":\"2025-10-23T19:34:35+00:00\",\"description\":\"Vers\u00e1til, elegante y absolutamente necesaria. La chaqueta marr\u00f3n se corona como la prenda m\u00e1s poderosa y deseada del a\u00f1o.\",\"breadcrumb\":{\"@id\":\"https:\/\/graziamagazine.com\/mx\/articles\/la-chaqueta-cafe-la-clave-del-otono-2025\/#breadcrumb\"},\"inLanguage\":\"es-MX\",\"potentialAction\":[{\"@type\":\"ReadAction\",\"target\":[\"https:\/\/graziamagazine.com\/mx\/articles\/la-chaqueta-cafe-la-clave-del-otono-2025\/\"]}]},{\"@type\":\"BreadcrumbList\",\"@id\":\"https:\/\/graziamagazine.com\/mx\/articles\/la-chaqueta-cafe-la-clave-del-otono-2025\/#breadcrumb\",\"itemListElement\":[{\"@type\":\"ListItem\",\"position\":1,\"name\":\"Home\",\"item\":\"https:\/\/graziamagazine.com\/mx\/\"},{\"@type\":\"ListItem\",\"position\":2,\"name\":\"La Chaqueta Caf\u00e9: La Clave del Oto\u00f1o 2025\"}]},{\"@type\":\"WebSite\",\"@id\":\"https:\/\/graziamagazine.com\/mx\/#website\",\"url\":\"https:\/\/graziamagazine.com\/mx\/\",\"name\":\"Grazia M\u00e9xico y Latinoam\u00e9rica\",\"description\":\"Grazia es moda, belleza y noticias  de actualidad \",\"potentialAction\":[{\"@type\":\"SearchAction\",\"target\":{\"@type\":\"EntryPoint\",\"urlTemplate\":\"https:\/\/graziamagazine.com\/mx\/?s={search_term_string}\"},\"query-input\":\"required name=search_term_string\"}],\"inLanguage\":\"es-MX\"}]}<\/script>\n<!-- \/ Yoast SEO Premium plugin. -->","yoast_head_json":{"title":"La Chaqueta Caf\u00e9: La Clave del Oto\u00f1o 2025","description":"Vers\u00e1til, elegante y absolutamente necesaria. La chaqueta marr\u00f3n se corona como la prenda m\u00e1s poderosa y deseada del a\u00f1o.","robots":{"index":"index","follow":"follow","max-snippet":"max-snippet:-1","max-image-preview":"max-image-preview:large","max-video-preview":"max-video-preview:-1"},"canonical":"https:\/\/graziamagazine.com\/mx\/articles\/la-chaqueta-cafe-la-clave-del-otono-2025\/","og_locale":"es_MX","og_type":"article","og_title":"La Chaqueta Caf\u00e9: La Clave del Oto\u00f1o 2025","og_description":"Vers\u00e1til, elegante y absolutamente necesaria. La chaqueta marr\u00f3n se corona como la prenda m\u00e1s poderosa y deseada del a\u00f1o.","og_url":"https:\/\/graziamagazine.com\/mx\/articles\/la-chaqueta-cafe-la-clave-del-otono-2025\/","og_site_name":"Grazia M\u00e9xico y Latinoam\u00e9rica","article_modified_time":"2025-10-23T19:34:35+00:00","og_image":[{"width":736,"height":570,"url":"https:\/\/graziamagazine.com\/mx\/wp-content\/uploads\/sites\/13\/2025\/10\/9f71e1879c44bd8a81d9fc1e05b27567-e1761247944995.jpg","type":"image\/jpeg"}],"twitter_card":"summary_large_image","twitter_misc":{"Est. reading time":"2 minutos"},"schema":{"@context":"https:\/\/schema.org","@graph":[{"@type":"WebPage","@id":"https:\/\/graziamagazine.com\/mx\/articles\/la-chaqueta-cafe-la-clave-del-otono-2025\/","url":"https:\/\/graziamagazine.com\/mx\/articles\/la-chaqueta-cafe-la-clave-del-otono-2025\/","name":"La Chaqueta Caf\u00e9: La Clave del Oto\u00f1o 2025","isPartOf":{"@id":"https:\/\/graziamagazine.com\/mx\/#website"},"datePublished":"2025-10-23T19:24:17+00:00","dateModified":"2025-10-23T19:34:35+00:00","description":"Vers\u00e1til, elegante y absolutamente necesaria. La chaqueta marr\u00f3n se corona como la prenda m\u00e1s poderosa y deseada del a\u00f1o.","breadcrumb":{"@id":"https:\/\/graziamagazine.com\/mx\/articles\/la-chaqueta-cafe-la-clave-del-otono-2025\/#breadcrumb"},"inLanguage":"es-MX","potentialAction":[{"@type":"ReadAction","target":["https:\/\/graziamagazine.com\/mx\/articles\/la-chaqueta-cafe-la-clave-del-otono-2025\/"]}]},{"@type":"BreadcrumbList","@id":"https:\/\/graziamagazine.com\/mx\/articles\/la-chaqueta-cafe-la-clave-del-otono-2025\/#breadcrumb","itemListElement":[{"@type":"ListItem","position":1,"name":"Home","item":"https:\/\/graziamagazine.com\/mx\/"},{"@type":"ListItem","position":2,"name":"La Chaqueta Caf\u00e9: La Clave del Oto\u00f1o 2025"}]},{"@type":"WebSite","@id":"https:\/\/graziamagazine.com\/mx\/#website","url":"https:\/\/graziamagazine.com\/mx\/","name":"Grazia M\u00e9xico y Latinoam\u00e9rica","description":"Grazia es moda, belleza y noticias  de actualidad ","potentialAction":[{"@type":"SearchAction","target":{"@type":"EntryPoint","urlTemplate":"https:\/\/graziamagazine.com\/mx\/?s={search_term_string}"},"query-input":"required name=search_term_string"}],"inLanguage":"es-MX"}]}},"jetpack_sharing_enabled":true,"distributor_meta":false,"distributor_terms":false,"distributor_media":false,"distributor_original_site_name":"Grazia M\u00e9xico y Latinoam\u00e9rica","distributor_original_site_url":"https:\/\/graziamagazine.com\/mx","push-errors":false,"_links":{"self":[{"href":"https:\/\/graziamagazine.com\/mx\/wp-json\/wp\/v2\/articles\/160734"}],"collection":[{"href":"https:\/\/graziamagazine.com\/mx\/wp-json\/wp\/v2\/articles"}],"about":[{"href":"https:\/\/graziamagazine.com\/mx\/wp-json\/wp\/v2\/types\/articles"}],"author":[{"embeddable":true,"href":"https:\/\/graziamagazine.com\/mx\/wp-json\/wp\/v2\/users\/28953"}],"wp:featuredmedia":[{"embeddable":true,"href":"https:\/\/graziamagazine.com\/mx\/wp-json\/wp\/v2\/media\/160736"}],"wp:attachment":[{"href":"https:\/\/graziamagazine.com\/mx\/wp-json\/wp\/v2\/media?parent=160734"}],"wp:term":[{"taxonomy":"category","embeddable":true,"href":"https:\/\/graziamagazine.com\/mx\/wp-json\/wp\/v2\/categories?post=160734"}],"curies":[{"name":"wp","href":"https:\/\/api.w.org\/{rel}","templated":true}]}}