{"id":159427,"date":"2025-10-16T14:45:10","date_gmt":"2025-10-16T19:45:10","guid":{"rendered":"https:\/\/graziamagazine.com\/mx\/?post_type=articles&#038;p=159427"},"modified":"2025-10-21T14:11:04","modified_gmt":"2025-10-21T19:11:04","slug":"dormir-mejor-con-tecnologia-como-apple-redefine-el-descanso","status":"publish","type":"articles","link":"https:\/\/graziamagazine.com\/mx\/articles\/dormir-mejor-con-tecnologia-como-apple-redefine-el-descanso\/","title":{"rendered":"Dormir mejor con tecnolog\u00eda: c\u00f3mo Apple redefine el descanso"},"content":{"rendered":"<p><strong>Dr. Matt Bianchi, l\u00edder en salud del sue\u00f1o de Apple, explica c\u00f3mo el Apple Watch ayuda a entender y mejorar la calidad del descanso<\/strong><\/p>\n<p>Dormir bien se ha convertido en uno de los mayores lujos de la vida moderna. Entre notificaciones, estr\u00e9s y rutinas interminables, lograr un descanso profundo es una meta compartida por millones de personas. Pero hoy, la tecnolog\u00eda \u2014lejos de ser un enemigo del sue\u00f1o\u2014 se est\u00e1 convirtiendo en una aliada. En conversaci\u00f3n con Grazia, el Dr. Matt Bianchi, especialista en sue\u00f1o y responsable de los avances de salud en Apple, explica c\u00f3mo el Apple Watch busca transformar la manera en que entendemos y cuidamos nuestras horas de descanso.<\/p>\n<p><img loading=\"lazy\" decoding=\"async\" class=\"alignnone size-full wp-image-160596\" src=\"https:\/\/graziamagazine.com\/mx\/wp-content\/uploads\/sites\/13\/2025\/10\/Apple-Watch-Series-11-sleep-score-Health-app-250909-scaled.jpg\" alt=\"\" width=\"2103\" height=\"2560\" srcset=\"https:\/\/graziamagazine.com\/mx\/wp-content\/uploads\/sites\/13\/2025\/10\/Apple-Watch-Series-11-sleep-score-Health-app-250909-scaled.jpg 2103w, https:\/\/graziamagazine.com\/mx\/wp-content\/uploads\/sites\/13\/2025\/10\/Apple-Watch-Series-11-sleep-score-Health-app-250909-370x450.jpg 370w, https:\/\/graziamagazine.com\/mx\/wp-content\/uploads\/sites\/13\/2025\/10\/Apple-Watch-Series-11-sleep-score-Health-app-250909-841x1024.jpg 841w, https:\/\/graziamagazine.com\/mx\/wp-content\/uploads\/sites\/13\/2025\/10\/Apple-Watch-Series-11-sleep-score-Health-app-250909-768x935.jpg 768w, https:\/\/graziamagazine.com\/mx\/wp-content\/uploads\/sites\/13\/2025\/10\/Apple-Watch-Series-11-sleep-score-Health-app-250909-1262x1536.jpg 1262w, https:\/\/graziamagazine.com\/mx\/wp-content\/uploads\/sites\/13\/2025\/10\/Apple-Watch-Series-11-sleep-score-Health-app-250909-1682x2048.jpg 1682w, https:\/\/graziamagazine.com\/mx\/wp-content\/uploads\/sites\/13\/2025\/10\/Apple-Watch-Series-11-sleep-score-Health-app-250909-400x487.jpg 400w, https:\/\/graziamagazine.com\/mx\/wp-content\/uploads\/sites\/13\/2025\/10\/Apple-Watch-Series-11-sleep-score-Health-app-250909-155x189.jpg 155w\" sizes=\"(max-width: 2103px) 100vw, 2103px\" \/><\/p>\n<p>El sue\u00f1o no es un complemento del bienestar, sino uno de sus pilares. \u201cEn el mundo m\u00e9dico, el sue\u00f1o es un reflejo directo de la salud integral\u201d, explica el Dr. Bianchi. \u201cCreemos que entenderlo puede cambiar la forma en que las personas piensan sobre su bienestar general. Queremos ofrecer informaci\u00f3n clara, \u00fatil y accesible que les ayude a tomar decisiones positivas cada d\u00eda\u201d.<\/p>\n<p>El Apple Watch\u00a0 lleva a\u00f1os evolucionando en este prop\u00f3sito: desde las primeras funciones de wind down (preparaci\u00f3n para dormir) y el modo de concentraci\u00f3n nocturno, hasta la integraci\u00f3n de las etapas del sue\u00f1o, tendencias de descanso y, m\u00e1s recientemente, el Sleep Score, un puntaje de 0 a 100 que resume c\u00f3mo dormiste cada noche. Este sistema no solo cuantifica, sino que tambi\u00e9n traduce los datos en informaci\u00f3n comprensible: cu\u00e1nto tiempo dormiste, cu\u00e1ntas veces te despertaste o qu\u00e9 tan constantes son tus horarios.<\/p>\n<p>\u201cEl objetivo es hacerlo simple\u201d, aclara Bianchi. \u201cQueremos que la gente pueda celebrar lo que est\u00e1 haciendo bien y ver claramente lo que puede mejorar. No hay misterio: es un proceso abierto y transparente\u201d.<\/p>\n<p>Para calibrar este puntaje, Apple no se qued\u00f3 en los laboratorios. Lo hizo con base en el Apple Heart and Movement Study, un proyecto con m\u00e1s de 70,000 participantes y m\u00e1s de 5 millones de noches registradas. Esta base cient\u00edfica permiti\u00f3 que los algoritmos reflejaran c\u00f3mo se comporta el sue\u00f1o en la vida real, no en condiciones controladas.<\/p>\n<figure id=\"attachment_149822\" aria-describedby=\"caption-attachment-149822\" style=\"width: 1600px\" class=\"wp-caption alignnone\"><img loading=\"lazy\" decoding=\"async\" class=\"size-full wp-image-149822\" src=\"https:\/\/graziamagazine.com\/mx\/wp-content\/uploads\/sites\/13\/2025\/04\/resetear.jpg\" alt=\"Melatonina: Clave Para Buen Descanso\" width=\"1600\" height=\"1600\" srcset=\"https:\/\/graziamagazine.com\/mx\/wp-content\/uploads\/sites\/13\/2025\/04\/resetear.jpg 1600w, https:\/\/graziamagazine.com\/mx\/wp-content\/uploads\/sites\/13\/2025\/04\/resetear-450x450.jpg 450w, https:\/\/graziamagazine.com\/mx\/wp-content\/uploads\/sites\/13\/2025\/04\/resetear-1024x1024.jpg 1024w, https:\/\/graziamagazine.com\/mx\/wp-content\/uploads\/sites\/13\/2025\/04\/resetear-150x150.jpg 150w, https:\/\/graziamagazine.com\/mx\/wp-content\/uploads\/sites\/13\/2025\/04\/resetear-768x768.jpg 768w, https:\/\/graziamagazine.com\/mx\/wp-content\/uploads\/sites\/13\/2025\/04\/resetear-1536x1536.jpg 1536w, https:\/\/graziamagazine.com\/mx\/wp-content\/uploads\/sites\/13\/2025\/04\/resetear-400x400.jpg 400w, https:\/\/graziamagazine.com\/mx\/wp-content\/uploads\/sites\/13\/2025\/04\/resetear-155x155.jpg 155w\" sizes=\"(max-width: 1600px) 100vw, 1600px\" \/><figcaption id=\"caption-attachment-149822\" class=\"wp-caption-text\">Melatonina: Clave Para Buen Descanso<\/figcaption><\/figure>\n<p><strong>El valor de entender tus fases de sue\u00f1o<\/strong><\/p>\n<p>El Apple Watch analiza las diferentes etapas: sue\u00f1o REM, profundo, central y despertares. Pero, seg\u00fan el Dr. Bianchi, lo importante no es obsesionarse con cada fase, sino entender su prop\u00f3sito.<\/p>\n<blockquote><p>\u201cMuchas personas piensan que el sue\u00f1o ligero no sirve, y no es as\u00ed. Nosotros lo llamamos sleep core porque representa la mayor parte de la noche y es completamente normal\u201d, dice.<\/p><\/blockquote>\n<p>La precisi\u00f3n de la medici\u00f3n no busca generar ansiedad, sino educaci\u00f3n. Por eso, el REM y el sue\u00f1o profundo solo influyen ligeramente en el puntaje total. \u201cTomamos la gu\u00eda de instituciones como la Academia Nacional del Sue\u00f1o, que recomiendan no preocuparse demasiado por los detalles t\u00e9cnicos, sino enfocarse en los h\u00e1bitos que realmente mejoran la calidad del descanso\u201d.<\/p>\n<p><img loading=\"lazy\" decoding=\"async\" class=\"alignnone size-full wp-image-160597\" src=\"https:\/\/graziamagazine.com\/mx\/wp-content\/uploads\/sites\/13\/2025\/10\/Apple-Watch-Series-11-sleep-score-250909-scaled.jpg\" alt=\"\" width=\"2560\" height=\"2560\" srcset=\"https:\/\/graziamagazine.com\/mx\/wp-content\/uploads\/sites\/13\/2025\/10\/Apple-Watch-Series-11-sleep-score-250909-scaled.jpg 2560w, https:\/\/graziamagazine.com\/mx\/wp-content\/uploads\/sites\/13\/2025\/10\/Apple-Watch-Series-11-sleep-score-250909-450x450.jpg 450w, https:\/\/graziamagazine.com\/mx\/wp-content\/uploads\/sites\/13\/2025\/10\/Apple-Watch-Series-11-sleep-score-250909-1024x1024.jpg 1024w, https:\/\/graziamagazine.com\/mx\/wp-content\/uploads\/sites\/13\/2025\/10\/Apple-Watch-Series-11-sleep-score-250909-150x150.jpg 150w, https:\/\/graziamagazine.com\/mx\/wp-content\/uploads\/sites\/13\/2025\/10\/Apple-Watch-Series-11-sleep-score-250909-768x768.jpg 768w, https:\/\/graziamagazine.com\/mx\/wp-content\/uploads\/sites\/13\/2025\/10\/Apple-Watch-Series-11-sleep-score-250909-1536x1536.jpg 1536w, https:\/\/graziamagazine.com\/mx\/wp-content\/uploads\/sites\/13\/2025\/10\/Apple-Watch-Series-11-sleep-score-250909-2048x2048.jpg 2048w, https:\/\/graziamagazine.com\/mx\/wp-content\/uploads\/sites\/13\/2025\/10\/Apple-Watch-Series-11-sleep-score-250909-400x400.jpg 400w, https:\/\/graziamagazine.com\/mx\/wp-content\/uploads\/sites\/13\/2025\/10\/Apple-Watch-Series-11-sleep-score-250909-155x155.jpg 155w\" sizes=\"(max-width: 2560px) 100vw, 2560px\" \/><\/p>\n<p><strong>El h\u00e1bito m\u00e1s poderoso: la constancia<\/strong><\/p>\n<p>Entre millones de usuarios, el patr\u00f3n m\u00e1s claro que han identificado es la importancia de mantener un horario regular. \u201cLas personas que se acuestan y despiertan a la misma hora todos los d\u00edas duermen mejor y se sienten mejor al d\u00eda siguiente. Tienen menos estr\u00e9s y m\u00e1s energ\u00eda para ejercitarse\u201d, comparte Bianchi.<\/p>\n<p>El equilibrio entre tecnolog\u00eda y bienestar tambi\u00e9n est\u00e1 en saber cu\u00e1ndo desconectarse. Por eso, el Apple Watch incluye el modo descanso, que ayuda a minimizar distracciones durante la noche. \u201cNo queremos que el dispositivo sea una fuente constante de notificaciones\u201d, dice. \u201cQueremos que las personas est\u00e9n en control, que protejan su tiempo de sue\u00f1o y se sientan acompa\u00f1adas, no invadidas\u201d.<\/p>\n<p><strong>Privacidad y control: la base del ecosistema de salud<\/strong><\/p>\n<p>Hablar de sue\u00f1o es hablar de informaci\u00f3n personal. \u201cTratamos los datos de salud como si fueran una conversaci\u00f3n con tu m\u00e9dico\u201d, asegura Bianchi. \u201cT\u00fa decides qu\u00e9 compartir, con qui\u00e9n y cu\u00e1ndo. Apple no tiene acceso a esa informaci\u00f3n, a menos que el usuario d\u00e9 su consentimiento expl\u00edcito\u201d.<\/p>\n<p>Esa filosof\u00eda se extiende a los estudios cient\u00edficos de la compa\u00f1\u00eda, donde cada participante firma un consentimiento informado antes de compartir sus datos. Adem\u00e1s, el iPhone permite que los usuarios env\u00eden sus m\u00e9tricas de salud a su m\u00e9dico o a un ser querido de forma segura, directamente desde la app Salud.<\/p>\n<p><img loading=\"lazy\" decoding=\"async\" class=\"alignnone size-full wp-image-160598\" src=\"https:\/\/graziamagazine.com\/mx\/wp-content\/uploads\/sites\/13\/2025\/10\/Apple-Watch-Series-11-Workout-250909-scaled.jpg\" alt=\"\" width=\"2560\" height=\"2560\" srcset=\"https:\/\/graziamagazine.com\/mx\/wp-content\/uploads\/sites\/13\/2025\/10\/Apple-Watch-Series-11-Workout-250909-scaled.jpg 2560w, https:\/\/graziamagazine.com\/mx\/wp-content\/uploads\/sites\/13\/2025\/10\/Apple-Watch-Series-11-Workout-250909-450x450.jpg 450w, https:\/\/graziamagazine.com\/mx\/wp-content\/uploads\/sites\/13\/2025\/10\/Apple-Watch-Series-11-Workout-250909-1024x1024.jpg 1024w, https:\/\/graziamagazine.com\/mx\/wp-content\/uploads\/sites\/13\/2025\/10\/Apple-Watch-Series-11-Workout-250909-150x150.jpg 150w, https:\/\/graziamagazine.com\/mx\/wp-content\/uploads\/sites\/13\/2025\/10\/Apple-Watch-Series-11-Workout-250909-768x768.jpg 768w, https:\/\/graziamagazine.com\/mx\/wp-content\/uploads\/sites\/13\/2025\/10\/Apple-Watch-Series-11-Workout-250909-1536x1536.jpg 1536w, https:\/\/graziamagazine.com\/mx\/wp-content\/uploads\/sites\/13\/2025\/10\/Apple-Watch-Series-11-Workout-250909-2048x2048.jpg 2048w, https:\/\/graziamagazine.com\/mx\/wp-content\/uploads\/sites\/13\/2025\/10\/Apple-Watch-Series-11-Workout-250909-400x400.jpg 400w, https:\/\/graziamagazine.com\/mx\/wp-content\/uploads\/sites\/13\/2025\/10\/Apple-Watch-Series-11-Workout-250909-155x155.jpg 155w\" sizes=\"(max-width: 2560px) 100vw, 2560px\" \/><\/p>\n<p><strong>Dormir bien, moverse mejor<\/strong><\/p>\n<p>De todos los hallazgos que hna hecho a partir de sus estudios, uno destaca por su sencillez y su impacto: las personas que duermen mejor tambi\u00e9n son m\u00e1s activas. \u201cDescubrimos que quienes tienen mejores Sleep Scores tienden a hacer m\u00e1s actividad\u201d, revela Bianchi. \u201cEso nos muestra que el descanso y el movimiento est\u00e1n profundamente conectados\u201d.<\/p>\n<p>El propio Dr. Bianchi usa un Apple Watch cada noche. \u201cMe ayuda a vivir lo que viven los usuarios\u201d, confiesa. \u201cComo m\u00e9dico, puedo ver los datos desde la ciencia, pero como usuario los entiendo desde la experiencia. Eso nos permite construir herramientas que realmente ayudan a las personas\u201d.<\/p>\n<p>Dormir ya no se trata solo de cerrar los ojos, sino de entender lo que ocurre mientras descansamos. Y en ese proceso, la tecnolog\u00eda se convierte en una aliada silenciosa: mide, traduce y acompa\u00f1a.<br \/>\nPorque, como concluye el Dr. Bianchi, \u201ccuando haces del sue\u00f1o una prioridad, todo lo dem\u00e1s \u2014tu energ\u00eda, tu humor, tu salud\u2014 empieza a alinearse\u201d.<\/p>\n<p><img loading=\"lazy\" decoding=\"async\" class=\"alignnone size-full wp-image-130337\" src=\"https:\/\/graziamagazine.com\/mx\/wp-content\/uploads\/sites\/13\/2023\/10\/img_sresola_20200401-190926_imagenes_lv_getty_gettyimages-1092323384-kWFI-U48260807847JgD-992x558@LaVanguardia-Web.jpg\" alt=\"Cinco actividades que te ayudar\u00e1n a lograr el bienestar f\u00edsico y mental en tu vuelta a la &quot;nueva normalidad&quot;\" width=\"992\" height=\"558\" \/><\/p>\n","protected":false},"author":42739,"featured_media":142525,"template":"","format":"standard","categories":[114,9864],"acf":[],"yoast_head":"<!-- This site is optimized with the Yoast SEO Premium plugin v18.5 (Yoast SEO v20.4) - https:\/\/yoast.com\/wordpress\/plugins\/seo\/ -->\n<title>Dormir mejor con tecnolog\u00eda: c\u00f3mo Apple redefine el descanso | Grazia M\u00e9xico y Latinoam\u00e9rica<\/title>\n<meta name=\"description\" content=\"Dr. Matt Bianchi, l\u00edder en salud del sue\u00f1o de Apple, explica c\u00f3mo el Apple Watch ayuda a entender y mejorar la calidad del descanso Dormir bien se ha\" \/>\n<meta name=\"robots\" content=\"index, follow, max-snippet:-1, max-image-preview:large, max-video-preview:-1\" \/>\n<link rel=\"canonical\" href=\"https:\/\/graziamagazine.com\/mx\/articles\/dormir-mejor-con-tecnologia-como-apple-redefine-el-descanso\/\" \/>\n<meta property=\"og:locale\" content=\"es_MX\" \/>\n<meta property=\"og:type\" content=\"article\" \/>\n<meta property=\"og:title\" content=\"Dormir mejor con tecnolog\u00eda: c\u00f3mo Apple redefine el descanso\" \/>\n<meta property=\"og:description\" content=\"Dr. Matt Bianchi, l\u00edder en salud del sue\u00f1o de Apple, explica c\u00f3mo el Apple Watch ayuda a entender y mejorar la calidad del descanso Dormir bien se ha\" \/>\n<meta property=\"og:url\" content=\"https:\/\/graziamagazine.com\/mx\/articles\/dormir-mejor-con-tecnologia-como-apple-redefine-el-descanso\/\" \/>\n<meta property=\"og:site_name\" content=\"Grazia M\u00e9xico y Latinoam\u00e9rica\" \/>\n<meta property=\"article:modified_time\" content=\"2025-10-21T19:11:04+00:00\" \/>\n<meta property=\"og:image\" content=\"https:\/\/graziamagazine.com\/mx\/wp-content\/uploads\/sites\/13\/2024\/10\/dormir241002.jpg\" \/>\n\t<meta property=\"og:image:width\" content=\"1024\" \/>\n\t<meta property=\"og:image:height\" content=\"768\" \/>\n\t<meta property=\"og:image:type\" content=\"image\/jpeg\" \/>\n<meta name=\"twitter:card\" content=\"summary_large_image\" \/>\n<meta name=\"twitter:label1\" content=\"Est. reading time\" \/>\n\t<meta name=\"twitter:data1\" content=\"6 minutos\" \/>\n<script type=\"application\/ld+json\" class=\"yoast-schema-graph\">{\"@context\":\"https:\/\/schema.org\",\"@graph\":[{\"@type\":\"WebPage\",\"@id\":\"https:\/\/graziamagazine.com\/mx\/articles\/dormir-mejor-con-tecnologia-como-apple-redefine-el-descanso\/\",\"url\":\"https:\/\/graziamagazine.com\/mx\/articles\/dormir-mejor-con-tecnologia-como-apple-redefine-el-descanso\/\",\"name\":\"Dormir mejor con tecnolog\u00eda: c\u00f3mo Apple redefine el descanso | Grazia M\u00e9xico y Latinoam\u00e9rica\",\"isPartOf\":{\"@id\":\"https:\/\/graziamagazine.com\/mx\/#website\"},\"datePublished\":\"2025-10-16T19:45:10+00:00\",\"dateModified\":\"2025-10-21T19:11:04+00:00\",\"description\":\"Dr. Matt Bianchi, l\u00edder en salud del sue\u00f1o de Apple, explica c\u00f3mo el Apple Watch ayuda a entender y mejorar la calidad del descanso Dormir bien se ha\",\"breadcrumb\":{\"@id\":\"https:\/\/graziamagazine.com\/mx\/articles\/dormir-mejor-con-tecnologia-como-apple-redefine-el-descanso\/#breadcrumb\"},\"inLanguage\":\"es-MX\",\"potentialAction\":[{\"@type\":\"ReadAction\",\"target\":[\"https:\/\/graziamagazine.com\/mx\/articles\/dormir-mejor-con-tecnologia-como-apple-redefine-el-descanso\/\"]}]},{\"@type\":\"BreadcrumbList\",\"@id\":\"https:\/\/graziamagazine.com\/mx\/articles\/dormir-mejor-con-tecnologia-como-apple-redefine-el-descanso\/#breadcrumb\",\"itemListElement\":[{\"@type\":\"ListItem\",\"position\":1,\"name\":\"Home\",\"item\":\"https:\/\/graziamagazine.com\/mx\/\"},{\"@type\":\"ListItem\",\"position\":2,\"name\":\"Dormir mejor con tecnolog\u00eda: c\u00f3mo Apple redefine el descanso\"}]},{\"@type\":\"WebSite\",\"@id\":\"https:\/\/graziamagazine.com\/mx\/#website\",\"url\":\"https:\/\/graziamagazine.com\/mx\/\",\"name\":\"Grazia M\u00e9xico y Latinoam\u00e9rica\",\"description\":\"Grazia es moda, belleza y noticias  de actualidad \",\"potentialAction\":[{\"@type\":\"SearchAction\",\"target\":{\"@type\":\"EntryPoint\",\"urlTemplate\":\"https:\/\/graziamagazine.com\/mx\/?s={search_term_string}\"},\"query-input\":\"required name=search_term_string\"}],\"inLanguage\":\"es-MX\"}]}<\/script>\n<!-- \/ Yoast SEO Premium plugin. -->","yoast_head_json":{"title":"Dormir mejor con tecnolog\u00eda: c\u00f3mo Apple redefine el descanso | Grazia M\u00e9xico y Latinoam\u00e9rica","description":"Dr. Matt Bianchi, l\u00edder en salud del sue\u00f1o de Apple, explica c\u00f3mo el Apple Watch ayuda a entender y mejorar la calidad del descanso Dormir bien se ha","robots":{"index":"index","follow":"follow","max-snippet":"max-snippet:-1","max-image-preview":"max-image-preview:large","max-video-preview":"max-video-preview:-1"},"canonical":"https:\/\/graziamagazine.com\/mx\/articles\/dormir-mejor-con-tecnologia-como-apple-redefine-el-descanso\/","og_locale":"es_MX","og_type":"article","og_title":"Dormir mejor con tecnolog\u00eda: c\u00f3mo Apple redefine el descanso","og_description":"Dr. Matt Bianchi, l\u00edder en salud del sue\u00f1o de Apple, explica c\u00f3mo el Apple Watch ayuda a entender y mejorar la calidad del descanso Dormir bien se ha","og_url":"https:\/\/graziamagazine.com\/mx\/articles\/dormir-mejor-con-tecnologia-como-apple-redefine-el-descanso\/","og_site_name":"Grazia M\u00e9xico y Latinoam\u00e9rica","article_modified_time":"2025-10-21T19:11:04+00:00","og_image":[{"width":1024,"height":768,"url":"https:\/\/graziamagazine.com\/mx\/wp-content\/uploads\/sites\/13\/2024\/10\/dormir241002.jpg","type":"image\/jpeg"}],"twitter_card":"summary_large_image","twitter_misc":{"Est. reading time":"6 minutos"},"schema":{"@context":"https:\/\/schema.org","@graph":[{"@type":"WebPage","@id":"https:\/\/graziamagazine.com\/mx\/articles\/dormir-mejor-con-tecnologia-como-apple-redefine-el-descanso\/","url":"https:\/\/graziamagazine.com\/mx\/articles\/dormir-mejor-con-tecnologia-como-apple-redefine-el-descanso\/","name":"Dormir mejor con tecnolog\u00eda: c\u00f3mo Apple redefine el descanso | Grazia M\u00e9xico y Latinoam\u00e9rica","isPartOf":{"@id":"https:\/\/graziamagazine.com\/mx\/#website"},"datePublished":"2025-10-16T19:45:10+00:00","dateModified":"2025-10-21T19:11:04+00:00","description":"Dr. Matt Bianchi, l\u00edder en salud del sue\u00f1o de Apple, explica c\u00f3mo el Apple Watch ayuda a entender y mejorar la calidad del descanso Dormir bien se ha","breadcrumb":{"@id":"https:\/\/graziamagazine.com\/mx\/articles\/dormir-mejor-con-tecnologia-como-apple-redefine-el-descanso\/#breadcrumb"},"inLanguage":"es-MX","potentialAction":[{"@type":"ReadAction","target":["https:\/\/graziamagazine.com\/mx\/articles\/dormir-mejor-con-tecnologia-como-apple-redefine-el-descanso\/"]}]},{"@type":"BreadcrumbList","@id":"https:\/\/graziamagazine.com\/mx\/articles\/dormir-mejor-con-tecnologia-como-apple-redefine-el-descanso\/#breadcrumb","itemListElement":[{"@type":"ListItem","position":1,"name":"Home","item":"https:\/\/graziamagazine.com\/mx\/"},{"@type":"ListItem","position":2,"name":"Dormir mejor con tecnolog\u00eda: c\u00f3mo Apple redefine el descanso"}]},{"@type":"WebSite","@id":"https:\/\/graziamagazine.com\/mx\/#website","url":"https:\/\/graziamagazine.com\/mx\/","name":"Grazia M\u00e9xico y Latinoam\u00e9rica","description":"Grazia es moda, belleza y noticias  de actualidad ","potentialAction":[{"@type":"SearchAction","target":{"@type":"EntryPoint","urlTemplate":"https:\/\/graziamagazine.com\/mx\/?s={search_term_string}"},"query-input":"required name=search_term_string"}],"inLanguage":"es-MX"}]}},"jetpack_sharing_enabled":true,"distributor_meta":false,"distributor_terms":false,"distributor_media":false,"distributor_original_site_name":"Grazia M\u00e9xico y Latinoam\u00e9rica","distributor_original_site_url":"https:\/\/graziamagazine.com\/mx","push-errors":false,"_links":{"self":[{"href":"https:\/\/graziamagazine.com\/mx\/wp-json\/wp\/v2\/articles\/159427"}],"collection":[{"href":"https:\/\/graziamagazine.com\/mx\/wp-json\/wp\/v2\/articles"}],"about":[{"href":"https:\/\/graziamagazine.com\/mx\/wp-json\/wp\/v2\/types\/articles"}],"author":[{"embeddable":true,"href":"https:\/\/graziamagazine.com\/mx\/wp-json\/wp\/v2\/users\/42739"}],"wp:featuredmedia":[{"embeddable":true,"href":"https:\/\/graziamagazine.com\/mx\/wp-json\/wp\/v2\/media\/142525"}],"wp:attachment":[{"href":"https:\/\/graziamagazine.com\/mx\/wp-json\/wp\/v2\/media?parent=159427"}],"wp:term":[{"taxonomy":"category","embeddable":true,"href":"https:\/\/graziamagazine.com\/mx\/wp-json\/wp\/v2\/categories?post=159427"}],"curies":[{"name":"wp","href":"https:\/\/api.w.org\/{rel}","templated":true}]}}