{"id":159357,"date":"2025-10-16T17:29:41","date_gmt":"2025-10-16T22:29:41","guid":{"rendered":"https:\/\/graziamagazine.com\/mx\/?post_type=articles&#038;p=159357"},"modified":"2025-10-17T02:10:57","modified_gmt":"2025-10-17T07:10:57","slug":"guerlain-celebra-los-100-anos-de-shalimar","status":"publish","type":"articles","link":"https:\/\/graziamagazine.com\/mx\/articles\/guerlain-celebra-los-100-anos-de-shalimar\/","title":{"rendered":"Guerlain celebra los 100 a\u00f1os de Shalimar"},"content":{"rendered":"<p><span style=\"font-weight: 400\">La exposici\u00f3n organizada por Guerlain, titulada &#8220;Centenario de Shalimar: 100 a\u00f1os de amor&#8221;, se presentar\u00e1 del 5 al 20 de noviembre en el recientemente reabierto Waldorf Astoria de Nueva York.<\/span><\/p>\n<p><span style=\"font-weight: 400\">La exposici\u00f3n contar\u00e1 con una sala de descubrimiento que incluye videos y visuales sobre sus fragancias, y mostrar\u00e1 a los fans famosos y la historia de Guerlain, propiedad de LVMH Mo\u00ebt Hennessy Louis Vuitton. Otra sala, llamada sala olfativa, se centrar\u00e1 en las notas clave de la marca en sus perfumes, que incluyen vainilla, bergamota, haba tonka, iris, rosa y jazm\u00edn.<\/span><\/p>\n<p><span style=\"font-weight: 400\">Adem\u00e1s de un punto de venta que incluir\u00e1 toda la gama Shalimar, incluida la reciente incorporaci\u00f3n de Shalimar L&#8217;Essence, tambi\u00e9n se presentar\u00e1n diversos dise\u00f1os de botellas del siglo pasado.<\/span><\/p>\n<p><img loading=\"lazy\" decoding=\"async\" class=\"alignnone wp-image-159359 size-full\" src=\"https:\/\/graziamagazine.com\/mx\/wp-content\/uploads\/sites\/13\/2025\/10\/326.jpg\" alt=\"\" width=\"599\" height=\"606\" srcset=\"https:\/\/graziamagazine.com\/mx\/wp-content\/uploads\/sites\/13\/2025\/10\/326.jpg 599w, https:\/\/graziamagazine.com\/mx\/wp-content\/uploads\/sites\/13\/2025\/10\/326-445x450.jpg 445w, https:\/\/graziamagazine.com\/mx\/wp-content\/uploads\/sites\/13\/2025\/10\/326-400x405.jpg 400w, https:\/\/graziamagazine.com\/mx\/wp-content\/uploads\/sites\/13\/2025\/10\/326-155x157.jpg 155w\" sizes=\"(max-width: 599px) 100vw, 599px\" \/><\/p>\n<p><span style=\"font-weight: 400\">A los visitantes, se les regalar\u00e1 bolsos de la marca, postales, un cup\u00f3n de champagne de cortes\u00eda en el Clock Tower Bar y catadores de Shalimar L&#8217;Essence.<\/span><\/p>\n<p><span style=\"font-weight: 400\">Entre otras cosas, a principios de este a\u00f1o Guerlain revel\u00f3 sus planes de abrir su spa m\u00e1s nuevo y grande en el Waldorf Astoria de Nueva York, centrado en el bienestar y la longevidad.<\/span><\/p>\n<p><span style=\"font-weight: 400\">Shalimar se estren\u00f3 en 1925 como creaci\u00f3n de Jacques Guerlain y ha tenido numerosas versiones a lo largo de los a\u00f1os. Para su centenario, Guerlain encarg\u00f3 a la artista Jana\u00efna Milheiro una versi\u00f3n de edici\u00f3n limitada de la botella.<\/span><\/p>\n<p><img loading=\"lazy\" decoding=\"async\" class=\"alignnone wp-image-159358 size-full\" src=\"https:\/\/graziamagazine.com\/mx\/wp-content\/uploads\/sites\/13\/2025\/10\/5695.jpg\" alt=\"\" width=\"521\" height=\"561\" srcset=\"https:\/\/graziamagazine.com\/mx\/wp-content\/uploads\/sites\/13\/2025\/10\/5695.jpg 521w, https:\/\/graziamagazine.com\/mx\/wp-content\/uploads\/sites\/13\/2025\/10\/5695-418x450.jpg 418w, https:\/\/graziamagazine.com\/mx\/wp-content\/uploads\/sites\/13\/2025\/10\/5695-400x431.jpg 400w, https:\/\/graziamagazine.com\/mx\/wp-content\/uploads\/sites\/13\/2025\/10\/5695-155x167.jpg 155w\" sizes=\"(max-width: 521px) 100vw, 521px\" \/><\/p>\n<p><span style=\"font-weight: 400\">Shalimar es un icono de la Maison Guerlain. Un pilar de su patrimonio y el emblema de su gram\u00e1tica olfativa. Primera fragancia ambarina de la historia, ahora Guerlain celebra este a\u00f1o su centenario con esta imperdible exposici\u00f3n.<\/span><\/p>\n","protected":false},"author":11628,"featured_media":159360,"template":"","format":"standard","categories":[3],"acf":[],"yoast_head":"<!-- This site is optimized with the Yoast SEO Premium plugin v18.5 (Yoast SEO v20.4) - https:\/\/yoast.com\/wordpress\/plugins\/seo\/ -->\n<title>Guerlain celebra los 100 a\u00f1os de Shalimar<\/title>\n<meta name=\"description\" content=\"La exposici\u00f3n organizada por Guerlain, titulada &quot;Centenario de Shalimar: 100 a\u00f1os de amor&quot;, se presentar\u00e1 del 5 al 20 de noviembre en el recientemente\" \/>\n<meta name=\"robots\" content=\"index, follow, max-snippet:-1, max-image-preview:large, max-video-preview:-1\" \/>\n<link rel=\"canonical\" href=\"https:\/\/graziamagazine.com\/mx\/articles\/guerlain-celebra-los-100-anos-de-shalimar\/\" \/>\n<meta property=\"og:locale\" content=\"es_MX\" \/>\n<meta property=\"og:type\" content=\"article\" \/>\n<meta property=\"og:title\" content=\"Guerlain celebra los 100 a\u00f1os de Shalimar\" \/>\n<meta property=\"og:description\" content=\"La exposici\u00f3n organizada por Guerlain, titulada &quot;Centenario de Shalimar: 100 a\u00f1os de amor&quot;, se presentar\u00e1 del 5 al 20 de noviembre en el recientemente\" \/>\n<meta property=\"og:url\" content=\"https:\/\/graziamagazine.com\/mx\/articles\/guerlain-celebra-los-100-anos-de-shalimar\/\" \/>\n<meta property=\"og:site_name\" content=\"Grazia M\u00e9xico y Latinoam\u00e9rica\" \/>\n<meta property=\"article:modified_time\" content=\"2025-10-17T07:10:57+00:00\" \/>\n<meta property=\"og:image\" content=\"https:\/\/graziamagazine.com\/mx\/wp-content\/uploads\/sites\/13\/2025\/10\/1256.jpg\" \/>\n\t<meta property=\"og:image:width\" content=\"641\" \/>\n\t<meta property=\"og:image:height\" content=\"358\" \/>\n\t<meta property=\"og:image:type\" content=\"image\/jpeg\" \/>\n<meta name=\"twitter:card\" content=\"summary_large_image\" \/>\n<meta name=\"twitter:label1\" content=\"Est. reading time\" \/>\n\t<meta name=\"twitter:data1\" content=\"2 minutos\" \/>\n<script type=\"application\/ld+json\" class=\"yoast-schema-graph\">{\"@context\":\"https:\/\/schema.org\",\"@graph\":[{\"@type\":\"WebPage\",\"@id\":\"https:\/\/graziamagazine.com\/mx\/articles\/guerlain-celebra-los-100-anos-de-shalimar\/\",\"url\":\"https:\/\/graziamagazine.com\/mx\/articles\/guerlain-celebra-los-100-anos-de-shalimar\/\",\"name\":\"Guerlain celebra los 100 a\u00f1os de Shalimar\",\"isPartOf\":{\"@id\":\"https:\/\/graziamagazine.com\/mx\/#website\"},\"datePublished\":\"2025-10-16T22:29:41+00:00\",\"dateModified\":\"2025-10-17T07:10:57+00:00\",\"description\":\"La exposici\u00f3n organizada por Guerlain, titulada \\\"Centenario de Shalimar: 100 a\u00f1os de amor\\\", se presentar\u00e1 del 5 al 20 de noviembre en el recientemente\",\"breadcrumb\":{\"@id\":\"https:\/\/graziamagazine.com\/mx\/articles\/guerlain-celebra-los-100-anos-de-shalimar\/#breadcrumb\"},\"inLanguage\":\"es-MX\",\"potentialAction\":[{\"@type\":\"ReadAction\",\"target\":[\"https:\/\/graziamagazine.com\/mx\/articles\/guerlain-celebra-los-100-anos-de-shalimar\/\"]}]},{\"@type\":\"BreadcrumbList\",\"@id\":\"https:\/\/graziamagazine.com\/mx\/articles\/guerlain-celebra-los-100-anos-de-shalimar\/#breadcrumb\",\"itemListElement\":[{\"@type\":\"ListItem\",\"position\":1,\"name\":\"Home\",\"item\":\"https:\/\/graziamagazine.com\/mx\/\"},{\"@type\":\"ListItem\",\"position\":2,\"name\":\"Guerlain celebra los 100 a\u00f1os de Shalimar\"}]},{\"@type\":\"WebSite\",\"@id\":\"https:\/\/graziamagazine.com\/mx\/#website\",\"url\":\"https:\/\/graziamagazine.com\/mx\/\",\"name\":\"Grazia M\u00e9xico y Latinoam\u00e9rica\",\"description\":\"Grazia es moda, belleza y noticias  de actualidad \",\"potentialAction\":[{\"@type\":\"SearchAction\",\"target\":{\"@type\":\"EntryPoint\",\"urlTemplate\":\"https:\/\/graziamagazine.com\/mx\/?s={search_term_string}\"},\"query-input\":\"required name=search_term_string\"}],\"inLanguage\":\"es-MX\"}]}<\/script>\n<!-- \/ Yoast SEO Premium plugin. -->","yoast_head_json":{"title":"Guerlain celebra los 100 a\u00f1os de Shalimar","description":"La exposici\u00f3n organizada por Guerlain, titulada \"Centenario de Shalimar: 100 a\u00f1os de amor\", se presentar\u00e1 del 5 al 20 de noviembre en el recientemente","robots":{"index":"index","follow":"follow","max-snippet":"max-snippet:-1","max-image-preview":"max-image-preview:large","max-video-preview":"max-video-preview:-1"},"canonical":"https:\/\/graziamagazine.com\/mx\/articles\/guerlain-celebra-los-100-anos-de-shalimar\/","og_locale":"es_MX","og_type":"article","og_title":"Guerlain celebra los 100 a\u00f1os de Shalimar","og_description":"La exposici\u00f3n organizada por Guerlain, titulada \"Centenario de Shalimar: 100 a\u00f1os de amor\", se presentar\u00e1 del 5 al 20 de noviembre en el recientemente","og_url":"https:\/\/graziamagazine.com\/mx\/articles\/guerlain-celebra-los-100-anos-de-shalimar\/","og_site_name":"Grazia M\u00e9xico y Latinoam\u00e9rica","article_modified_time":"2025-10-17T07:10:57+00:00","og_image":[{"width":641,"height":358,"url":"https:\/\/graziamagazine.com\/mx\/wp-content\/uploads\/sites\/13\/2025\/10\/1256.jpg","type":"image\/jpeg"}],"twitter_card":"summary_large_image","twitter_misc":{"Est. reading time":"2 minutos"},"schema":{"@context":"https:\/\/schema.org","@graph":[{"@type":"WebPage","@id":"https:\/\/graziamagazine.com\/mx\/articles\/guerlain-celebra-los-100-anos-de-shalimar\/","url":"https:\/\/graziamagazine.com\/mx\/articles\/guerlain-celebra-los-100-anos-de-shalimar\/","name":"Guerlain celebra los 100 a\u00f1os de Shalimar","isPartOf":{"@id":"https:\/\/graziamagazine.com\/mx\/#website"},"datePublished":"2025-10-16T22:29:41+00:00","dateModified":"2025-10-17T07:10:57+00:00","description":"La exposici\u00f3n organizada por Guerlain, titulada \"Centenario de Shalimar: 100 a\u00f1os de amor\", se presentar\u00e1 del 5 al 20 de noviembre en el recientemente","breadcrumb":{"@id":"https:\/\/graziamagazine.com\/mx\/articles\/guerlain-celebra-los-100-anos-de-shalimar\/#breadcrumb"},"inLanguage":"es-MX","potentialAction":[{"@type":"ReadAction","target":["https:\/\/graziamagazine.com\/mx\/articles\/guerlain-celebra-los-100-anos-de-shalimar\/"]}]},{"@type":"BreadcrumbList","@id":"https:\/\/graziamagazine.com\/mx\/articles\/guerlain-celebra-los-100-anos-de-shalimar\/#breadcrumb","itemListElement":[{"@type":"ListItem","position":1,"name":"Home","item":"https:\/\/graziamagazine.com\/mx\/"},{"@type":"ListItem","position":2,"name":"Guerlain celebra los 100 a\u00f1os de Shalimar"}]},{"@type":"WebSite","@id":"https:\/\/graziamagazine.com\/mx\/#website","url":"https:\/\/graziamagazine.com\/mx\/","name":"Grazia M\u00e9xico y Latinoam\u00e9rica","description":"Grazia es moda, belleza y noticias  de actualidad ","potentialAction":[{"@type":"SearchAction","target":{"@type":"EntryPoint","urlTemplate":"https:\/\/graziamagazine.com\/mx\/?s={search_term_string}"},"query-input":"required name=search_term_string"}],"inLanguage":"es-MX"}]}},"jetpack_sharing_enabled":true,"distributor_meta":false,"distributor_terms":false,"distributor_media":false,"distributor_original_site_name":"Grazia M\u00e9xico y Latinoam\u00e9rica","distributor_original_site_url":"https:\/\/graziamagazine.com\/mx","push-errors":false,"_links":{"self":[{"href":"https:\/\/graziamagazine.com\/mx\/wp-json\/wp\/v2\/articles\/159357"}],"collection":[{"href":"https:\/\/graziamagazine.com\/mx\/wp-json\/wp\/v2\/articles"}],"about":[{"href":"https:\/\/graziamagazine.com\/mx\/wp-json\/wp\/v2\/types\/articles"}],"author":[{"embeddable":true,"href":"https:\/\/graziamagazine.com\/mx\/wp-json\/wp\/v2\/users\/11628"}],"wp:featuredmedia":[{"embeddable":true,"href":"https:\/\/graziamagazine.com\/mx\/wp-json\/wp\/v2\/media\/159360"}],"wp:attachment":[{"href":"https:\/\/graziamagazine.com\/mx\/wp-json\/wp\/v2\/media?parent=159357"}],"wp:term":[{"taxonomy":"category","embeddable":true,"href":"https:\/\/graziamagazine.com\/mx\/wp-json\/wp\/v2\/categories?post=159357"}],"curies":[{"name":"wp","href":"https:\/\/api.w.org\/{rel}","templated":true}]}}