{"id":159277,"date":"2025-10-15T23:14:10","date_gmt":"2025-10-16T04:14:10","guid":{"rendered":"https:\/\/graziamagazine.com\/mx\/?post_type=articles&#038;p=159277"},"modified":"2025-10-15T23:17:39","modified_gmt":"2025-10-16T04:17:39","slug":"raquel-orozco-el-latido-mas-chic-del-volvo-fashion-week-mexico","status":"publish","type":"articles","link":"https:\/\/graziamagazine.com\/mx\/articles\/raquel-orozco-el-latido-mas-chic-del-volvo-fashion-week-mexico\/","title":{"rendered":"Raquel Orozco: el latido m\u00e1s chic del Volvo Fashion Week M\u00e9xico"},"content":{"rendered":"<p data-start=\"251\" data-end=\"726\">\u00bfPuede una ciudad convertirse en prenda? Para <strong data-start=\"297\" data-end=\"314\">Raquel Orozco<\/strong>, la respuesta es s\u00ed. En el <strong data-start=\"342\" data-end=\"371\">Volvo Fashion Week M\u00e9xico<\/strong>, la dise\u00f1adora present\u00f3 una colecci\u00f3n que late al ritmo de la <strong data-start=\"434\" data-end=\"454\">Ciudad de M\u00e9xico<\/strong>, su eterna musa.<\/p>\n<blockquote>\n<p data-start=\"251\" data-end=\"726\">\u201cEl pulso de la Ciudad de M\u00e9xico es m\u00e1s que un ritmo; es una declaraci\u00f3n, es energ\u00eda indomable. Este caos hermoso que se respira y se vive en cada rinc\u00f3n se convierte en la musa fundamental de mi nueva colecci\u00f3n\u201d, comparti\u00f3 emocionada entre bastidores.<\/p>\n<\/blockquote>\n<p data-start=\"728\" data-end=\"1049\">Desde su debut en 2008, <strong data-start=\"752\" data-end=\"769\">Raquel Orozco<\/strong> ha consolidado una firma que trasciende fronteras. Su est\u00e9tica es el reflejo de una mujer empoderada, sofisticada y c\u00f3moda en su propia piel. Con siluetas elegantes, materiales nobles y un impecable sentido del detalle, cada colecci\u00f3n es un manifiesto de fuerza y autenticidad.<\/p>\n<div class=\"content-gallery\"><div class=\"gallery-placeholder\"><div class=\"spinner\"><\/div><\/div><span class=\"gallery-pagination\"><\/span><div id=\"gallery-1\" class=\"gallery galleryid-159277 gallery-columns- gallery-size-\"><figure class=\"gallery-item\"><div class=\"gallery-icon landscape\"><img loading=\"lazy\" decoding=\"async\" width=\"718\" height=\"982\" src=\"https:\/\/graziamagazine.com\/mx\/wp-content\/uploads\/sites\/13\/2025\/10\/Captura-de-Pantalla-2025-10-15-a-las-22.08.10.png\" class=\"lazy\" alt=\"\" srcset=\"https:\/\/graziamagazine.com\/mx\/wp-content\/uploads\/sites\/13\/2025\/10\/Captura-de-Pantalla-2025-10-15-a-las-22.08.10.png 718w, https:\/\/graziamagazine.com\/mx\/wp-content\/uploads\/sites\/13\/2025\/10\/Captura-de-Pantalla-2025-10-15-a-las-22.08.10-329x450.png 329w, https:\/\/graziamagazine.com\/mx\/wp-content\/uploads\/sites\/13\/2025\/10\/Captura-de-Pantalla-2025-10-15-a-las-22.08.10-400x547.png 400w, https:\/\/graziamagazine.com\/mx\/wp-content\/uploads\/sites\/13\/2025\/10\/Captura-de-Pantalla-2025-10-15-a-las-22.08.10-155x212.png 155w\" sizes=\"(max-width: 718px) 100vw, 718px\" \/><\/div><\/figure><figure class=\"gallery-item\"><div class=\"gallery-icon landscape\"><img loading=\"lazy\" decoding=\"async\" width=\"858\" height=\"1222\" src=\"https:\/\/graziamagazine.com\/mx\/wp-content\/uploads\/sites\/13\/2025\/10\/Captura-de-Pantalla-2025-10-15-a-las-22.08.27.png\" class=\"lazy\" alt=\"\" srcset=\"https:\/\/graziamagazine.com\/mx\/wp-content\/uploads\/sites\/13\/2025\/10\/Captura-de-Pantalla-2025-10-15-a-las-22.08.27.png 858w, https:\/\/graziamagazine.com\/mx\/wp-content\/uploads\/sites\/13\/2025\/10\/Captura-de-Pantalla-2025-10-15-a-las-22.08.27-316x450.png 316w, https:\/\/graziamagazine.com\/mx\/wp-content\/uploads\/sites\/13\/2025\/10\/Captura-de-Pantalla-2025-10-15-a-las-22.08.27-719x1024.png 719w, https:\/\/graziamagazine.com\/mx\/wp-content\/uploads\/sites\/13\/2025\/10\/Captura-de-Pantalla-2025-10-15-a-las-22.08.27-768x1094.png 768w, https:\/\/graziamagazine.com\/mx\/wp-content\/uploads\/sites\/13\/2025\/10\/Captura-de-Pantalla-2025-10-15-a-las-22.08.27-400x570.png 400w, https:\/\/graziamagazine.com\/mx\/wp-content\/uploads\/sites\/13\/2025\/10\/Captura-de-Pantalla-2025-10-15-a-las-22.08.27-151x215.png 151w\" sizes=\"(max-width: 858px) 100vw, 858px\" \/><\/div><\/figure><\/div><\/div>\n<p data-start=\"1051\" data-end=\"1437\">Esta temporada, la dise\u00f1adora llev\u00f3 su visi\u00f3n a un nuevo nivel. Su pasarela fue un recorrido sensorial por los contrastes de la capital mexicana: texturas que evocan la arquitectura moderna, tonos tierra que remiten al concreto y destellos met\u00e1licos que capturan la energ\u00eda de la urbe. Las piezas, llenas de movimiento y estructura, celebran la libertad de ser, de vestir y de sentir.<\/p>\n<blockquote>\n<p data-start=\"1439\" data-end=\"1734\">\u201cMi l\u00ednea de mujer compuesta por evening, ready-to-wear y bolsos, se expande con una c\u00e1psula masculina que comparte la misma esencia de fluidez y fuerza\u201d, explic\u00f3 Orozco.<\/p>\n<div class=\"content-gallery\"><div class=\"gallery-placeholder\"><div class=\"spinner\"><\/div><\/div><span class=\"gallery-pagination\"><\/span><div id=\"gallery-2\" class=\"gallery galleryid-159277 gallery-columns- gallery-size-\"><figure class=\"gallery-item\"><div class=\"gallery-icon landscape\"><img loading=\"lazy\" decoding=\"async\" width=\"858\" height=\"1222\" src=\"https:\/\/graziamagazine.com\/mx\/wp-content\/uploads\/sites\/13\/2025\/10\/Captura-de-Pantalla-2025-10-15-a-las-22.08.36.png\" class=\"lazy\" alt=\"\" srcset=\"https:\/\/graziamagazine.com\/mx\/wp-content\/uploads\/sites\/13\/2025\/10\/Captura-de-Pantalla-2025-10-15-a-las-22.08.36.png 858w, https:\/\/graziamagazine.com\/mx\/wp-content\/uploads\/sites\/13\/2025\/10\/Captura-de-Pantalla-2025-10-15-a-las-22.08.36-316x450.png 316w, https:\/\/graziamagazine.com\/mx\/wp-content\/uploads\/sites\/13\/2025\/10\/Captura-de-Pantalla-2025-10-15-a-las-22.08.36-719x1024.png 719w, https:\/\/graziamagazine.com\/mx\/wp-content\/uploads\/sites\/13\/2025\/10\/Captura-de-Pantalla-2025-10-15-a-las-22.08.36-768x1094.png 768w, https:\/\/graziamagazine.com\/mx\/wp-content\/uploads\/sites\/13\/2025\/10\/Captura-de-Pantalla-2025-10-15-a-las-22.08.36-400x570.png 400w, https:\/\/graziamagazine.com\/mx\/wp-content\/uploads\/sites\/13\/2025\/10\/Captura-de-Pantalla-2025-10-15-a-las-22.08.36-151x215.png 151w\" sizes=\"(max-width: 858px) 100vw, 858px\" \/><\/div><\/figure><figure class=\"gallery-item\"><div class=\"gallery-icon landscape\"><img loading=\"lazy\" decoding=\"async\" width=\"858\" height=\"1292\" src=\"https:\/\/graziamagazine.com\/mx\/wp-content\/uploads\/sites\/13\/2025\/10\/Captura-de-Pantalla-2025-10-15-a-las-22.08.51.png\" class=\"lazy\" alt=\"\" srcset=\"https:\/\/graziamagazine.com\/mx\/wp-content\/uploads\/sites\/13\/2025\/10\/Captura-de-Pantalla-2025-10-15-a-las-22.08.51.png 858w, https:\/\/graziamagazine.com\/mx\/wp-content\/uploads\/sites\/13\/2025\/10\/Captura-de-Pantalla-2025-10-15-a-las-22.08.51-299x450.png 299w, https:\/\/graziamagazine.com\/mx\/wp-content\/uploads\/sites\/13\/2025\/10\/Captura-de-Pantalla-2025-10-15-a-las-22.08.51-680x1024.png 680w, https:\/\/graziamagazine.com\/mx\/wp-content\/uploads\/sites\/13\/2025\/10\/Captura-de-Pantalla-2025-10-15-a-las-22.08.51-768x1156.png 768w, https:\/\/graziamagazine.com\/mx\/wp-content\/uploads\/sites\/13\/2025\/10\/Captura-de-Pantalla-2025-10-15-a-las-22.08.51-400x602.png 400w, https:\/\/graziamagazine.com\/mx\/wp-content\/uploads\/sites\/13\/2025\/10\/Captura-de-Pantalla-2025-10-15-a-las-22.08.51-143x215.png 143w\" sizes=\"(max-width: 858px) 100vw, 858px\" \/><\/div><\/figure><figure class=\"gallery-item\"><div class=\"gallery-icon landscape\"><img loading=\"lazy\" decoding=\"async\" width=\"858\" height=\"1292\" src=\"https:\/\/graziamagazine.com\/mx\/wp-content\/uploads\/sites\/13\/2025\/10\/Captura-de-Pantalla-2025-10-15-a-las-22.08.54.png\" class=\"lazy\" alt=\"\" srcset=\"https:\/\/graziamagazine.com\/mx\/wp-content\/uploads\/sites\/13\/2025\/10\/Captura-de-Pantalla-2025-10-15-a-las-22.08.54.png 858w, https:\/\/graziamagazine.com\/mx\/wp-content\/uploads\/sites\/13\/2025\/10\/Captura-de-Pantalla-2025-10-15-a-las-22.08.54-299x450.png 299w, https:\/\/graziamagazine.com\/mx\/wp-content\/uploads\/sites\/13\/2025\/10\/Captura-de-Pantalla-2025-10-15-a-las-22.08.54-680x1024.png 680w, https:\/\/graziamagazine.com\/mx\/wp-content\/uploads\/sites\/13\/2025\/10\/Captura-de-Pantalla-2025-10-15-a-las-22.08.54-768x1156.png 768w, https:\/\/graziamagazine.com\/mx\/wp-content\/uploads\/sites\/13\/2025\/10\/Captura-de-Pantalla-2025-10-15-a-las-22.08.54-400x602.png 400w, https:\/\/graziamagazine.com\/mx\/wp-content\/uploads\/sites\/13\/2025\/10\/Captura-de-Pantalla-2025-10-15-a-las-22.08.54-143x215.png 143w\" sizes=\"(max-width: 858px) 100vw, 858px\" \/><\/div><\/figure><figure class=\"gallery-item\"><div class=\"gallery-icon landscape\"><img loading=\"lazy\" decoding=\"async\" width=\"858\" height=\"1292\" src=\"https:\/\/graziamagazine.com\/mx\/wp-content\/uploads\/sites\/13\/2025\/10\/Captura-de-Pantalla-2025-10-15-a-las-22.09.12.png\" class=\"lazy\" alt=\"\" srcset=\"https:\/\/graziamagazine.com\/mx\/wp-content\/uploads\/sites\/13\/2025\/10\/Captura-de-Pantalla-2025-10-15-a-las-22.09.12.png 858w, https:\/\/graziamagazine.com\/mx\/wp-content\/uploads\/sites\/13\/2025\/10\/Captura-de-Pantalla-2025-10-15-a-las-22.09.12-299x450.png 299w, https:\/\/graziamagazine.com\/mx\/wp-content\/uploads\/sites\/13\/2025\/10\/Captura-de-Pantalla-2025-10-15-a-las-22.09.12-680x1024.png 680w, https:\/\/graziamagazine.com\/mx\/wp-content\/uploads\/sites\/13\/2025\/10\/Captura-de-Pantalla-2025-10-15-a-las-22.09.12-768x1156.png 768w, https:\/\/graziamagazine.com\/mx\/wp-content\/uploads\/sites\/13\/2025\/10\/Captura-de-Pantalla-2025-10-15-a-las-22.09.12-400x602.png 400w, https:\/\/graziamagazine.com\/mx\/wp-content\/uploads\/sites\/13\/2025\/10\/Captura-de-Pantalla-2025-10-15-a-las-22.09.12-143x215.png 143w\" sizes=\"(max-width: 858px) 100vw, 858px\" \/><\/div><\/figure><\/div><\/div><\/blockquote>\n<p data-start=\"1439\" data-end=\"1734\">Esta ampliaci\u00f3n simboliza una moda m\u00e1s inclusiva y abierta, donde las etiquetas desaparecen y solo queda la autenticidad.<\/p>\n<p data-start=\"1736\" data-end=\"2005\">Cada prenda es un gui\u00f1o a los monumentos y calles que definen el coraz\u00f3n de M\u00e9xico. Desde la elegancia imponente del <strong data-start=\"1853\" data-end=\"1882\">\u00c1ngel de la Independencia<\/strong> hasta la geometr\u00eda contempor\u00e1nea del <strong data-start=\"1920\" data-end=\"1937\">Museo Soumaya<\/strong>, su colecci\u00f3n traduce la esencia de una ciudad viva y apasionada.<\/p>\n<div class=\"content-gallery\"><div class=\"gallery-placeholder\"><div class=\"spinner\"><\/div><\/div><span class=\"gallery-pagination\"><\/span><div id=\"gallery-3\" class=\"gallery galleryid-159277 gallery-columns- gallery-size-\"><figure class=\"gallery-item\"><div class=\"gallery-icon landscape\"><img loading=\"lazy\" decoding=\"async\" width=\"858\" height=\"1292\" src=\"https:\/\/graziamagazine.com\/mx\/wp-content\/uploads\/sites\/13\/2025\/10\/Captura-de-Pantalla-2025-10-15-a-las-22.09.07.png\" class=\"lazy\" alt=\"\" srcset=\"https:\/\/graziamagazine.com\/mx\/wp-content\/uploads\/sites\/13\/2025\/10\/Captura-de-Pantalla-2025-10-15-a-las-22.09.07.png 858w, https:\/\/graziamagazine.com\/mx\/wp-content\/uploads\/sites\/13\/2025\/10\/Captura-de-Pantalla-2025-10-15-a-las-22.09.07-299x450.png 299w, https:\/\/graziamagazine.com\/mx\/wp-content\/uploads\/sites\/13\/2025\/10\/Captura-de-Pantalla-2025-10-15-a-las-22.09.07-680x1024.png 680w, https:\/\/graziamagazine.com\/mx\/wp-content\/uploads\/sites\/13\/2025\/10\/Captura-de-Pantalla-2025-10-15-a-las-22.09.07-768x1156.png 768w, https:\/\/graziamagazine.com\/mx\/wp-content\/uploads\/sites\/13\/2025\/10\/Captura-de-Pantalla-2025-10-15-a-las-22.09.07-400x602.png 400w, https:\/\/graziamagazine.com\/mx\/wp-content\/uploads\/sites\/13\/2025\/10\/Captura-de-Pantalla-2025-10-15-a-las-22.09.07-143x215.png 143w\" sizes=\"(max-width: 858px) 100vw, 858px\" \/><\/div><\/figure><figure class=\"gallery-item\"><div class=\"gallery-icon landscape\"><img loading=\"lazy\" decoding=\"async\" width=\"858\" height=\"1292\" src=\"https:\/\/graziamagazine.com\/mx\/wp-content\/uploads\/sites\/13\/2025\/10\/Captura-de-Pantalla-2025-10-15-a-las-22.09.09.png\" class=\"lazy\" alt=\"\" srcset=\"https:\/\/graziamagazine.com\/mx\/wp-content\/uploads\/sites\/13\/2025\/10\/Captura-de-Pantalla-2025-10-15-a-las-22.09.09.png 858w, https:\/\/graziamagazine.com\/mx\/wp-content\/uploads\/sites\/13\/2025\/10\/Captura-de-Pantalla-2025-10-15-a-las-22.09.09-299x450.png 299w, https:\/\/graziamagazine.com\/mx\/wp-content\/uploads\/sites\/13\/2025\/10\/Captura-de-Pantalla-2025-10-15-a-las-22.09.09-680x1024.png 680w, https:\/\/graziamagazine.com\/mx\/wp-content\/uploads\/sites\/13\/2025\/10\/Captura-de-Pantalla-2025-10-15-a-las-22.09.09-768x1156.png 768w, https:\/\/graziamagazine.com\/mx\/wp-content\/uploads\/sites\/13\/2025\/10\/Captura-de-Pantalla-2025-10-15-a-las-22.09.09-400x602.png 400w, https:\/\/graziamagazine.com\/mx\/wp-content\/uploads\/sites\/13\/2025\/10\/Captura-de-Pantalla-2025-10-15-a-las-22.09.09-143x215.png 143w\" sizes=\"(max-width: 858px) 100vw, 858px\" \/><\/div><\/figure><\/div><\/div>\n<p data-start=\"2007\" data-end=\"2277\">Con esta propuesta, Raquel no solo conquista el <strong data-start=\"2055\" data-end=\"2084\">Volvo Fashion Week M\u00e9xico<\/strong>, sino que reafirma su papel como embajadora del dise\u00f1o latinoamericano. Su colecci\u00f3n invita a mirar la moda con nuevos ojos: los del caos convertido en arte, los del movimiento hecho estilo.<\/p>\n<p data-start=\"2007\" data-end=\"2277\"><em><strong>*IMAGEN: Instagram @fashionweekmx<\/strong><\/em><\/p>\n","protected":false},"author":28953,"featured_media":159282,"template":"","format":"standard","categories":[4],"acf":[],"yoast_head":"<!-- This site is optimized with the Yoast SEO Premium plugin v18.5 (Yoast SEO v20.4) - https:\/\/yoast.com\/wordpress\/plugins\/seo\/ -->\n<title>Raquel Orozco: el latido m\u00e1s chic del Volvo Fashion Week M\u00e9xico<\/title>\n<meta name=\"description\" content=\"Inspirada en la energ\u00eda vibrante de la Ciudad de M\u00e9xico, la dise\u00f1adora celebra la fuerza femenina con una colecci\u00f3n que redefine el lujo urbano.\" \/>\n<meta name=\"robots\" content=\"index, follow, max-snippet:-1, max-image-preview:large, max-video-preview:-1\" \/>\n<link rel=\"canonical\" href=\"https:\/\/graziamagazine.com\/mx\/articles\/raquel-orozco-el-latido-mas-chic-del-volvo-fashion-week-mexico\/\" \/>\n<meta property=\"og:locale\" content=\"es_MX\" \/>\n<meta property=\"og:type\" content=\"article\" \/>\n<meta property=\"og:title\" content=\"Raquel Orozco: el latido m\u00e1s chic del Volvo Fashion Week M\u00e9xico\" \/>\n<meta property=\"og:description\" content=\"Inspirada en la energ\u00eda vibrante de la Ciudad de M\u00e9xico, la dise\u00f1adora celebra la fuerza femenina con una colecci\u00f3n que redefine el lujo urbano.\" \/>\n<meta property=\"og:url\" content=\"https:\/\/graziamagazine.com\/mx\/articles\/raquel-orozco-el-latido-mas-chic-del-volvo-fashion-week-mexico\/\" \/>\n<meta property=\"og:site_name\" content=\"Grazia M\u00e9xico y Latinoam\u00e9rica\" \/>\n<meta property=\"article:modified_time\" content=\"2025-10-16T04:17:39+00:00\" \/>\n<meta property=\"og:image\" content=\"https:\/\/graziamagazine.com\/mx\/wp-content\/uploads\/sites\/13\/2025\/10\/Captura-de-Pantalla-2025-10-15-a-las-22.08.46-e1760587943869.png\" \/>\n\t<meta property=\"og:image:width\" content=\"857\" \/>\n\t<meta property=\"og:image:height\" content=\"559\" \/>\n\t<meta property=\"og:image:type\" content=\"image\/png\" \/>\n<meta name=\"twitter:card\" content=\"summary_large_image\" \/>\n<meta name=\"twitter:label1\" content=\"Est. reading time\" \/>\n\t<meta name=\"twitter:data1\" content=\"2 minutos\" \/>\n<script type=\"application\/ld+json\" class=\"yoast-schema-graph\">{\"@context\":\"https:\/\/schema.org\",\"@graph\":[{\"@type\":\"WebPage\",\"@id\":\"https:\/\/graziamagazine.com\/mx\/articles\/raquel-orozco-el-latido-mas-chic-del-volvo-fashion-week-mexico\/\",\"url\":\"https:\/\/graziamagazine.com\/mx\/articles\/raquel-orozco-el-latido-mas-chic-del-volvo-fashion-week-mexico\/\",\"name\":\"Raquel Orozco: el latido m\u00e1s chic del Volvo Fashion Week M\u00e9xico\",\"isPartOf\":{\"@id\":\"https:\/\/graziamagazine.com\/mx\/#website\"},\"datePublished\":\"2025-10-16T04:14:10+00:00\",\"dateModified\":\"2025-10-16T04:17:39+00:00\",\"description\":\"Inspirada en la energ\u00eda vibrante de la Ciudad de M\u00e9xico, la dise\u00f1adora celebra la fuerza femenina con una colecci\u00f3n que redefine el lujo urbano.\",\"breadcrumb\":{\"@id\":\"https:\/\/graziamagazine.com\/mx\/articles\/raquel-orozco-el-latido-mas-chic-del-volvo-fashion-week-mexico\/#breadcrumb\"},\"inLanguage\":\"es-MX\",\"potentialAction\":[{\"@type\":\"ReadAction\",\"target\":[\"https:\/\/graziamagazine.com\/mx\/articles\/raquel-orozco-el-latido-mas-chic-del-volvo-fashion-week-mexico\/\"]}]},{\"@type\":\"BreadcrumbList\",\"@id\":\"https:\/\/graziamagazine.com\/mx\/articles\/raquel-orozco-el-latido-mas-chic-del-volvo-fashion-week-mexico\/#breadcrumb\",\"itemListElement\":[{\"@type\":\"ListItem\",\"position\":1,\"name\":\"Home\",\"item\":\"https:\/\/graziamagazine.com\/mx\/\"},{\"@type\":\"ListItem\",\"position\":2,\"name\":\"Raquel Orozco: el latido m\u00e1s chic del Volvo Fashion Week M\u00e9xico\"}]},{\"@type\":\"WebSite\",\"@id\":\"https:\/\/graziamagazine.com\/mx\/#website\",\"url\":\"https:\/\/graziamagazine.com\/mx\/\",\"name\":\"Grazia M\u00e9xico y Latinoam\u00e9rica\",\"description\":\"Grazia es moda, belleza y noticias  de actualidad \",\"potentialAction\":[{\"@type\":\"SearchAction\",\"target\":{\"@type\":\"EntryPoint\",\"urlTemplate\":\"https:\/\/graziamagazine.com\/mx\/?s={search_term_string}\"},\"query-input\":\"required name=search_term_string\"}],\"inLanguage\":\"es-MX\"}]}<\/script>\n<!-- \/ Yoast SEO Premium plugin. -->","yoast_head_json":{"title":"Raquel Orozco: el latido m\u00e1s chic del Volvo Fashion Week M\u00e9xico","description":"Inspirada en la energ\u00eda vibrante de la Ciudad de M\u00e9xico, la dise\u00f1adora celebra la fuerza femenina con una colecci\u00f3n que redefine el lujo urbano.","robots":{"index":"index","follow":"follow","max-snippet":"max-snippet:-1","max-image-preview":"max-image-preview:large","max-video-preview":"max-video-preview:-1"},"canonical":"https:\/\/graziamagazine.com\/mx\/articles\/raquel-orozco-el-latido-mas-chic-del-volvo-fashion-week-mexico\/","og_locale":"es_MX","og_type":"article","og_title":"Raquel Orozco: el latido m\u00e1s chic del Volvo Fashion Week M\u00e9xico","og_description":"Inspirada en la energ\u00eda vibrante de la Ciudad de M\u00e9xico, la dise\u00f1adora celebra la fuerza femenina con una colecci\u00f3n que redefine el lujo urbano.","og_url":"https:\/\/graziamagazine.com\/mx\/articles\/raquel-orozco-el-latido-mas-chic-del-volvo-fashion-week-mexico\/","og_site_name":"Grazia M\u00e9xico y Latinoam\u00e9rica","article_modified_time":"2025-10-16T04:17:39+00:00","og_image":[{"width":857,"height":559,"url":"https:\/\/graziamagazine.com\/mx\/wp-content\/uploads\/sites\/13\/2025\/10\/Captura-de-Pantalla-2025-10-15-a-las-22.08.46-e1760587943869.png","type":"image\/png"}],"twitter_card":"summary_large_image","twitter_misc":{"Est. reading time":"2 minutos"},"schema":{"@context":"https:\/\/schema.org","@graph":[{"@type":"WebPage","@id":"https:\/\/graziamagazine.com\/mx\/articles\/raquel-orozco-el-latido-mas-chic-del-volvo-fashion-week-mexico\/","url":"https:\/\/graziamagazine.com\/mx\/articles\/raquel-orozco-el-latido-mas-chic-del-volvo-fashion-week-mexico\/","name":"Raquel Orozco: el latido m\u00e1s chic del Volvo Fashion Week M\u00e9xico","isPartOf":{"@id":"https:\/\/graziamagazine.com\/mx\/#website"},"datePublished":"2025-10-16T04:14:10+00:00","dateModified":"2025-10-16T04:17:39+00:00","description":"Inspirada en la energ\u00eda vibrante de la Ciudad de M\u00e9xico, la dise\u00f1adora celebra la fuerza femenina con una colecci\u00f3n que redefine el lujo urbano.","breadcrumb":{"@id":"https:\/\/graziamagazine.com\/mx\/articles\/raquel-orozco-el-latido-mas-chic-del-volvo-fashion-week-mexico\/#breadcrumb"},"inLanguage":"es-MX","potentialAction":[{"@type":"ReadAction","target":["https:\/\/graziamagazine.com\/mx\/articles\/raquel-orozco-el-latido-mas-chic-del-volvo-fashion-week-mexico\/"]}]},{"@type":"BreadcrumbList","@id":"https:\/\/graziamagazine.com\/mx\/articles\/raquel-orozco-el-latido-mas-chic-del-volvo-fashion-week-mexico\/#breadcrumb","itemListElement":[{"@type":"ListItem","position":1,"name":"Home","item":"https:\/\/graziamagazine.com\/mx\/"},{"@type":"ListItem","position":2,"name":"Raquel Orozco: el latido m\u00e1s chic del Volvo Fashion Week M\u00e9xico"}]},{"@type":"WebSite","@id":"https:\/\/graziamagazine.com\/mx\/#website","url":"https:\/\/graziamagazine.com\/mx\/","name":"Grazia M\u00e9xico y Latinoam\u00e9rica","description":"Grazia es moda, belleza y noticias  de actualidad ","potentialAction":[{"@type":"SearchAction","target":{"@type":"EntryPoint","urlTemplate":"https:\/\/graziamagazine.com\/mx\/?s={search_term_string}"},"query-input":"required name=search_term_string"}],"inLanguage":"es-MX"}]}},"jetpack_sharing_enabled":true,"distributor_meta":false,"distributor_terms":false,"distributor_media":false,"distributor_original_site_name":"Grazia M\u00e9xico y Latinoam\u00e9rica","distributor_original_site_url":"https:\/\/graziamagazine.com\/mx","push-errors":false,"_links":{"self":[{"href":"https:\/\/graziamagazine.com\/mx\/wp-json\/wp\/v2\/articles\/159277"}],"collection":[{"href":"https:\/\/graziamagazine.com\/mx\/wp-json\/wp\/v2\/articles"}],"about":[{"href":"https:\/\/graziamagazine.com\/mx\/wp-json\/wp\/v2\/types\/articles"}],"author":[{"embeddable":true,"href":"https:\/\/graziamagazine.com\/mx\/wp-json\/wp\/v2\/users\/28953"}],"wp:featuredmedia":[{"embeddable":true,"href":"https:\/\/graziamagazine.com\/mx\/wp-json\/wp\/v2\/media\/159282"}],"wp:attachment":[{"href":"https:\/\/graziamagazine.com\/mx\/wp-json\/wp\/v2\/media?parent=159277"}],"wp:term":[{"taxonomy":"category","embeddable":true,"href":"https:\/\/graziamagazine.com\/mx\/wp-json\/wp\/v2\/categories?post=159277"}],"curies":[{"name":"wp","href":"https:\/\/api.w.org\/{rel}","templated":true}]}}