{"id":159260,"date":"2025-10-15T17:45:11","date_gmt":"2025-10-15T22:45:11","guid":{"rendered":"https:\/\/graziamagazine.com\/mx\/?post_type=articles&#038;p=159260"},"modified":"2025-10-15T17:48:43","modified_gmt":"2025-10-15T22:48:43","slug":"recetas-caseras-de-postres-para-celebrar-el-dia-de-muertos","status":"publish","type":"articles","link":"https:\/\/graziamagazine.com\/mx\/articles\/recetas-caseras-de-postres-para-celebrar-el-dia-de-muertos\/","title":{"rendered":"Recetas caseras de postres para celebrar el D\u00eda de Muertos"},"content":{"rendered":"<p><span style=\"font-weight: 400\">El D\u00eda de Muertos se vive en todos nuestros sentidos, incluyendo el paladar. En cada altar de muertos, los aromas de la comida reci\u00e9n hecha nos recuerdan a quienes ya no est\u00e1n, y este a\u00f1o la tendencia es reinterpretar los platillos tradicionales a versiones caseras, llenas de amor. Desde versiones modernas del mole hasta diversas versiones del pan de muerto, las cocinas del pa\u00eds se convierten en templos de sabor y memoria.<\/span><\/p>\n<p><span style=\"font-weight: 400\">Aqu\u00ed te compartimos versiones caseras de los postres m\u00e1s tradicionales:<\/span><\/p>\n<p><strong>Pan de muerto con relleno de crema de avellana<\/strong><\/p>\n<p><span style=\"font-weight: 400\">Nada dice m\u00e1s \u201cD\u00eda de Muertos\u201d como el pan que simboliza el ciclo de la vida y la muerte. Para esta versi\u00f3n moderna, prepara una masa tradicional mezclando harina, az\u00facar, levadura, mantequilla, huevos, ralladura de naranja y un chorrito de agua de azahar. Amasa hasta que quede suave y el\u00e1stica, y deja reposar hasta que duplique su tama\u00f1o.\u00a0<\/span><\/p>\n<p><span style=\"font-weight: 400\">Forma los panes con las cl\u00e1sicas \u201ccanillas\u201d encima y hornea hasta que est\u00e9n dorados. Una vez fr\u00edos, \u00e1brelos por la mitad y rell\u00e9nalos con crema de avellana o dulce de leche. Espolvorea az\u00facar con un toque de canela o p\u00e9talos de cempas\u00fachil comestibles para un acabado artesanal y simb\u00f3lico.<\/span><\/p>\n<p><img loading=\"lazy\" decoding=\"async\" class=\"alignnone size-medium wp-image-159261\" src=\"https:\/\/graziamagazine.com\/mx\/wp-content\/uploads\/sites\/13\/2025\/10\/1-4-450x259.jpg\" alt=\"\" width=\"450\" height=\"259\" srcset=\"https:\/\/graziamagazine.com\/mx\/wp-content\/uploads\/sites\/13\/2025\/10\/1-4-450x259.jpg 450w, https:\/\/graziamagazine.com\/mx\/wp-content\/uploads\/sites\/13\/2025\/10\/1-4-400x230.jpg 400w, https:\/\/graziamagazine.com\/mx\/wp-content\/uploads\/sites\/13\/2025\/10\/1-4-155x89.jpg 155w, https:\/\/graziamagazine.com\/mx\/wp-content\/uploads\/sites\/13\/2025\/10\/1-4.jpg 585w\" sizes=\"(max-width: 450px) 100vw, 450px\" \/><\/p>\n<p><strong>Arroz con leche y aroma de cardamomo<\/strong><\/p>\n<p><span style=\"font-weight: 400\">Para la versi\u00f3n especiada y c\u00edtrica de este postre tradicional. Cocina una taza de arroz en agua con una raja de canela hasta que est\u00e9 suave. Agrega leche entera (o vegetal, si prefieres), az\u00facar al gusto, c\u00e1scara de naranja y dos vainas de cardamomo ligeramente abiertas. Cocina a fuego bajo hasta que espese, revolviendo de vez en cuando. Sirve caliente con un toque de ralladura de naranja o fr\u00edo, adornado con canela en polvo. Si quieres un giro m\u00e1s moderno, ponlo en moldes individuales y d\u00e9jalo enfriar hasta obtener una textura tipo \u201ccheesecake\u201d.<\/span><\/p>\n<p><img loading=\"lazy\" decoding=\"async\" class=\"alignnone size-full wp-image-159262\" src=\"https:\/\/graziamagazine.com\/mx\/wp-content\/uploads\/sites\/13\/2025\/10\/2-3.jpg\" alt=\"\" width=\"367\" height=\"415\" srcset=\"https:\/\/graziamagazine.com\/mx\/wp-content\/uploads\/sites\/13\/2025\/10\/2-3.jpg 367w, https:\/\/graziamagazine.com\/mx\/wp-content\/uploads\/sites\/13\/2025\/10\/2-3-155x175.jpg 155w\" sizes=\"(max-width: 367px) 100vw, 367px\" \/><\/p>\n<p><strong>Chocolate caliente con toque de chile y canela<\/strong><\/p>\n<p><span style=\"font-weight: 400\">Para cerrar la noche y acompa\u00f1ar la ofrenda, nada como un chocolate espeso que abrace el alma. Calienta leche (o leche vegetal) con una varita de canela y una pizca de chile en polvo. Agrega trozos de chocolate de mesa o cacao puro y revuelve hasta que se derrita completamente. Endulza al gusto con miel o piloncillo, y bate hasta obtener una espuma ligera. S\u00edrvelo en tazas de barro con una nube de crema batida o bombones de vainilla.<\/span><\/p>\n<p><img loading=\"lazy\" decoding=\"async\" class=\"alignnone size-medium wp-image-159263\" src=\"https:\/\/graziamagazine.com\/mx\/wp-content\/uploads\/sites\/13\/2025\/10\/478-450x289.jpg\" alt=\"\" width=\"450\" height=\"289\" srcset=\"https:\/\/graziamagazine.com\/mx\/wp-content\/uploads\/sites\/13\/2025\/10\/478-450x289.jpg 450w, https:\/\/graziamagazine.com\/mx\/wp-content\/uploads\/sites\/13\/2025\/10\/478-400x257.jpg 400w, https:\/\/graziamagazine.com\/mx\/wp-content\/uploads\/sites\/13\/2025\/10\/478-155x100.jpg 155w, https:\/\/graziamagazine.com\/mx\/wp-content\/uploads\/sites\/13\/2025\/10\/478.jpg 599w\" sizes=\"(max-width: 450px) 100vw, 450px\" \/><\/p>\n<p><span style=\"font-weight: 400\">Porque en M\u00e9xico, la memoria se cocina, se comparte y se celebra, una cucharada a la vez.<\/span><\/p>\n","protected":false},"author":11628,"featured_media":159264,"template":"","format":"standard","categories":[9864],"acf":[],"yoast_head":"<!-- This site is optimized with the Yoast SEO Premium plugin v18.5 (Yoast SEO v20.4) - https:\/\/yoast.com\/wordpress\/plugins\/seo\/ -->\n<title>Recetas caseras de postres para celebrar el D\u00eda de Muertos<\/title>\n<meta name=\"description\" content=\"El D\u00eda de Muertos se vive en todos nuestros sentidos, incluyendo el paladar. En cada altar de muertos, los aromas de la comida reci\u00e9n hecha nos recuerdan\" \/>\n<meta name=\"robots\" content=\"index, follow, max-snippet:-1, max-image-preview:large, max-video-preview:-1\" \/>\n<link rel=\"canonical\" href=\"https:\/\/graziamagazine.com\/mx\/articles\/recetas-caseras-de-postres-para-celebrar-el-dia-de-muertos\/\" \/>\n<meta property=\"og:locale\" content=\"es_MX\" \/>\n<meta property=\"og:type\" content=\"article\" \/>\n<meta property=\"og:title\" content=\"Recetas caseras de postres para celebrar el D\u00eda de Muertos\" \/>\n<meta property=\"og:description\" content=\"El D\u00eda de Muertos se vive en todos nuestros sentidos, incluyendo el paladar. En cada altar de muertos, los aromas de la comida reci\u00e9n hecha nos recuerdan\" \/>\n<meta property=\"og:url\" content=\"https:\/\/graziamagazine.com\/mx\/articles\/recetas-caseras-de-postres-para-celebrar-el-dia-de-muertos\/\" \/>\n<meta property=\"og:site_name\" content=\"Grazia M\u00e9xico y Latinoam\u00e9rica\" \/>\n<meta property=\"article:modified_time\" content=\"2025-10-15T22:48:43+00:00\" \/>\n<meta property=\"og:image\" content=\"https:\/\/graziamagazine.com\/mx\/wp-content\/uploads\/sites\/13\/2025\/10\/8787.jpg\" \/>\n\t<meta property=\"og:image:width\" content=\"640\" \/>\n\t<meta property=\"og:image:height\" content=\"343\" \/>\n\t<meta property=\"og:image:type\" content=\"image\/jpeg\" \/>\n<meta name=\"twitter:card\" content=\"summary_large_image\" \/>\n<meta name=\"twitter:label1\" content=\"Est. reading time\" \/>\n\t<meta name=\"twitter:data1\" content=\"3 minutos\" \/>\n<script type=\"application\/ld+json\" class=\"yoast-schema-graph\">{\"@context\":\"https:\/\/schema.org\",\"@graph\":[{\"@type\":\"WebPage\",\"@id\":\"https:\/\/graziamagazine.com\/mx\/articles\/recetas-caseras-de-postres-para-celebrar-el-dia-de-muertos\/\",\"url\":\"https:\/\/graziamagazine.com\/mx\/articles\/recetas-caseras-de-postres-para-celebrar-el-dia-de-muertos\/\",\"name\":\"Recetas caseras de postres para celebrar el D\u00eda de Muertos\",\"isPartOf\":{\"@id\":\"https:\/\/graziamagazine.com\/mx\/#website\"},\"datePublished\":\"2025-10-15T22:45:11+00:00\",\"dateModified\":\"2025-10-15T22:48:43+00:00\",\"description\":\"El D\u00eda de Muertos se vive en todos nuestros sentidos, incluyendo el paladar. En cada altar de muertos, los aromas de la comida reci\u00e9n hecha nos recuerdan\",\"breadcrumb\":{\"@id\":\"https:\/\/graziamagazine.com\/mx\/articles\/recetas-caseras-de-postres-para-celebrar-el-dia-de-muertos\/#breadcrumb\"},\"inLanguage\":\"es-MX\",\"potentialAction\":[{\"@type\":\"ReadAction\",\"target\":[\"https:\/\/graziamagazine.com\/mx\/articles\/recetas-caseras-de-postres-para-celebrar-el-dia-de-muertos\/\"]}]},{\"@type\":\"BreadcrumbList\",\"@id\":\"https:\/\/graziamagazine.com\/mx\/articles\/recetas-caseras-de-postres-para-celebrar-el-dia-de-muertos\/#breadcrumb\",\"itemListElement\":[{\"@type\":\"ListItem\",\"position\":1,\"name\":\"Home\",\"item\":\"https:\/\/graziamagazine.com\/mx\/\"},{\"@type\":\"ListItem\",\"position\":2,\"name\":\"Recetas caseras de postres para celebrar el D\u00eda de Muertos\"}]},{\"@type\":\"WebSite\",\"@id\":\"https:\/\/graziamagazine.com\/mx\/#website\",\"url\":\"https:\/\/graziamagazine.com\/mx\/\",\"name\":\"Grazia M\u00e9xico y Latinoam\u00e9rica\",\"description\":\"Grazia es moda, belleza y noticias  de actualidad \",\"potentialAction\":[{\"@type\":\"SearchAction\",\"target\":{\"@type\":\"EntryPoint\",\"urlTemplate\":\"https:\/\/graziamagazine.com\/mx\/?s={search_term_string}\"},\"query-input\":\"required name=search_term_string\"}],\"inLanguage\":\"es-MX\"}]}<\/script>\n<!-- \/ Yoast SEO Premium plugin. -->","yoast_head_json":{"title":"Recetas caseras de postres para celebrar el D\u00eda de Muertos","description":"El D\u00eda de Muertos se vive en todos nuestros sentidos, incluyendo el paladar. En cada altar de muertos, los aromas de la comida reci\u00e9n hecha nos recuerdan","robots":{"index":"index","follow":"follow","max-snippet":"max-snippet:-1","max-image-preview":"max-image-preview:large","max-video-preview":"max-video-preview:-1"},"canonical":"https:\/\/graziamagazine.com\/mx\/articles\/recetas-caseras-de-postres-para-celebrar-el-dia-de-muertos\/","og_locale":"es_MX","og_type":"article","og_title":"Recetas caseras de postres para celebrar el D\u00eda de Muertos","og_description":"El D\u00eda de Muertos se vive en todos nuestros sentidos, incluyendo el paladar. En cada altar de muertos, los aromas de la comida reci\u00e9n hecha nos recuerdan","og_url":"https:\/\/graziamagazine.com\/mx\/articles\/recetas-caseras-de-postres-para-celebrar-el-dia-de-muertos\/","og_site_name":"Grazia M\u00e9xico y Latinoam\u00e9rica","article_modified_time":"2025-10-15T22:48:43+00:00","og_image":[{"width":640,"height":343,"url":"https:\/\/graziamagazine.com\/mx\/wp-content\/uploads\/sites\/13\/2025\/10\/8787.jpg","type":"image\/jpeg"}],"twitter_card":"summary_large_image","twitter_misc":{"Est. reading time":"3 minutos"},"schema":{"@context":"https:\/\/schema.org","@graph":[{"@type":"WebPage","@id":"https:\/\/graziamagazine.com\/mx\/articles\/recetas-caseras-de-postres-para-celebrar-el-dia-de-muertos\/","url":"https:\/\/graziamagazine.com\/mx\/articles\/recetas-caseras-de-postres-para-celebrar-el-dia-de-muertos\/","name":"Recetas caseras de postres para celebrar el D\u00eda de Muertos","isPartOf":{"@id":"https:\/\/graziamagazine.com\/mx\/#website"},"datePublished":"2025-10-15T22:45:11+00:00","dateModified":"2025-10-15T22:48:43+00:00","description":"El D\u00eda de Muertos se vive en todos nuestros sentidos, incluyendo el paladar. En cada altar de muertos, los aromas de la comida reci\u00e9n hecha nos recuerdan","breadcrumb":{"@id":"https:\/\/graziamagazine.com\/mx\/articles\/recetas-caseras-de-postres-para-celebrar-el-dia-de-muertos\/#breadcrumb"},"inLanguage":"es-MX","potentialAction":[{"@type":"ReadAction","target":["https:\/\/graziamagazine.com\/mx\/articles\/recetas-caseras-de-postres-para-celebrar-el-dia-de-muertos\/"]}]},{"@type":"BreadcrumbList","@id":"https:\/\/graziamagazine.com\/mx\/articles\/recetas-caseras-de-postres-para-celebrar-el-dia-de-muertos\/#breadcrumb","itemListElement":[{"@type":"ListItem","position":1,"name":"Home","item":"https:\/\/graziamagazine.com\/mx\/"},{"@type":"ListItem","position":2,"name":"Recetas caseras de postres para celebrar el D\u00eda de Muertos"}]},{"@type":"WebSite","@id":"https:\/\/graziamagazine.com\/mx\/#website","url":"https:\/\/graziamagazine.com\/mx\/","name":"Grazia M\u00e9xico y Latinoam\u00e9rica","description":"Grazia es moda, belleza y noticias  de actualidad ","potentialAction":[{"@type":"SearchAction","target":{"@type":"EntryPoint","urlTemplate":"https:\/\/graziamagazine.com\/mx\/?s={search_term_string}"},"query-input":"required name=search_term_string"}],"inLanguage":"es-MX"}]}},"jetpack_sharing_enabled":true,"distributor_meta":false,"distributor_terms":false,"distributor_media":false,"distributor_original_site_name":"Grazia M\u00e9xico y Latinoam\u00e9rica","distributor_original_site_url":"https:\/\/graziamagazine.com\/mx","push-errors":false,"_links":{"self":[{"href":"https:\/\/graziamagazine.com\/mx\/wp-json\/wp\/v2\/articles\/159260"}],"collection":[{"href":"https:\/\/graziamagazine.com\/mx\/wp-json\/wp\/v2\/articles"}],"about":[{"href":"https:\/\/graziamagazine.com\/mx\/wp-json\/wp\/v2\/types\/articles"}],"author":[{"embeddable":true,"href":"https:\/\/graziamagazine.com\/mx\/wp-json\/wp\/v2\/users\/11628"}],"wp:featuredmedia":[{"embeddable":true,"href":"https:\/\/graziamagazine.com\/mx\/wp-json\/wp\/v2\/media\/159264"}],"wp:attachment":[{"href":"https:\/\/graziamagazine.com\/mx\/wp-json\/wp\/v2\/media?parent=159260"}],"wp:term":[{"taxonomy":"category","embeddable":true,"href":"https:\/\/graziamagazine.com\/mx\/wp-json\/wp\/v2\/categories?post=159260"}],"curies":[{"name":"wp","href":"https:\/\/api.w.org\/{rel}","templated":true}]}}