{"id":158842,"date":"2025-10-09T12:58:15","date_gmt":"2025-10-09T17:58:15","guid":{"rendered":"https:\/\/graziamagazine.com\/mx\/?post_type=articles&#038;p=158842"},"modified":"2025-10-09T13:40:37","modified_gmt":"2025-10-09T18:40:37","slug":"analizamos-los-8-outfits-que-uso-jlo-en-un-mismo-dia-en-ny","status":"publish","type":"articles","link":"https:\/\/graziamagazine.com\/mx\/articles\/analizamos-los-8-outfits-que-uso-jlo-en-un-mismo-dia-en-ny\/","title":{"rendered":"Analizamos los 8 outfits que us\u00f3 JLo en un mismo d\u00eda en NY"},"content":{"rendered":"<p>Jennifer Lopez no ha parado ni un minuto a pesar de reci\u00e9n terminar una intensa gira durante el verano. La cantante y actriz ahora est\u00e1 promocionando su nueva pel\u00edcula musical\u00a0<em>Kiss of the Spider Woman,\u00a0<\/em>y lo est\u00e1 haciendo con mucho estilo por las calles de Manhattan. De hecho, lo que primero dispar\u00f3 sorpresas sobre la premiere fue su reencuentro con Ben Affleck tras su divorcio: JLo llev\u00f3 un Harris Reed Demi-Couture con un estampado de Fromental reinterpretado y una escultura 3D con la que derroch\u00f3 glamour y modernidad. Tras esta cita de red carpet, siguieron varios eventos de una ocupada agenda en los que lleg\u00f3 a lucir hasta ocho atuendos diferentes.<\/p>\n<figure id=\"attachment_158845\" aria-describedby=\"caption-attachment-158845\" style=\"width: 900px\" class=\"wp-caption alignnone\"><img loading=\"lazy\" decoding=\"async\" class=\"wp-image-158845 size-full\" src=\"https:\/\/graziamagazine.com\/mx\/wp-content\/uploads\/sites\/13\/2025\/10\/analizamos-los-8-outfits-que-uso-jlo-en-un-mismo-dia-en-ny-3.jpg\" alt=\"Analizamos los 8 outfits que us\u00f3 JLo en un mismo d\u00eda en NY\" width=\"900\" height=\"1200\" srcset=\"https:\/\/graziamagazine.com\/mx\/wp-content\/uploads\/sites\/13\/2025\/10\/analizamos-los-8-outfits-que-uso-jlo-en-un-mismo-dia-en-ny-3.jpg 900w, https:\/\/graziamagazine.com\/mx\/wp-content\/uploads\/sites\/13\/2025\/10\/analizamos-los-8-outfits-que-uso-jlo-en-un-mismo-dia-en-ny-3-338x450.jpg 338w, https:\/\/graziamagazine.com\/mx\/wp-content\/uploads\/sites\/13\/2025\/10\/analizamos-los-8-outfits-que-uso-jlo-en-un-mismo-dia-en-ny-3-768x1024.jpg 768w, https:\/\/graziamagazine.com\/mx\/wp-content\/uploads\/sites\/13\/2025\/10\/analizamos-los-8-outfits-que-uso-jlo-en-un-mismo-dia-en-ny-3-400x533.jpg 400w, https:\/\/graziamagazine.com\/mx\/wp-content\/uploads\/sites\/13\/2025\/10\/analizamos-los-8-outfits-que-uso-jlo-en-un-mismo-dia-en-ny-3-155x207.jpg 155w\" sizes=\"(max-width: 900px) 100vw, 900px\" \/><figcaption id=\"caption-attachment-158845\" class=\"wp-caption-text\">JLo en la presentaci\u00f3n de <em>Kiss of the Spider Woman <\/em>en Nueva York \/ Foto: Instagram<\/figcaption><\/figure>\n<h2>Los looks de Jennifer Lopez en Nueva York<\/h2>\n<p><strong>1. El vestido Elie Saab<\/strong><\/p>\n<figure id=\"attachment_158843\" aria-describedby=\"caption-attachment-158843\" style=\"width: 900px\" class=\"wp-caption alignnone\"><img loading=\"lazy\" decoding=\"async\" class=\"wp-image-158843 size-full\" src=\"https:\/\/graziamagazine.com\/mx\/wp-content\/uploads\/sites\/13\/2025\/10\/analizamos-los-8-outfits-que-uso-jlo-en-un-mismo-dia-en-ny-1.jpg\" alt=\"Analizamos los 8 outfits que us\u00f3 JLo en un mismo d\u00eda en NY\" width=\"900\" height=\"1200\" srcset=\"https:\/\/graziamagazine.com\/mx\/wp-content\/uploads\/sites\/13\/2025\/10\/analizamos-los-8-outfits-que-uso-jlo-en-un-mismo-dia-en-ny-1.jpg 900w, https:\/\/graziamagazine.com\/mx\/wp-content\/uploads\/sites\/13\/2025\/10\/analizamos-los-8-outfits-que-uso-jlo-en-un-mismo-dia-en-ny-1-338x450.jpg 338w, https:\/\/graziamagazine.com\/mx\/wp-content\/uploads\/sites\/13\/2025\/10\/analizamos-los-8-outfits-que-uso-jlo-en-un-mismo-dia-en-ny-1-768x1024.jpg 768w, https:\/\/graziamagazine.com\/mx\/wp-content\/uploads\/sites\/13\/2025\/10\/analizamos-los-8-outfits-que-uso-jlo-en-un-mismo-dia-en-ny-1-400x533.jpg 400w, https:\/\/graziamagazine.com\/mx\/wp-content\/uploads\/sites\/13\/2025\/10\/analizamos-los-8-outfits-que-uso-jlo-en-un-mismo-dia-en-ny-1-155x207.jpg 155w\" sizes=\"(max-width: 900px) 100vw, 900px\" \/><figcaption id=\"caption-attachment-158843\" class=\"wp-caption-text\">Foto: Instagram<\/figcaption><\/figure>\n<article class=\"text-token-text-primary w-full focus:outline-none [--shadow-height:45px] has-data-writing-block:pointer-events-none has-data-writing-block:-mt-(--shadow-height) has-data-writing-block:pt-(--shadow-height) [&amp;:has([data-writing-block])&gt;*]:pointer-events-auto scroll-mt-[calc(var(--header-height)+min(200px,max(70px,20svh)))]\" dir=\"auto\" data-turn-id=\"request-WEB:26064757-7565-42c4-b03b-5a911b0e3c84-4\" data-testid=\"conversation-turn-10\" data-scroll-anchor=\"true\" data-turn=\"assistant\">\n<div class=\"text-base my-auto mx-auto pb-10 [--thread-content-margin:--spacing(4)] thread-sm:[--thread-content-margin:--spacing(6)] thread-lg:[--thread-content-margin:--spacing(16)] px-(--thread-content-margin)\">\n<div class=\"[--thread-content-max-width:40rem] thread-lg:[--thread-content-max-width:48rem] mx-auto max-w-(--thread-content-max-width) flex-1 group\/turn-messages focus-visible:outline-hidden relative flex w-full min-w-0 flex-col agent-turn\">\n<div class=\"flex max-w-full flex-col grow\">\n<div class=\"min-h-8 text-message relative flex w-full flex-col items-end gap-2 text-start break-words whitespace-normal [.text-message+&amp;]:mt-5\" dir=\"auto\" data-message-author-role=\"assistant\" data-message-id=\"22a326e6-dc9a-4f9b-9b05-4b1058db6026\" data-message-model-slug=\"gpt-5\">\n<div class=\"flex w-full flex-col gap-1 empty:hidden first:pt-[1px]\">\n<div class=\"markdown prose dark:prose-invert w-full break-words light markdown-new-styling\">\n<p data-start=\"0\" data-end=\"271\" data-is-last-node=\"\" data-is-only-node=\"\">Jennifer Lopez deslumbr\u00f3 con un vestido brillante de Elie Saab que combina el glamour del old Hollywood con una sofisticaci\u00f3n moderna para asistir a The Tonight Show con Jimmy Fallon. Los detalles de lentejuelas y los delicados toques de encaje hicieron de este look una aut\u00e9ntica perfecci\u00f3n para cerrar la noche en la ciudad que nunca duerme.<\/p>\n<p data-start=\"0\" data-end=\"271\" data-is-last-node=\"\" data-is-only-node=\"\"><strong>2. Conjunto de Thom Browne<\/strong><\/p>\n<figure id=\"attachment_158844\" aria-describedby=\"caption-attachment-158844\" style=\"width: 900px\" class=\"wp-caption alignnone\"><img loading=\"lazy\" decoding=\"async\" class=\"wp-image-158844 size-full\" src=\"https:\/\/graziamagazine.com\/mx\/wp-content\/uploads\/sites\/13\/2025\/10\/analizamos-los-8-outfits-que-uso-jlo-en-un-mismo-dia-en-ny-2.jpg\" alt=\"Analizamos los 8 outfits que us\u00f3 JLo en un mismo d\u00eda en NY\" width=\"900\" height=\"1200\" srcset=\"https:\/\/graziamagazine.com\/mx\/wp-content\/uploads\/sites\/13\/2025\/10\/analizamos-los-8-outfits-que-uso-jlo-en-un-mismo-dia-en-ny-2.jpg 900w, https:\/\/graziamagazine.com\/mx\/wp-content\/uploads\/sites\/13\/2025\/10\/analizamos-los-8-outfits-que-uso-jlo-en-un-mismo-dia-en-ny-2-338x450.jpg 338w, https:\/\/graziamagazine.com\/mx\/wp-content\/uploads\/sites\/13\/2025\/10\/analizamos-los-8-outfits-que-uso-jlo-en-un-mismo-dia-en-ny-2-768x1024.jpg 768w, https:\/\/graziamagazine.com\/mx\/wp-content\/uploads\/sites\/13\/2025\/10\/analizamos-los-8-outfits-que-uso-jlo-en-un-mismo-dia-en-ny-2-400x533.jpg 400w, https:\/\/graziamagazine.com\/mx\/wp-content\/uploads\/sites\/13\/2025\/10\/analizamos-los-8-outfits-que-uso-jlo-en-un-mismo-dia-en-ny-2-155x207.jpg 155w\" sizes=\"(max-width: 900px) 100vw, 900px\" \/><figcaption id=\"caption-attachment-158844\" class=\"wp-caption-text\">Foto: Instagram<\/figcaption><\/figure>\n<article class=\"text-token-text-primary w-full focus:outline-none [--shadow-height:45px] has-data-writing-block:pointer-events-none has-data-writing-block:-mt-(--shadow-height) has-data-writing-block:pt-(--shadow-height) [&amp;:has([data-writing-block])&gt;*]:pointer-events-auto scroll-mt-[calc(var(--header-height)+min(200px,max(70px,20svh)))]\" dir=\"auto\" data-turn-id=\"request-WEB:26064757-7565-42c4-b03b-5a911b0e3c84-5\" data-testid=\"conversation-turn-12\" data-scroll-anchor=\"true\" data-turn=\"assistant\">\n<div class=\"text-base my-auto mx-auto pb-10 [--thread-content-margin:--spacing(4)] thread-sm:[--thread-content-margin:--spacing(6)] thread-lg:[--thread-content-margin:--spacing(16)] px-(--thread-content-margin)\">\n<div class=\"[--thread-content-max-width:40rem] thread-lg:[--thread-content-max-width:48rem] mx-auto max-w-(--thread-content-max-width) flex-1 group\/turn-messages focus-visible:outline-hidden relative flex w-full min-w-0 flex-col agent-turn\">\n<div class=\"flex max-w-full flex-col grow\">\n<div class=\"min-h-8 text-message relative flex w-full flex-col items-end gap-2 text-start break-words whitespace-normal [.text-message+&amp;]:mt-5\" dir=\"auto\" data-message-author-role=\"assistant\" data-message-id=\"611fd3ea-b3fe-460a-bc8d-bad703784e80\" data-message-model-slug=\"gpt-5\">\n<div class=\"flex w-full flex-col gap-1 empty:hidden first:pt-[1px]\">\n<div class=\"markdown prose dark:prose-invert w-full break-words light markdown-new-styling\">\n<p data-start=\"0\" data-end=\"305\" data-is-last-node=\"\" data-is-only-node=\"\">Jennifer Lopez impact\u00f3 con un elegante conjunto street style de Thom Browne: camisa blanca con un cors\u00e9 alrededor, falda l\u00e1piz entallada, c\u00e1rdigan tejido y un bolso sofisticado, rematado con cl\u00e1sicos pumps de Jimmy Choo. Sofisticaci\u00f3n sin esfuerzo con un toque audaz que podemos usar para elevar el office-core.<\/p>\n<p data-start=\"0\" data-end=\"305\" data-is-last-node=\"\" data-is-only-node=\"\"><strong>3. El look monocrom\u00e1tico de Harithand<\/strong><\/p>\n<\/div>\n<\/div>\n<\/div>\n<\/div>\n<\/div>\n<\/div>\n<\/article>\n<\/div>\n<\/div>\n<\/div>\n<\/div>\n<\/div>\n<\/div>\n<\/article>\n<figure id=\"attachment_158847\" aria-describedby=\"caption-attachment-158847\" style=\"width: 900px\" class=\"wp-caption alignnone\"><img loading=\"lazy\" decoding=\"async\" class=\"wp-image-158847 size-full\" src=\"https:\/\/graziamagazine.com\/mx\/wp-content\/uploads\/sites\/13\/2025\/10\/analizamos-los-8-outfits-que-uso-jlo-en-un-mismo-dia-en-ny-5.jpg\" alt=\"Analizamos los 8 outfits que us\u00f3 JLo en un mismo d\u00eda en NY\" width=\"900\" height=\"1200\" srcset=\"https:\/\/graziamagazine.com\/mx\/wp-content\/uploads\/sites\/13\/2025\/10\/analizamos-los-8-outfits-que-uso-jlo-en-un-mismo-dia-en-ny-5.jpg 900w, https:\/\/graziamagazine.com\/mx\/wp-content\/uploads\/sites\/13\/2025\/10\/analizamos-los-8-outfits-que-uso-jlo-en-un-mismo-dia-en-ny-5-338x450.jpg 338w, https:\/\/graziamagazine.com\/mx\/wp-content\/uploads\/sites\/13\/2025\/10\/analizamos-los-8-outfits-que-uso-jlo-en-un-mismo-dia-en-ny-5-768x1024.jpg 768w, https:\/\/graziamagazine.com\/mx\/wp-content\/uploads\/sites\/13\/2025\/10\/analizamos-los-8-outfits-que-uso-jlo-en-un-mismo-dia-en-ny-5-400x533.jpg 400w, https:\/\/graziamagazine.com\/mx\/wp-content\/uploads\/sites\/13\/2025\/10\/analizamos-los-8-outfits-que-uso-jlo-en-un-mismo-dia-en-ny-5-155x207.jpg 155w\" sizes=\"(max-width: 900px) 100vw, 900px\" \/><figcaption id=\"caption-attachment-158847\" class=\"wp-caption-text\">Foto: Instagram<\/figcaption><\/figure>\n<p>JLo fue vista saliendo del NBC Today Show con un conjunto color camello de Harithand con mangas adornadas en piel, tacones nude de Christian Louboutin y un clutch tipo cocodrilo de Tyler Ellis. El conjunto ideal para abrazar la llegada del oto\u00f1o con colores predeterminados de la temporada.<\/p>\n<p><strong>4. El conjunto de Ralph Lauren<\/strong><\/p>\n<figure id=\"attachment_158846\" aria-describedby=\"caption-attachment-158846\" style=\"width: 900px\" class=\"wp-caption alignnone\"><img loading=\"lazy\" decoding=\"async\" class=\"wp-image-158846 size-full\" src=\"https:\/\/graziamagazine.com\/mx\/wp-content\/uploads\/sites\/13\/2025\/10\/analizamos-los-8-outfits-que-uso-jlo-en-un-mismo-dia-en-ny-4.jpg\" alt=\"Analizamos los 8 outfits que us\u00f3 JLo en un mismo d\u00eda en NY\" width=\"900\" height=\"1200\" srcset=\"https:\/\/graziamagazine.com\/mx\/wp-content\/uploads\/sites\/13\/2025\/10\/analizamos-los-8-outfits-que-uso-jlo-en-un-mismo-dia-en-ny-4.jpg 900w, https:\/\/graziamagazine.com\/mx\/wp-content\/uploads\/sites\/13\/2025\/10\/analizamos-los-8-outfits-que-uso-jlo-en-un-mismo-dia-en-ny-4-338x450.jpg 338w, https:\/\/graziamagazine.com\/mx\/wp-content\/uploads\/sites\/13\/2025\/10\/analizamos-los-8-outfits-que-uso-jlo-en-un-mismo-dia-en-ny-4-768x1024.jpg 768w, https:\/\/graziamagazine.com\/mx\/wp-content\/uploads\/sites\/13\/2025\/10\/analizamos-los-8-outfits-que-uso-jlo-en-un-mismo-dia-en-ny-4-400x533.jpg 400w, https:\/\/graziamagazine.com\/mx\/wp-content\/uploads\/sites\/13\/2025\/10\/analizamos-los-8-outfits-que-uso-jlo-en-un-mismo-dia-en-ny-4-155x207.jpg 155w\" sizes=\"(max-width: 900px) 100vw, 900px\" \/><figcaption id=\"caption-attachment-158846\" class=\"wp-caption-text\">Foto: Instagram<\/figcaption><\/figure>\n<p>Otro acierto para la temporada oto\u00f1al, fue este conjunto de Ralph Lauren \u2014con pantal\u00f3n amplio y blazer de cuero con doble botonadura\u2014, complementado con gafas de sol de Chlo\u00e9 y un clutch de THEMOIR\u00e8: el equilibrio perfecto entre el power suit y sofisticaci\u00f3n para ocasiones matutinas.<\/p>\n<p><strong>5. El segundo conjunto Ralph Lauren<\/strong><\/p>\n<figure id=\"attachment_158849\" aria-describedby=\"caption-attachment-158849\" style=\"width: 900px\" class=\"wp-caption alignnone\"><img loading=\"lazy\" decoding=\"async\" class=\"wp-image-158849 size-full\" src=\"https:\/\/graziamagazine.com\/mx\/wp-content\/uploads\/sites\/13\/2025\/10\/analizamos-los-8-outfits-que-uso-jlo-en-un-mismo-dia-en-ny-7.jpg\" alt=\"Analizamos los 8 outfits que us\u00f3 JLo en un mismo d\u00eda en NY\" width=\"900\" height=\"1200\" srcset=\"https:\/\/graziamagazine.com\/mx\/wp-content\/uploads\/sites\/13\/2025\/10\/analizamos-los-8-outfits-que-uso-jlo-en-un-mismo-dia-en-ny-7.jpg 900w, https:\/\/graziamagazine.com\/mx\/wp-content\/uploads\/sites\/13\/2025\/10\/analizamos-los-8-outfits-que-uso-jlo-en-un-mismo-dia-en-ny-7-338x450.jpg 338w, https:\/\/graziamagazine.com\/mx\/wp-content\/uploads\/sites\/13\/2025\/10\/analizamos-los-8-outfits-que-uso-jlo-en-un-mismo-dia-en-ny-7-768x1024.jpg 768w, https:\/\/graziamagazine.com\/mx\/wp-content\/uploads\/sites\/13\/2025\/10\/analizamos-los-8-outfits-que-uso-jlo-en-un-mismo-dia-en-ny-7-400x533.jpg 400w, https:\/\/graziamagazine.com\/mx\/wp-content\/uploads\/sites\/13\/2025\/10\/analizamos-los-8-outfits-que-uso-jlo-en-un-mismo-dia-en-ny-7-155x207.jpg 155w\" sizes=\"(max-width: 900px) 100vw, 900px\" \/><figcaption id=\"caption-attachment-158849\" class=\"wp-caption-text\">Foto: Instagram<\/figcaption><\/figure>\n<p>Abrazando un estilo m\u00e1s posh e ingl\u00e9s, JLo llev\u00f3 otro conjunto de Ralph Lauren m\u00e1s business casual con pantal\u00f3n blanco, chaqueta tipo blazer a la medida y chaleco en combinaci\u00f3n.<\/p>\n<p><strong>6. Un impecable conjunto de Dior<\/strong><\/p>\n<figure id=\"attachment_158852\" aria-describedby=\"caption-attachment-158852\" style=\"width: 900px\" class=\"wp-caption alignnone\"><img loading=\"lazy\" decoding=\"async\" class=\"wp-image-158852 size-full\" src=\"https:\/\/graziamagazine.com\/mx\/wp-content\/uploads\/sites\/13\/2025\/10\/analizamos-los-8-outfits-que-uso-jlo-en-un-mismo-dia-en-ny-33.jpg\" alt=\"Analizamos los 8 outfits que us\u00f3 JLo en un mismo d\u00eda en NY\" width=\"900\" height=\"1200\" srcset=\"https:\/\/graziamagazine.com\/mx\/wp-content\/uploads\/sites\/13\/2025\/10\/analizamos-los-8-outfits-que-uso-jlo-en-un-mismo-dia-en-ny-33.jpg 900w, https:\/\/graziamagazine.com\/mx\/wp-content\/uploads\/sites\/13\/2025\/10\/analizamos-los-8-outfits-que-uso-jlo-en-un-mismo-dia-en-ny-33-338x450.jpg 338w, https:\/\/graziamagazine.com\/mx\/wp-content\/uploads\/sites\/13\/2025\/10\/analizamos-los-8-outfits-que-uso-jlo-en-un-mismo-dia-en-ny-33-768x1024.jpg 768w, https:\/\/graziamagazine.com\/mx\/wp-content\/uploads\/sites\/13\/2025\/10\/analizamos-los-8-outfits-que-uso-jlo-en-un-mismo-dia-en-ny-33-400x533.jpg 400w, https:\/\/graziamagazine.com\/mx\/wp-content\/uploads\/sites\/13\/2025\/10\/analizamos-los-8-outfits-que-uso-jlo-en-un-mismo-dia-en-ny-33-155x207.jpg 155w\" sizes=\"(max-width: 900px) 100vw, 900px\" \/><figcaption id=\"caption-attachment-158852\" class=\"wp-caption-text\">Foto: Instagram<\/figcaption><\/figure>\n<p>JLo irradi\u00f3 pura energ\u00eda solar con un audaz conjunto de Dior, perfectamente complementado con gafas de Chlo\u00e9, un clutch de Tyler Ellis y tacones de Andrea Wazen. La chaqueta con la silueta cl\u00e1sica de la Maison luc\u00eda muy sofisticada con la falda con una ligera apertura (de toques m\u00e1s futuristas).<\/p>\n<p><strong>7. El total look Willy Chavarr\u00eda<\/strong><\/p>\n<figure id=\"attachment_158848\" aria-describedby=\"caption-attachment-158848\" style=\"width: 900px\" class=\"wp-caption alignnone\"><img loading=\"lazy\" decoding=\"async\" class=\"wp-image-158848 size-full\" src=\"https:\/\/graziamagazine.com\/mx\/wp-content\/uploads\/sites\/13\/2025\/10\/analizamos-los-8-outfits-que-uso-jlo-en-un-mismo-dia-en-ny-6.jpg\" alt=\"Analizamos los 8 outfits que us\u00f3 JLo en un mismo d\u00eda en NY\" width=\"900\" height=\"1200\" srcset=\"https:\/\/graziamagazine.com\/mx\/wp-content\/uploads\/sites\/13\/2025\/10\/analizamos-los-8-outfits-que-uso-jlo-en-un-mismo-dia-en-ny-6.jpg 900w, https:\/\/graziamagazine.com\/mx\/wp-content\/uploads\/sites\/13\/2025\/10\/analizamos-los-8-outfits-que-uso-jlo-en-un-mismo-dia-en-ny-6-338x450.jpg 338w, https:\/\/graziamagazine.com\/mx\/wp-content\/uploads\/sites\/13\/2025\/10\/analizamos-los-8-outfits-que-uso-jlo-en-un-mismo-dia-en-ny-6-768x1024.jpg 768w, https:\/\/graziamagazine.com\/mx\/wp-content\/uploads\/sites\/13\/2025\/10\/analizamos-los-8-outfits-que-uso-jlo-en-un-mismo-dia-en-ny-6-400x533.jpg 400w, https:\/\/graziamagazine.com\/mx\/wp-content\/uploads\/sites\/13\/2025\/10\/analizamos-los-8-outfits-que-uso-jlo-en-un-mismo-dia-en-ny-6-155x207.jpg 155w\" sizes=\"(max-width: 900px) 100vw, 900px\" \/><figcaption id=\"caption-attachment-158848\" class=\"wp-caption-text\">Foto: Instagram<\/figcaption><\/figure>\n<p>Jennifer deslumbr\u00f3 con un Willy Chavarria SS26 que curiosamente fue previamente usado por Pamela Anderson. De falda l\u00e1piz larga con apliqu\u00e9s florales, una camisa blanca y sombrero plano, este look ofrece detalles old Hollywood con un estilismo insignia de la casa de modas.<\/p>\n<p><strong>8. El vestido de Erdem<\/strong><\/p>\n<figure id=\"attachment_158850\" aria-describedby=\"caption-attachment-158850\" style=\"width: 900px\" class=\"wp-caption alignnone\"><img loading=\"lazy\" decoding=\"async\" class=\"wp-image-158850 size-full\" src=\"https:\/\/graziamagazine.com\/mx\/wp-content\/uploads\/sites\/13\/2025\/10\/analizamos-los-8-outfits-que-uso-jlo-en-un-mismo-dia-en-ny-8.jpg\" alt=\"Analizamos los 8 outfits que us\u00f3 JLo en un mismo d\u00eda en NY\" width=\"900\" height=\"1200\" srcset=\"https:\/\/graziamagazine.com\/mx\/wp-content\/uploads\/sites\/13\/2025\/10\/analizamos-los-8-outfits-que-uso-jlo-en-un-mismo-dia-en-ny-8.jpg 900w, https:\/\/graziamagazine.com\/mx\/wp-content\/uploads\/sites\/13\/2025\/10\/analizamos-los-8-outfits-que-uso-jlo-en-un-mismo-dia-en-ny-8-338x450.jpg 338w, https:\/\/graziamagazine.com\/mx\/wp-content\/uploads\/sites\/13\/2025\/10\/analizamos-los-8-outfits-que-uso-jlo-en-un-mismo-dia-en-ny-8-768x1024.jpg 768w, https:\/\/graziamagazine.com\/mx\/wp-content\/uploads\/sites\/13\/2025\/10\/analizamos-los-8-outfits-que-uso-jlo-en-un-mismo-dia-en-ny-8-400x533.jpg 400w, https:\/\/graziamagazine.com\/mx\/wp-content\/uploads\/sites\/13\/2025\/10\/analizamos-los-8-outfits-que-uso-jlo-en-un-mismo-dia-en-ny-8-155x207.jpg 155w\" sizes=\"(max-width: 900px) 100vw, 900px\" \/><figcaption id=\"caption-attachment-158850\" class=\"wp-caption-text\">Foto: Instagram<\/figcaption><\/figure>\n<article class=\"text-token-text-primary w-full focus:outline-none [--shadow-height:45px] has-data-writing-block:pointer-events-none has-data-writing-block:-mt-(--shadow-height) has-data-writing-block:pt-(--shadow-height) [&amp;:has([data-writing-block])&gt;*]:pointer-events-auto scroll-mt-[calc(var(--header-height)+min(200px,max(70px,20svh)))]\" dir=\"auto\" data-turn-id=\"1fcbde27-228e-48d4-b808-c4d69d5bb3a4\" data-testid=\"conversation-turn-22\" data-scroll-anchor=\"true\" data-turn=\"assistant\">\n<div class=\"text-base my-auto mx-auto pb-10 [--thread-content-margin:--spacing(4)] thread-sm:[--thread-content-margin:--spacing(6)] thread-lg:[--thread-content-margin:--spacing(16)] px-(--thread-content-margin)\">\n<div class=\"[--thread-content-max-width:40rem] thread-lg:[--thread-content-max-width:48rem] mx-auto max-w-(--thread-content-max-width) flex-1 group\/turn-messages focus-visible:outline-hidden relative flex w-full min-w-0 flex-col agent-turn\">\n<div class=\"flex max-w-full flex-col grow\">\n<div class=\"min-h-8 text-message relative flex w-full flex-col items-end gap-2 text-start break-words whitespace-normal [.text-message+&amp;]:mt-5\" dir=\"auto\" data-message-author-role=\"assistant\" data-message-id=\"9d40a409-de8a-42ff-ad13-fe3762312af4\" data-message-model-slug=\"gpt-5-mini\">\n<div class=\"flex w-full flex-col gap-1 empty:hidden first:pt-[1px]\">\n<div class=\"markdown prose dark:prose-invert w-full break-words light markdown-new-styling\">\n<p data-start=\"0\" data-end=\"210\" data-is-last-node=\"\" data-is-only-node=\"\">La actriz luci\u00f3 un vestido texturizado de Erdem en color burdeos combinado con cl\u00e1sicos pumps de Jimmy Choo en <em data-start=\"123\" data-end=\"147\">Live with Kelly &amp; Mark<\/em>. Una mezcla deslumbrante de sofisticaci\u00f3n y glamour oto\u00f1al.<\/p>\n<\/div>\n<\/div>\n<\/div>\n<\/div>\n<\/div>\n<\/div>\n<\/article>\n","protected":false},"author":42761,"featured_media":158851,"template":"","format":"standard","categories":[2],"acf":[],"yoast_head":"<!-- This site is optimized with the Yoast SEO Premium plugin v18.5 (Yoast SEO v20.4) - https:\/\/yoast.com\/wordpress\/plugins\/seo\/ -->\n<title>Analizamos los 8 outfits que us\u00f3 JLo en un mismo d\u00eda en NY | Grazia M\u00e9xico y Latinoam\u00e9rica<\/title>\n<meta name=\"description\" content=\"Jennifer Lopez no ha parado ni un minuto a pesar de reci\u00e9n terminar una intensa gira durante el verano. La cantante y actriz ahora est\u00e1 promocionando su\" \/>\n<meta name=\"robots\" content=\"index, follow, max-snippet:-1, max-image-preview:large, max-video-preview:-1\" \/>\n<link rel=\"canonical\" href=\"https:\/\/graziamagazine.com\/mx\/articles\/analizamos-los-8-outfits-que-uso-jlo-en-un-mismo-dia-en-ny\/\" \/>\n<meta property=\"og:locale\" content=\"es_MX\" \/>\n<meta property=\"og:type\" content=\"article\" \/>\n<meta property=\"og:title\" content=\"Analizamos los 8 outfits que us\u00f3 JLo en un mismo d\u00eda en NY\" \/>\n<meta property=\"og:description\" content=\"Jennifer Lopez no ha parado ni un minuto a pesar de reci\u00e9n terminar una intensa gira durante el verano. La cantante y actriz ahora est\u00e1 promocionando su\" \/>\n<meta property=\"og:url\" content=\"https:\/\/graziamagazine.com\/mx\/articles\/analizamos-los-8-outfits-que-uso-jlo-en-un-mismo-dia-en-ny\/\" \/>\n<meta property=\"og:site_name\" content=\"Grazia M\u00e9xico y Latinoam\u00e9rica\" \/>\n<meta property=\"article:modified_time\" content=\"2025-10-09T18:40:37+00:00\" \/>\n<meta property=\"og:image\" content=\"https:\/\/graziamagazine.com\/mx\/wp-content\/uploads\/sites\/13\/2025\/10\/analizamos-los-8-outfits-que-uso-jlo-en-un-mismo-dia-en-ny-9.jpg\" \/>\n\t<meta property=\"og:image:width\" content=\"1280\" \/>\n\t<meta property=\"og:image:height\" content=\"720\" \/>\n\t<meta property=\"og:image:type\" content=\"image\/jpeg\" \/>\n<meta name=\"twitter:card\" content=\"summary_large_image\" \/>\n<meta name=\"twitter:label1\" content=\"Est. reading time\" \/>\n\t<meta name=\"twitter:data1\" content=\"5 minutos\" \/>\n<script type=\"application\/ld+json\" class=\"yoast-schema-graph\">{\"@context\":\"https:\/\/schema.org\",\"@graph\":[{\"@type\":\"WebPage\",\"@id\":\"https:\/\/graziamagazine.com\/mx\/articles\/analizamos-los-8-outfits-que-uso-jlo-en-un-mismo-dia-en-ny\/\",\"url\":\"https:\/\/graziamagazine.com\/mx\/articles\/analizamos-los-8-outfits-que-uso-jlo-en-un-mismo-dia-en-ny\/\",\"name\":\"Analizamos los 8 outfits que us\u00f3 JLo en un mismo d\u00eda en NY | Grazia M\u00e9xico y Latinoam\u00e9rica\",\"isPartOf\":{\"@id\":\"https:\/\/graziamagazine.com\/mx\/#website\"},\"datePublished\":\"2025-10-09T17:58:15+00:00\",\"dateModified\":\"2025-10-09T18:40:37+00:00\",\"description\":\"Jennifer Lopez no ha parado ni un minuto a pesar de reci\u00e9n terminar una intensa gira durante el verano. La cantante y actriz ahora est\u00e1 promocionando su\",\"breadcrumb\":{\"@id\":\"https:\/\/graziamagazine.com\/mx\/articles\/analizamos-los-8-outfits-que-uso-jlo-en-un-mismo-dia-en-ny\/#breadcrumb\"},\"inLanguage\":\"es-MX\",\"potentialAction\":[{\"@type\":\"ReadAction\",\"target\":[\"https:\/\/graziamagazine.com\/mx\/articles\/analizamos-los-8-outfits-que-uso-jlo-en-un-mismo-dia-en-ny\/\"]}]},{\"@type\":\"BreadcrumbList\",\"@id\":\"https:\/\/graziamagazine.com\/mx\/articles\/analizamos-los-8-outfits-que-uso-jlo-en-un-mismo-dia-en-ny\/#breadcrumb\",\"itemListElement\":[{\"@type\":\"ListItem\",\"position\":1,\"name\":\"Home\",\"item\":\"https:\/\/graziamagazine.com\/mx\/\"},{\"@type\":\"ListItem\",\"position\":2,\"name\":\"Analizamos los 8 outfits que us\u00f3 JLo en un mismo d\u00eda en NY\"}]},{\"@type\":\"WebSite\",\"@id\":\"https:\/\/graziamagazine.com\/mx\/#website\",\"url\":\"https:\/\/graziamagazine.com\/mx\/\",\"name\":\"Grazia M\u00e9xico y Latinoam\u00e9rica\",\"description\":\"Grazia es moda, belleza y noticias  de actualidad \",\"potentialAction\":[{\"@type\":\"SearchAction\",\"target\":{\"@type\":\"EntryPoint\",\"urlTemplate\":\"https:\/\/graziamagazine.com\/mx\/?s={search_term_string}\"},\"query-input\":\"required name=search_term_string\"}],\"inLanguage\":\"es-MX\"}]}<\/script>\n<!-- \/ Yoast SEO Premium plugin. -->","yoast_head_json":{"title":"Analizamos los 8 outfits que us\u00f3 JLo en un mismo d\u00eda en NY | Grazia M\u00e9xico y Latinoam\u00e9rica","description":"Jennifer Lopez no ha parado ni un minuto a pesar de reci\u00e9n terminar una intensa gira durante el verano. La cantante y actriz ahora est\u00e1 promocionando su","robots":{"index":"index","follow":"follow","max-snippet":"max-snippet:-1","max-image-preview":"max-image-preview:large","max-video-preview":"max-video-preview:-1"},"canonical":"https:\/\/graziamagazine.com\/mx\/articles\/analizamos-los-8-outfits-que-uso-jlo-en-un-mismo-dia-en-ny\/","og_locale":"es_MX","og_type":"article","og_title":"Analizamos los 8 outfits que us\u00f3 JLo en un mismo d\u00eda en NY","og_description":"Jennifer Lopez no ha parado ni un minuto a pesar de reci\u00e9n terminar una intensa gira durante el verano. La cantante y actriz ahora est\u00e1 promocionando su","og_url":"https:\/\/graziamagazine.com\/mx\/articles\/analizamos-los-8-outfits-que-uso-jlo-en-un-mismo-dia-en-ny\/","og_site_name":"Grazia M\u00e9xico y Latinoam\u00e9rica","article_modified_time":"2025-10-09T18:40:37+00:00","og_image":[{"width":1280,"height":720,"url":"https:\/\/graziamagazine.com\/mx\/wp-content\/uploads\/sites\/13\/2025\/10\/analizamos-los-8-outfits-que-uso-jlo-en-un-mismo-dia-en-ny-9.jpg","type":"image\/jpeg"}],"twitter_card":"summary_large_image","twitter_misc":{"Est. reading time":"5 minutos"},"schema":{"@context":"https:\/\/schema.org","@graph":[{"@type":"WebPage","@id":"https:\/\/graziamagazine.com\/mx\/articles\/analizamos-los-8-outfits-que-uso-jlo-en-un-mismo-dia-en-ny\/","url":"https:\/\/graziamagazine.com\/mx\/articles\/analizamos-los-8-outfits-que-uso-jlo-en-un-mismo-dia-en-ny\/","name":"Analizamos los 8 outfits que us\u00f3 JLo en un mismo d\u00eda en NY | Grazia M\u00e9xico y Latinoam\u00e9rica","isPartOf":{"@id":"https:\/\/graziamagazine.com\/mx\/#website"},"datePublished":"2025-10-09T17:58:15+00:00","dateModified":"2025-10-09T18:40:37+00:00","description":"Jennifer Lopez no ha parado ni un minuto a pesar de reci\u00e9n terminar una intensa gira durante el verano. La cantante y actriz ahora est\u00e1 promocionando su","breadcrumb":{"@id":"https:\/\/graziamagazine.com\/mx\/articles\/analizamos-los-8-outfits-que-uso-jlo-en-un-mismo-dia-en-ny\/#breadcrumb"},"inLanguage":"es-MX","potentialAction":[{"@type":"ReadAction","target":["https:\/\/graziamagazine.com\/mx\/articles\/analizamos-los-8-outfits-que-uso-jlo-en-un-mismo-dia-en-ny\/"]}]},{"@type":"BreadcrumbList","@id":"https:\/\/graziamagazine.com\/mx\/articles\/analizamos-los-8-outfits-que-uso-jlo-en-un-mismo-dia-en-ny\/#breadcrumb","itemListElement":[{"@type":"ListItem","position":1,"name":"Home","item":"https:\/\/graziamagazine.com\/mx\/"},{"@type":"ListItem","position":2,"name":"Analizamos los 8 outfits que us\u00f3 JLo en un mismo d\u00eda en NY"}]},{"@type":"WebSite","@id":"https:\/\/graziamagazine.com\/mx\/#website","url":"https:\/\/graziamagazine.com\/mx\/","name":"Grazia M\u00e9xico y Latinoam\u00e9rica","description":"Grazia es moda, belleza y noticias  de actualidad ","potentialAction":[{"@type":"SearchAction","target":{"@type":"EntryPoint","urlTemplate":"https:\/\/graziamagazine.com\/mx\/?s={search_term_string}"},"query-input":"required name=search_term_string"}],"inLanguage":"es-MX"}]}},"jetpack_sharing_enabled":true,"distributor_meta":false,"distributor_terms":false,"distributor_media":false,"distributor_original_site_name":"Grazia M\u00e9xico y Latinoam\u00e9rica","distributor_original_site_url":"https:\/\/graziamagazine.com\/mx","push-errors":false,"_links":{"self":[{"href":"https:\/\/graziamagazine.com\/mx\/wp-json\/wp\/v2\/articles\/158842"}],"collection":[{"href":"https:\/\/graziamagazine.com\/mx\/wp-json\/wp\/v2\/articles"}],"about":[{"href":"https:\/\/graziamagazine.com\/mx\/wp-json\/wp\/v2\/types\/articles"}],"author":[{"embeddable":true,"href":"https:\/\/graziamagazine.com\/mx\/wp-json\/wp\/v2\/users\/42761"}],"wp:featuredmedia":[{"embeddable":true,"href":"https:\/\/graziamagazine.com\/mx\/wp-json\/wp\/v2\/media\/158851"}],"wp:attachment":[{"href":"https:\/\/graziamagazine.com\/mx\/wp-json\/wp\/v2\/media?parent=158842"}],"wp:term":[{"taxonomy":"category","embeddable":true,"href":"https:\/\/graziamagazine.com\/mx\/wp-json\/wp\/v2\/categories?post=158842"}],"curies":[{"name":"wp","href":"https:\/\/api.w.org\/{rel}","templated":true}]}}