{"id":158776,"date":"2025-10-08T17:44:57","date_gmt":"2025-10-08T22:44:57","guid":{"rendered":"https:\/\/graziamagazine.com\/mx\/?post_type=articles&#038;p=158776"},"modified":"2025-10-09T09:40:16","modified_gmt":"2025-10-09T14:40:16","slug":"tessa-ia-emiliano-zurita-flavio-medina-y-juan-manuel-bernal-protagonizan-nadie-nos-vio-partir-de-netflix","status":"publish","type":"articles","link":"https:\/\/graziamagazine.com\/mx\/articles\/tessa-ia-emiliano-zurita-flavio-medina-y-juan-manuel-bernal-protagonizan-nadie-nos-vio-partir-de-netflix\/","title":{"rendered":"Tessa \u00cda, Emiliano Zurita, Flavio Medina y Juan Manuel Bernal protagonizan \u2018Nadie nos vio partir\u2019 de Netflix"},"content":{"rendered":"<p><span style=\"font-weight: 400\">Tessa \u00cda, Emiliano Zurita, Flavio Medina y Juan Manuel Bernal est\u00e1n listos para estrenar Nadie nos vio partir, una serie de Netflix basada en el libro hom\u00f3nimo de Tamara Trottner, y dirigida por Luc\u00eda Puenzo.<\/span><\/p>\n<p><span style=\"font-weight: 400\">Filmada en cuatro pa\u00edses, Nadie nos vio partir est\u00e1 inspirada en una historia real. Ambientada en la alta sociedad mexicana de los a\u00f1os 60, la serie narra la historia de una madre que, tras vivir un romance prohibido, enfrenta una dura realidad: su esposo ha secuestrado a sus hijos como venganza. Su lucha, marcada por la desesperaci\u00f3n y la esperanza, se convierte en un retrato \u00edntimo de amor, memoria y resistencia.<\/span><\/p>\n<figure id=\"attachment_158778\" aria-describedby=\"caption-attachment-158778\" style=\"width: 450px\" class=\"wp-caption alignnone\"><img loading=\"lazy\" decoding=\"async\" class=\"size-medium wp-image-158778\" src=\"https:\/\/graziamagazine.com\/mx\/wp-content\/uploads\/sites\/13\/2025\/10\/NNVP_241024_SC175_0019_R-450x312.jpg\" alt=\"\" width=\"450\" height=\"312\" srcset=\"https:\/\/graziamagazine.com\/mx\/wp-content\/uploads\/sites\/13\/2025\/10\/NNVP_241024_SC175_0019_R-450x312.jpg 450w, https:\/\/graziamagazine.com\/mx\/wp-content\/uploads\/sites\/13\/2025\/10\/NNVP_241024_SC175_0019_R-1024x709.jpg 1024w, https:\/\/graziamagazine.com\/mx\/wp-content\/uploads\/sites\/13\/2025\/10\/NNVP_241024_SC175_0019_R-768x532.jpg 768w, https:\/\/graziamagazine.com\/mx\/wp-content\/uploads\/sites\/13\/2025\/10\/NNVP_241024_SC175_0019_R-1536x1063.jpg 1536w, https:\/\/graziamagazine.com\/mx\/wp-content\/uploads\/sites\/13\/2025\/10\/NNVP_241024_SC175_0019_R-2048x1418.jpg 2048w, https:\/\/graziamagazine.com\/mx\/wp-content\/uploads\/sites\/13\/2025\/10\/NNVP_241024_SC175_0019_R-400x277.jpg 400w, https:\/\/graziamagazine.com\/mx\/wp-content\/uploads\/sites\/13\/2025\/10\/NNVP_241024_SC175_0019_R-155x107.jpg 155w\" sizes=\"(max-width: 450px) 100vw, 450px\" \/><figcaption id=\"caption-attachment-158778\" class=\"wp-caption-text\">Nadie Nos Vio Partir S1. (L to R)<br \/>Alexander Varela as Isaac, Emiliano Zurita as Leo, Marion Sirot as Tamara in Nadie Nos Vio Partir S1. Cr. Gael Turpo\/Netflix \u00a92025<\/figcaption><\/figure>\n<p><span style=\"font-weight: 400\">La serie explora los lazos familiares, las historias que nos atraviesan y la importancia de contarlas con el amor y respeto que requieren.<\/span><\/p>\n<figure id=\"attachment_158781\" aria-describedby=\"caption-attachment-158781\" style=\"width: 450px\" class=\"wp-caption alignnone\"><img loading=\"lazy\" decoding=\"async\" class=\"size-medium wp-image-158781\" src=\"https:\/\/graziamagazine.com\/mx\/wp-content\/uploads\/sites\/13\/2025\/10\/NNVP_230924_00223_R-450x312.jpg\" alt=\"\" width=\"450\" height=\"312\" srcset=\"https:\/\/graziamagazine.com\/mx\/wp-content\/uploads\/sites\/13\/2025\/10\/NNVP_230924_00223_R-450x312.jpg 450w, https:\/\/graziamagazine.com\/mx\/wp-content\/uploads\/sites\/13\/2025\/10\/NNVP_230924_00223_R-1024x709.jpg 1024w, https:\/\/graziamagazine.com\/mx\/wp-content\/uploads\/sites\/13\/2025\/10\/NNVP_230924_00223_R-768x532.jpg 768w, https:\/\/graziamagazine.com\/mx\/wp-content\/uploads\/sites\/13\/2025\/10\/NNVP_230924_00223_R-1536x1064.jpg 1536w, https:\/\/graziamagazine.com\/mx\/wp-content\/uploads\/sites\/13\/2025\/10\/NNVP_230924_00223_R-2048x1418.jpg 2048w, https:\/\/graziamagazine.com\/mx\/wp-content\/uploads\/sites\/13\/2025\/10\/NNVP_230924_00223_R-400x277.jpg 400w, https:\/\/graziamagazine.com\/mx\/wp-content\/uploads\/sites\/13\/2025\/10\/NNVP_230924_00223_R-155x107.jpg 155w\" sizes=\"(max-width: 450px) 100vw, 450px\" \/><figcaption id=\"caption-attachment-158781\" class=\"wp-caption-text\">Nadie Nos Vio Partir S1. (L to R) Tessa Ia as Valeria, Gustavo Bassani as Carlos, Ari Brickman as El\u00edas in Nadie Nos Vio Partir S1. Cr. David Bloomer\/Netflix \u00a92025<\/figcaption><\/figure>\n<p><span style=\"font-weight: 400\">\u201cQueremos agradecer profundamente a Tamara por confiar en nosotros y compartir su historia con tanta valent\u00eda, a Luc\u00eda, Nicol\u00e1s y Samuel por dirigirla con una sensibilidad y cuidado que se respiran en cada escena\u201d, dijo al respecto Carolina Leconte, vicepresidenta de vontenido de Netflix M\u00e9xico.<\/span><\/p>\n<figure id=\"attachment_158777\" aria-describedby=\"caption-attachment-158777\" style=\"width: 450px\" class=\"wp-caption alignnone\"><img loading=\"lazy\" decoding=\"async\" class=\"size-medium wp-image-158777\" src=\"https:\/\/graziamagazine.com\/mx\/wp-content\/uploads\/sites\/13\/2025\/10\/NNVP_101-SC01_0013_R-450x312.jpg\" alt=\"\" width=\"450\" height=\"312\" srcset=\"https:\/\/graziamagazine.com\/mx\/wp-content\/uploads\/sites\/13\/2025\/10\/NNVP_101-SC01_0013_R-450x312.jpg 450w, https:\/\/graziamagazine.com\/mx\/wp-content\/uploads\/sites\/13\/2025\/10\/NNVP_101-SC01_0013_R-1024x709.jpg 1024w, https:\/\/graziamagazine.com\/mx\/wp-content\/uploads\/sites\/13\/2025\/10\/NNVP_101-SC01_0013_R-768x532.jpg 768w, https:\/\/graziamagazine.com\/mx\/wp-content\/uploads\/sites\/13\/2025\/10\/NNVP_101-SC01_0013_R-1536x1063.jpg 1536w, https:\/\/graziamagazine.com\/mx\/wp-content\/uploads\/sites\/13\/2025\/10\/NNVP_101-SC01_0013_R-2048x1418.jpg 2048w, https:\/\/graziamagazine.com\/mx\/wp-content\/uploads\/sites\/13\/2025\/10\/NNVP_101-SC01_0013_R-400x277.jpg 400w, https:\/\/graziamagazine.com\/mx\/wp-content\/uploads\/sites\/13\/2025\/10\/NNVP_101-SC01_0013_R-155x107.jpg 155w\" sizes=\"(max-width: 450px) 100vw, 450px\" \/><figcaption id=\"caption-attachment-158777\" class=\"wp-caption-text\">Nadie Nos Vio Partir S1. (L to R) Emiliano Zurita as Leo, Juan Manuel Bernal as Samuel in Nadie Nos Vio Partir S1. Cr. Toya Sarno\/Netflix \u00a92025<\/figcaption><\/figure>\n<p><span style=\"font-weight: 400\">El elenco se completa con Alexander Varela, Marion Sirot, Karina Gidi, Lisa Owen, Natasha Dupeyron, Gustavo Bassani, Ari Brickman y Mariana Di Girolamo, y junto a Luc\u00eda Puenzo, Nicol\u00e1s Puenzo y Samuel Kishi estar\u00e1n tambi\u00e9n apoyando en la direcci\u00f3n.<\/span><\/p>\n<p><span style=\"font-weight: 400\">Nadie nos vio partir reafirma el compromiso de Netflix con las historias mexicanas contadas con autenticidad y sensibilidad cinematogr\u00e1fica.<\/span><\/p>\n<p><iframe loading=\"lazy\" title=\"Nadie nos vio partir | Tr\u00e1iler oficial | Netflix\" width=\"500\" height=\"281\" src=\"https:\/\/www.youtube.com\/embed\/IoO66b9QgZo?feature=oembed\" frameborder=\"0\" allow=\"accelerometer; autoplay; clipboard-write; encrypted-media; gyroscope; picture-in-picture; web-share\" referrerpolicy=\"strict-origin-when-cross-origin\" allowfullscreen><\/iframe><\/p>\n","protected":false},"author":11628,"featured_media":158779,"template":"","format":"standard","categories":[114,12483,12517,12832],"acf":[],"yoast_head":"<!-- This site is optimized with the Yoast SEO Premium plugin v18.5 (Yoast SEO v20.4) - https:\/\/yoast.com\/wordpress\/plugins\/seo\/ -->\n<title>Tessa \u00cda, Emiliano Zurita, Flavio Medina y Juan Manuel Bernal protagonizan \u2018Nadie nos vio partir\u2019 de Netflix<\/title>\n<meta name=\"description\" content=\"Tessa \u00cda, Emiliano Zurita, Flavio Medina y Juan Manuel Bernal est\u00e1n listos para estrenar Nadie nos vio partir, una serie de Netflix basada en el libro\" \/>\n<meta name=\"robots\" content=\"index, follow, max-snippet:-1, max-image-preview:large, max-video-preview:-1\" \/>\n<link rel=\"canonical\" href=\"https:\/\/graziamagazine.com\/mx\/articles\/tessa-ia-emiliano-zurita-flavio-medina-y-juan-manuel-bernal-protagonizan-nadie-nos-vio-partir-de-netflix\/\" \/>\n<meta property=\"og:locale\" content=\"es_MX\" \/>\n<meta property=\"og:type\" content=\"article\" \/>\n<meta property=\"og:title\" content=\"Tessa \u00cda, Emiliano Zurita, Flavio Medina y Juan Manuel Bernal protagonizan \u2018Nadie nos vio partir\u2019 de Netflix\" \/>\n<meta property=\"og:description\" content=\"Tessa \u00cda, Emiliano Zurita, Flavio Medina y Juan Manuel Bernal est\u00e1n listos para estrenar Nadie nos vio partir, una serie de Netflix basada en el libro\" \/>\n<meta property=\"og:url\" content=\"https:\/\/graziamagazine.com\/mx\/articles\/tessa-ia-emiliano-zurita-flavio-medina-y-juan-manuel-bernal-protagonizan-nadie-nos-vio-partir-de-netflix\/\" \/>\n<meta property=\"og:site_name\" content=\"Grazia M\u00e9xico y Latinoam\u00e9rica\" \/>\n<meta property=\"article:modified_time\" content=\"2025-10-09T14:40:16+00:00\" \/>\n<meta property=\"og:image\" content=\"https:\/\/graziamagazine.com\/mx\/wp-content\/uploads\/sites\/13\/2025\/10\/Nadie_nos_vio_partir_n_S1_E1_00_43_56_11_R-scaled.jpg\" \/>\n\t<meta property=\"og:image:width\" content=\"2560\" \/>\n\t<meta property=\"og:image:height\" content=\"1773\" \/>\n\t<meta property=\"og:image:type\" content=\"image\/jpeg\" \/>\n<meta name=\"twitter:card\" content=\"summary_large_image\" \/>\n<meta name=\"twitter:label1\" content=\"Est. reading time\" \/>\n\t<meta name=\"twitter:data1\" content=\"3 minutos\" \/>\n<script type=\"application\/ld+json\" class=\"yoast-schema-graph\">{\"@context\":\"https:\/\/schema.org\",\"@graph\":[{\"@type\":\"WebPage\",\"@id\":\"https:\/\/graziamagazine.com\/mx\/articles\/tessa-ia-emiliano-zurita-flavio-medina-y-juan-manuel-bernal-protagonizan-nadie-nos-vio-partir-de-netflix\/\",\"url\":\"https:\/\/graziamagazine.com\/mx\/articles\/tessa-ia-emiliano-zurita-flavio-medina-y-juan-manuel-bernal-protagonizan-nadie-nos-vio-partir-de-netflix\/\",\"name\":\"Tessa \u00cda, Emiliano Zurita, Flavio Medina y Juan Manuel Bernal protagonizan \u2018Nadie nos vio partir\u2019 de Netflix\",\"isPartOf\":{\"@id\":\"https:\/\/graziamagazine.com\/mx\/#website\"},\"datePublished\":\"2025-10-08T22:44:57+00:00\",\"dateModified\":\"2025-10-09T14:40:16+00:00\",\"description\":\"Tessa \u00cda, Emiliano Zurita, Flavio Medina y Juan Manuel Bernal est\u00e1n listos para estrenar Nadie nos vio partir, una serie de Netflix basada en el libro\",\"breadcrumb\":{\"@id\":\"https:\/\/graziamagazine.com\/mx\/articles\/tessa-ia-emiliano-zurita-flavio-medina-y-juan-manuel-bernal-protagonizan-nadie-nos-vio-partir-de-netflix\/#breadcrumb\"},\"inLanguage\":\"es-MX\",\"potentialAction\":[{\"@type\":\"ReadAction\",\"target\":[\"https:\/\/graziamagazine.com\/mx\/articles\/tessa-ia-emiliano-zurita-flavio-medina-y-juan-manuel-bernal-protagonizan-nadie-nos-vio-partir-de-netflix\/\"]}]},{\"@type\":\"BreadcrumbList\",\"@id\":\"https:\/\/graziamagazine.com\/mx\/articles\/tessa-ia-emiliano-zurita-flavio-medina-y-juan-manuel-bernal-protagonizan-nadie-nos-vio-partir-de-netflix\/#breadcrumb\",\"itemListElement\":[{\"@type\":\"ListItem\",\"position\":1,\"name\":\"Home\",\"item\":\"https:\/\/graziamagazine.com\/mx\/\"},{\"@type\":\"ListItem\",\"position\":2,\"name\":\"Tessa \u00cda, Emiliano Zurita, Flavio Medina y Juan Manuel Bernal protagonizan \u2018Nadie nos vio partir\u2019 de Netflix\"}]},{\"@type\":\"WebSite\",\"@id\":\"https:\/\/graziamagazine.com\/mx\/#website\",\"url\":\"https:\/\/graziamagazine.com\/mx\/\",\"name\":\"Grazia M\u00e9xico y Latinoam\u00e9rica\",\"description\":\"Grazia es moda, belleza y noticias  de actualidad \",\"potentialAction\":[{\"@type\":\"SearchAction\",\"target\":{\"@type\":\"EntryPoint\",\"urlTemplate\":\"https:\/\/graziamagazine.com\/mx\/?s={search_term_string}\"},\"query-input\":\"required name=search_term_string\"}],\"inLanguage\":\"es-MX\"}]}<\/script>\n<!-- \/ Yoast SEO Premium plugin. -->","yoast_head_json":{"title":"Tessa \u00cda, Emiliano Zurita, Flavio Medina y Juan Manuel Bernal protagonizan \u2018Nadie nos vio partir\u2019 de Netflix","description":"Tessa \u00cda, Emiliano Zurita, Flavio Medina y Juan Manuel Bernal est\u00e1n listos para estrenar Nadie nos vio partir, una serie de Netflix basada en el libro","robots":{"index":"index","follow":"follow","max-snippet":"max-snippet:-1","max-image-preview":"max-image-preview:large","max-video-preview":"max-video-preview:-1"},"canonical":"https:\/\/graziamagazine.com\/mx\/articles\/tessa-ia-emiliano-zurita-flavio-medina-y-juan-manuel-bernal-protagonizan-nadie-nos-vio-partir-de-netflix\/","og_locale":"es_MX","og_type":"article","og_title":"Tessa \u00cda, Emiliano Zurita, Flavio Medina y Juan Manuel Bernal protagonizan \u2018Nadie nos vio partir\u2019 de Netflix","og_description":"Tessa \u00cda, Emiliano Zurita, Flavio Medina y Juan Manuel Bernal est\u00e1n listos para estrenar Nadie nos vio partir, una serie de Netflix basada en el libro","og_url":"https:\/\/graziamagazine.com\/mx\/articles\/tessa-ia-emiliano-zurita-flavio-medina-y-juan-manuel-bernal-protagonizan-nadie-nos-vio-partir-de-netflix\/","og_site_name":"Grazia M\u00e9xico y Latinoam\u00e9rica","article_modified_time":"2025-10-09T14:40:16+00:00","og_image":[{"width":2560,"height":1773,"url":"https:\/\/graziamagazine.com\/mx\/wp-content\/uploads\/sites\/13\/2025\/10\/Nadie_nos_vio_partir_n_S1_E1_00_43_56_11_R-scaled.jpg","type":"image\/jpeg"}],"twitter_card":"summary_large_image","twitter_misc":{"Est. reading time":"3 minutos"},"schema":{"@context":"https:\/\/schema.org","@graph":[{"@type":"WebPage","@id":"https:\/\/graziamagazine.com\/mx\/articles\/tessa-ia-emiliano-zurita-flavio-medina-y-juan-manuel-bernal-protagonizan-nadie-nos-vio-partir-de-netflix\/","url":"https:\/\/graziamagazine.com\/mx\/articles\/tessa-ia-emiliano-zurita-flavio-medina-y-juan-manuel-bernal-protagonizan-nadie-nos-vio-partir-de-netflix\/","name":"Tessa \u00cda, Emiliano Zurita, Flavio Medina y Juan Manuel Bernal protagonizan \u2018Nadie nos vio partir\u2019 de Netflix","isPartOf":{"@id":"https:\/\/graziamagazine.com\/mx\/#website"},"datePublished":"2025-10-08T22:44:57+00:00","dateModified":"2025-10-09T14:40:16+00:00","description":"Tessa \u00cda, Emiliano Zurita, Flavio Medina y Juan Manuel Bernal est\u00e1n listos para estrenar Nadie nos vio partir, una serie de Netflix basada en el libro","breadcrumb":{"@id":"https:\/\/graziamagazine.com\/mx\/articles\/tessa-ia-emiliano-zurita-flavio-medina-y-juan-manuel-bernal-protagonizan-nadie-nos-vio-partir-de-netflix\/#breadcrumb"},"inLanguage":"es-MX","potentialAction":[{"@type":"ReadAction","target":["https:\/\/graziamagazine.com\/mx\/articles\/tessa-ia-emiliano-zurita-flavio-medina-y-juan-manuel-bernal-protagonizan-nadie-nos-vio-partir-de-netflix\/"]}]},{"@type":"BreadcrumbList","@id":"https:\/\/graziamagazine.com\/mx\/articles\/tessa-ia-emiliano-zurita-flavio-medina-y-juan-manuel-bernal-protagonizan-nadie-nos-vio-partir-de-netflix\/#breadcrumb","itemListElement":[{"@type":"ListItem","position":1,"name":"Home","item":"https:\/\/graziamagazine.com\/mx\/"},{"@type":"ListItem","position":2,"name":"Tessa \u00cda, Emiliano Zurita, Flavio Medina y Juan Manuel Bernal protagonizan \u2018Nadie nos vio partir\u2019 de Netflix"}]},{"@type":"WebSite","@id":"https:\/\/graziamagazine.com\/mx\/#website","url":"https:\/\/graziamagazine.com\/mx\/","name":"Grazia M\u00e9xico y Latinoam\u00e9rica","description":"Grazia es moda, belleza y noticias  de actualidad ","potentialAction":[{"@type":"SearchAction","target":{"@type":"EntryPoint","urlTemplate":"https:\/\/graziamagazine.com\/mx\/?s={search_term_string}"},"query-input":"required name=search_term_string"}],"inLanguage":"es-MX"}]}},"jetpack_sharing_enabled":true,"distributor_meta":false,"distributor_terms":false,"distributor_media":false,"distributor_original_site_name":"Grazia M\u00e9xico y Latinoam\u00e9rica","distributor_original_site_url":"https:\/\/graziamagazine.com\/mx","push-errors":false,"_links":{"self":[{"href":"https:\/\/graziamagazine.com\/mx\/wp-json\/wp\/v2\/articles\/158776"}],"collection":[{"href":"https:\/\/graziamagazine.com\/mx\/wp-json\/wp\/v2\/articles"}],"about":[{"href":"https:\/\/graziamagazine.com\/mx\/wp-json\/wp\/v2\/types\/articles"}],"author":[{"embeddable":true,"href":"https:\/\/graziamagazine.com\/mx\/wp-json\/wp\/v2\/users\/11628"}],"wp:featuredmedia":[{"embeddable":true,"href":"https:\/\/graziamagazine.com\/mx\/wp-json\/wp\/v2\/media\/158779"}],"wp:attachment":[{"href":"https:\/\/graziamagazine.com\/mx\/wp-json\/wp\/v2\/media?parent=158776"}],"wp:term":[{"taxonomy":"category","embeddable":true,"href":"https:\/\/graziamagazine.com\/mx\/wp-json\/wp\/v2\/categories?post=158776"}],"curies":[{"name":"wp","href":"https:\/\/api.w.org\/{rel}","templated":true}]}}