{"id":158693,"date":"2025-10-08T12:23:14","date_gmt":"2025-10-08T17:23:14","guid":{"rendered":"https:\/\/graziamagazine.com\/mx\/?post_type=articles&#038;p=158693"},"modified":"2025-10-08T12:51:20","modified_gmt":"2025-10-08T17:51:20","slug":"inarritu-y-arriaga-se-reconcilian-en-la-celebracion-de-25-anos-de-amores-perros","status":"publish","type":"articles","link":"https:\/\/graziamagazine.com\/mx\/articles\/inarritu-y-arriaga-se-reconcilian-en-la-celebracion-de-25-anos-de-amores-perros\/","title":{"rendered":"I\u00f1\u00e1rritu y Arriaga se reconcilian en la celebraci\u00f3n de 25 a\u00f1os de Amores Perros"},"content":{"rendered":"<p data-pm-slice=\"1 1 []\">El Palacio de Bellas Artes fue escenario de una celebraci\u00f3n hist\u00f3rica para el cine mexicano. En el marco del 25 aniversario de Amores Perros, su director Alejandro Gonz\u00e1lez I\u00f1\u00e1rritu y su guionista Guillermo Arriaga se reencontraron p\u00fablicamente, dejando atr\u00e1s a\u00f1os de distanciamiento para rendir homenaje a una de las obras cinematogr\u00e1ficas m\u00e1s destacadas en su carrera, respectivamente.<\/p>\n<figure id=\"attachment_158712\" aria-describedby=\"caption-attachment-158712\" style=\"width: 900px\" class=\"wp-caption alignnone\"><img loading=\"lazy\" decoding=\"async\" class=\"wp-image-158712 size-full\" src=\"https:\/\/graziamagazine.com\/mx\/wp-content\/uploads\/sites\/13\/2025\/10\/inarritu-y-arriaga-se-reconcilian-en-la-celebracion-de-25-anos-de-amores-perros-4.jpg\" alt=\"I\u00f1\u00e1rritu y Arriaga se reconcilian en la celebraci\u00f3n de 25 a\u00f1os de Amores Perros\" width=\"900\" height=\"1200\" srcset=\"https:\/\/graziamagazine.com\/mx\/wp-content\/uploads\/sites\/13\/2025\/10\/inarritu-y-arriaga-se-reconcilian-en-la-celebracion-de-25-anos-de-amores-perros-4.jpg 900w, https:\/\/graziamagazine.com\/mx\/wp-content\/uploads\/sites\/13\/2025\/10\/inarritu-y-arriaga-se-reconcilian-en-la-celebracion-de-25-anos-de-amores-perros-4-338x450.jpg 338w, https:\/\/graziamagazine.com\/mx\/wp-content\/uploads\/sites\/13\/2025\/10\/inarritu-y-arriaga-se-reconcilian-en-la-celebracion-de-25-anos-de-amores-perros-4-768x1024.jpg 768w, https:\/\/graziamagazine.com\/mx\/wp-content\/uploads\/sites\/13\/2025\/10\/inarritu-y-arriaga-se-reconcilian-en-la-celebracion-de-25-anos-de-amores-perros-4-400x533.jpg 400w, https:\/\/graziamagazine.com\/mx\/wp-content\/uploads\/sites\/13\/2025\/10\/inarritu-y-arriaga-se-reconcilian-en-la-celebracion-de-25-anos-de-amores-perros-4-155x207.jpg 155w\" sizes=\"(max-width: 900px) 100vw, 900px\" \/><figcaption id=\"caption-attachment-158712\" class=\"wp-caption-text\">I\u00f1\u00e1rritu y Arriaga se reconcilian en la celebraci\u00f3n de 25 a\u00f1os de Amores Perros<\/figcaption><\/figure>\n<h2 data-pm-slice=\"1 1 []\">Reencuentro en Bellas Artes: I\u00f1\u00e1rritu y Arriaga celebran los 25 a\u00f1os de Amores Perros<\/h2>\n<p>La Secretar\u00eda de Cultura, el IMCINE y el Instituto Nacional de Bellas Artes organizaron esta funci\u00f3n conmemorativa para rendir homenaje a una de las pel\u00edculas m\u00e1s influyentes del cine nacional contempor\u00e1neo. Previo al inicio de la proyecci\u00f3n, I\u00f1\u00e1rritu subi\u00f3 al escenario junto con Arriaga y dirigieron unas emotivas palabras.<\/p>\n<p data-pm-slice=\"0 0 []\">\u201cLuego de a\u00f1os enemistados, hemos resuelto dejar atr\u00e1s nuestras desavenencias y retornar a la amistad que nos uni\u00f3 y que nos permiti\u00f3 realizar tres pel\u00edculas juntos de las cuales nos sentimos orgullosos. Los veinticinco a\u00f1os de Amores Perros se convirtieron en la coyuntura ideal para que volvi\u00e9ramos a dialogar y a rescatar puntos de encuentro&#8221;.<\/p>\n<figure id=\"attachment_158711\" aria-describedby=\"caption-attachment-158711\" style=\"width: 900px\" class=\"wp-caption alignnone\"><img loading=\"lazy\" decoding=\"async\" class=\"wp-image-158711 size-full\" src=\"https:\/\/graziamagazine.com\/mx\/wp-content\/uploads\/sites\/13\/2025\/10\/inarritu-y-arriaga-se-reconcilian-en-la-celebracion-de-25-anos-de-amores-perros-3.jpg\" alt=\"I\u00f1\u00e1rritu y Arriaga se reconcilian en la celebraci\u00f3n de 25 a\u00f1os de Amores Perros\" width=\"900\" height=\"1200\" srcset=\"https:\/\/graziamagazine.com\/mx\/wp-content\/uploads\/sites\/13\/2025\/10\/inarritu-y-arriaga-se-reconcilian-en-la-celebracion-de-25-anos-de-amores-perros-3.jpg 900w, https:\/\/graziamagazine.com\/mx\/wp-content\/uploads\/sites\/13\/2025\/10\/inarritu-y-arriaga-se-reconcilian-en-la-celebracion-de-25-anos-de-amores-perros-3-338x450.jpg 338w, https:\/\/graziamagazine.com\/mx\/wp-content\/uploads\/sites\/13\/2025\/10\/inarritu-y-arriaga-se-reconcilian-en-la-celebracion-de-25-anos-de-amores-perros-3-768x1024.jpg 768w, https:\/\/graziamagazine.com\/mx\/wp-content\/uploads\/sites\/13\/2025\/10\/inarritu-y-arriaga-se-reconcilian-en-la-celebracion-de-25-anos-de-amores-perros-3-400x533.jpg 400w, https:\/\/graziamagazine.com\/mx\/wp-content\/uploads\/sites\/13\/2025\/10\/inarritu-y-arriaga-se-reconcilian-en-la-celebracion-de-25-anos-de-amores-perros-3-155x207.jpg 155w\" sizes=\"(max-width: 900px) 100vw, 900px\" \/><figcaption id=\"caption-attachment-158711\" class=\"wp-caption-text\">Foto: Cortes\u00eda<\/figcaption><\/figure>\n<p data-pm-slice=\"0 0 []\">&#8220;En un mundo cada vez m\u00e1s polarizado y donde las discrepancias pesan m\u00e1s que las similitudes, creemos que dar este paso puede brindar un ejemplo de concordia y de voluntad. A lo largo de los a\u00f1os, y aun de manera reciente, diversas voces nos azuzaron para confrontarnos. Hoy pesan m\u00e1s las voces de nuestras familias y las de la gente que nos quiere, que nos impulsaron a reconocer la val\u00eda del afecto perdido entre nosotros y que hemos decidido recuperar&#8221;.<\/p>\n<p data-pm-slice=\"0 0 []\">Amores Perros regresa a cines a partir del 9 de octubre, y habr\u00e1 diferentes sitios en la Ciudad de M\u00e9xico para verla completamente restaurada (por ejemplo: Cine Tonal\u00e1 en la Roma, y una instalaci\u00f3n inmersiva especial en Lago\/Algo hasta el 4 de enero de 2026).<\/p>\n<figure id=\"attachment_158713\" aria-describedby=\"caption-attachment-158713\" style=\"width: 1280px\" class=\"wp-caption alignnone\"><img loading=\"lazy\" decoding=\"async\" class=\"wp-image-158713 size-full\" src=\"https:\/\/graziamagazine.com\/mx\/wp-content\/uploads\/sites\/13\/2025\/10\/inarritu-y-arriaga-se-reconcilian-en-la-celebracion-de-25-anos-de-amores-perros-5.jpg\" alt=\"I\u00f1\u00e1rritu y Arriaga se reconcilian en la celebraci\u00f3n de 25 a\u00f1os de Amores Perros\" width=\"1280\" height=\"720\" srcset=\"https:\/\/graziamagazine.com\/mx\/wp-content\/uploads\/sites\/13\/2025\/10\/inarritu-y-arriaga-se-reconcilian-en-la-celebracion-de-25-anos-de-amores-perros-5.jpg 1280w, https:\/\/graziamagazine.com\/mx\/wp-content\/uploads\/sites\/13\/2025\/10\/inarritu-y-arriaga-se-reconcilian-en-la-celebracion-de-25-anos-de-amores-perros-5-450x253.jpg 450w, https:\/\/graziamagazine.com\/mx\/wp-content\/uploads\/sites\/13\/2025\/10\/inarritu-y-arriaga-se-reconcilian-en-la-celebracion-de-25-anos-de-amores-perros-5-1024x576.jpg 1024w, https:\/\/graziamagazine.com\/mx\/wp-content\/uploads\/sites\/13\/2025\/10\/inarritu-y-arriaga-se-reconcilian-en-la-celebracion-de-25-anos-de-amores-perros-5-768x432.jpg 768w, https:\/\/graziamagazine.com\/mx\/wp-content\/uploads\/sites\/13\/2025\/10\/inarritu-y-arriaga-se-reconcilian-en-la-celebracion-de-25-anos-de-amores-perros-5-400x225.jpg 400w, https:\/\/graziamagazine.com\/mx\/wp-content\/uploads\/sites\/13\/2025\/10\/inarritu-y-arriaga-se-reconcilian-en-la-celebracion-de-25-anos-de-amores-perros-5-155x87.jpg 155w\" sizes=\"(max-width: 1280px) 100vw, 1280px\" \/><figcaption id=\"caption-attachment-158713\" class=\"wp-caption-text\">Amores Perros cumple 25 a\u00f1os<\/figcaption><\/figure>\n<article class=\"text-token-text-primary w-full focus:outline-none scroll-mt-[calc(var(--header-height)+min(200px,max(70px,20svh)))]\" dir=\"auto\" data-turn-id=\"c7a5eac7-3683-4099-8ae1-b03a93585ec0\" data-testid=\"conversation-turn-2\" data-scroll-anchor=\"true\" data-turn=\"assistant\">\n<div class=\"text-base my-auto mx-auto pb-10 [--thread-content-margin:--spacing(4)] thread-sm:[--thread-content-margin:--spacing(6)] thread-lg:[--thread-content-margin:--spacing(16)] px-(--thread-content-margin)\">\n<div class=\"[--thread-content-max-width:40rem] thread-lg:[--thread-content-max-width:48rem] mx-auto max-w-(--thread-content-max-width) flex-1 group\/turn-messages focus-visible:outline-hidden relative flex w-full min-w-0 flex-col agent-turn\">\n<div class=\"flex max-w-full flex-col grow\">\n<div class=\"min-h-8 text-message relative flex w-full flex-col items-end gap-2 text-start break-words whitespace-normal [.text-message+&amp;]:mt-5\" dir=\"auto\" data-message-author-role=\"assistant\" data-message-id=\"4423c7f4-f0d5-4103-9bb1-0e93547cbd53\" data-message-model-slug=\"gpt-5\">\n<div class=\"flex w-full flex-col gap-1 empty:hidden first:pt-[1px]\">\n<div class=\"markdown prose dark:prose-invert w-full break-words light markdown-new-styling\">\n<p data-start=\"0\" data-end=\"1086\" data-is-last-node=\"\" data-is-only-node=\"\">Alejandro Gonz\u00e1lez I\u00f1\u00e1rritu y Guillermo Arriaga forman una de las duplas m\u00e1s intensas y legendarias del cine contempor\u00e1neo mexicano. Su historia comienza a finales de los noventa, cuando I\u00f1\u00e1rritu, a\u00fan consolid\u00e1ndose como director tras su paso por la radio, conoce a Arriaga, escritor y novelista con una mirada visceral sobre la naturaleza humana. De ese encuentro naci\u00f3 <em data-start=\"371\" data-end=\"386\">Amores perros<\/em> (2000), una obra que rompi\u00f3 esquemas por su narrativa fragmentada y su retrato crudo de la vida urbana en la Ciudad de M\u00e9xico. Juntos construyeron una trilog\u00eda de dolor y destino \u2014<em data-start=\"762\" data-end=\"777\">Amores perros<\/em>, <em data-start=\"779\" data-end=\"789\">21 Grams<\/em> y <em data-start=\"792\" data-end=\"799\">Babel<\/em>\u2014 que redefini\u00f3 el cine latinoamericano e impact\u00f3 en Hollywood con su sensibilidad global. Aunque su colaboraci\u00f3n termin\u00f3 en un distanciamiento p\u00fablico por dos d\u00e9cadas, su legado conjunto sigue siendo un referente de c\u00f3mo dos mentes apasionadas pueden transformar el caos humano en arte cinematogr\u00e1fico.<\/p>\n<figure id=\"attachment_158710\" aria-describedby=\"caption-attachment-158710\" style=\"width: 1280px\" class=\"wp-caption alignnone\"><img loading=\"lazy\" decoding=\"async\" class=\"wp-image-158710 size-full\" src=\"https:\/\/graziamagazine.com\/mx\/wp-content\/uploads\/sites\/13\/2025\/10\/inarritu-y-arriaga-se-reconcilian-en-la-celebracion-de-25-anos-de-amores-perros-2.jpg\" alt=\"I\u00f1\u00e1rritu y Arriaga se reconcilian en la celebraci\u00f3n de 25 a\u00f1os de Amores Perros\" width=\"1280\" height=\"720\" srcset=\"https:\/\/graziamagazine.com\/mx\/wp-content\/uploads\/sites\/13\/2025\/10\/inarritu-y-arriaga-se-reconcilian-en-la-celebracion-de-25-anos-de-amores-perros-2.jpg 1280w, https:\/\/graziamagazine.com\/mx\/wp-content\/uploads\/sites\/13\/2025\/10\/inarritu-y-arriaga-se-reconcilian-en-la-celebracion-de-25-anos-de-amores-perros-2-450x253.jpg 450w, https:\/\/graziamagazine.com\/mx\/wp-content\/uploads\/sites\/13\/2025\/10\/inarritu-y-arriaga-se-reconcilian-en-la-celebracion-de-25-anos-de-amores-perros-2-1024x576.jpg 1024w, https:\/\/graziamagazine.com\/mx\/wp-content\/uploads\/sites\/13\/2025\/10\/inarritu-y-arriaga-se-reconcilian-en-la-celebracion-de-25-anos-de-amores-perros-2-768x432.jpg 768w, https:\/\/graziamagazine.com\/mx\/wp-content\/uploads\/sites\/13\/2025\/10\/inarritu-y-arriaga-se-reconcilian-en-la-celebracion-de-25-anos-de-amores-perros-2-400x225.jpg 400w, https:\/\/graziamagazine.com\/mx\/wp-content\/uploads\/sites\/13\/2025\/10\/inarritu-y-arriaga-se-reconcilian-en-la-celebracion-de-25-anos-de-amores-perros-2-155x87.jpg 155w\" sizes=\"(max-width: 1280px) 100vw, 1280px\" \/><figcaption id=\"caption-attachment-158710\" class=\"wp-caption-text\">Foto: Cortes\u00eda<\/figcaption><\/figure>\n<\/div>\n<\/div>\n<\/div>\n<\/div>\n<\/div>\n<\/div>\n<\/article>\n","protected":false},"author":42761,"featured_media":158709,"template":"","format":"standard","categories":[114],"acf":[],"yoast_head":"<!-- This site is optimized with the Yoast SEO Premium plugin v18.5 (Yoast SEO v20.4) - https:\/\/yoast.com\/wordpress\/plugins\/seo\/ -->\n<title>I\u00f1\u00e1rritu y Arriaga se reconcilian en la celebraci\u00f3n de 25 a\u00f1os de Amores Perros | Grazia M\u00e9xico y Latinoam\u00e9rica<\/title>\n<meta name=\"description\" content=\"El Palacio de Bellas Artes fue escenario de una celebraci\u00f3n hist\u00f3rica para el cine mexicano. En el marco del 25 aniversario de Amores Perros, su director\" \/>\n<meta name=\"robots\" content=\"index, follow, max-snippet:-1, max-image-preview:large, max-video-preview:-1\" \/>\n<link rel=\"canonical\" href=\"https:\/\/graziamagazine.com\/mx\/articles\/inarritu-y-arriaga-se-reconcilian-en-la-celebracion-de-25-anos-de-amores-perros\/\" \/>\n<meta property=\"og:locale\" content=\"es_MX\" \/>\n<meta property=\"og:type\" content=\"article\" \/>\n<meta property=\"og:title\" content=\"I\u00f1\u00e1rritu y Arriaga se reconcilian en la celebraci\u00f3n de 25 a\u00f1os de Amores Perros\" \/>\n<meta property=\"og:description\" content=\"El Palacio de Bellas Artes fue escenario de una celebraci\u00f3n hist\u00f3rica para el cine mexicano. En el marco del 25 aniversario de Amores Perros, su director\" \/>\n<meta property=\"og:url\" content=\"https:\/\/graziamagazine.com\/mx\/articles\/inarritu-y-arriaga-se-reconcilian-en-la-celebracion-de-25-anos-de-amores-perros\/\" \/>\n<meta property=\"og:site_name\" content=\"Grazia M\u00e9xico y Latinoam\u00e9rica\" \/>\n<meta property=\"article:modified_time\" content=\"2025-10-08T17:51:20+00:00\" \/>\n<meta property=\"og:image\" content=\"https:\/\/graziamagazine.com\/mx\/wp-content\/uploads\/sites\/13\/2025\/10\/inarritu-y-arriaga-se-reconcilian-en-la-celebracion-de-25-anos-de-amores-perros-1.jpg\" \/>\n\t<meta property=\"og:image:width\" content=\"1280\" \/>\n\t<meta property=\"og:image:height\" content=\"720\" \/>\n\t<meta property=\"og:image:type\" content=\"image\/jpeg\" \/>\n<meta name=\"twitter:card\" content=\"summary_large_image\" \/>\n<meta name=\"twitter:label1\" content=\"Est. reading time\" \/>\n\t<meta name=\"twitter:data1\" content=\"3 minutos\" \/>\n<script type=\"application\/ld+json\" class=\"yoast-schema-graph\">{\"@context\":\"https:\/\/schema.org\",\"@graph\":[{\"@type\":\"WebPage\",\"@id\":\"https:\/\/graziamagazine.com\/mx\/articles\/inarritu-y-arriaga-se-reconcilian-en-la-celebracion-de-25-anos-de-amores-perros\/\",\"url\":\"https:\/\/graziamagazine.com\/mx\/articles\/inarritu-y-arriaga-se-reconcilian-en-la-celebracion-de-25-anos-de-amores-perros\/\",\"name\":\"I\u00f1\u00e1rritu y Arriaga se reconcilian en la celebraci\u00f3n de 25 a\u00f1os de Amores Perros | Grazia M\u00e9xico y Latinoam\u00e9rica\",\"isPartOf\":{\"@id\":\"https:\/\/graziamagazine.com\/mx\/#website\"},\"datePublished\":\"2025-10-08T17:23:14+00:00\",\"dateModified\":\"2025-10-08T17:51:20+00:00\",\"description\":\"El Palacio de Bellas Artes fue escenario de una celebraci\u00f3n hist\u00f3rica para el cine mexicano. En el marco del 25 aniversario de Amores Perros, su director\",\"breadcrumb\":{\"@id\":\"https:\/\/graziamagazine.com\/mx\/articles\/inarritu-y-arriaga-se-reconcilian-en-la-celebracion-de-25-anos-de-amores-perros\/#breadcrumb\"},\"inLanguage\":\"es-MX\",\"potentialAction\":[{\"@type\":\"ReadAction\",\"target\":[\"https:\/\/graziamagazine.com\/mx\/articles\/inarritu-y-arriaga-se-reconcilian-en-la-celebracion-de-25-anos-de-amores-perros\/\"]}]},{\"@type\":\"BreadcrumbList\",\"@id\":\"https:\/\/graziamagazine.com\/mx\/articles\/inarritu-y-arriaga-se-reconcilian-en-la-celebracion-de-25-anos-de-amores-perros\/#breadcrumb\",\"itemListElement\":[{\"@type\":\"ListItem\",\"position\":1,\"name\":\"Home\",\"item\":\"https:\/\/graziamagazine.com\/mx\/\"},{\"@type\":\"ListItem\",\"position\":2,\"name\":\"I\u00f1\u00e1rritu y Arriaga se reconcilian en la celebraci\u00f3n de 25 a\u00f1os de Amores Perros\"}]},{\"@type\":\"WebSite\",\"@id\":\"https:\/\/graziamagazine.com\/mx\/#website\",\"url\":\"https:\/\/graziamagazine.com\/mx\/\",\"name\":\"Grazia M\u00e9xico y Latinoam\u00e9rica\",\"description\":\"Grazia es moda, belleza y noticias  de actualidad \",\"potentialAction\":[{\"@type\":\"SearchAction\",\"target\":{\"@type\":\"EntryPoint\",\"urlTemplate\":\"https:\/\/graziamagazine.com\/mx\/?s={search_term_string}\"},\"query-input\":\"required name=search_term_string\"}],\"inLanguage\":\"es-MX\"}]}<\/script>\n<!-- \/ Yoast SEO Premium plugin. -->","yoast_head_json":{"title":"I\u00f1\u00e1rritu y Arriaga se reconcilian en la celebraci\u00f3n de 25 a\u00f1os de Amores Perros | Grazia M\u00e9xico y Latinoam\u00e9rica","description":"El Palacio de Bellas Artes fue escenario de una celebraci\u00f3n hist\u00f3rica para el cine mexicano. En el marco del 25 aniversario de Amores Perros, su director","robots":{"index":"index","follow":"follow","max-snippet":"max-snippet:-1","max-image-preview":"max-image-preview:large","max-video-preview":"max-video-preview:-1"},"canonical":"https:\/\/graziamagazine.com\/mx\/articles\/inarritu-y-arriaga-se-reconcilian-en-la-celebracion-de-25-anos-de-amores-perros\/","og_locale":"es_MX","og_type":"article","og_title":"I\u00f1\u00e1rritu y Arriaga se reconcilian en la celebraci\u00f3n de 25 a\u00f1os de Amores Perros","og_description":"El Palacio de Bellas Artes fue escenario de una celebraci\u00f3n hist\u00f3rica para el cine mexicano. En el marco del 25 aniversario de Amores Perros, su director","og_url":"https:\/\/graziamagazine.com\/mx\/articles\/inarritu-y-arriaga-se-reconcilian-en-la-celebracion-de-25-anos-de-amores-perros\/","og_site_name":"Grazia M\u00e9xico y Latinoam\u00e9rica","article_modified_time":"2025-10-08T17:51:20+00:00","og_image":[{"width":1280,"height":720,"url":"https:\/\/graziamagazine.com\/mx\/wp-content\/uploads\/sites\/13\/2025\/10\/inarritu-y-arriaga-se-reconcilian-en-la-celebracion-de-25-anos-de-amores-perros-1.jpg","type":"image\/jpeg"}],"twitter_card":"summary_large_image","twitter_misc":{"Est. reading time":"3 minutos"},"schema":{"@context":"https:\/\/schema.org","@graph":[{"@type":"WebPage","@id":"https:\/\/graziamagazine.com\/mx\/articles\/inarritu-y-arriaga-se-reconcilian-en-la-celebracion-de-25-anos-de-amores-perros\/","url":"https:\/\/graziamagazine.com\/mx\/articles\/inarritu-y-arriaga-se-reconcilian-en-la-celebracion-de-25-anos-de-amores-perros\/","name":"I\u00f1\u00e1rritu y Arriaga se reconcilian en la celebraci\u00f3n de 25 a\u00f1os de Amores Perros | Grazia M\u00e9xico y Latinoam\u00e9rica","isPartOf":{"@id":"https:\/\/graziamagazine.com\/mx\/#website"},"datePublished":"2025-10-08T17:23:14+00:00","dateModified":"2025-10-08T17:51:20+00:00","description":"El Palacio de Bellas Artes fue escenario de una celebraci\u00f3n hist\u00f3rica para el cine mexicano. En el marco del 25 aniversario de Amores Perros, su director","breadcrumb":{"@id":"https:\/\/graziamagazine.com\/mx\/articles\/inarritu-y-arriaga-se-reconcilian-en-la-celebracion-de-25-anos-de-amores-perros\/#breadcrumb"},"inLanguage":"es-MX","potentialAction":[{"@type":"ReadAction","target":["https:\/\/graziamagazine.com\/mx\/articles\/inarritu-y-arriaga-se-reconcilian-en-la-celebracion-de-25-anos-de-amores-perros\/"]}]},{"@type":"BreadcrumbList","@id":"https:\/\/graziamagazine.com\/mx\/articles\/inarritu-y-arriaga-se-reconcilian-en-la-celebracion-de-25-anos-de-amores-perros\/#breadcrumb","itemListElement":[{"@type":"ListItem","position":1,"name":"Home","item":"https:\/\/graziamagazine.com\/mx\/"},{"@type":"ListItem","position":2,"name":"I\u00f1\u00e1rritu y Arriaga se reconcilian en la celebraci\u00f3n de 25 a\u00f1os de Amores Perros"}]},{"@type":"WebSite","@id":"https:\/\/graziamagazine.com\/mx\/#website","url":"https:\/\/graziamagazine.com\/mx\/","name":"Grazia M\u00e9xico y Latinoam\u00e9rica","description":"Grazia es moda, belleza y noticias  de actualidad ","potentialAction":[{"@type":"SearchAction","target":{"@type":"EntryPoint","urlTemplate":"https:\/\/graziamagazine.com\/mx\/?s={search_term_string}"},"query-input":"required name=search_term_string"}],"inLanguage":"es-MX"}]}},"jetpack_sharing_enabled":true,"distributor_meta":false,"distributor_terms":false,"distributor_media":false,"distributor_original_site_name":"Grazia M\u00e9xico y Latinoam\u00e9rica","distributor_original_site_url":"https:\/\/graziamagazine.com\/mx","push-errors":false,"_links":{"self":[{"href":"https:\/\/graziamagazine.com\/mx\/wp-json\/wp\/v2\/articles\/158693"}],"collection":[{"href":"https:\/\/graziamagazine.com\/mx\/wp-json\/wp\/v2\/articles"}],"about":[{"href":"https:\/\/graziamagazine.com\/mx\/wp-json\/wp\/v2\/types\/articles"}],"author":[{"embeddable":true,"href":"https:\/\/graziamagazine.com\/mx\/wp-json\/wp\/v2\/users\/42761"}],"wp:featuredmedia":[{"embeddable":true,"href":"https:\/\/graziamagazine.com\/mx\/wp-json\/wp\/v2\/media\/158709"}],"wp:attachment":[{"href":"https:\/\/graziamagazine.com\/mx\/wp-json\/wp\/v2\/media?parent=158693"}],"wp:term":[{"taxonomy":"category","embeddable":true,"href":"https:\/\/graziamagazine.com\/mx\/wp-json\/wp\/v2\/categories?post=158693"}],"curies":[{"name":"wp","href":"https:\/\/api.w.org\/{rel}","templated":true}]}}