{"id":158617,"date":"2025-10-07T12:19:40","date_gmt":"2025-10-07T17:19:40","guid":{"rendered":"https:\/\/graziamagazine.com\/mx\/?post_type=articles&#038;p=158617"},"modified":"2025-10-07T14:04:16","modified_gmt":"2025-10-07T19:04:16","slug":"belleza-en-la-pasarela-los-beauty-looks-que-dominaron-paris-esta-temporada","status":"publish","type":"articles","link":"https:\/\/graziamagazine.com\/mx\/articles\/belleza-en-la-pasarela-los-beauty-looks-que-dominaron-paris-esta-temporada\/","title":{"rendered":"Belleza en la pasarela: los beauty looks que dominaron Par\u00eds esta temporada"},"content":{"rendered":"<p>Ahora que la <a href=\"https:\/\/graziamagazine.com\/mx\/articles\/diez-momentos-inolvidables-en-paris-fashion-week\/\" target=\"_blank\" rel=\"noopener\">Semana de la Moda de Par\u00eds<\/a> lleg\u00f3 a su fin, no solo nos quedamos con las mejores tendencias para lo que vendr\u00e1 en primavera\/verano 2026, sino que los beauty looks son desde ya una fuente de inspiraci\u00f3n para nuestro maquillaje del diario. Labios mate en colores llamativos, delineados del estilo futurista y peinados favorecedores para todo tipo de cabello, esto es lo que domin\u00f3 en Par\u00eds durante la temporada.<\/p>\n<h2>\u2022 &#8216;The Life of a Showgirl&#8217; Lips<\/h2>\n<figure id=\"attachment_158626\" aria-describedby=\"caption-attachment-158626\" style=\"width: 900px\" class=\"wp-caption alignnone\"><img loading=\"lazy\" decoding=\"async\" class=\"wp-image-158626 size-full\" src=\"https:\/\/graziamagazine.com\/mx\/wp-content\/uploads\/sites\/13\/2025\/10\/belleza-en-la-pasarela-los-beauty-looks-que-dominaron-paris-esta-temporada-9.jpg\" alt=\"Belleza en la pasarela: los beauty looks que dominaron Par\u00eds esta temporada\" width=\"900\" height=\"1200\" srcset=\"https:\/\/graziamagazine.com\/mx\/wp-content\/uploads\/sites\/13\/2025\/10\/belleza-en-la-pasarela-los-beauty-looks-que-dominaron-paris-esta-temporada-9.jpg 900w, https:\/\/graziamagazine.com\/mx\/wp-content\/uploads\/sites\/13\/2025\/10\/belleza-en-la-pasarela-los-beauty-looks-que-dominaron-paris-esta-temporada-9-338x450.jpg 338w, https:\/\/graziamagazine.com\/mx\/wp-content\/uploads\/sites\/13\/2025\/10\/belleza-en-la-pasarela-los-beauty-looks-que-dominaron-paris-esta-temporada-9-768x1024.jpg 768w, https:\/\/graziamagazine.com\/mx\/wp-content\/uploads\/sites\/13\/2025\/10\/belleza-en-la-pasarela-los-beauty-looks-que-dominaron-paris-esta-temporada-9-400x533.jpg 400w, https:\/\/graziamagazine.com\/mx\/wp-content\/uploads\/sites\/13\/2025\/10\/belleza-en-la-pasarela-los-beauty-looks-que-dominaron-paris-esta-temporada-9-155x207.jpg 155w\" sizes=\"(max-width: 900px) 100vw, 900px\" \/><figcaption id=\"caption-attachment-158626\" class=\"wp-caption-text\">Jean Paul Gaultier SS26: Matte Lipstick Eperdu, Liquid Lipstick Matte Martian Dust y Lip Care Chromophobia de BYREDO \/ Foto: @officialbyredo<\/figcaption><\/figure>\n<figure id=\"attachment_158620\" aria-describedby=\"caption-attachment-158620\" style=\"width: 900px\" class=\"wp-caption alignnone\"><img loading=\"lazy\" decoding=\"async\" class=\"wp-image-158620 size-full\" src=\"https:\/\/graziamagazine.com\/mx\/wp-content\/uploads\/sites\/13\/2025\/10\/belleza-en-la-pasarela-los-beauty-looks-que-dominaron-paris-esta-temporada-3.jpg\" alt=\"Belleza en la pasarela: los beauty looks que dominaron Par\u00eds esta temporada\" width=\"900\" height=\"1200\" srcset=\"https:\/\/graziamagazine.com\/mx\/wp-content\/uploads\/sites\/13\/2025\/10\/belleza-en-la-pasarela-los-beauty-looks-que-dominaron-paris-esta-temporada-3.jpg 900w, https:\/\/graziamagazine.com\/mx\/wp-content\/uploads\/sites\/13\/2025\/10\/belleza-en-la-pasarela-los-beauty-looks-que-dominaron-paris-esta-temporada-3-338x450.jpg 338w, https:\/\/graziamagazine.com\/mx\/wp-content\/uploads\/sites\/13\/2025\/10\/belleza-en-la-pasarela-los-beauty-looks-que-dominaron-paris-esta-temporada-3-768x1024.jpg 768w, https:\/\/graziamagazine.com\/mx\/wp-content\/uploads\/sites\/13\/2025\/10\/belleza-en-la-pasarela-los-beauty-looks-que-dominaron-paris-esta-temporada-3-400x533.jpg 400w, https:\/\/graziamagazine.com\/mx\/wp-content\/uploads\/sites\/13\/2025\/10\/belleza-en-la-pasarela-los-beauty-looks-que-dominaron-paris-esta-temporada-3-155x207.jpg 155w\" sizes=\"(max-width: 900px) 100vw, 900px\" \/><figcaption id=\"caption-attachment-158620\" class=\"wp-caption-text\">Chlo\u00e9 SS26: la colecci\u00f3n celebra una feminidad libre y fluida, arraigada en la naturaleza pero orientada hacia el ma\u00f1ana \/ Foto: @yad1m<\/figcaption><\/figure>\n<figure id=\"attachment_158621\" aria-describedby=\"caption-attachment-158621\" style=\"width: 900px\" class=\"wp-caption alignnone\"><img loading=\"lazy\" decoding=\"async\" class=\"wp-image-158621 size-full\" src=\"https:\/\/graziamagazine.com\/mx\/wp-content\/uploads\/sites\/13\/2025\/10\/belleza-en-la-pasarela-los-beauty-looks-que-dominaron-paris-esta-temporada-4.jpg\" alt=\"Belleza en la pasarela: los beauty looks que dominaron Par\u00eds esta temporada\" width=\"900\" height=\"1200\" srcset=\"https:\/\/graziamagazine.com\/mx\/wp-content\/uploads\/sites\/13\/2025\/10\/belleza-en-la-pasarela-los-beauty-looks-que-dominaron-paris-esta-temporada-4.jpg 900w, https:\/\/graziamagazine.com\/mx\/wp-content\/uploads\/sites\/13\/2025\/10\/belleza-en-la-pasarela-los-beauty-looks-que-dominaron-paris-esta-temporada-4-338x450.jpg 338w, https:\/\/graziamagazine.com\/mx\/wp-content\/uploads\/sites\/13\/2025\/10\/belleza-en-la-pasarela-los-beauty-looks-que-dominaron-paris-esta-temporada-4-768x1024.jpg 768w, https:\/\/graziamagazine.com\/mx\/wp-content\/uploads\/sites\/13\/2025\/10\/belleza-en-la-pasarela-los-beauty-looks-que-dominaron-paris-esta-temporada-4-400x533.jpg 400w, https:\/\/graziamagazine.com\/mx\/wp-content\/uploads\/sites\/13\/2025\/10\/belleza-en-la-pasarela-los-beauty-looks-que-dominaron-paris-esta-temporada-4-155x207.jpg 155w\" sizes=\"(max-width: 900px) 100vw, 900px\" \/><figcaption id=\"caption-attachment-158621\" class=\"wp-caption-text\">Lacoste SS26 &#8216;The Locker Room&#8217;: Una oda al deporte, explorando la transparencia, la fluidez y la tensi\u00f3n entre la competencia y la introspecci\u00f3n, que se traduce a lo vibrante del maquillaje \/ Foto: Instagram Lacoste<\/figcaption><\/figure>\n<p>No es sorpresa que el <a href=\"https:\/\/graziamagazine.com\/mx\/articles\/como-conseguir-el-maquillaje-al-estilo-the-life-of-a-showgirl-de-taylor-swift\/\" target=\"_blank\" rel=\"noopener\">maquillaje al estilo\u00a0<em>The Life of a Showgirl <\/em>de Taylor Swift<\/a> est\u00e1 volvi\u00e9ndose de los favoritos, pues los colores vibrantes llegaron tambi\u00e9n a la pasarela. Firmas como Jean Paul Gaultier y Chlo\u00e9 apostaron por labios brillantes que destaquen a la distancia, y van con una paleta de colores entre naranja y rosa. Puedes llevarlos en efecto glossy o mate, dependiendo de la hora del d\u00eda.<\/p>\n<h2>\u2022 Delineador de color<\/h2>\n<figure id=\"attachment_158625\" aria-describedby=\"caption-attachment-158625\" style=\"width: 900px\" class=\"wp-caption alignnone\"><img loading=\"lazy\" decoding=\"async\" class=\"wp-image-158625 size-full\" src=\"https:\/\/graziamagazine.com\/mx\/wp-content\/uploads\/sites\/13\/2025\/10\/belleza-en-la-pasarela-los-beauty-looks-que-dominaron-paris-esta-temporada-8.jpg\" alt=\"Belleza en la pasarela: los beauty looks que dominaron Par\u00eds esta temporada\" width=\"900\" height=\"1200\" srcset=\"https:\/\/graziamagazine.com\/mx\/wp-content\/uploads\/sites\/13\/2025\/10\/belleza-en-la-pasarela-los-beauty-looks-que-dominaron-paris-esta-temporada-8.jpg 900w, https:\/\/graziamagazine.com\/mx\/wp-content\/uploads\/sites\/13\/2025\/10\/belleza-en-la-pasarela-los-beauty-looks-que-dominaron-paris-esta-temporada-8-338x450.jpg 338w, https:\/\/graziamagazine.com\/mx\/wp-content\/uploads\/sites\/13\/2025\/10\/belleza-en-la-pasarela-los-beauty-looks-que-dominaron-paris-esta-temporada-8-768x1024.jpg 768w, https:\/\/graziamagazine.com\/mx\/wp-content\/uploads\/sites\/13\/2025\/10\/belleza-en-la-pasarela-los-beauty-looks-que-dominaron-paris-esta-temporada-8-400x533.jpg 400w, https:\/\/graziamagazine.com\/mx\/wp-content\/uploads\/sites\/13\/2025\/10\/belleza-en-la-pasarela-los-beauty-looks-que-dominaron-paris-esta-temporada-8-155x207.jpg 155w\" sizes=\"(max-width: 900px) 100vw, 900px\" \/><figcaption id=\"caption-attachment-158625\" class=\"wp-caption-text\">ISSEY MIYAKE SS26: Bibliophilia Palette (sombras en tonos esenciales, una paleta terrosa de delicado beige, c\u00e1lido ocre, suave dorado y distintos matices de marr\u00f3n se mezclan con vibrantes destellos de cobre intenso y los caracter\u00edsticos rojos en audaces tonos burdeos, presentados en tres acabados lujosos: met\u00e1lico cremoso, satinado luminoso y mate aterciopelado) de BYREDO \/ Foto: @officialbyredo<\/figcaption><\/figure>\n<figure id=\"attachment_158624\" aria-describedby=\"caption-attachment-158624\" style=\"width: 900px\" class=\"wp-caption alignnone\"><img loading=\"lazy\" decoding=\"async\" class=\"wp-image-158624 size-full\" src=\"https:\/\/graziamagazine.com\/mx\/wp-content\/uploads\/sites\/13\/2025\/10\/belleza-en-la-pasarela-los-beauty-looks-que-dominaron-paris-esta-temporada-7.jpg\" alt=\"Belleza en la pasarela: los beauty looks que dominaron Par\u00eds esta temporada\" width=\"900\" height=\"1200\" srcset=\"https:\/\/graziamagazine.com\/mx\/wp-content\/uploads\/sites\/13\/2025\/10\/belleza-en-la-pasarela-los-beauty-looks-que-dominaron-paris-esta-temporada-7.jpg 900w, https:\/\/graziamagazine.com\/mx\/wp-content\/uploads\/sites\/13\/2025\/10\/belleza-en-la-pasarela-los-beauty-looks-que-dominaron-paris-esta-temporada-7-338x450.jpg 338w, https:\/\/graziamagazine.com\/mx\/wp-content\/uploads\/sites\/13\/2025\/10\/belleza-en-la-pasarela-los-beauty-looks-que-dominaron-paris-esta-temporada-7-768x1024.jpg 768w, https:\/\/graziamagazine.com\/mx\/wp-content\/uploads\/sites\/13\/2025\/10\/belleza-en-la-pasarela-los-beauty-looks-que-dominaron-paris-esta-temporada-7-400x533.jpg 400w, https:\/\/graziamagazine.com\/mx\/wp-content\/uploads\/sites\/13\/2025\/10\/belleza-en-la-pasarela-los-beauty-looks-que-dominaron-paris-esta-temporada-7-155x207.jpg 155w\" sizes=\"(max-width: 900px) 100vw, 900px\" \/><figcaption id=\"caption-attachment-158624\" class=\"wp-caption-text\">ISSEY MIYAKE SS26, Foto: @officialbyredo<\/figcaption><\/figure>\n<p>La idea del delineador por dentro del p\u00e1rpado inferior suena muy noventas, pero ahora la moda es hacerlo con alg\u00fan color predominante. En el caso de ISSEY MIYAKE apostaron por el color rojo: una opci\u00f3n para quienes quieren arriesgarse con el maquillaje sin perder de vista ese toque audaz. Puedes usar este m\u00e9todo en otros colores, como verde o blanco, y dejar que el beauty look hable por s\u00ed solo.<\/p>\n<h2>\u2022 Soft Skin<\/h2>\n<figure id=\"attachment_158623\" aria-describedby=\"caption-attachment-158623\" style=\"width: 900px\" class=\"wp-caption alignnone\"><img loading=\"lazy\" decoding=\"async\" class=\"wp-image-158623 size-full\" src=\"https:\/\/graziamagazine.com\/mx\/wp-content\/uploads\/sites\/13\/2025\/10\/belleza-en-la-pasarela-los-beauty-looks-que-dominaron-paris-esta-temporada-6.jpg\" alt=\"Belleza en la pasarela: los beauty looks que dominaron Par\u00eds esta temporada\" width=\"900\" height=\"1200\" srcset=\"https:\/\/graziamagazine.com\/mx\/wp-content\/uploads\/sites\/13\/2025\/10\/belleza-en-la-pasarela-los-beauty-looks-que-dominaron-paris-esta-temporada-6.jpg 900w, https:\/\/graziamagazine.com\/mx\/wp-content\/uploads\/sites\/13\/2025\/10\/belleza-en-la-pasarela-los-beauty-looks-que-dominaron-paris-esta-temporada-6-338x450.jpg 338w, https:\/\/graziamagazine.com\/mx\/wp-content\/uploads\/sites\/13\/2025\/10\/belleza-en-la-pasarela-los-beauty-looks-que-dominaron-paris-esta-temporada-6-768x1024.jpg 768w, https:\/\/graziamagazine.com\/mx\/wp-content\/uploads\/sites\/13\/2025\/10\/belleza-en-la-pasarela-los-beauty-looks-que-dominaron-paris-esta-temporada-6-400x533.jpg 400w, https:\/\/graziamagazine.com\/mx\/wp-content\/uploads\/sites\/13\/2025\/10\/belleza-en-la-pasarela-los-beauty-looks-que-dominaron-paris-esta-temporada-6-155x207.jpg 155w\" sizes=\"(max-width: 900px) 100vw, 900px\" \/><figcaption id=\"caption-attachment-158623\" class=\"wp-caption-text\">Chanel SS26, maquillaje por Lucia Pieroni \/ Foto: Getty Images<\/figcaption><\/figure>\n<figure id=\"attachment_158622\" aria-describedby=\"caption-attachment-158622\" style=\"width: 900px\" class=\"wp-caption alignnone\"><img loading=\"lazy\" decoding=\"async\" class=\"wp-image-158622 size-full\" src=\"https:\/\/graziamagazine.com\/mx\/wp-content\/uploads\/sites\/13\/2025\/10\/belleza-en-la-pasarela-los-beauty-looks-que-dominaron-paris-esta-temporada-5.jpg\" alt=\"Belleza en la pasarela: los beauty looks que dominaron Par\u00eds esta temporada\" width=\"900\" height=\"1200\" srcset=\"https:\/\/graziamagazine.com\/mx\/wp-content\/uploads\/sites\/13\/2025\/10\/belleza-en-la-pasarela-los-beauty-looks-que-dominaron-paris-esta-temporada-5.jpg 900w, https:\/\/graziamagazine.com\/mx\/wp-content\/uploads\/sites\/13\/2025\/10\/belleza-en-la-pasarela-los-beauty-looks-que-dominaron-paris-esta-temporada-5-338x450.jpg 338w, https:\/\/graziamagazine.com\/mx\/wp-content\/uploads\/sites\/13\/2025\/10\/belleza-en-la-pasarela-los-beauty-looks-que-dominaron-paris-esta-temporada-5-768x1024.jpg 768w, https:\/\/graziamagazine.com\/mx\/wp-content\/uploads\/sites\/13\/2025\/10\/belleza-en-la-pasarela-los-beauty-looks-que-dominaron-paris-esta-temporada-5-400x533.jpg 400w, https:\/\/graziamagazine.com\/mx\/wp-content\/uploads\/sites\/13\/2025\/10\/belleza-en-la-pasarela-los-beauty-looks-que-dominaron-paris-esta-temporada-5-155x207.jpg 155w\" sizes=\"(max-width: 900px) 100vw, 900px\" \/><figcaption id=\"caption-attachment-158622\" class=\"wp-caption-text\">Chanel SS26, maquillaje por Lucia Pieroni \/ Foto: Getty Images<\/figcaption><\/figure>\n<article class=\"text-token-text-primary w-full focus:outline-none scroll-mt-[calc(var(--header-height)+min(200px,max(70px,20svh)))]\" dir=\"auto\" data-turn-id=\"request-68e29465-4108-8329-a1d0-aa65e8c4e696-7\" data-testid=\"conversation-turn-56\" data-scroll-anchor=\"true\" data-turn=\"assistant\">\n<div class=\"text-base my-auto mx-auto pb-10 [--thread-content-margin:--spacing(4)] thread-sm:[--thread-content-margin:--spacing(6)] thread-lg:[--thread-content-margin:--spacing(16)] px-(--thread-content-margin)\">\n<div class=\"[--thread-content-max-width:40rem] thread-lg:[--thread-content-max-width:48rem] mx-auto max-w-(--thread-content-max-width) flex-1 group\/turn-messages focus-visible:outline-hidden relative flex w-full min-w-0 flex-col agent-turn\">\n<div class=\"flex max-w-full flex-col grow\">\n<div class=\"min-h-8 text-message relative flex w-full flex-col items-end gap-2 text-start break-words whitespace-normal [.text-message+&amp;]:mt-5\" dir=\"auto\" data-message-author-role=\"assistant\" data-message-id=\"137aee86-6fc7-4ae6-9d5e-3fbd0b7b191a\" data-message-model-slug=\"gpt-5\">\n<div class=\"flex w-full flex-col gap-1 empty:hidden first:pt-[1px]\">\n<div class=\"markdown prose dark:prose-invert w-full break-words light markdown-new-styling\">\n<p data-start=\"0\" data-end=\"485\" data-is-last-node=\"\" data-is-only-node=\"\">El \u201csoft skin beauty look\u201d resalta una apariencia luminosa, natural y pulida al destacar la textura y los rasgos propios de la piel. Como en la pasarela de Chanel, puedes acudir a una base con acabado luminoso, rubor l\u00edquido para un aspecto saludable y sonrojado, y toques sutiles de brillo para lograr ese brillo sutil. Todo se complementa con tonos suaves, bien difuminados y un labial con acabado glossy o brillante.<\/p>\n<h2 data-start=\"0\" data-end=\"485\">\u2022 Maquillaje &#8216;Mate Blush&#8217;<\/h2>\n<figure id=\"attachment_158619\" aria-describedby=\"caption-attachment-158619\" style=\"width: 900px\" class=\"wp-caption alignnone\"><img loading=\"lazy\" decoding=\"async\" class=\"wp-image-158619 size-full\" src=\"https:\/\/graziamagazine.com\/mx\/wp-content\/uploads\/sites\/13\/2025\/10\/belleza-en-la-pasarela-los-beauty-looks-que-dominaron-paris-esta-temporada-2.jpg\" alt=\"Belleza en la pasarela: los beauty looks que dominaron Par\u00eds esta temporada\" width=\"900\" height=\"1200\" srcset=\"https:\/\/graziamagazine.com\/mx\/wp-content\/uploads\/sites\/13\/2025\/10\/belleza-en-la-pasarela-los-beauty-looks-que-dominaron-paris-esta-temporada-2.jpg 900w, https:\/\/graziamagazine.com\/mx\/wp-content\/uploads\/sites\/13\/2025\/10\/belleza-en-la-pasarela-los-beauty-looks-que-dominaron-paris-esta-temporada-2-338x450.jpg 338w, https:\/\/graziamagazine.com\/mx\/wp-content\/uploads\/sites\/13\/2025\/10\/belleza-en-la-pasarela-los-beauty-looks-que-dominaron-paris-esta-temporada-2-768x1024.jpg 768w, https:\/\/graziamagazine.com\/mx\/wp-content\/uploads\/sites\/13\/2025\/10\/belleza-en-la-pasarela-los-beauty-looks-que-dominaron-paris-esta-temporada-2-400x533.jpg 400w, https:\/\/graziamagazine.com\/mx\/wp-content\/uploads\/sites\/13\/2025\/10\/belleza-en-la-pasarela-los-beauty-looks-que-dominaron-paris-esta-temporada-2-155x207.jpg 155w\" sizes=\"(max-width: 900px) 100vw, 900px\" \/><figcaption id=\"caption-attachment-158619\" class=\"wp-caption-text\">ELIE SAAB SS26: Del dorado al verde luminoso, cada look brill\u00f3 con ese toque couture que define al dise\u00f1ador liban\u00e9s \/ Foto: @eliesaabworld<\/figcaption><\/figure>\n<figure id=\"attachment_158618\" aria-describedby=\"caption-attachment-158618\" style=\"width: 900px\" class=\"wp-caption alignnone\"><img loading=\"lazy\" decoding=\"async\" class=\"wp-image-158618 size-full\" src=\"https:\/\/graziamagazine.com\/mx\/wp-content\/uploads\/sites\/13\/2025\/10\/belleza-en-la-pasarela-los-beauty-looks-que-dominaron-paris-esta-temporada-1.jpg\" alt=\"Belleza en la pasarela: los beauty looks que dominaron Par\u00eds esta temporada\" width=\"900\" height=\"1200\" srcset=\"https:\/\/graziamagazine.com\/mx\/wp-content\/uploads\/sites\/13\/2025\/10\/belleza-en-la-pasarela-los-beauty-looks-que-dominaron-paris-esta-temporada-1.jpg 900w, https:\/\/graziamagazine.com\/mx\/wp-content\/uploads\/sites\/13\/2025\/10\/belleza-en-la-pasarela-los-beauty-looks-que-dominaron-paris-esta-temporada-1-338x450.jpg 338w, https:\/\/graziamagazine.com\/mx\/wp-content\/uploads\/sites\/13\/2025\/10\/belleza-en-la-pasarela-los-beauty-looks-que-dominaron-paris-esta-temporada-1-768x1024.jpg 768w, https:\/\/graziamagazine.com\/mx\/wp-content\/uploads\/sites\/13\/2025\/10\/belleza-en-la-pasarela-los-beauty-looks-que-dominaron-paris-esta-temporada-1-400x533.jpg 400w, https:\/\/graziamagazine.com\/mx\/wp-content\/uploads\/sites\/13\/2025\/10\/belleza-en-la-pasarela-los-beauty-looks-que-dominaron-paris-esta-temporada-1-155x207.jpg 155w\" sizes=\"(max-width: 900px) 100vw, 900px\" \/><figcaption id=\"caption-attachment-158618\" class=\"wp-caption-text\">ELIE SAAB SS26: Del dorado al verde luminoso, cada look brill\u00f3 con ese toque couture que define al dise\u00f1ador liban\u00e9s \/ Foto: @eliesaabworld<\/figcaption><\/figure>\n<p>Este look crea un efecto suave, natural o esculpido seg\u00fan el tono y la forma de aplicaci\u00f3n; es un estilo de maquillaje que se centra en un acabado sin brillo y aterciopelado en las mejillas, mientras los labios mantienen un tono mate y relajado. Lo vimos en Elie Saab, ya que combina muy bien con prendas de colores fuertes \u2014marr\u00f3n, prendas de cuero, animal prints\u2014, y es atemporal.<\/p>\n<\/div>\n<\/div>\n<\/div>\n<\/div>\n<\/div>\n<\/div>\n<\/article>\n","protected":false},"author":42761,"featured_media":158627,"template":"","format":"standard","categories":[3],"acf":[],"yoast_head":"<!-- This site is optimized with the Yoast SEO Premium plugin v18.5 (Yoast SEO v20.4) - https:\/\/yoast.com\/wordpress\/plugins\/seo\/ -->\n<title>Belleza en la pasarela: los beauty looks que dominaron Par\u00eds esta temporada | Grazia M\u00e9xico y Latinoam\u00e9rica<\/title>\n<meta name=\"description\" content=\"Ahora que la Semana de la Moda de Par\u00eds lleg\u00f3 a su fin, no solo nos quedamos con las mejores tendencias para lo que vendr\u00e1 en primavera\/verano 2026, sino\" \/>\n<meta name=\"robots\" content=\"index, follow, max-snippet:-1, max-image-preview:large, max-video-preview:-1\" \/>\n<link rel=\"canonical\" href=\"https:\/\/graziamagazine.com\/mx\/articles\/belleza-en-la-pasarela-los-beauty-looks-que-dominaron-paris-esta-temporada\/\" \/>\n<meta property=\"og:locale\" content=\"es_MX\" \/>\n<meta property=\"og:type\" content=\"article\" \/>\n<meta property=\"og:title\" content=\"Belleza en la pasarela: los beauty looks que dominaron Par\u00eds esta temporada\" \/>\n<meta property=\"og:description\" content=\"Ahora que la Semana de la Moda de Par\u00eds lleg\u00f3 a su fin, no solo nos quedamos con las mejores tendencias para lo que vendr\u00e1 en primavera\/verano 2026, sino\" \/>\n<meta property=\"og:url\" content=\"https:\/\/graziamagazine.com\/mx\/articles\/belleza-en-la-pasarela-los-beauty-looks-que-dominaron-paris-esta-temporada\/\" \/>\n<meta property=\"og:site_name\" content=\"Grazia M\u00e9xico y Latinoam\u00e9rica\" \/>\n<meta property=\"article:modified_time\" content=\"2025-10-07T19:04:16+00:00\" \/>\n<meta property=\"og:image\" content=\"https:\/\/graziamagazine.com\/mx\/wp-content\/uploads\/sites\/13\/2025\/10\/belleza-en-la-pasarela-los-beauty-looks-que-dominaron-paris-esta-temporada-10.jpg\" \/>\n\t<meta property=\"og:image:width\" content=\"1280\" \/>\n\t<meta property=\"og:image:height\" content=\"720\" \/>\n\t<meta property=\"og:image:type\" content=\"image\/jpeg\" \/>\n<meta name=\"twitter:card\" content=\"summary_large_image\" \/>\n<meta name=\"twitter:label1\" content=\"Est. reading time\" \/>\n\t<meta name=\"twitter:data1\" content=\"5 minutos\" \/>\n<script type=\"application\/ld+json\" class=\"yoast-schema-graph\">{\"@context\":\"https:\/\/schema.org\",\"@graph\":[{\"@type\":\"WebPage\",\"@id\":\"https:\/\/graziamagazine.com\/mx\/articles\/belleza-en-la-pasarela-los-beauty-looks-que-dominaron-paris-esta-temporada\/\",\"url\":\"https:\/\/graziamagazine.com\/mx\/articles\/belleza-en-la-pasarela-los-beauty-looks-que-dominaron-paris-esta-temporada\/\",\"name\":\"Belleza en la pasarela: los beauty looks que dominaron Par\u00eds esta temporada | Grazia M\u00e9xico y Latinoam\u00e9rica\",\"isPartOf\":{\"@id\":\"https:\/\/graziamagazine.com\/mx\/#website\"},\"datePublished\":\"2025-10-07T17:19:40+00:00\",\"dateModified\":\"2025-10-07T19:04:16+00:00\",\"description\":\"Ahora que la Semana de la Moda de Par\u00eds lleg\u00f3 a su fin, no solo nos quedamos con las mejores tendencias para lo que vendr\u00e1 en primavera\/verano 2026, sino\",\"breadcrumb\":{\"@id\":\"https:\/\/graziamagazine.com\/mx\/articles\/belleza-en-la-pasarela-los-beauty-looks-que-dominaron-paris-esta-temporada\/#breadcrumb\"},\"inLanguage\":\"es-MX\",\"potentialAction\":[{\"@type\":\"ReadAction\",\"target\":[\"https:\/\/graziamagazine.com\/mx\/articles\/belleza-en-la-pasarela-los-beauty-looks-que-dominaron-paris-esta-temporada\/\"]}]},{\"@type\":\"BreadcrumbList\",\"@id\":\"https:\/\/graziamagazine.com\/mx\/articles\/belleza-en-la-pasarela-los-beauty-looks-que-dominaron-paris-esta-temporada\/#breadcrumb\",\"itemListElement\":[{\"@type\":\"ListItem\",\"position\":1,\"name\":\"Home\",\"item\":\"https:\/\/graziamagazine.com\/mx\/\"},{\"@type\":\"ListItem\",\"position\":2,\"name\":\"Belleza en la pasarela: los beauty looks que dominaron Par\u00eds esta temporada\"}]},{\"@type\":\"WebSite\",\"@id\":\"https:\/\/graziamagazine.com\/mx\/#website\",\"url\":\"https:\/\/graziamagazine.com\/mx\/\",\"name\":\"Grazia M\u00e9xico y Latinoam\u00e9rica\",\"description\":\"Grazia es moda, belleza y noticias  de actualidad \",\"potentialAction\":[{\"@type\":\"SearchAction\",\"target\":{\"@type\":\"EntryPoint\",\"urlTemplate\":\"https:\/\/graziamagazine.com\/mx\/?s={search_term_string}\"},\"query-input\":\"required name=search_term_string\"}],\"inLanguage\":\"es-MX\"}]}<\/script>\n<!-- \/ Yoast SEO Premium plugin. -->","yoast_head_json":{"title":"Belleza en la pasarela: los beauty looks que dominaron Par\u00eds esta temporada | Grazia M\u00e9xico y Latinoam\u00e9rica","description":"Ahora que la Semana de la Moda de Par\u00eds lleg\u00f3 a su fin, no solo nos quedamos con las mejores tendencias para lo que vendr\u00e1 en primavera\/verano 2026, sino","robots":{"index":"index","follow":"follow","max-snippet":"max-snippet:-1","max-image-preview":"max-image-preview:large","max-video-preview":"max-video-preview:-1"},"canonical":"https:\/\/graziamagazine.com\/mx\/articles\/belleza-en-la-pasarela-los-beauty-looks-que-dominaron-paris-esta-temporada\/","og_locale":"es_MX","og_type":"article","og_title":"Belleza en la pasarela: los beauty looks que dominaron Par\u00eds esta temporada","og_description":"Ahora que la Semana de la Moda de Par\u00eds lleg\u00f3 a su fin, no solo nos quedamos con las mejores tendencias para lo que vendr\u00e1 en primavera\/verano 2026, sino","og_url":"https:\/\/graziamagazine.com\/mx\/articles\/belleza-en-la-pasarela-los-beauty-looks-que-dominaron-paris-esta-temporada\/","og_site_name":"Grazia M\u00e9xico y Latinoam\u00e9rica","article_modified_time":"2025-10-07T19:04:16+00:00","og_image":[{"width":1280,"height":720,"url":"https:\/\/graziamagazine.com\/mx\/wp-content\/uploads\/sites\/13\/2025\/10\/belleza-en-la-pasarela-los-beauty-looks-que-dominaron-paris-esta-temporada-10.jpg","type":"image\/jpeg"}],"twitter_card":"summary_large_image","twitter_misc":{"Est. reading time":"5 minutos"},"schema":{"@context":"https:\/\/schema.org","@graph":[{"@type":"WebPage","@id":"https:\/\/graziamagazine.com\/mx\/articles\/belleza-en-la-pasarela-los-beauty-looks-que-dominaron-paris-esta-temporada\/","url":"https:\/\/graziamagazine.com\/mx\/articles\/belleza-en-la-pasarela-los-beauty-looks-que-dominaron-paris-esta-temporada\/","name":"Belleza en la pasarela: los beauty looks que dominaron Par\u00eds esta temporada | Grazia M\u00e9xico y Latinoam\u00e9rica","isPartOf":{"@id":"https:\/\/graziamagazine.com\/mx\/#website"},"datePublished":"2025-10-07T17:19:40+00:00","dateModified":"2025-10-07T19:04:16+00:00","description":"Ahora que la Semana de la Moda de Par\u00eds lleg\u00f3 a su fin, no solo nos quedamos con las mejores tendencias para lo que vendr\u00e1 en primavera\/verano 2026, sino","breadcrumb":{"@id":"https:\/\/graziamagazine.com\/mx\/articles\/belleza-en-la-pasarela-los-beauty-looks-que-dominaron-paris-esta-temporada\/#breadcrumb"},"inLanguage":"es-MX","potentialAction":[{"@type":"ReadAction","target":["https:\/\/graziamagazine.com\/mx\/articles\/belleza-en-la-pasarela-los-beauty-looks-que-dominaron-paris-esta-temporada\/"]}]},{"@type":"BreadcrumbList","@id":"https:\/\/graziamagazine.com\/mx\/articles\/belleza-en-la-pasarela-los-beauty-looks-que-dominaron-paris-esta-temporada\/#breadcrumb","itemListElement":[{"@type":"ListItem","position":1,"name":"Home","item":"https:\/\/graziamagazine.com\/mx\/"},{"@type":"ListItem","position":2,"name":"Belleza en la pasarela: los beauty looks que dominaron Par\u00eds esta temporada"}]},{"@type":"WebSite","@id":"https:\/\/graziamagazine.com\/mx\/#website","url":"https:\/\/graziamagazine.com\/mx\/","name":"Grazia M\u00e9xico y Latinoam\u00e9rica","description":"Grazia es moda, belleza y noticias  de actualidad ","potentialAction":[{"@type":"SearchAction","target":{"@type":"EntryPoint","urlTemplate":"https:\/\/graziamagazine.com\/mx\/?s={search_term_string}"},"query-input":"required name=search_term_string"}],"inLanguage":"es-MX"}]}},"jetpack_sharing_enabled":true,"distributor_meta":false,"distributor_terms":false,"distributor_media":false,"distributor_original_site_name":"Grazia M\u00e9xico y Latinoam\u00e9rica","distributor_original_site_url":"https:\/\/graziamagazine.com\/mx","push-errors":false,"_links":{"self":[{"href":"https:\/\/graziamagazine.com\/mx\/wp-json\/wp\/v2\/articles\/158617"}],"collection":[{"href":"https:\/\/graziamagazine.com\/mx\/wp-json\/wp\/v2\/articles"}],"about":[{"href":"https:\/\/graziamagazine.com\/mx\/wp-json\/wp\/v2\/types\/articles"}],"author":[{"embeddable":true,"href":"https:\/\/graziamagazine.com\/mx\/wp-json\/wp\/v2\/users\/42761"}],"wp:featuredmedia":[{"embeddable":true,"href":"https:\/\/graziamagazine.com\/mx\/wp-json\/wp\/v2\/media\/158627"}],"wp:attachment":[{"href":"https:\/\/graziamagazine.com\/mx\/wp-json\/wp\/v2\/media?parent=158617"}],"wp:term":[{"taxonomy":"category","embeddable":true,"href":"https:\/\/graziamagazine.com\/mx\/wp-json\/wp\/v2\/categories?post=158617"}],"curies":[{"name":"wp","href":"https:\/\/api.w.org\/{rel}","templated":true}]}}