{"id":158558,"date":"2025-10-06T16:28:28","date_gmt":"2025-10-06T21:28:28","guid":{"rendered":"https:\/\/graziamagazine.com\/mx\/?post_type=articles&#038;p=158558"},"modified":"2025-10-06T16:31:36","modified_gmt":"2025-10-06T21:31:36","slug":"bvlgari-estrena-la-exposicion-serpenti-infinito-en-mumbai","status":"publish","type":"articles","link":"https:\/\/graziamagazine.com\/mx\/articles\/bvlgari-estrena-la-exposicion-serpenti-infinito-en-mumbai\/","title":{"rendered":"Bvlgari estrena la exposici\u00f3n \u201cSerpenti Infinito\u201d en Mumbai"},"content":{"rendered":"<p><span style=\"font-weight: 400\">Bvlgari presenta el nuevo cap\u00edtulo de Serpenti Infinito en India, una experiencia inmersiva de arte, artesan\u00eda y transformaci\u00f3n, que celebra el icono m\u00e1s emblem\u00e1tico de la Maison, la Serpenti. La exposici\u00f3n se inaugur\u00f3 con un preestreno exclusivo en presencia de la Embajadora Global de la Marca, Priyanka Chopra Jonas, y est\u00e1 abierta al p\u00fablico desde el 2 de octubre en Art House, Nita Mukesh Ambani Cultural Centre, BKC, Mumbai, un espacio concebido como epicentro del arte local y global.<\/span><\/p>\n<p><img loading=\"lazy\" decoding=\"async\" class=\"alignnone size-full wp-image-158567\" src=\"https:\/\/graziamagazine.com\/mx\/wp-content\/uploads\/sites\/13\/2025\/10\/959.jpg\" alt=\"\" width=\"383\" height=\"431\" srcset=\"https:\/\/graziamagazine.com\/mx\/wp-content\/uploads\/sites\/13\/2025\/10\/959.jpg 383w, https:\/\/graziamagazine.com\/mx\/wp-content\/uploads\/sites\/13\/2025\/10\/959-155x174.jpg 155w\" sizes=\"(max-width: 383px) 100vw, 383px\" \/><\/p>\n<p><span style=\"font-weight: 400\">S\u00edmbolo universal que trasciende diferentes culturas, espacios y tiempos, desde 1948 Serpenti ha encapsulado una estratificaci\u00f3n de significados y atributos. Su naturaleza metam\u00f3rfica ofrece un territorio infinito para la producci\u00f3n creativa, convirti\u00e9ndola en un s\u00edmbolo dentro del di\u00e1logo en el mundo del arte.\u00a0<\/span><\/p>\n<p><img loading=\"lazy\" decoding=\"async\" class=\"alignnone size-medium wp-image-158566\" src=\"https:\/\/graziamagazine.com\/mx\/wp-content\/uploads\/sites\/13\/2025\/10\/787-328x450.jpg\" alt=\"\" width=\"328\" height=\"450\" srcset=\"https:\/\/graziamagazine.com\/mx\/wp-content\/uploads\/sites\/13\/2025\/10\/787-328x450.jpg 328w, https:\/\/graziamagazine.com\/mx\/wp-content\/uploads\/sites\/13\/2025\/10\/787-155x213.jpg 155w, https:\/\/graziamagazine.com\/mx\/wp-content\/uploads\/sites\/13\/2025\/10\/787.jpg 387w\" sizes=\"(max-width: 328px) 100vw, 328px\" \/><\/p>\n<p><span style=\"font-weight: 400\">Esta edici\u00f3n mostr\u00f3 m\u00e1s de 75 obras de 23 aclamados artistas indios e internacionales. Junto con la revelaci\u00f3n de una importante experiencia inmersiva, Infinito: Escultura de datos de IA por Refik Anadol, una instalaci\u00f3n din\u00e1mica tridimensional impulsada por IA ubicada dentro de una sala de espejos de 360 \u200b\u200bgrados.<\/span><\/p>\n<p><img loading=\"lazy\" decoding=\"async\" class=\"alignnone size-medium wp-image-158565\" src=\"https:\/\/graziamagazine.com\/mx\/wp-content\/uploads\/sites\/13\/2025\/10\/87-450x240.jpg\" alt=\"\" width=\"450\" height=\"240\" srcset=\"https:\/\/graziamagazine.com\/mx\/wp-content\/uploads\/sites\/13\/2025\/10\/87-450x240.jpg 450w, https:\/\/graziamagazine.com\/mx\/wp-content\/uploads\/sites\/13\/2025\/10\/87-400x213.jpg 400w, https:\/\/graziamagazine.com\/mx\/wp-content\/uploads\/sites\/13\/2025\/10\/87-155x83.jpg 155w, https:\/\/graziamagazine.com\/mx\/wp-content\/uploads\/sites\/13\/2025\/10\/87.jpg 595w\" sizes=\"(max-width: 450px) 100vw, 450px\" \/><\/p>\n<p><span style=\"font-weight: 400\">El 1 de octubre, la exposici\u00f3n abri\u00f3 oficialmente sus puertas con un c\u00f3ctel al que asistieron m\u00e1s de 250 invitados. Recibidos por el CEO de Bvlgari, Jean-Christophe Babin, la ceremonia inaugural cont\u00f3 con la presencia de Priyanka Chopra Jonas, la Directora Creativa de Bvlgari, Lucia Silvestri, la Fundadora y Presidenta del Centro Cultural Nita Mukesh Ambani, Nita Ambani, y la Directora de Reliance Industries Limited, Isha Ambani.\u00a0<\/span><\/p>\n<p><img loading=\"lazy\" decoding=\"async\" class=\"alignnone size-full wp-image-158564\" src=\"https:\/\/graziamagazine.com\/mx\/wp-content\/uploads\/sites\/13\/2025\/10\/84.jpg\" alt=\"\" width=\"373\" height=\"380\" srcset=\"https:\/\/graziamagazine.com\/mx\/wp-content\/uploads\/sites\/13\/2025\/10\/84.jpg 373w, https:\/\/graziamagazine.com\/mx\/wp-content\/uploads\/sites\/13\/2025\/10\/84-155x158.jpg 155w\" sizes=\"(max-width: 373px) 100vw, 373px\" \/><\/p>\n<p><span style=\"font-weight: 400\">Como joya especial, Priyanka Chopra Jonas cautiv\u00f3 a la multitud al portar el collar Serpenti Maharani de Bvlgari, una obra maestra de Alta Joyer\u00eda que rinde homenaje al legado de las mujeres reales de la India. Inspirado en los gobernantes de la historia de la India, el conjunto Serpenti Maharani de Bvlgari celebra el esp\u00edritu de la Maharani, las figuras similares a reinas que a menudo ostentaban un poder secreto y gobernaban con fuerza, gracia y sabidur\u00eda.\u00a0<\/span><\/p>\n<p><img loading=\"lazy\" decoding=\"async\" class=\"alignnone size-medium wp-image-158560\" src=\"https:\/\/graziamagazine.com\/mx\/wp-content\/uploads\/sites\/13\/2025\/10\/7-2-296x450.jpg\" alt=\"\" width=\"296\" height=\"450\" srcset=\"https:\/\/graziamagazine.com\/mx\/wp-content\/uploads\/sites\/13\/2025\/10\/7-2-296x450.jpg 296w, https:\/\/graziamagazine.com\/mx\/wp-content\/uploads\/sites\/13\/2025\/10\/7-2-141x215.jpg 141w, https:\/\/graziamagazine.com\/mx\/wp-content\/uploads\/sites\/13\/2025\/10\/7-2.jpg 373w\" sizes=\"(max-width: 296px) 100vw, 296px\" \/><\/p>\n<p><span style=\"font-weight: 400\">La exposici\u00f3n estar\u00e1 abierta hasta el 17 de octubre, antes de trasladarse a su siguiente parada.<\/span><\/p>\n<p><img loading=\"lazy\" decoding=\"async\" class=\"alignnone size-medium wp-image-158563\" src=\"https:\/\/graziamagazine.com\/mx\/wp-content\/uploads\/sites\/13\/2025\/10\/47-450x226.jpg\" alt=\"\" width=\"450\" height=\"226\" srcset=\"https:\/\/graziamagazine.com\/mx\/wp-content\/uploads\/sites\/13\/2025\/10\/47-450x226.jpg 450w, https:\/\/graziamagazine.com\/mx\/wp-content\/uploads\/sites\/13\/2025\/10\/47-400x201.jpg 400w, https:\/\/graziamagazine.com\/mx\/wp-content\/uploads\/sites\/13\/2025\/10\/47-155x78.jpg 155w, https:\/\/graziamagazine.com\/mx\/wp-content\/uploads\/sites\/13\/2025\/10\/47.jpg 622w\" sizes=\"(max-width: 450px) 100vw, 450px\" \/><\/p>\n","protected":false},"author":11628,"featured_media":158562,"template":"","format":"standard","categories":[17161],"acf":[],"yoast_head":"<!-- This site is optimized with the Yoast SEO Premium plugin v18.5 (Yoast SEO v20.4) - https:\/\/yoast.com\/wordpress\/plugins\/seo\/ -->\n<title>Bvlgari estrena la exposici\u00f3n \u201cSerpenti Infinito\u201d en Mumbai<\/title>\n<meta name=\"description\" content=\"Bvlgari presenta el nuevo cap\u00edtulo de Serpenti Infinito en India, una experiencia inmersiva de arte, artesan\u00eda y transformaci\u00f3n, que celebra el icono m\u00e1s\" \/>\n<meta name=\"robots\" content=\"index, follow, max-snippet:-1, max-image-preview:large, max-video-preview:-1\" \/>\n<link rel=\"canonical\" href=\"https:\/\/graziamagazine.com\/mx\/articles\/bvlgari-estrena-la-exposicion-serpenti-infinito-en-mumbai\/\" \/>\n<meta property=\"og:locale\" content=\"es_MX\" \/>\n<meta property=\"og:type\" content=\"article\" \/>\n<meta property=\"og:title\" content=\"Bvlgari estrena la exposici\u00f3n \u201cSerpenti Infinito\u201d en Mumbai\" \/>\n<meta property=\"og:description\" content=\"Bvlgari presenta el nuevo cap\u00edtulo de Serpenti Infinito en India, una experiencia inmersiva de arte, artesan\u00eda y transformaci\u00f3n, que celebra el icono m\u00e1s\" \/>\n<meta property=\"og:url\" content=\"https:\/\/graziamagazine.com\/mx\/articles\/bvlgari-estrena-la-exposicion-serpenti-infinito-en-mumbai\/\" \/>\n<meta property=\"og:site_name\" content=\"Grazia M\u00e9xico y Latinoam\u00e9rica\" \/>\n<meta property=\"article:modified_time\" content=\"2025-10-06T21:31:36+00:00\" \/>\n<meta property=\"og:image\" content=\"https:\/\/graziamagazine.com\/mx\/wp-content\/uploads\/sites\/13\/2025\/10\/36.jpg\" \/>\n\t<meta property=\"og:image:width\" content=\"703\" \/>\n\t<meta property=\"og:image:height\" content=\"371\" \/>\n\t<meta property=\"og:image:type\" content=\"image\/jpeg\" \/>\n<meta name=\"twitter:card\" content=\"summary_large_image\" \/>\n<meta name=\"twitter:label1\" content=\"Est. reading time\" \/>\n\t<meta name=\"twitter:data1\" content=\"3 minutos\" \/>\n<script type=\"application\/ld+json\" class=\"yoast-schema-graph\">{\"@context\":\"https:\/\/schema.org\",\"@graph\":[{\"@type\":\"WebPage\",\"@id\":\"https:\/\/graziamagazine.com\/mx\/articles\/bvlgari-estrena-la-exposicion-serpenti-infinito-en-mumbai\/\",\"url\":\"https:\/\/graziamagazine.com\/mx\/articles\/bvlgari-estrena-la-exposicion-serpenti-infinito-en-mumbai\/\",\"name\":\"Bvlgari estrena la exposici\u00f3n \u201cSerpenti Infinito\u201d en Mumbai\",\"isPartOf\":{\"@id\":\"https:\/\/graziamagazine.com\/mx\/#website\"},\"datePublished\":\"2025-10-06T21:28:28+00:00\",\"dateModified\":\"2025-10-06T21:31:36+00:00\",\"description\":\"Bvlgari presenta el nuevo cap\u00edtulo de Serpenti Infinito en India, una experiencia inmersiva de arte, artesan\u00eda y transformaci\u00f3n, que celebra el icono m\u00e1s\",\"breadcrumb\":{\"@id\":\"https:\/\/graziamagazine.com\/mx\/articles\/bvlgari-estrena-la-exposicion-serpenti-infinito-en-mumbai\/#breadcrumb\"},\"inLanguage\":\"es-MX\",\"potentialAction\":[{\"@type\":\"ReadAction\",\"target\":[\"https:\/\/graziamagazine.com\/mx\/articles\/bvlgari-estrena-la-exposicion-serpenti-infinito-en-mumbai\/\"]}]},{\"@type\":\"BreadcrumbList\",\"@id\":\"https:\/\/graziamagazine.com\/mx\/articles\/bvlgari-estrena-la-exposicion-serpenti-infinito-en-mumbai\/#breadcrumb\",\"itemListElement\":[{\"@type\":\"ListItem\",\"position\":1,\"name\":\"Home\",\"item\":\"https:\/\/graziamagazine.com\/mx\/\"},{\"@type\":\"ListItem\",\"position\":2,\"name\":\"Bvlgari estrena la exposici\u00f3n \u201cSerpenti Infinito\u201d en Mumbai\"}]},{\"@type\":\"WebSite\",\"@id\":\"https:\/\/graziamagazine.com\/mx\/#website\",\"url\":\"https:\/\/graziamagazine.com\/mx\/\",\"name\":\"Grazia M\u00e9xico y Latinoam\u00e9rica\",\"description\":\"Grazia es moda, belleza y noticias  de actualidad \",\"potentialAction\":[{\"@type\":\"SearchAction\",\"target\":{\"@type\":\"EntryPoint\",\"urlTemplate\":\"https:\/\/graziamagazine.com\/mx\/?s={search_term_string}\"},\"query-input\":\"required name=search_term_string\"}],\"inLanguage\":\"es-MX\"}]}<\/script>\n<!-- \/ Yoast SEO Premium plugin. -->","yoast_head_json":{"title":"Bvlgari estrena la exposici\u00f3n \u201cSerpenti Infinito\u201d en Mumbai","description":"Bvlgari presenta el nuevo cap\u00edtulo de Serpenti Infinito en India, una experiencia inmersiva de arte, artesan\u00eda y transformaci\u00f3n, que celebra el icono m\u00e1s","robots":{"index":"index","follow":"follow","max-snippet":"max-snippet:-1","max-image-preview":"max-image-preview:large","max-video-preview":"max-video-preview:-1"},"canonical":"https:\/\/graziamagazine.com\/mx\/articles\/bvlgari-estrena-la-exposicion-serpenti-infinito-en-mumbai\/","og_locale":"es_MX","og_type":"article","og_title":"Bvlgari estrena la exposici\u00f3n \u201cSerpenti Infinito\u201d en Mumbai","og_description":"Bvlgari presenta el nuevo cap\u00edtulo de Serpenti Infinito en India, una experiencia inmersiva de arte, artesan\u00eda y transformaci\u00f3n, que celebra el icono m\u00e1s","og_url":"https:\/\/graziamagazine.com\/mx\/articles\/bvlgari-estrena-la-exposicion-serpenti-infinito-en-mumbai\/","og_site_name":"Grazia M\u00e9xico y Latinoam\u00e9rica","article_modified_time":"2025-10-06T21:31:36+00:00","og_image":[{"width":703,"height":371,"url":"https:\/\/graziamagazine.com\/mx\/wp-content\/uploads\/sites\/13\/2025\/10\/36.jpg","type":"image\/jpeg"}],"twitter_card":"summary_large_image","twitter_misc":{"Est. reading time":"3 minutos"},"schema":{"@context":"https:\/\/schema.org","@graph":[{"@type":"WebPage","@id":"https:\/\/graziamagazine.com\/mx\/articles\/bvlgari-estrena-la-exposicion-serpenti-infinito-en-mumbai\/","url":"https:\/\/graziamagazine.com\/mx\/articles\/bvlgari-estrena-la-exposicion-serpenti-infinito-en-mumbai\/","name":"Bvlgari estrena la exposici\u00f3n \u201cSerpenti Infinito\u201d en Mumbai","isPartOf":{"@id":"https:\/\/graziamagazine.com\/mx\/#website"},"datePublished":"2025-10-06T21:28:28+00:00","dateModified":"2025-10-06T21:31:36+00:00","description":"Bvlgari presenta el nuevo cap\u00edtulo de Serpenti Infinito en India, una experiencia inmersiva de arte, artesan\u00eda y transformaci\u00f3n, que celebra el icono m\u00e1s","breadcrumb":{"@id":"https:\/\/graziamagazine.com\/mx\/articles\/bvlgari-estrena-la-exposicion-serpenti-infinito-en-mumbai\/#breadcrumb"},"inLanguage":"es-MX","potentialAction":[{"@type":"ReadAction","target":["https:\/\/graziamagazine.com\/mx\/articles\/bvlgari-estrena-la-exposicion-serpenti-infinito-en-mumbai\/"]}]},{"@type":"BreadcrumbList","@id":"https:\/\/graziamagazine.com\/mx\/articles\/bvlgari-estrena-la-exposicion-serpenti-infinito-en-mumbai\/#breadcrumb","itemListElement":[{"@type":"ListItem","position":1,"name":"Home","item":"https:\/\/graziamagazine.com\/mx\/"},{"@type":"ListItem","position":2,"name":"Bvlgari estrena la exposici\u00f3n \u201cSerpenti Infinito\u201d en Mumbai"}]},{"@type":"WebSite","@id":"https:\/\/graziamagazine.com\/mx\/#website","url":"https:\/\/graziamagazine.com\/mx\/","name":"Grazia M\u00e9xico y Latinoam\u00e9rica","description":"Grazia es moda, belleza y noticias  de actualidad ","potentialAction":[{"@type":"SearchAction","target":{"@type":"EntryPoint","urlTemplate":"https:\/\/graziamagazine.com\/mx\/?s={search_term_string}"},"query-input":"required name=search_term_string"}],"inLanguage":"es-MX"}]}},"jetpack_sharing_enabled":true,"distributor_meta":false,"distributor_terms":false,"distributor_media":false,"distributor_original_site_name":"Grazia M\u00e9xico y Latinoam\u00e9rica","distributor_original_site_url":"https:\/\/graziamagazine.com\/mx","push-errors":false,"_links":{"self":[{"href":"https:\/\/graziamagazine.com\/mx\/wp-json\/wp\/v2\/articles\/158558"}],"collection":[{"href":"https:\/\/graziamagazine.com\/mx\/wp-json\/wp\/v2\/articles"}],"about":[{"href":"https:\/\/graziamagazine.com\/mx\/wp-json\/wp\/v2\/types\/articles"}],"author":[{"embeddable":true,"href":"https:\/\/graziamagazine.com\/mx\/wp-json\/wp\/v2\/users\/11628"}],"wp:featuredmedia":[{"embeddable":true,"href":"https:\/\/graziamagazine.com\/mx\/wp-json\/wp\/v2\/media\/158562"}],"wp:attachment":[{"href":"https:\/\/graziamagazine.com\/mx\/wp-json\/wp\/v2\/media?parent=158558"}],"wp:term":[{"taxonomy":"category","embeddable":true,"href":"https:\/\/graziamagazine.com\/mx\/wp-json\/wp\/v2\/categories?post=158558"}],"curies":[{"name":"wp","href":"https:\/\/api.w.org\/{rel}","templated":true}]}}