{"id":157963,"date":"2025-10-02T17:23:18","date_gmt":"2025-10-02T22:23:18","guid":{"rendered":"https:\/\/graziamagazine.com\/mx\/?post_type=articles&#038;p=157963"},"modified":"2025-10-02T17:24:35","modified_gmt":"2025-10-02T22:24:35","slug":"flequillo-bardot-y-efecto-bed-head-los-peinados-retro-despeinados-que-dominan-el-otono","status":"publish","type":"articles","link":"https:\/\/graziamagazine.com\/mx\/articles\/flequillo-bardot-y-efecto-bed-head-los-peinados-retro-despeinados-que-dominan-el-otono\/","title":{"rendered":"Flequillo Bardot y efecto bed head, los peinados retro-despeinados que dominan el oto\u00f1o"},"content":{"rendered":"<p><span style=\"font-weight: 400\">El oto\u00f1o llega con una clara nostalgia por los a\u00f1os dorados de la sensualidad despreocupada y el glamour rebelde. Dos estilos de cabello se han convertido en protagonistas de la temporada: el flequillo Bardot y el efecto bed head, rescatando la esencia retro de d\u00e9cadas pasadas.<\/span><\/p>\n<p><span style=\"font-weight: 400\">El flequillo Bardot, bautizado en honor a la legendaria Brigitte Bardot, es una referencia al despreocupado estilo franc\u00e9s que nunca pasa de moda. Se caracteriza por ser largo, abierto en el centro y ligeramente despeinado, lo que genera un marco natural para el rostro sin la rigidez de un corte demasiado estructurado. Este flequillo le va bien a cualquier textura de cabello, desde lacio hasta ondulado, y se adapta a distintos largos, convirti\u00e9ndose en el comod\u00edn perfecto para un cambio sutil pero totalmente visible.<\/span><\/p>\n<p><img loading=\"lazy\" decoding=\"async\" class=\"alignnone size-medium wp-image-157964\" src=\"https:\/\/graziamagazine.com\/mx\/wp-content\/uploads\/sites\/13\/2025\/10\/999-450x300.jpg\" alt=\"\" width=\"450\" height=\"300\" srcset=\"https:\/\/graziamagazine.com\/mx\/wp-content\/uploads\/sites\/13\/2025\/10\/999-450x300.jpg 450w, https:\/\/graziamagazine.com\/mx\/wp-content\/uploads\/sites\/13\/2025\/10\/999-400x267.jpg 400w, https:\/\/graziamagazine.com\/mx\/wp-content\/uploads\/sites\/13\/2025\/10\/999-155x103.jpg 155w, https:\/\/graziamagazine.com\/mx\/wp-content\/uploads\/sites\/13\/2025\/10\/999.jpg 635w\" sizes=\"(max-width: 450px) 100vw, 450px\" \/><\/p>\n<p><span style=\"font-weight: 400\">Por otro lado, el efecto bed head, que simula un \u201cme acabo de levantar y me veo as\u00ed de bien\u201d,\u00a0 se impone como la m\u00e1xima expresi\u00f3n del chic desenfadado. No se trata de un descuido real, sino de un estilizado a prop\u00f3sito que juega con ondas sueltas, texturas naturales y un volumen desordenado pero intencional. Inspirado en el esp\u00edritu grunge de los noventa y en el aire bohemio de los setenta, este peinado se logra utilizando productos texturizantes que aporten cuerpo sin rigidez.<\/span><\/p>\n<p><span style=\"font-weight: 400\">Juntos, el flequillo Bardot y el efecto bed head reinterpretan lo retro desde una perspectiva actual, y le va perfecto a los estilos rom\u00e1nticos de oto\u00f1o, ya que transmiten confianza y libertad.<\/span><\/p>\n<p><img loading=\"lazy\" decoding=\"async\" class=\"alignnone size-medium wp-image-157966\" src=\"https:\/\/graziamagazine.com\/mx\/wp-content\/uploads\/sites\/13\/2025\/10\/9562-450x415.jpg\" alt=\"\" width=\"450\" height=\"415\" srcset=\"https:\/\/graziamagazine.com\/mx\/wp-content\/uploads\/sites\/13\/2025\/10\/9562-450x415.jpg 450w, https:\/\/graziamagazine.com\/mx\/wp-content\/uploads\/sites\/13\/2025\/10\/9562-400x369.jpg 400w, https:\/\/graziamagazine.com\/mx\/wp-content\/uploads\/sites\/13\/2025\/10\/9562-155x143.jpg 155w, https:\/\/graziamagazine.com\/mx\/wp-content\/uploads\/sites\/13\/2025\/10\/9562.jpg 578w\" sizes=\"(max-width: 450px) 100vw, 450px\" \/><\/p>\n","protected":false},"author":11628,"featured_media":157965,"template":"","format":"standard","categories":[3],"acf":[],"yoast_head":"<!-- This site is optimized with the Yoast SEO Premium plugin v18.5 (Yoast SEO v20.4) - https:\/\/yoast.com\/wordpress\/plugins\/seo\/ -->\n<title>Flequillo Bardot y efecto bed head, los peinados retro-despeinados que dominan el oto\u00f1o<\/title>\n<meta name=\"description\" content=\"El oto\u00f1o llega con una clara nostalgia por los a\u00f1os dorados de la sensualidad despreocupada y el glamour rebelde. Dos estilos de cabello se han convertido\" \/>\n<meta name=\"robots\" content=\"index, follow, max-snippet:-1, max-image-preview:large, max-video-preview:-1\" \/>\n<link rel=\"canonical\" href=\"https:\/\/graziamagazine.com\/mx\/articles\/flequillo-bardot-y-efecto-bed-head-los-peinados-retro-despeinados-que-dominan-el-otono\/\" \/>\n<meta property=\"og:locale\" content=\"es_MX\" \/>\n<meta property=\"og:type\" content=\"article\" \/>\n<meta property=\"og:title\" content=\"Flequillo Bardot y efecto bed head, los peinados retro-despeinados que dominan el oto\u00f1o\" \/>\n<meta property=\"og:description\" content=\"El oto\u00f1o llega con una clara nostalgia por los a\u00f1os dorados de la sensualidad despreocupada y el glamour rebelde. Dos estilos de cabello se han convertido\" \/>\n<meta property=\"og:url\" content=\"https:\/\/graziamagazine.com\/mx\/articles\/flequillo-bardot-y-efecto-bed-head-los-peinados-retro-despeinados-que-dominan-el-otono\/\" \/>\n<meta property=\"og:site_name\" content=\"Grazia M\u00e9xico y Latinoam\u00e9rica\" \/>\n<meta property=\"article:modified_time\" content=\"2025-10-02T22:24:35+00:00\" \/>\n<meta property=\"og:image\" content=\"https:\/\/graziamagazine.com\/mx\/wp-content\/uploads\/sites\/13\/2025\/10\/7874.jpg\" \/>\n\t<meta property=\"og:image:width\" content=\"760\" \/>\n\t<meta property=\"og:image:height\" content=\"463\" \/>\n\t<meta property=\"og:image:type\" content=\"image\/jpeg\" \/>\n<meta name=\"twitter:card\" content=\"summary_large_image\" \/>\n<meta name=\"twitter:label1\" content=\"Est. reading time\" \/>\n\t<meta name=\"twitter:data1\" content=\"2 minutos\" \/>\n<script type=\"application\/ld+json\" class=\"yoast-schema-graph\">{\"@context\":\"https:\/\/schema.org\",\"@graph\":[{\"@type\":\"WebPage\",\"@id\":\"https:\/\/graziamagazine.com\/mx\/articles\/flequillo-bardot-y-efecto-bed-head-los-peinados-retro-despeinados-que-dominan-el-otono\/\",\"url\":\"https:\/\/graziamagazine.com\/mx\/articles\/flequillo-bardot-y-efecto-bed-head-los-peinados-retro-despeinados-que-dominan-el-otono\/\",\"name\":\"Flequillo Bardot y efecto bed head, los peinados retro-despeinados que dominan el oto\u00f1o\",\"isPartOf\":{\"@id\":\"https:\/\/graziamagazine.com\/mx\/#website\"},\"datePublished\":\"2025-10-02T22:23:18+00:00\",\"dateModified\":\"2025-10-02T22:24:35+00:00\",\"description\":\"El oto\u00f1o llega con una clara nostalgia por los a\u00f1os dorados de la sensualidad despreocupada y el glamour rebelde. Dos estilos de cabello se han convertido\",\"breadcrumb\":{\"@id\":\"https:\/\/graziamagazine.com\/mx\/articles\/flequillo-bardot-y-efecto-bed-head-los-peinados-retro-despeinados-que-dominan-el-otono\/#breadcrumb\"},\"inLanguage\":\"es-MX\",\"potentialAction\":[{\"@type\":\"ReadAction\",\"target\":[\"https:\/\/graziamagazine.com\/mx\/articles\/flequillo-bardot-y-efecto-bed-head-los-peinados-retro-despeinados-que-dominan-el-otono\/\"]}]},{\"@type\":\"BreadcrumbList\",\"@id\":\"https:\/\/graziamagazine.com\/mx\/articles\/flequillo-bardot-y-efecto-bed-head-los-peinados-retro-despeinados-que-dominan-el-otono\/#breadcrumb\",\"itemListElement\":[{\"@type\":\"ListItem\",\"position\":1,\"name\":\"Home\",\"item\":\"https:\/\/graziamagazine.com\/mx\/\"},{\"@type\":\"ListItem\",\"position\":2,\"name\":\"Flequillo Bardot y efecto bed head, los peinados retro-despeinados que dominan el oto\u00f1o\"}]},{\"@type\":\"WebSite\",\"@id\":\"https:\/\/graziamagazine.com\/mx\/#website\",\"url\":\"https:\/\/graziamagazine.com\/mx\/\",\"name\":\"Grazia M\u00e9xico y Latinoam\u00e9rica\",\"description\":\"Grazia es moda, belleza y noticias  de actualidad \",\"potentialAction\":[{\"@type\":\"SearchAction\",\"target\":{\"@type\":\"EntryPoint\",\"urlTemplate\":\"https:\/\/graziamagazine.com\/mx\/?s={search_term_string}\"},\"query-input\":\"required name=search_term_string\"}],\"inLanguage\":\"es-MX\"}]}<\/script>\n<!-- \/ Yoast SEO Premium plugin. -->","yoast_head_json":{"title":"Flequillo Bardot y efecto bed head, los peinados retro-despeinados que dominan el oto\u00f1o","description":"El oto\u00f1o llega con una clara nostalgia por los a\u00f1os dorados de la sensualidad despreocupada y el glamour rebelde. Dos estilos de cabello se han convertido","robots":{"index":"index","follow":"follow","max-snippet":"max-snippet:-1","max-image-preview":"max-image-preview:large","max-video-preview":"max-video-preview:-1"},"canonical":"https:\/\/graziamagazine.com\/mx\/articles\/flequillo-bardot-y-efecto-bed-head-los-peinados-retro-despeinados-que-dominan-el-otono\/","og_locale":"es_MX","og_type":"article","og_title":"Flequillo Bardot y efecto bed head, los peinados retro-despeinados que dominan el oto\u00f1o","og_description":"El oto\u00f1o llega con una clara nostalgia por los a\u00f1os dorados de la sensualidad despreocupada y el glamour rebelde. Dos estilos de cabello se han convertido","og_url":"https:\/\/graziamagazine.com\/mx\/articles\/flequillo-bardot-y-efecto-bed-head-los-peinados-retro-despeinados-que-dominan-el-otono\/","og_site_name":"Grazia M\u00e9xico y Latinoam\u00e9rica","article_modified_time":"2025-10-02T22:24:35+00:00","og_image":[{"width":760,"height":463,"url":"https:\/\/graziamagazine.com\/mx\/wp-content\/uploads\/sites\/13\/2025\/10\/7874.jpg","type":"image\/jpeg"}],"twitter_card":"summary_large_image","twitter_misc":{"Est. reading time":"2 minutos"},"schema":{"@context":"https:\/\/schema.org","@graph":[{"@type":"WebPage","@id":"https:\/\/graziamagazine.com\/mx\/articles\/flequillo-bardot-y-efecto-bed-head-los-peinados-retro-despeinados-que-dominan-el-otono\/","url":"https:\/\/graziamagazine.com\/mx\/articles\/flequillo-bardot-y-efecto-bed-head-los-peinados-retro-despeinados-que-dominan-el-otono\/","name":"Flequillo Bardot y efecto bed head, los peinados retro-despeinados que dominan el oto\u00f1o","isPartOf":{"@id":"https:\/\/graziamagazine.com\/mx\/#website"},"datePublished":"2025-10-02T22:23:18+00:00","dateModified":"2025-10-02T22:24:35+00:00","description":"El oto\u00f1o llega con una clara nostalgia por los a\u00f1os dorados de la sensualidad despreocupada y el glamour rebelde. Dos estilos de cabello se han convertido","breadcrumb":{"@id":"https:\/\/graziamagazine.com\/mx\/articles\/flequillo-bardot-y-efecto-bed-head-los-peinados-retro-despeinados-que-dominan-el-otono\/#breadcrumb"},"inLanguage":"es-MX","potentialAction":[{"@type":"ReadAction","target":["https:\/\/graziamagazine.com\/mx\/articles\/flequillo-bardot-y-efecto-bed-head-los-peinados-retro-despeinados-que-dominan-el-otono\/"]}]},{"@type":"BreadcrumbList","@id":"https:\/\/graziamagazine.com\/mx\/articles\/flequillo-bardot-y-efecto-bed-head-los-peinados-retro-despeinados-que-dominan-el-otono\/#breadcrumb","itemListElement":[{"@type":"ListItem","position":1,"name":"Home","item":"https:\/\/graziamagazine.com\/mx\/"},{"@type":"ListItem","position":2,"name":"Flequillo Bardot y efecto bed head, los peinados retro-despeinados que dominan el oto\u00f1o"}]},{"@type":"WebSite","@id":"https:\/\/graziamagazine.com\/mx\/#website","url":"https:\/\/graziamagazine.com\/mx\/","name":"Grazia M\u00e9xico y Latinoam\u00e9rica","description":"Grazia es moda, belleza y noticias  de actualidad ","potentialAction":[{"@type":"SearchAction","target":{"@type":"EntryPoint","urlTemplate":"https:\/\/graziamagazine.com\/mx\/?s={search_term_string}"},"query-input":"required name=search_term_string"}],"inLanguage":"es-MX"}]}},"jetpack_sharing_enabled":true,"distributor_meta":false,"distributor_terms":false,"distributor_media":false,"distributor_original_site_name":"Grazia M\u00e9xico y Latinoam\u00e9rica","distributor_original_site_url":"https:\/\/graziamagazine.com\/mx","push-errors":false,"_links":{"self":[{"href":"https:\/\/graziamagazine.com\/mx\/wp-json\/wp\/v2\/articles\/157963"}],"collection":[{"href":"https:\/\/graziamagazine.com\/mx\/wp-json\/wp\/v2\/articles"}],"about":[{"href":"https:\/\/graziamagazine.com\/mx\/wp-json\/wp\/v2\/types\/articles"}],"author":[{"embeddable":true,"href":"https:\/\/graziamagazine.com\/mx\/wp-json\/wp\/v2\/users\/11628"}],"wp:featuredmedia":[{"embeddable":true,"href":"https:\/\/graziamagazine.com\/mx\/wp-json\/wp\/v2\/media\/157965"}],"wp:attachment":[{"href":"https:\/\/graziamagazine.com\/mx\/wp-json\/wp\/v2\/media?parent=157963"}],"wp:term":[{"taxonomy":"category","embeddable":true,"href":"https:\/\/graziamagazine.com\/mx\/wp-json\/wp\/v2\/categories?post=157963"}],"curies":[{"name":"wp","href":"https:\/\/api.w.org\/{rel}","templated":true}]}}