{"id":157939,"date":"2025-10-02T16:17:32","date_gmt":"2025-10-02T21:17:32","guid":{"rendered":"https:\/\/graziamagazine.com\/mx\/?post_type=articles&#038;p=157939"},"modified":"2025-10-02T16:22:44","modified_gmt":"2025-10-02T21:22:44","slug":"enfants-riches-deprimes-militariza-paris-con-la-coleccion-primavera-2026","status":"publish","type":"articles","link":"https:\/\/graziamagazine.com\/mx\/articles\/enfants-riches-deprimes-militariza-paris-con-la-coleccion-primavera-2026\/","title":{"rendered":"Enfants Riches D\u00e9prim\u00e9s militariza Par\u00eds con la colecci\u00f3n Primavera 2026"},"content":{"rendered":"<p><span style=\"font-weight: 400\">El estilo militar se fusion\u00f3 con el Par\u00eds m\u00e1s bohemio en la colecci\u00f3n Ready-to-wear Primavera 2026 de Enfants Riches D\u00e9prim\u00e9s. El dise\u00f1ador Henri Alexander Levy demostr\u00f3 este jueves, una vez m\u00e1s, su gusto por las contradicciones.<\/span><\/p>\n<p><span style=\"font-weight: 400\">Un abrigo vaquero de aspecto militar, con botones brillantes y un corte impecable, se combin\u00f3 con botas de tac\u00f3n de los a\u00f1os 70 y el pelo despeinado al estilo Woodstock de una modelo. Era contracultura repleta de sastrer\u00eda burguesa.<\/span><\/p>\n<p><span style=\"font-weight: 400\">La reputaci\u00f3n vanguardista de la casa &#8211; cuyo nombre se traduce como &#8220;Ni\u00f1os Ricos Deprimidos&#8221; &#8211; se mantuvo intacta. Levy le dio a las corbatas preppy un toque decadente con cierres de plata y cinturones con pedrer\u00eda. Pantalones blancos de pinzas anchas, casi aristocr\u00e1ticos, se volvieron atrevidos al combinarlos con cuero negro y lentes de sol, como si fuera el ni\u00f1o rico regresando a un almuerzo familiar tras haber estado perdido todo un fin de semana.<\/span><\/p>\n<p><span style=\"font-weight: 400\">Fundada en 2012 en Los \u00c1ngeles, ERD ha crecido m\u00e1s all\u00e1 de sus inicios, consolidando ahora su presencia en Par\u00eds y entre las celebridades como Jared Leto, Miley Cyrus, Courtney Love y Rita Ora que son quienes m\u00e1s han lucido sus dise\u00f1os.<\/span><\/p>\n<p><span style=\"font-weight: 400\">Estos son algunos de los mejores looks de la colecci\u00f3n:\u00a0<\/span><\/p>\n<div class=\"content-gallery\"><div class=\"gallery-placeholder\"><div class=\"spinner\"><\/div><\/div><span class=\"gallery-pagination\"><\/span><div id=\"gallery-1\" class=\"gallery galleryid-157939 gallery-columns- gallery-size-\"><figure class=\"gallery-item\"><div class=\"gallery-icon landscape\"><img loading=\"lazy\" decoding=\"async\" width=\"334\" height=\"516\" src=\"https:\/\/graziamagazine.com\/mx\/wp-content\/uploads\/sites\/13\/2025\/10\/10.jpg\" class=\"lazy\" alt=\"\" srcset=\"https:\/\/graziamagazine.com\/mx\/wp-content\/uploads\/sites\/13\/2025\/10\/10.jpg 334w, https:\/\/graziamagazine.com\/mx\/wp-content\/uploads\/sites\/13\/2025\/10\/10-291x450.jpg 291w, https:\/\/graziamagazine.com\/mx\/wp-content\/uploads\/sites\/13\/2025\/10\/10-139x215.jpg 139w\" sizes=\"(max-width: 334px) 100vw, 334px\" \/><\/div><\/figure><figure class=\"gallery-item\"><div class=\"gallery-icon landscape\"><img loading=\"lazy\" decoding=\"async\" width=\"343\" height=\"518\" src=\"https:\/\/graziamagazine.com\/mx\/wp-content\/uploads\/sites\/13\/2025\/10\/21.jpg\" class=\"lazy\" alt=\"\" srcset=\"https:\/\/graziamagazine.com\/mx\/wp-content\/uploads\/sites\/13\/2025\/10\/21.jpg 343w, https:\/\/graziamagazine.com\/mx\/wp-content\/uploads\/sites\/13\/2025\/10\/21-298x450.jpg 298w, https:\/\/graziamagazine.com\/mx\/wp-content\/uploads\/sites\/13\/2025\/10\/21-142x215.jpg 142w\" sizes=\"(max-width: 343px) 100vw, 343px\" \/><\/div><\/figure><figure class=\"gallery-item\"><div class=\"gallery-icon landscape\"><img loading=\"lazy\" decoding=\"async\" width=\"344\" height=\"519\" src=\"https:\/\/graziamagazine.com\/mx\/wp-content\/uploads\/sites\/13\/2025\/10\/2.jpg\" class=\"lazy\" alt=\"\" srcset=\"https:\/\/graziamagazine.com\/mx\/wp-content\/uploads\/sites\/13\/2025\/10\/2.jpg 344w, https:\/\/graziamagazine.com\/mx\/wp-content\/uploads\/sites\/13\/2025\/10\/2-298x450.jpg 298w, https:\/\/graziamagazine.com\/mx\/wp-content\/uploads\/sites\/13\/2025\/10\/2-143x215.jpg 143w\" sizes=\"(max-width: 344px) 100vw, 344px\" \/><\/div><\/figure><figure class=\"gallery-item\"><div class=\"gallery-icon landscape\"><img loading=\"lazy\" decoding=\"async\" width=\"336\" height=\"519\" src=\"https:\/\/graziamagazine.com\/mx\/wp-content\/uploads\/sites\/13\/2025\/10\/20.jpg\" class=\"lazy\" alt=\"\" srcset=\"https:\/\/graziamagazine.com\/mx\/wp-content\/uploads\/sites\/13\/2025\/10\/20.jpg 336w, https:\/\/graziamagazine.com\/mx\/wp-content\/uploads\/sites\/13\/2025\/10\/20-291x450.jpg 291w, https:\/\/graziamagazine.com\/mx\/wp-content\/uploads\/sites\/13\/2025\/10\/20-139x215.jpg 139w\" sizes=\"(max-width: 336px) 100vw, 336px\" \/><\/div><\/figure><figure class=\"gallery-item\"><div class=\"gallery-icon landscape\"><img loading=\"lazy\" decoding=\"async\" width=\"342\" height=\"525\" src=\"https:\/\/graziamagazine.com\/mx\/wp-content\/uploads\/sites\/13\/2025\/10\/19.jpg\" class=\"lazy\" alt=\"\" srcset=\"https:\/\/graziamagazine.com\/mx\/wp-content\/uploads\/sites\/13\/2025\/10\/19.jpg 342w, https:\/\/graziamagazine.com\/mx\/wp-content\/uploads\/sites\/13\/2025\/10\/19-293x450.jpg 293w, https:\/\/graziamagazine.com\/mx\/wp-content\/uploads\/sites\/13\/2025\/10\/19-140x215.jpg 140w\" sizes=\"(max-width: 342px) 100vw, 342px\" \/><\/div><\/figure><figure class=\"gallery-item\"><div class=\"gallery-icon landscape\"><img loading=\"lazy\" decoding=\"async\" width=\"343\" height=\"522\" src=\"https:\/\/graziamagazine.com\/mx\/wp-content\/uploads\/sites\/13\/2025\/10\/18.jpg\" class=\"lazy\" alt=\"\" srcset=\"https:\/\/graziamagazine.com\/mx\/wp-content\/uploads\/sites\/13\/2025\/10\/18.jpg 343w, https:\/\/graziamagazine.com\/mx\/wp-content\/uploads\/sites\/13\/2025\/10\/18-296x450.jpg 296w, https:\/\/graziamagazine.com\/mx\/wp-content\/uploads\/sites\/13\/2025\/10\/18-141x215.jpg 141w\" sizes=\"(max-width: 343px) 100vw, 343px\" \/><\/div><\/figure><figure class=\"gallery-item\"><div class=\"gallery-icon landscape\"><img loading=\"lazy\" decoding=\"async\" width=\"346\" height=\"519\" src=\"https:\/\/graziamagazine.com\/mx\/wp-content\/uploads\/sites\/13\/2025\/10\/17.jpg\" class=\"lazy\" alt=\"\" srcset=\"https:\/\/graziamagazine.com\/mx\/wp-content\/uploads\/sites\/13\/2025\/10\/17.jpg 346w, https:\/\/graziamagazine.com\/mx\/wp-content\/uploads\/sites\/13\/2025\/10\/17-300x450.jpg 300w, https:\/\/graziamagazine.com\/mx\/wp-content\/uploads\/sites\/13\/2025\/10\/17-143x215.jpg 143w\" sizes=\"(max-width: 346px) 100vw, 346px\" \/><\/div><\/figure><figure class=\"gallery-item\"><div class=\"gallery-icon landscape\"><img loading=\"lazy\" decoding=\"async\" width=\"346\" height=\"526\" src=\"https:\/\/graziamagazine.com\/mx\/wp-content\/uploads\/sites\/13\/2025\/10\/16.jpg\" class=\"lazy\" alt=\"\" srcset=\"https:\/\/graziamagazine.com\/mx\/wp-content\/uploads\/sites\/13\/2025\/10\/16.jpg 346w, https:\/\/graziamagazine.com\/mx\/wp-content\/uploads\/sites\/13\/2025\/10\/16-296x450.jpg 296w, https:\/\/graziamagazine.com\/mx\/wp-content\/uploads\/sites\/13\/2025\/10\/16-141x215.jpg 141w\" sizes=\"(max-width: 346px) 100vw, 346px\" \/><\/div><\/figure><figure class=\"gallery-item\"><div class=\"gallery-icon landscape\"><img loading=\"lazy\" decoding=\"async\" width=\"338\" height=\"521\" src=\"https:\/\/graziamagazine.com\/mx\/wp-content\/uploads\/sites\/13\/2025\/10\/15.jpg\" class=\"lazy\" alt=\"\" srcset=\"https:\/\/graziamagazine.com\/mx\/wp-content\/uploads\/sites\/13\/2025\/10\/15.jpg 338w, https:\/\/graziamagazine.com\/mx\/wp-content\/uploads\/sites\/13\/2025\/10\/15-292x450.jpg 292w, https:\/\/graziamagazine.com\/mx\/wp-content\/uploads\/sites\/13\/2025\/10\/15-139x215.jpg 139w\" sizes=\"(max-width: 338px) 100vw, 338px\" \/><\/div><\/figure><figure class=\"gallery-item\"><div class=\"gallery-icon landscape\"><img loading=\"lazy\" decoding=\"async\" width=\"341\" height=\"513\" src=\"https:\/\/graziamagazine.com\/mx\/wp-content\/uploads\/sites\/13\/2025\/10\/14.jpg\" class=\"lazy\" alt=\"\" srcset=\"https:\/\/graziamagazine.com\/mx\/wp-content\/uploads\/sites\/13\/2025\/10\/14.jpg 341w, https:\/\/graziamagazine.com\/mx\/wp-content\/uploads\/sites\/13\/2025\/10\/14-299x450.jpg 299w, https:\/\/graziamagazine.com\/mx\/wp-content\/uploads\/sites\/13\/2025\/10\/14-143x215.jpg 143w\" sizes=\"(max-width: 341px) 100vw, 341px\" \/><\/div><\/figure><figure class=\"gallery-item\"><div class=\"gallery-icon landscape\"><img loading=\"lazy\" decoding=\"async\" width=\"343\" height=\"522\" src=\"https:\/\/graziamagazine.com\/mx\/wp-content\/uploads\/sites\/13\/2025\/10\/5.jpg\" class=\"lazy\" alt=\"\" srcset=\"https:\/\/graziamagazine.com\/mx\/wp-content\/uploads\/sites\/13\/2025\/10\/5.jpg 343w, https:\/\/graziamagazine.com\/mx\/wp-content\/uploads\/sites\/13\/2025\/10\/5-296x450.jpg 296w, https:\/\/graziamagazine.com\/mx\/wp-content\/uploads\/sites\/13\/2025\/10\/5-141x215.jpg 141w\" sizes=\"(max-width: 343px) 100vw, 343px\" \/><\/div><\/figure><figure class=\"gallery-item\"><div class=\"gallery-icon landscape\"><img loading=\"lazy\" decoding=\"async\" width=\"344\" height=\"521\" src=\"https:\/\/graziamagazine.com\/mx\/wp-content\/uploads\/sites\/13\/2025\/10\/6.jpg\" class=\"lazy\" alt=\"\" srcset=\"https:\/\/graziamagazine.com\/mx\/wp-content\/uploads\/sites\/13\/2025\/10\/6.jpg 344w, https:\/\/graziamagazine.com\/mx\/wp-content\/uploads\/sites\/13\/2025\/10\/6-297x450.jpg 297w, https:\/\/graziamagazine.com\/mx\/wp-content\/uploads\/sites\/13\/2025\/10\/6-142x215.jpg 142w\" sizes=\"(max-width: 344px) 100vw, 344px\" \/><\/div><\/figure><figure class=\"gallery-item\"><div class=\"gallery-icon landscape\"><img loading=\"lazy\" decoding=\"async\" width=\"346\" height=\"522\" src=\"https:\/\/graziamagazine.com\/mx\/wp-content\/uploads\/sites\/13\/2025\/10\/7.jpg\" class=\"lazy\" alt=\"\" srcset=\"https:\/\/graziamagazine.com\/mx\/wp-content\/uploads\/sites\/13\/2025\/10\/7.jpg 346w, https:\/\/graziamagazine.com\/mx\/wp-content\/uploads\/sites\/13\/2025\/10\/7-298x450.jpg 298w, https:\/\/graziamagazine.com\/mx\/wp-content\/uploads\/sites\/13\/2025\/10\/7-143x215.jpg 143w\" sizes=\"(max-width: 346px) 100vw, 346px\" \/><\/div><\/figure><figure class=\"gallery-item\"><div class=\"gallery-icon landscape\"><img loading=\"lazy\" decoding=\"async\" width=\"337\" height=\"522\" src=\"https:\/\/graziamagazine.com\/mx\/wp-content\/uploads\/sites\/13\/2025\/10\/8.jpg\" class=\"lazy\" alt=\"\" srcset=\"https:\/\/graziamagazine.com\/mx\/wp-content\/uploads\/sites\/13\/2025\/10\/8.jpg 337w, https:\/\/graziamagazine.com\/mx\/wp-content\/uploads\/sites\/13\/2025\/10\/8-291x450.jpg 291w, https:\/\/graziamagazine.com\/mx\/wp-content\/uploads\/sites\/13\/2025\/10\/8-139x215.jpg 139w\" sizes=\"(max-width: 337px) 100vw, 337px\" \/><\/div><\/figure><figure class=\"gallery-item\"><div class=\"gallery-icon landscape\"><img loading=\"lazy\" decoding=\"async\" width=\"314\" height=\"512\" src=\"https:\/\/graziamagazine.com\/mx\/wp-content\/uploads\/sites\/13\/2025\/10\/9.jpg\" class=\"lazy\" alt=\"\" srcset=\"https:\/\/graziamagazine.com\/mx\/wp-content\/uploads\/sites\/13\/2025\/10\/9.jpg 314w, https:\/\/graziamagazine.com\/mx\/wp-content\/uploads\/sites\/13\/2025\/10\/9-276x450.jpg 276w, https:\/\/graziamagazine.com\/mx\/wp-content\/uploads\/sites\/13\/2025\/10\/9-132x215.jpg 132w\" sizes=\"(max-width: 314px) 100vw, 314px\" \/><\/div><\/figure><figure class=\"gallery-item\"><div class=\"gallery-icon landscape\"><img loading=\"lazy\" decoding=\"async\" width=\"341\" height=\"516\" src=\"https:\/\/graziamagazine.com\/mx\/wp-content\/uploads\/sites\/13\/2025\/10\/11.jpg\" class=\"lazy\" alt=\"\" srcset=\"https:\/\/graziamagazine.com\/mx\/wp-content\/uploads\/sites\/13\/2025\/10\/11.jpg 341w, https:\/\/graziamagazine.com\/mx\/wp-content\/uploads\/sites\/13\/2025\/10\/11-297x450.jpg 297w, https:\/\/graziamagazine.com\/mx\/wp-content\/uploads\/sites\/13\/2025\/10\/11-142x215.jpg 142w\" sizes=\"(max-width: 341px) 100vw, 341px\" \/><\/div><\/figure><figure class=\"gallery-item\"><div class=\"gallery-icon landscape\"><img loading=\"lazy\" decoding=\"async\" width=\"337\" height=\"517\" src=\"https:\/\/graziamagazine.com\/mx\/wp-content\/uploads\/sites\/13\/2025\/10\/12.jpg\" class=\"lazy\" alt=\"\" srcset=\"https:\/\/graziamagazine.com\/mx\/wp-content\/uploads\/sites\/13\/2025\/10\/12.jpg 337w, https:\/\/graziamagazine.com\/mx\/wp-content\/uploads\/sites\/13\/2025\/10\/12-293x450.jpg 293w, https:\/\/graziamagazine.com\/mx\/wp-content\/uploads\/sites\/13\/2025\/10\/12-140x215.jpg 140w\" sizes=\"(max-width: 337px) 100vw, 337px\" \/><\/div><\/figure><figure class=\"gallery-item\"><div class=\"gallery-icon landscape\"><img loading=\"lazy\" decoding=\"async\" width=\"307\" height=\"517\" src=\"https:\/\/graziamagazine.com\/mx\/wp-content\/uploads\/sites\/13\/2025\/10\/13.jpg\" class=\"lazy\" alt=\"\" srcset=\"https:\/\/graziamagazine.com\/mx\/wp-content\/uploads\/sites\/13\/2025\/10\/13.jpg 307w, https:\/\/graziamagazine.com\/mx\/wp-content\/uploads\/sites\/13\/2025\/10\/13-267x450.jpg 267w, https:\/\/graziamagazine.com\/mx\/wp-content\/uploads\/sites\/13\/2025\/10\/13-128x215.jpg 128w\" sizes=\"(max-width: 307px) 100vw, 307px\" \/><\/div><\/figure><figure class=\"gallery-item\"><div class=\"gallery-icon landscape\"><img loading=\"lazy\" decoding=\"async\" width=\"347\" height=\"523\" src=\"https:\/\/graziamagazine.com\/mx\/wp-content\/uploads\/sites\/13\/2025\/10\/4.jpg\" class=\"lazy\" alt=\"\" srcset=\"https:\/\/graziamagazine.com\/mx\/wp-content\/uploads\/sites\/13\/2025\/10\/4.jpg 347w, https:\/\/graziamagazine.com\/mx\/wp-content\/uploads\/sites\/13\/2025\/10\/4-299x450.jpg 299w, https:\/\/graziamagazine.com\/mx\/wp-content\/uploads\/sites\/13\/2025\/10\/4-143x215.jpg 143w\" sizes=\"(max-width: 347px) 100vw, 347px\" \/><\/div><\/figure><figure class=\"gallery-item\"><div class=\"gallery-icon landscape\"><img loading=\"lazy\" decoding=\"async\" width=\"346\" height=\"521\" src=\"https:\/\/graziamagazine.com\/mx\/wp-content\/uploads\/sites\/13\/2025\/10\/3.jpg\" class=\"lazy\" alt=\"\" srcset=\"https:\/\/graziamagazine.com\/mx\/wp-content\/uploads\/sites\/13\/2025\/10\/3.jpg 346w, https:\/\/graziamagazine.com\/mx\/wp-content\/uploads\/sites\/13\/2025\/10\/3-299x450.jpg 299w, https:\/\/graziamagazine.com\/mx\/wp-content\/uploads\/sites\/13\/2025\/10\/3-143x215.jpg 143w\" sizes=\"(max-width: 346px) 100vw, 346px\" \/><\/div><\/figure><figure class=\"gallery-item\"><div class=\"gallery-icon landscape\"><img loading=\"lazy\" decoding=\"async\" width=\"335\" height=\"520\" src=\"https:\/\/graziamagazine.com\/mx\/wp-content\/uploads\/sites\/13\/2025\/10\/1.jpg\" class=\"lazy\" alt=\"\" srcset=\"https:\/\/graziamagazine.com\/mx\/wp-content\/uploads\/sites\/13\/2025\/10\/1.jpg 335w, https:\/\/graziamagazine.com\/mx\/wp-content\/uploads\/sites\/13\/2025\/10\/1-290x450.jpg 290w, https:\/\/graziamagazine.com\/mx\/wp-content\/uploads\/sites\/13\/2025\/10\/1-139x215.jpg 139w\" sizes=\"(max-width: 335px) 100vw, 335px\" \/><\/div><\/figure><\/div><\/div>\n","protected":false},"author":11628,"featured_media":157961,"template":"","format":"standard","categories":[],"acf":[],"yoast_head":"<!-- This site is optimized with the Yoast SEO Premium plugin v18.5 (Yoast SEO v20.4) - https:\/\/yoast.com\/wordpress\/plugins\/seo\/ -->\n<title>Enfants Riches D\u00e9prim\u00e9s militariza Par\u00eds con la colecci\u00f3n Primavera 2026<\/title>\n<meta name=\"description\" content=\"El estilo militar se fusion\u00f3 con el Par\u00eds m\u00e1s bohemio en la colecci\u00f3n Ready-to-wear Primavera 2026 de Enfants Riches D\u00e9prim\u00e9s. El dise\u00f1ador Henri\" \/>\n<meta name=\"robots\" content=\"index, follow, max-snippet:-1, max-image-preview:large, max-video-preview:-1\" \/>\n<link rel=\"canonical\" href=\"https:\/\/graziamagazine.com\/mx\/articles\/enfants-riches-deprimes-militariza-paris-con-la-coleccion-primavera-2026\/\" \/>\n<meta property=\"og:locale\" content=\"es_MX\" \/>\n<meta property=\"og:type\" content=\"article\" \/>\n<meta property=\"og:title\" content=\"Enfants Riches D\u00e9prim\u00e9s militariza Par\u00eds con la colecci\u00f3n Primavera 2026\" \/>\n<meta property=\"og:description\" content=\"El estilo militar se fusion\u00f3 con el Par\u00eds m\u00e1s bohemio en la colecci\u00f3n Ready-to-wear Primavera 2026 de Enfants Riches D\u00e9prim\u00e9s. El dise\u00f1ador Henri\" \/>\n<meta property=\"og:url\" content=\"https:\/\/graziamagazine.com\/mx\/articles\/enfants-riches-deprimes-militariza-paris-con-la-coleccion-primavera-2026\/\" \/>\n<meta property=\"og:site_name\" content=\"Grazia M\u00e9xico y Latinoam\u00e9rica\" \/>\n<meta property=\"article:modified_time\" content=\"2025-10-02T21:22:44+00:00\" \/>\n<meta property=\"og:image\" content=\"https:\/\/graziamagazine.com\/mx\/wp-content\/uploads\/sites\/13\/2025\/10\/66.jpg\" \/>\n\t<meta property=\"og:image:width\" content=\"344\" \/>\n\t<meta property=\"og:image:height\" content=\"239\" \/>\n\t<meta property=\"og:image:type\" content=\"image\/jpeg\" \/>\n<meta name=\"twitter:card\" content=\"summary_large_image\" \/>\n<meta name=\"twitter:label1\" content=\"Est. reading time\" \/>\n\t<meta name=\"twitter:data1\" content=\"1 minuto\" \/>\n<script type=\"application\/ld+json\" class=\"yoast-schema-graph\">{\"@context\":\"https:\/\/schema.org\",\"@graph\":[{\"@type\":\"WebPage\",\"@id\":\"https:\/\/graziamagazine.com\/mx\/articles\/enfants-riches-deprimes-militariza-paris-con-la-coleccion-primavera-2026\/\",\"url\":\"https:\/\/graziamagazine.com\/mx\/articles\/enfants-riches-deprimes-militariza-paris-con-la-coleccion-primavera-2026\/\",\"name\":\"Enfants Riches D\u00e9prim\u00e9s militariza Par\u00eds con la colecci\u00f3n Primavera 2026\",\"isPartOf\":{\"@id\":\"https:\/\/graziamagazine.com\/mx\/#website\"},\"datePublished\":\"2025-10-02T21:17:32+00:00\",\"dateModified\":\"2025-10-02T21:22:44+00:00\",\"description\":\"El estilo militar se fusion\u00f3 con el Par\u00eds m\u00e1s bohemio en la colecci\u00f3n Ready-to-wear Primavera 2026 de Enfants Riches D\u00e9prim\u00e9s. El dise\u00f1ador Henri\",\"breadcrumb\":{\"@id\":\"https:\/\/graziamagazine.com\/mx\/articles\/enfants-riches-deprimes-militariza-paris-con-la-coleccion-primavera-2026\/#breadcrumb\"},\"inLanguage\":\"es-MX\",\"potentialAction\":[{\"@type\":\"ReadAction\",\"target\":[\"https:\/\/graziamagazine.com\/mx\/articles\/enfants-riches-deprimes-militariza-paris-con-la-coleccion-primavera-2026\/\"]}]},{\"@type\":\"BreadcrumbList\",\"@id\":\"https:\/\/graziamagazine.com\/mx\/articles\/enfants-riches-deprimes-militariza-paris-con-la-coleccion-primavera-2026\/#breadcrumb\",\"itemListElement\":[{\"@type\":\"ListItem\",\"position\":1,\"name\":\"Home\",\"item\":\"https:\/\/graziamagazine.com\/mx\/\"},{\"@type\":\"ListItem\",\"position\":2,\"name\":\"Enfants Riches D\u00e9prim\u00e9s militariza Par\u00eds con la colecci\u00f3n Primavera 2026\"}]},{\"@type\":\"WebSite\",\"@id\":\"https:\/\/graziamagazine.com\/mx\/#website\",\"url\":\"https:\/\/graziamagazine.com\/mx\/\",\"name\":\"Grazia M\u00e9xico y Latinoam\u00e9rica\",\"description\":\"Grazia es moda, belleza y noticias  de actualidad \",\"potentialAction\":[{\"@type\":\"SearchAction\",\"target\":{\"@type\":\"EntryPoint\",\"urlTemplate\":\"https:\/\/graziamagazine.com\/mx\/?s={search_term_string}\"},\"query-input\":\"required name=search_term_string\"}],\"inLanguage\":\"es-MX\"}]}<\/script>\n<!-- \/ Yoast SEO Premium plugin. -->","yoast_head_json":{"title":"Enfants Riches D\u00e9prim\u00e9s militariza Par\u00eds con la colecci\u00f3n Primavera 2026","description":"El estilo militar se fusion\u00f3 con el Par\u00eds m\u00e1s bohemio en la colecci\u00f3n Ready-to-wear Primavera 2026 de Enfants Riches D\u00e9prim\u00e9s. El dise\u00f1ador Henri","robots":{"index":"index","follow":"follow","max-snippet":"max-snippet:-1","max-image-preview":"max-image-preview:large","max-video-preview":"max-video-preview:-1"},"canonical":"https:\/\/graziamagazine.com\/mx\/articles\/enfants-riches-deprimes-militariza-paris-con-la-coleccion-primavera-2026\/","og_locale":"es_MX","og_type":"article","og_title":"Enfants Riches D\u00e9prim\u00e9s militariza Par\u00eds con la colecci\u00f3n Primavera 2026","og_description":"El estilo militar se fusion\u00f3 con el Par\u00eds m\u00e1s bohemio en la colecci\u00f3n Ready-to-wear Primavera 2026 de Enfants Riches D\u00e9prim\u00e9s. El dise\u00f1ador Henri","og_url":"https:\/\/graziamagazine.com\/mx\/articles\/enfants-riches-deprimes-militariza-paris-con-la-coleccion-primavera-2026\/","og_site_name":"Grazia M\u00e9xico y Latinoam\u00e9rica","article_modified_time":"2025-10-02T21:22:44+00:00","og_image":[{"width":344,"height":239,"url":"https:\/\/graziamagazine.com\/mx\/wp-content\/uploads\/sites\/13\/2025\/10\/66.jpg","type":"image\/jpeg"}],"twitter_card":"summary_large_image","twitter_misc":{"Est. reading time":"1 minuto"},"schema":{"@context":"https:\/\/schema.org","@graph":[{"@type":"WebPage","@id":"https:\/\/graziamagazine.com\/mx\/articles\/enfants-riches-deprimes-militariza-paris-con-la-coleccion-primavera-2026\/","url":"https:\/\/graziamagazine.com\/mx\/articles\/enfants-riches-deprimes-militariza-paris-con-la-coleccion-primavera-2026\/","name":"Enfants Riches D\u00e9prim\u00e9s militariza Par\u00eds con la colecci\u00f3n Primavera 2026","isPartOf":{"@id":"https:\/\/graziamagazine.com\/mx\/#website"},"datePublished":"2025-10-02T21:17:32+00:00","dateModified":"2025-10-02T21:22:44+00:00","description":"El estilo militar se fusion\u00f3 con el Par\u00eds m\u00e1s bohemio en la colecci\u00f3n Ready-to-wear Primavera 2026 de Enfants Riches D\u00e9prim\u00e9s. El dise\u00f1ador Henri","breadcrumb":{"@id":"https:\/\/graziamagazine.com\/mx\/articles\/enfants-riches-deprimes-militariza-paris-con-la-coleccion-primavera-2026\/#breadcrumb"},"inLanguage":"es-MX","potentialAction":[{"@type":"ReadAction","target":["https:\/\/graziamagazine.com\/mx\/articles\/enfants-riches-deprimes-militariza-paris-con-la-coleccion-primavera-2026\/"]}]},{"@type":"BreadcrumbList","@id":"https:\/\/graziamagazine.com\/mx\/articles\/enfants-riches-deprimes-militariza-paris-con-la-coleccion-primavera-2026\/#breadcrumb","itemListElement":[{"@type":"ListItem","position":1,"name":"Home","item":"https:\/\/graziamagazine.com\/mx\/"},{"@type":"ListItem","position":2,"name":"Enfants Riches D\u00e9prim\u00e9s militariza Par\u00eds con la colecci\u00f3n Primavera 2026"}]},{"@type":"WebSite","@id":"https:\/\/graziamagazine.com\/mx\/#website","url":"https:\/\/graziamagazine.com\/mx\/","name":"Grazia M\u00e9xico y Latinoam\u00e9rica","description":"Grazia es moda, belleza y noticias  de actualidad ","potentialAction":[{"@type":"SearchAction","target":{"@type":"EntryPoint","urlTemplate":"https:\/\/graziamagazine.com\/mx\/?s={search_term_string}"},"query-input":"required name=search_term_string"}],"inLanguage":"es-MX"}]}},"jetpack_sharing_enabled":true,"distributor_meta":false,"distributor_terms":false,"distributor_media":false,"distributor_original_site_name":"Grazia M\u00e9xico y Latinoam\u00e9rica","distributor_original_site_url":"https:\/\/graziamagazine.com\/mx","push-errors":false,"_links":{"self":[{"href":"https:\/\/graziamagazine.com\/mx\/wp-json\/wp\/v2\/articles\/157939"}],"collection":[{"href":"https:\/\/graziamagazine.com\/mx\/wp-json\/wp\/v2\/articles"}],"about":[{"href":"https:\/\/graziamagazine.com\/mx\/wp-json\/wp\/v2\/types\/articles"}],"author":[{"embeddable":true,"href":"https:\/\/graziamagazine.com\/mx\/wp-json\/wp\/v2\/users\/11628"}],"wp:featuredmedia":[{"embeddable":true,"href":"https:\/\/graziamagazine.com\/mx\/wp-json\/wp\/v2\/media\/157961"}],"wp:attachment":[{"href":"https:\/\/graziamagazine.com\/mx\/wp-json\/wp\/v2\/media?parent=157939"}],"wp:term":[{"taxonomy":"category","embeddable":true,"href":"https:\/\/graziamagazine.com\/mx\/wp-json\/wp\/v2\/categories?post=157939"}],"curies":[{"name":"wp","href":"https:\/\/api.w.org\/{rel}","templated":true}]}}