{"id":157898,"date":"2025-10-02T10:41:31","date_gmt":"2025-10-02T15:41:31","guid":{"rendered":"https:\/\/graziamagazine.com\/mx\/?post_type=articles&#038;p=157898"},"modified":"2025-10-02T12:07:16","modified_gmt":"2025-10-02T17:07:16","slug":"el-regreso-del-eyeshadow-audaz-este-otono","status":"publish","type":"articles","link":"https:\/\/graziamagazine.com\/mx\/articles\/el-regreso-del-eyeshadow-audaz-este-otono\/","title":{"rendered":"El regreso del eyeshadow audaz este oto\u00f1o"},"content":{"rendered":"<p data-start=\"438\" data-end=\"850\">\u00bfPuede una sombra de ojos convertirse en la pieza clave de un look? Esta temporada la respuesta es s\u00ed. El <strong data-start=\"584\" data-end=\"603\">eyeshadow audaz<\/strong> regresa con m\u00e1s fuerza que nunca, reclamando su lugar como tendencia estrella del oto\u00f1o. Desde pasarelas internacionales hasta editoriales de belleza, los colores intensos y los delineados creativos est\u00e1n redefiniendo c\u00f3mo entendemos la mirada.<\/p>\n<p data-start=\"852\" data-end=\"1130\">El fen\u00f3meno no es nuevo, pero su retorno adquiere un significado especial. Ya no se trata solo de aplicar un pigmento llamativo, sino de crear un lenguaje visual que hable de identidad, confianza y autoexpresi\u00f3n. \u00bfTe atrever\u00edas a convertir tus p\u00e1rpados en un lienzo art\u00edstico?<\/p>\n<h3 data-start=\"1132\" data-end=\"1170\">Colores que dominan la temporada<\/h3>\n<figure id=\"attachment_157899\" aria-describedby=\"caption-attachment-157899\" style=\"width: 500px\" class=\"wp-caption alignnone\"><img loading=\"lazy\" decoding=\"async\" class=\"wp-image-157899\" src=\"https:\/\/graziamagazine.com\/mx\/wp-content\/uploads\/sites\/13\/2025\/10\/2a6a6a4f5a532f73e4b4dde36105475f.jpg\" alt=\"El regreso del eyeshadow audaz este oto\u00f1o\" width=\"500\" height=\"500\" srcset=\"https:\/\/graziamagazine.com\/mx\/wp-content\/uploads\/sites\/13\/2025\/10\/2a6a6a4f5a532f73e4b4dde36105475f.jpg 736w, https:\/\/graziamagazine.com\/mx\/wp-content\/uploads\/sites\/13\/2025\/10\/2a6a6a4f5a532f73e4b4dde36105475f-450x450.jpg 450w, https:\/\/graziamagazine.com\/mx\/wp-content\/uploads\/sites\/13\/2025\/10\/2a6a6a4f5a532f73e4b4dde36105475f-150x150.jpg 150w, https:\/\/graziamagazine.com\/mx\/wp-content\/uploads\/sites\/13\/2025\/10\/2a6a6a4f5a532f73e4b4dde36105475f-400x400.jpg 400w, https:\/\/graziamagazine.com\/mx\/wp-content\/uploads\/sites\/13\/2025\/10\/2a6a6a4f5a532f73e4b4dde36105475f-155x155.jpg 155w\" sizes=\"(max-width: 500px) 100vw, 500px\" \/><figcaption id=\"caption-attachment-157899\" class=\"wp-caption-text\">El regreso del eyeshadow audaz este oto\u00f1o<\/figcaption><\/figure>\n<p data-start=\"1171\" data-end=\"1453\">El azul el\u00e9ctrico, el verde esmeralda y el violeta profundo marcan pauta. Estos tonos funcionan tanto en un smokey eye dram\u00e1tico como en trazos sutiles que aportan frescura. El truco est\u00e1 en el contraste: sombras met\u00e1licas combinadas con piel natural generan un impacto inmediato.<\/p>\n<h3 data-start=\"1455\" data-end=\"1497\">Delineados gr\u00e1ficos y experimentales<img loading=\"lazy\" decoding=\"async\" class=\"alignnone wp-image-157902\" src=\"https:\/\/graziamagazine.com\/mx\/wp-content\/uploads\/sites\/13\/2025\/10\/047412621b591e6137fd2650e7deed5c-723x1024.jpg\" alt=\"\" width=\"500\" height=\"708\" srcset=\"https:\/\/graziamagazine.com\/mx\/wp-content\/uploads\/sites\/13\/2025\/10\/047412621b591e6137fd2650e7deed5c-723x1024.jpg 723w, https:\/\/graziamagazine.com\/mx\/wp-content\/uploads\/sites\/13\/2025\/10\/047412621b591e6137fd2650e7deed5c-318x450.jpg 318w, https:\/\/graziamagazine.com\/mx\/wp-content\/uploads\/sites\/13\/2025\/10\/047412621b591e6137fd2650e7deed5c-768x1088.jpg 768w, https:\/\/graziamagazine.com\/mx\/wp-content\/uploads\/sites\/13\/2025\/10\/047412621b591e6137fd2650e7deed5c-400x567.jpg 400w, https:\/\/graziamagazine.com\/mx\/wp-content\/uploads\/sites\/13\/2025\/10\/047412621b591e6137fd2650e7deed5c-152x215.jpg 152w, https:\/\/graziamagazine.com\/mx\/wp-content\/uploads\/sites\/13\/2025\/10\/047412621b591e6137fd2650e7deed5c.jpg 847w\" sizes=\"(max-width: 500px) 100vw, 500px\" \/><\/h3>\n<p data-start=\"1498\" data-end=\"1794\">No hay oto\u00f1o sin eyeliner, pero en 2025 la regla es romper esquemas. Se llevan los trazos geom\u00e9tricos, dobles delineados flotantes y l\u00edneas que juegan con formas inesperadas. Es una invitaci\u00f3n a probar, equivocarse y redibujar, porque la tendencia celebra la imperfecci\u00f3n como parte del estilo.<\/p>\n<h3 data-start=\"1796\" data-end=\"1828\">Inspiraci\u00f3n en la pasarela<img loading=\"lazy\" decoding=\"async\" class=\"alignnone wp-image-157903\" src=\"https:\/\/graziamagazine.com\/mx\/wp-content\/uploads\/sites\/13\/2025\/10\/Captura-de-Pantalla-2025-10-02-a-las-10.58.09-826x1024.png\" alt=\"\" width=\"500\" height=\"620\" srcset=\"https:\/\/graziamagazine.com\/mx\/wp-content\/uploads\/sites\/13\/2025\/10\/Captura-de-Pantalla-2025-10-02-a-las-10.58.09-826x1024.png 826w, https:\/\/graziamagazine.com\/mx\/wp-content\/uploads\/sites\/13\/2025\/10\/Captura-de-Pantalla-2025-10-02-a-las-10.58.09-363x450.png 363w, https:\/\/graziamagazine.com\/mx\/wp-content\/uploads\/sites\/13\/2025\/10\/Captura-de-Pantalla-2025-10-02-a-las-10.58.09-768x952.png 768w, https:\/\/graziamagazine.com\/mx\/wp-content\/uploads\/sites\/13\/2025\/10\/Captura-de-Pantalla-2025-10-02-a-las-10.58.09-400x496.png 400w, https:\/\/graziamagazine.com\/mx\/wp-content\/uploads\/sites\/13\/2025\/10\/Captura-de-Pantalla-2025-10-02-a-las-10.58.09-155x192.png 155w, https:\/\/graziamagazine.com\/mx\/wp-content\/uploads\/sites\/13\/2025\/10\/Captura-de-Pantalla-2025-10-02-a-las-10.58.09.png 908w\" sizes=\"(max-width: 500px) 100vw, 500px\" \/><\/h3>\n<p data-start=\"1829\" data-end=\"2089\">Firmas como Dior, Versace y Prada apostaron por miradas intensas en sus colecciones, demostrando que un maquillaje audaz puede convivir con prendas minimalistas. \u00bfEl resultado? Un contraste magn\u00e9tico donde los ojos se convierten en la pieza central del look.<\/p>\n<h3 data-start=\"2091\" data-end=\"2126\">C\u00f3mo llevarlo en la vida real<\/h3>\n<figure id=\"attachment_157906\" aria-describedby=\"caption-attachment-157906\" style=\"width: 500px\" class=\"wp-caption alignnone\"><img loading=\"lazy\" decoding=\"async\" class=\"wp-image-157906\" src=\"https:\/\/graziamagazine.com\/mx\/wp-content\/uploads\/sites\/13\/2025\/10\/3772a889a9235dcf11bd041cbeb5f0cb-683x1024.jpg\" alt=\"El regreso del eyeshadow audaz este oto\u00f1o\" width=\"500\" height=\"749\" srcset=\"https:\/\/graziamagazine.com\/mx\/wp-content\/uploads\/sites\/13\/2025\/10\/3772a889a9235dcf11bd041cbeb5f0cb-683x1024.jpg 683w, https:\/\/graziamagazine.com\/mx\/wp-content\/uploads\/sites\/13\/2025\/10\/3772a889a9235dcf11bd041cbeb5f0cb-300x450.jpg 300w, https:\/\/graziamagazine.com\/mx\/wp-content\/uploads\/sites\/13\/2025\/10\/3772a889a9235dcf11bd041cbeb5f0cb-768x1151.jpg 768w, https:\/\/graziamagazine.com\/mx\/wp-content\/uploads\/sites\/13\/2025\/10\/3772a889a9235dcf11bd041cbeb5f0cb-1025x1536.jpg 1025w, https:\/\/graziamagazine.com\/mx\/wp-content\/uploads\/sites\/13\/2025\/10\/3772a889a9235dcf11bd041cbeb5f0cb-400x599.jpg 400w, https:\/\/graziamagazine.com\/mx\/wp-content\/uploads\/sites\/13\/2025\/10\/3772a889a9235dcf11bd041cbeb5f0cb-143x215.jpg 143w, https:\/\/graziamagazine.com\/mx\/wp-content\/uploads\/sites\/13\/2025\/10\/3772a889a9235dcf11bd041cbeb5f0cb.jpg 1160w\" sizes=\"(max-width: 500px) 100vw, 500px\" \/><figcaption id=\"caption-attachment-157906\" class=\"wp-caption-text\">El regreso del eyeshadow audaz este oto\u00f1o<\/figcaption><\/figure>\n<p data-start=\"2127\" data-end=\"2438\">Aunque el runway pueda parecer lejano, adaptar esta tendencia es m\u00e1s sencillo de lo que parece. Un delineado en tonos joya, un toque de sombra met\u00e1lica o un mix de colores inesperados pueden transformar un outfit cotidiano. El secreto est\u00e1 en equilibrar la intensidad del ojo con labios neutros y piel fresca.<\/p>\n<p data-start=\"2440\" data-end=\"2708\">Este regreso del <strong data-start=\"2457\" data-end=\"2476\">eyeshadow audaz<\/strong> no solo es est\u00e9tico, tambi\u00e9n es emocional. Habla de autenticidad, de jugar con la moda y de atreverse a mirar al mundo con nuevos colores. As\u00ed que, frente al espejo, la pregunta es simple: \u00bfest\u00e1s lista para transformar tu mirada?<\/p>\n<p data-start=\"2440\" data-end=\"2708\"><em><strong>*IMAGEN: Google Images<\/strong><\/em><\/p>\n","protected":false},"author":28953,"featured_media":157905,"template":"","format":"standard","categories":[3,4],"acf":[],"yoast_head":"<!-- This site is optimized with the Yoast SEO Premium plugin v18.5 (Yoast SEO v20.4) - https:\/\/yoast.com\/wordpress\/plugins\/seo\/ -->\n<title>El regreso del eyeshadow audaz este oto\u00f1o<\/title>\n<meta name=\"description\" content=\"Las pasarelas confirman que las sombras vibrantes y delineados gr\u00e1ficos se consolidan como protagonistas, transformando la mirada en el accesorio esencial.\" \/>\n<meta name=\"robots\" content=\"index, follow, max-snippet:-1, max-image-preview:large, max-video-preview:-1\" \/>\n<link rel=\"canonical\" href=\"https:\/\/graziamagazine.com\/mx\/articles\/el-regreso-del-eyeshadow-audaz-este-otono\/\" \/>\n<meta property=\"og:locale\" content=\"es_MX\" \/>\n<meta property=\"og:type\" content=\"article\" \/>\n<meta property=\"og:title\" content=\"El regreso del eyeshadow audaz este oto\u00f1o\" \/>\n<meta property=\"og:description\" content=\"Las pasarelas confirman que las sombras vibrantes y delineados gr\u00e1ficos se consolidan como protagonistas, transformando la mirada en el accesorio esencial.\" \/>\n<meta property=\"og:url\" content=\"https:\/\/graziamagazine.com\/mx\/articles\/el-regreso-del-eyeshadow-audaz-este-otono\/\" \/>\n<meta property=\"og:site_name\" content=\"Grazia M\u00e9xico y Latinoam\u00e9rica\" \/>\n<meta property=\"article:modified_time\" content=\"2025-10-02T17:07:16+00:00\" \/>\n<meta property=\"og:image\" content=\"https:\/\/graziamagazine.com\/mx\/wp-content\/uploads\/sites\/13\/2025\/10\/Captura-de-Pantalla-2025-10-02-a-las-11.04.53.png\" \/>\n\t<meta property=\"og:image:width\" content=\"1174\" \/>\n\t<meta property=\"og:image:height\" content=\"784\" \/>\n\t<meta property=\"og:image:type\" content=\"image\/png\" \/>\n<meta name=\"twitter:card\" content=\"summary_large_image\" \/>\n<meta name=\"twitter:label1\" content=\"Est. reading time\" \/>\n\t<meta name=\"twitter:data1\" content=\"3 minutos\" \/>\n<script type=\"application\/ld+json\" class=\"yoast-schema-graph\">{\"@context\":\"https:\/\/schema.org\",\"@graph\":[{\"@type\":\"WebPage\",\"@id\":\"https:\/\/graziamagazine.com\/mx\/articles\/el-regreso-del-eyeshadow-audaz-este-otono\/\",\"url\":\"https:\/\/graziamagazine.com\/mx\/articles\/el-regreso-del-eyeshadow-audaz-este-otono\/\",\"name\":\"El regreso del eyeshadow audaz este oto\u00f1o\",\"isPartOf\":{\"@id\":\"https:\/\/graziamagazine.com\/mx\/#website\"},\"datePublished\":\"2025-10-02T15:41:31+00:00\",\"dateModified\":\"2025-10-02T17:07:16+00:00\",\"description\":\"Las pasarelas confirman que las sombras vibrantes y delineados gr\u00e1ficos se consolidan como protagonistas, transformando la mirada en el accesorio esencial.\",\"breadcrumb\":{\"@id\":\"https:\/\/graziamagazine.com\/mx\/articles\/el-regreso-del-eyeshadow-audaz-este-otono\/#breadcrumb\"},\"inLanguage\":\"es-MX\",\"potentialAction\":[{\"@type\":\"ReadAction\",\"target\":[\"https:\/\/graziamagazine.com\/mx\/articles\/el-regreso-del-eyeshadow-audaz-este-otono\/\"]}]},{\"@type\":\"BreadcrumbList\",\"@id\":\"https:\/\/graziamagazine.com\/mx\/articles\/el-regreso-del-eyeshadow-audaz-este-otono\/#breadcrumb\",\"itemListElement\":[{\"@type\":\"ListItem\",\"position\":1,\"name\":\"Home\",\"item\":\"https:\/\/graziamagazine.com\/mx\/\"},{\"@type\":\"ListItem\",\"position\":2,\"name\":\"El regreso del eyeshadow audaz este oto\u00f1o\"}]},{\"@type\":\"WebSite\",\"@id\":\"https:\/\/graziamagazine.com\/mx\/#website\",\"url\":\"https:\/\/graziamagazine.com\/mx\/\",\"name\":\"Grazia M\u00e9xico y Latinoam\u00e9rica\",\"description\":\"Grazia es moda, belleza y noticias  de actualidad \",\"potentialAction\":[{\"@type\":\"SearchAction\",\"target\":{\"@type\":\"EntryPoint\",\"urlTemplate\":\"https:\/\/graziamagazine.com\/mx\/?s={search_term_string}\"},\"query-input\":\"required name=search_term_string\"}],\"inLanguage\":\"es-MX\"}]}<\/script>\n<!-- \/ Yoast SEO Premium plugin. -->","yoast_head_json":{"title":"El regreso del eyeshadow audaz este oto\u00f1o","description":"Las pasarelas confirman que las sombras vibrantes y delineados gr\u00e1ficos se consolidan como protagonistas, transformando la mirada en el accesorio esencial.","robots":{"index":"index","follow":"follow","max-snippet":"max-snippet:-1","max-image-preview":"max-image-preview:large","max-video-preview":"max-video-preview:-1"},"canonical":"https:\/\/graziamagazine.com\/mx\/articles\/el-regreso-del-eyeshadow-audaz-este-otono\/","og_locale":"es_MX","og_type":"article","og_title":"El regreso del eyeshadow audaz este oto\u00f1o","og_description":"Las pasarelas confirman que las sombras vibrantes y delineados gr\u00e1ficos se consolidan como protagonistas, transformando la mirada en el accesorio esencial.","og_url":"https:\/\/graziamagazine.com\/mx\/articles\/el-regreso-del-eyeshadow-audaz-este-otono\/","og_site_name":"Grazia M\u00e9xico y Latinoam\u00e9rica","article_modified_time":"2025-10-02T17:07:16+00:00","og_image":[{"width":1174,"height":784,"url":"https:\/\/graziamagazine.com\/mx\/wp-content\/uploads\/sites\/13\/2025\/10\/Captura-de-Pantalla-2025-10-02-a-las-11.04.53.png","type":"image\/png"}],"twitter_card":"summary_large_image","twitter_misc":{"Est. reading time":"3 minutos"},"schema":{"@context":"https:\/\/schema.org","@graph":[{"@type":"WebPage","@id":"https:\/\/graziamagazine.com\/mx\/articles\/el-regreso-del-eyeshadow-audaz-este-otono\/","url":"https:\/\/graziamagazine.com\/mx\/articles\/el-regreso-del-eyeshadow-audaz-este-otono\/","name":"El regreso del eyeshadow audaz este oto\u00f1o","isPartOf":{"@id":"https:\/\/graziamagazine.com\/mx\/#website"},"datePublished":"2025-10-02T15:41:31+00:00","dateModified":"2025-10-02T17:07:16+00:00","description":"Las pasarelas confirman que las sombras vibrantes y delineados gr\u00e1ficos se consolidan como protagonistas, transformando la mirada en el accesorio esencial.","breadcrumb":{"@id":"https:\/\/graziamagazine.com\/mx\/articles\/el-regreso-del-eyeshadow-audaz-este-otono\/#breadcrumb"},"inLanguage":"es-MX","potentialAction":[{"@type":"ReadAction","target":["https:\/\/graziamagazine.com\/mx\/articles\/el-regreso-del-eyeshadow-audaz-este-otono\/"]}]},{"@type":"BreadcrumbList","@id":"https:\/\/graziamagazine.com\/mx\/articles\/el-regreso-del-eyeshadow-audaz-este-otono\/#breadcrumb","itemListElement":[{"@type":"ListItem","position":1,"name":"Home","item":"https:\/\/graziamagazine.com\/mx\/"},{"@type":"ListItem","position":2,"name":"El regreso del eyeshadow audaz este oto\u00f1o"}]},{"@type":"WebSite","@id":"https:\/\/graziamagazine.com\/mx\/#website","url":"https:\/\/graziamagazine.com\/mx\/","name":"Grazia M\u00e9xico y Latinoam\u00e9rica","description":"Grazia es moda, belleza y noticias  de actualidad ","potentialAction":[{"@type":"SearchAction","target":{"@type":"EntryPoint","urlTemplate":"https:\/\/graziamagazine.com\/mx\/?s={search_term_string}"},"query-input":"required name=search_term_string"}],"inLanguage":"es-MX"}]}},"jetpack_sharing_enabled":true,"distributor_meta":false,"distributor_terms":false,"distributor_media":false,"distributor_original_site_name":"Grazia M\u00e9xico y Latinoam\u00e9rica","distributor_original_site_url":"https:\/\/graziamagazine.com\/mx","push-errors":false,"_links":{"self":[{"href":"https:\/\/graziamagazine.com\/mx\/wp-json\/wp\/v2\/articles\/157898"}],"collection":[{"href":"https:\/\/graziamagazine.com\/mx\/wp-json\/wp\/v2\/articles"}],"about":[{"href":"https:\/\/graziamagazine.com\/mx\/wp-json\/wp\/v2\/types\/articles"}],"author":[{"embeddable":true,"href":"https:\/\/graziamagazine.com\/mx\/wp-json\/wp\/v2\/users\/28953"}],"wp:featuredmedia":[{"embeddable":true,"href":"https:\/\/graziamagazine.com\/mx\/wp-json\/wp\/v2\/media\/157905"}],"wp:attachment":[{"href":"https:\/\/graziamagazine.com\/mx\/wp-json\/wp\/v2\/media?parent=157898"}],"wp:term":[{"taxonomy":"category","embeddable":true,"href":"https:\/\/graziamagazine.com\/mx\/wp-json\/wp\/v2\/categories?post=157898"}],"curies":[{"name":"wp","href":"https:\/\/api.w.org\/{rel}","templated":true}]}}