{"id":157650,"date":"2025-09-30T18:08:36","date_gmt":"2025-09-30T23:08:36","guid":{"rendered":"https:\/\/graziamagazine.com\/mx\/?post_type=articles&#038;p=157650"},"modified":"2025-09-30T18:09:33","modified_gmt":"2025-09-30T23:09:33","slug":"grasa-de-vaca-para-la-piel-si-o-no","status":"publish","type":"articles","link":"https:\/\/graziamagazine.com\/mx\/articles\/grasa-de-vaca-para-la-piel-si-o-no\/","title":{"rendered":"Grasa de vaca para la piel, \u00bfs\u00ed o no?"},"content":{"rendered":"<p><span style=\"font-weight: 400\">Pocas tendencias provocan tanto debate como aquella que recurre a ingredientes \u201cde la tierra\u201d o \u201cde anta\u00f1o\u201d. Actualmente, una de las tendencias m\u00e1s pol\u00e9micas es el uso del \u2018beef tallow\u2019, es decir, grasa de res refinada, como tratamiento t\u00f3pico para la piel. Pero, \u00bfrealmente ayuda a que la piel est\u00e9 m\u00e1s sana, o es simplemente una moda impulsada por redes sociales?\u00a0<\/span><\/p>\n<p><span style=\"font-weight: 400\">Para empezar, \u00bfqu\u00e9 es el beef tallow? En t\u00e9rminos sencillos, es grasa animal que se ha derretido y clarificado para eliminar impurezas. En cosm\u00e9tica, se promueve porque su composici\u00f3n de \u00e1cidos grasos \u2014como \u00e1cido oleico, palm\u00edtico, este\u00e1rico y linoleico\u2014 podr\u00eda asemejarse a los l\u00edpidos naturales de la piel, permitiendo que act\u00fae como una barrera que ayuda a retener la humedad.\u00a0<\/span><\/p>\n<p><span style=\"font-weight: 400\">Adem\u00e1s, algunas versiones m\u00e1s modernas mencionan que contiene vitaminas como A, D, E y K, que podr\u00edan ejercer acci\u00f3n antioxidante.\u00a0<\/span><\/p>\n<p><span style=\"font-weight: 400\">Incluso, se ha se\u00f1alado que el beef tallow puede tener un efecto hidratante y se reconoce su biocompatibilidad con la piel, aunque el grado \u00f3ptimo de composici\u00f3n o f\u00f3rmula a\u00fan no est\u00e1 claro.\u00a0<\/span><\/p>\n<p><span style=\"font-weight: 400\">Sin embargo, la evidencia cl\u00ednica de uso en humanos es todav\u00eda escasa. Hasta ahora todo est\u00e1 en fase \u201cexperimental\u201d, sin ensayos robustos en piel humana a gran escala, por lo que todav\u00eda no hay conclusiones cient\u00edficas en cuanto al uso del tallow como cosm\u00e9tico.\u00a0<\/span><\/p>\n<p><span style=\"font-weight: 400\">Lo que s\u00ed parece m\u00e1s s\u00f3lido es su capacidad como agente oclusivo: es decir, al colocarse sobre la piel forma una barrera f\u00edsica que reduce la p\u00e9rdida transepid\u00e9rmica de agua. Esa funci\u00f3n puede traducirse en una mejor hidrataci\u00f3n de pieles muy secas o comprometidas.\u00a0<\/span><\/p>\n<p><img loading=\"lazy\" decoding=\"async\" class=\"alignnone size-medium wp-image-157652\" src=\"https:\/\/graziamagazine.com\/mx\/wp-content\/uploads\/sites\/13\/2025\/09\/5-8-438x450.jpg\" alt=\"\" width=\"438\" height=\"450\" srcset=\"https:\/\/graziamagazine.com\/mx\/wp-content\/uploads\/sites\/13\/2025\/09\/5-8-438x450.jpg 438w, https:\/\/graziamagazine.com\/mx\/wp-content\/uploads\/sites\/13\/2025\/09\/5-8-400x411.jpg 400w, https:\/\/graziamagazine.com\/mx\/wp-content\/uploads\/sites\/13\/2025\/09\/5-8-155x159.jpg 155w, https:\/\/graziamagazine.com\/mx\/wp-content\/uploads\/sites\/13\/2025\/09\/5-8.jpg 551w\" sizes=\"(max-width: 438px) 100vw, 438px\" \/><\/p>\n<p><span style=\"font-weight: 400\">Y en algunas condiciones cut\u00e1neas como dermatitis o psoriasis, hay reportes preliminares de que emulsiones con altos contenidos de grasa (incluyendo el beef tallow) han ofrecido alivio en s\u00edntomas de sequedad o inflamaci\u00f3n.\u00a0<\/span><\/p>\n<p><span style=\"font-weight: 400\">Pero, como bien advierten numerosos dermat\u00f3logos e instituciones m\u00e9dicas, no todo lo natural es inofensivo. El principal riesgo del beef tallow aplicado sobre la piel es su potencial comedog\u00e9nico: puede obstruir los poros, especialmente en pieles con tendencia al acn\u00e9, y provocar brotes.\u00a0<\/span><\/p>\n<p><span style=\"font-weight: 400\">Tambi\u00e9n existen reportes de irritaciones cut\u00e1neas, fotosensibilidad en algunas formulaciones, o reacciones adversas causadas no por el tallow per se, sino por solventes o aditivos con los que se mezcla.\u00a0<\/span><\/p>\n<p><span style=\"font-weight: 400\">Otra cr\u00edtica frecuente es que muchas de las vitaminas que supuestamente contiene el tallow est\u00e1n presentes solo en cantidades muy peque\u00f1as o variables, lo que limita su aporte real comparado con ingredientes dise\u00f1ados para la piel.\u00a0<\/span><\/p>\n<p><span style=\"font-weight: 400\">No obstante, en la pr\u00e1ctica algunas personas han experimentado resultados favorables, especialmente aquellas con piel muy seca, y reportan que el tallow les ayuda a retener humedad y suavizar la piel, como bien se la visto en m\u00faltiples videos de TikTok que se han vuelto tendencia.<\/span><\/p>\n<p><span style=\"font-weight: 400\">Entonces, \u00bfs\u00ed o no? Puedes probar y sacar tus propias conclusiones, pero es importante recordar que este uso cosm\u00e9tico a\u00fan no est\u00e1 respaldado por investigaciones cient\u00edficas.\u00a0<\/span><\/p>\n","protected":false},"author":11628,"featured_media":157651,"template":"","format":"standard","categories":[3],"acf":[],"yoast_head":"<!-- This site is optimized with the Yoast SEO Premium plugin v18.5 (Yoast SEO v20.4) - https:\/\/yoast.com\/wordpress\/plugins\/seo\/ -->\n<title>Grasa de vaca para la piel, \u00bfs\u00ed o no?<\/title>\n<meta name=\"description\" content=\"Pocas tendencias provocan tanto debate como aquella que recurre a ingredientes \u201cde la tierra\u201d o \u201cde anta\u00f1o\u201d. Actualmente, una de las tendencias m\u00e1s\" \/>\n<meta name=\"robots\" content=\"index, follow, max-snippet:-1, max-image-preview:large, max-video-preview:-1\" \/>\n<link rel=\"canonical\" href=\"https:\/\/graziamagazine.com\/mx\/articles\/grasa-de-vaca-para-la-piel-si-o-no\/\" \/>\n<meta property=\"og:locale\" content=\"es_MX\" \/>\n<meta property=\"og:type\" content=\"article\" \/>\n<meta property=\"og:title\" content=\"Grasa de vaca para la piel, \u00bfs\u00ed o no?\" \/>\n<meta property=\"og:description\" content=\"Pocas tendencias provocan tanto debate como aquella que recurre a ingredientes \u201cde la tierra\u201d o \u201cde anta\u00f1o\u201d. Actualmente, una de las tendencias m\u00e1s\" \/>\n<meta property=\"og:url\" content=\"https:\/\/graziamagazine.com\/mx\/articles\/grasa-de-vaca-para-la-piel-si-o-no\/\" \/>\n<meta property=\"og:site_name\" content=\"Grazia M\u00e9xico y Latinoam\u00e9rica\" \/>\n<meta property=\"article:modified_time\" content=\"2025-09-30T23:09:33+00:00\" \/>\n<meta property=\"og:image\" content=\"https:\/\/graziamagazine.com\/mx\/wp-content\/uploads\/sites\/13\/2025\/09\/1-6.jpg\" \/>\n\t<meta property=\"og:image:width\" content=\"671\" \/>\n\t<meta property=\"og:image:height\" content=\"353\" \/>\n\t<meta property=\"og:image:type\" content=\"image\/jpeg\" \/>\n<meta name=\"twitter:card\" content=\"summary_large_image\" \/>\n<meta name=\"twitter:label1\" content=\"Est. reading time\" \/>\n\t<meta name=\"twitter:data1\" content=\"3 minutos\" \/>\n<script type=\"application\/ld+json\" class=\"yoast-schema-graph\">{\"@context\":\"https:\/\/schema.org\",\"@graph\":[{\"@type\":\"WebPage\",\"@id\":\"https:\/\/graziamagazine.com\/mx\/articles\/grasa-de-vaca-para-la-piel-si-o-no\/\",\"url\":\"https:\/\/graziamagazine.com\/mx\/articles\/grasa-de-vaca-para-la-piel-si-o-no\/\",\"name\":\"Grasa de vaca para la piel, \u00bfs\u00ed o no?\",\"isPartOf\":{\"@id\":\"https:\/\/graziamagazine.com\/mx\/#website\"},\"datePublished\":\"2025-09-30T23:08:36+00:00\",\"dateModified\":\"2025-09-30T23:09:33+00:00\",\"description\":\"Pocas tendencias provocan tanto debate como aquella que recurre a ingredientes \u201cde la tierra\u201d o \u201cde anta\u00f1o\u201d. Actualmente, una de las tendencias m\u00e1s\",\"breadcrumb\":{\"@id\":\"https:\/\/graziamagazine.com\/mx\/articles\/grasa-de-vaca-para-la-piel-si-o-no\/#breadcrumb\"},\"inLanguage\":\"es-MX\",\"potentialAction\":[{\"@type\":\"ReadAction\",\"target\":[\"https:\/\/graziamagazine.com\/mx\/articles\/grasa-de-vaca-para-la-piel-si-o-no\/\"]}]},{\"@type\":\"BreadcrumbList\",\"@id\":\"https:\/\/graziamagazine.com\/mx\/articles\/grasa-de-vaca-para-la-piel-si-o-no\/#breadcrumb\",\"itemListElement\":[{\"@type\":\"ListItem\",\"position\":1,\"name\":\"Home\",\"item\":\"https:\/\/graziamagazine.com\/mx\/\"},{\"@type\":\"ListItem\",\"position\":2,\"name\":\"Grasa de vaca para la piel, \u00bfs\u00ed o no?\"}]},{\"@type\":\"WebSite\",\"@id\":\"https:\/\/graziamagazine.com\/mx\/#website\",\"url\":\"https:\/\/graziamagazine.com\/mx\/\",\"name\":\"Grazia M\u00e9xico y Latinoam\u00e9rica\",\"description\":\"Grazia es moda, belleza y noticias  de actualidad \",\"potentialAction\":[{\"@type\":\"SearchAction\",\"target\":{\"@type\":\"EntryPoint\",\"urlTemplate\":\"https:\/\/graziamagazine.com\/mx\/?s={search_term_string}\"},\"query-input\":\"required name=search_term_string\"}],\"inLanguage\":\"es-MX\"}]}<\/script>\n<!-- \/ Yoast SEO Premium plugin. -->","yoast_head_json":{"title":"Grasa de vaca para la piel, \u00bfs\u00ed o no?","description":"Pocas tendencias provocan tanto debate como aquella que recurre a ingredientes \u201cde la tierra\u201d o \u201cde anta\u00f1o\u201d. Actualmente, una de las tendencias m\u00e1s","robots":{"index":"index","follow":"follow","max-snippet":"max-snippet:-1","max-image-preview":"max-image-preview:large","max-video-preview":"max-video-preview:-1"},"canonical":"https:\/\/graziamagazine.com\/mx\/articles\/grasa-de-vaca-para-la-piel-si-o-no\/","og_locale":"es_MX","og_type":"article","og_title":"Grasa de vaca para la piel, \u00bfs\u00ed o no?","og_description":"Pocas tendencias provocan tanto debate como aquella que recurre a ingredientes \u201cde la tierra\u201d o \u201cde anta\u00f1o\u201d. Actualmente, una de las tendencias m\u00e1s","og_url":"https:\/\/graziamagazine.com\/mx\/articles\/grasa-de-vaca-para-la-piel-si-o-no\/","og_site_name":"Grazia M\u00e9xico y Latinoam\u00e9rica","article_modified_time":"2025-09-30T23:09:33+00:00","og_image":[{"width":671,"height":353,"url":"https:\/\/graziamagazine.com\/mx\/wp-content\/uploads\/sites\/13\/2025\/09\/1-6.jpg","type":"image\/jpeg"}],"twitter_card":"summary_large_image","twitter_misc":{"Est. reading time":"3 minutos"},"schema":{"@context":"https:\/\/schema.org","@graph":[{"@type":"WebPage","@id":"https:\/\/graziamagazine.com\/mx\/articles\/grasa-de-vaca-para-la-piel-si-o-no\/","url":"https:\/\/graziamagazine.com\/mx\/articles\/grasa-de-vaca-para-la-piel-si-o-no\/","name":"Grasa de vaca para la piel, \u00bfs\u00ed o no?","isPartOf":{"@id":"https:\/\/graziamagazine.com\/mx\/#website"},"datePublished":"2025-09-30T23:08:36+00:00","dateModified":"2025-09-30T23:09:33+00:00","description":"Pocas tendencias provocan tanto debate como aquella que recurre a ingredientes \u201cde la tierra\u201d o \u201cde anta\u00f1o\u201d. Actualmente, una de las tendencias m\u00e1s","breadcrumb":{"@id":"https:\/\/graziamagazine.com\/mx\/articles\/grasa-de-vaca-para-la-piel-si-o-no\/#breadcrumb"},"inLanguage":"es-MX","potentialAction":[{"@type":"ReadAction","target":["https:\/\/graziamagazine.com\/mx\/articles\/grasa-de-vaca-para-la-piel-si-o-no\/"]}]},{"@type":"BreadcrumbList","@id":"https:\/\/graziamagazine.com\/mx\/articles\/grasa-de-vaca-para-la-piel-si-o-no\/#breadcrumb","itemListElement":[{"@type":"ListItem","position":1,"name":"Home","item":"https:\/\/graziamagazine.com\/mx\/"},{"@type":"ListItem","position":2,"name":"Grasa de vaca para la piel, \u00bfs\u00ed o no?"}]},{"@type":"WebSite","@id":"https:\/\/graziamagazine.com\/mx\/#website","url":"https:\/\/graziamagazine.com\/mx\/","name":"Grazia M\u00e9xico y Latinoam\u00e9rica","description":"Grazia es moda, belleza y noticias  de actualidad ","potentialAction":[{"@type":"SearchAction","target":{"@type":"EntryPoint","urlTemplate":"https:\/\/graziamagazine.com\/mx\/?s={search_term_string}"},"query-input":"required name=search_term_string"}],"inLanguage":"es-MX"}]}},"jetpack_sharing_enabled":true,"distributor_meta":false,"distributor_terms":false,"distributor_media":false,"distributor_original_site_name":"Grazia M\u00e9xico y Latinoam\u00e9rica","distributor_original_site_url":"https:\/\/graziamagazine.com\/mx","push-errors":false,"_links":{"self":[{"href":"https:\/\/graziamagazine.com\/mx\/wp-json\/wp\/v2\/articles\/157650"}],"collection":[{"href":"https:\/\/graziamagazine.com\/mx\/wp-json\/wp\/v2\/articles"}],"about":[{"href":"https:\/\/graziamagazine.com\/mx\/wp-json\/wp\/v2\/types\/articles"}],"author":[{"embeddable":true,"href":"https:\/\/graziamagazine.com\/mx\/wp-json\/wp\/v2\/users\/11628"}],"wp:featuredmedia":[{"embeddable":true,"href":"https:\/\/graziamagazine.com\/mx\/wp-json\/wp\/v2\/media\/157651"}],"wp:attachment":[{"href":"https:\/\/graziamagazine.com\/mx\/wp-json\/wp\/v2\/media?parent=157650"}],"wp:term":[{"taxonomy":"category","embeddable":true,"href":"https:\/\/graziamagazine.com\/mx\/wp-json\/wp\/v2\/categories?post=157650"}],"curies":[{"name":"wp","href":"https:\/\/api.w.org\/{rel}","templated":true}]}}