{"id":157611,"date":"2025-09-30T11:46:54","date_gmt":"2025-09-30T16:46:54","guid":{"rendered":"https:\/\/graziamagazine.com\/mx\/?post_type=articles&#038;p=157611"},"modified":"2025-09-30T14:31:55","modified_gmt":"2025-09-30T19:31:55","slug":"los-looks-de-los-invitados-al-desfile-de-stella-mccartney-en-paris-fashion-week","status":"publish","type":"articles","link":"https:\/\/graziamagazine.com\/mx\/articles\/los-looks-de-los-invitados-al-desfile-de-stella-mccartney-en-paris-fashion-week\/","title":{"rendered":"Los looks de los invitados al desfile de Stella McCartney en Paris Fashion Week"},"content":{"rendered":"<p>Bajo el nombre &#8216;Come Together&#8217; \u2014y mostrando m\u00faltiples elementos de la naturaleza para hacer la campa\u00f1a\u2014, Stella McCartney present\u00f3 su colecci\u00f3n Primavera\/Verano 26 en la Semana de la Moda de Par\u00eds en el Centre Pompidou. La front row cont\u00f3 con figuras tanto de Hollywood como de la industria musical, amigos de la marca que esperaron con ansias ver la propuesta de McCartney que destac\u00f3 con prendas voluminosas, siluetas oversize (incluyendo algunos bolsos) y chaquetas de todo largo con hombreras anchas.<\/p>\n<figure id=\"attachment_157639\" aria-describedby=\"caption-attachment-157639\" style=\"width: 1280px\" class=\"wp-caption alignnone\"><img loading=\"lazy\" decoding=\"async\" class=\"wp-image-157639 size-full\" src=\"https:\/\/graziamagazine.com\/mx\/wp-content\/uploads\/sites\/13\/2025\/09\/los-looks-de-los-invitados-al-desfile-de-stella-mccartney-en-paris-fashion-week-8.jpg\" alt=\"Los looks de los invitados al desfile de Stella McCartney en Paris Fashion Week\" width=\"1280\" height=\"720\" srcset=\"https:\/\/graziamagazine.com\/mx\/wp-content\/uploads\/sites\/13\/2025\/09\/los-looks-de-los-invitados-al-desfile-de-stella-mccartney-en-paris-fashion-week-8.jpg 1280w, https:\/\/graziamagazine.com\/mx\/wp-content\/uploads\/sites\/13\/2025\/09\/los-looks-de-los-invitados-al-desfile-de-stella-mccartney-en-paris-fashion-week-8-450x253.jpg 450w, https:\/\/graziamagazine.com\/mx\/wp-content\/uploads\/sites\/13\/2025\/09\/los-looks-de-los-invitados-al-desfile-de-stella-mccartney-en-paris-fashion-week-8-1024x576.jpg 1024w, https:\/\/graziamagazine.com\/mx\/wp-content\/uploads\/sites\/13\/2025\/09\/los-looks-de-los-invitados-al-desfile-de-stella-mccartney-en-paris-fashion-week-8-768x432.jpg 768w, https:\/\/graziamagazine.com\/mx\/wp-content\/uploads\/sites\/13\/2025\/09\/los-looks-de-los-invitados-al-desfile-de-stella-mccartney-en-paris-fashion-week-8-400x225.jpg 400w, https:\/\/graziamagazine.com\/mx\/wp-content\/uploads\/sites\/13\/2025\/09\/los-looks-de-los-invitados-al-desfile-de-stella-mccartney-en-paris-fashion-week-8-155x87.jpg 155w\" sizes=\"(max-width: 1280px) 100vw, 1280px\" \/><figcaption id=\"caption-attachment-157639\" class=\"wp-caption-text\">Stella McCartney SS26<\/figcaption><\/figure>\n<figure id=\"attachment_157638\" aria-describedby=\"caption-attachment-157638\" style=\"width: 1280px\" class=\"wp-caption alignnone\"><img loading=\"lazy\" decoding=\"async\" class=\"wp-image-157638 size-full\" src=\"https:\/\/graziamagazine.com\/mx\/wp-content\/uploads\/sites\/13\/2025\/09\/los-looks-de-los-invitados-al-desfile-de-stella-mccartney-en-paris-fashion-week-7.jpg\" alt=\"Los looks de los invitados al desfile de Stella McCartney en Paris Fashion Week\" width=\"1280\" height=\"720\" srcset=\"https:\/\/graziamagazine.com\/mx\/wp-content\/uploads\/sites\/13\/2025\/09\/los-looks-de-los-invitados-al-desfile-de-stella-mccartney-en-paris-fashion-week-7.jpg 1280w, https:\/\/graziamagazine.com\/mx\/wp-content\/uploads\/sites\/13\/2025\/09\/los-looks-de-los-invitados-al-desfile-de-stella-mccartney-en-paris-fashion-week-7-450x253.jpg 450w, https:\/\/graziamagazine.com\/mx\/wp-content\/uploads\/sites\/13\/2025\/09\/los-looks-de-los-invitados-al-desfile-de-stella-mccartney-en-paris-fashion-week-7-1024x576.jpg 1024w, https:\/\/graziamagazine.com\/mx\/wp-content\/uploads\/sites\/13\/2025\/09\/los-looks-de-los-invitados-al-desfile-de-stella-mccartney-en-paris-fashion-week-7-768x432.jpg 768w, https:\/\/graziamagazine.com\/mx\/wp-content\/uploads\/sites\/13\/2025\/09\/los-looks-de-los-invitados-al-desfile-de-stella-mccartney-en-paris-fashion-week-7-400x225.jpg 400w, https:\/\/graziamagazine.com\/mx\/wp-content\/uploads\/sites\/13\/2025\/09\/los-looks-de-los-invitados-al-desfile-de-stella-mccartney-en-paris-fashion-week-7-155x87.jpg 155w\" sizes=\"(max-width: 1280px) 100vw, 1280px\" \/><figcaption id=\"caption-attachment-157638\" class=\"wp-caption-text\">Stella McCartney SS26<\/figcaption><\/figure>\n<h2>La front row del show de Stella McCartney SS26<\/h2>\n<p>Anitta, Ice Spice y Cara Delevigne fueron algunas de las celebridades presentes en el show. El p\u00fablico escuch\u00f3 atentamente a Helen Mirren recitar las palabras de la canci\u00f3n\u00a0<em>Come Together\u00a0<\/em>de The Beatles, mismo nombre que recibi\u00f3 la pasarela SS26 de Stella y hace referencia al legado musical de su pap\u00e1.<\/p>\n<p>Precisamente, la actriz de\u00a0<em>The Queen\u00a0<\/em>llev\u00f3 un traje gris platinado con camisa blanca y lentes oscuros, luciendo tanto misteriosa como casual en el contexto del\u00a0<em>business attire\u00a0<\/em>ideal para un desfile de modas. Anitta fue de las primeras en llegar y lo hizo con un vestido corto con escote despegado del cuerpo y combinado con botas largas.<\/p>\n<figure id=\"attachment_157636\" aria-describedby=\"caption-attachment-157636\" style=\"width: 900px\" class=\"wp-caption alignnone\"><img loading=\"lazy\" decoding=\"async\" class=\"wp-image-157636 size-full\" src=\"https:\/\/graziamagazine.com\/mx\/wp-content\/uploads\/sites\/13\/2025\/09\/los-looks-de-los-invitados-al-desfile-de-stella-mccartney-en-paris-fashion-week-5.jpg\" alt=\"Los looks de los invitados al desfile de Stella McCartney en Paris Fashion Week\" width=\"900\" height=\"1200\" srcset=\"https:\/\/graziamagazine.com\/mx\/wp-content\/uploads\/sites\/13\/2025\/09\/los-looks-de-los-invitados-al-desfile-de-stella-mccartney-en-paris-fashion-week-5.jpg 900w, https:\/\/graziamagazine.com\/mx\/wp-content\/uploads\/sites\/13\/2025\/09\/los-looks-de-los-invitados-al-desfile-de-stella-mccartney-en-paris-fashion-week-5-338x450.jpg 338w, https:\/\/graziamagazine.com\/mx\/wp-content\/uploads\/sites\/13\/2025\/09\/los-looks-de-los-invitados-al-desfile-de-stella-mccartney-en-paris-fashion-week-5-768x1024.jpg 768w, https:\/\/graziamagazine.com\/mx\/wp-content\/uploads\/sites\/13\/2025\/09\/los-looks-de-los-invitados-al-desfile-de-stella-mccartney-en-paris-fashion-week-5-400x533.jpg 400w, https:\/\/graziamagazine.com\/mx\/wp-content\/uploads\/sites\/13\/2025\/09\/los-looks-de-los-invitados-al-desfile-de-stella-mccartney-en-paris-fashion-week-5-155x207.jpg 155w\" sizes=\"(max-width: 900px) 100vw, 900px\" \/><figcaption id=\"caption-attachment-157636\" class=\"wp-caption-text\">Celebs en el desfile de Stella McCartney en Paris Fashion Week<\/figcaption><\/figure>\n<figure id=\"attachment_157632\" aria-describedby=\"caption-attachment-157632\" style=\"width: 900px\" class=\"wp-caption alignnone\"><img loading=\"lazy\" decoding=\"async\" class=\"wp-image-157632 size-full\" src=\"https:\/\/graziamagazine.com\/mx\/wp-content\/uploads\/sites\/13\/2025\/09\/los-looks-de-los-invitados-al-desfile-de-stella-mccartney-en-paris-fashion-week-1.jpg\" alt=\"Los looks de los invitados al desfile de Stella McCartney en Paris Fashion Week\" width=\"900\" height=\"1200\" srcset=\"https:\/\/graziamagazine.com\/mx\/wp-content\/uploads\/sites\/13\/2025\/09\/los-looks-de-los-invitados-al-desfile-de-stella-mccartney-en-paris-fashion-week-1.jpg 900w, https:\/\/graziamagazine.com\/mx\/wp-content\/uploads\/sites\/13\/2025\/09\/los-looks-de-los-invitados-al-desfile-de-stella-mccartney-en-paris-fashion-week-1-338x450.jpg 338w, https:\/\/graziamagazine.com\/mx\/wp-content\/uploads\/sites\/13\/2025\/09\/los-looks-de-los-invitados-al-desfile-de-stella-mccartney-en-paris-fashion-week-1-768x1024.jpg 768w, https:\/\/graziamagazine.com\/mx\/wp-content\/uploads\/sites\/13\/2025\/09\/los-looks-de-los-invitados-al-desfile-de-stella-mccartney-en-paris-fashion-week-1-400x533.jpg 400w, https:\/\/graziamagazine.com\/mx\/wp-content\/uploads\/sites\/13\/2025\/09\/los-looks-de-los-invitados-al-desfile-de-stella-mccartney-en-paris-fashion-week-1-155x207.jpg 155w\" sizes=\"(max-width: 900px) 100vw, 900px\" \/><figcaption id=\"caption-attachment-157632\" class=\"wp-caption-text\">Celebs en el desfile de Stella McCartney en Paris Fashion Week<\/figcaption><\/figure>\n<p>Cara Delevigne llev\u00f3 un estilo casual: top negro con la frase &#8216;Come Together&#8217; en letras blancas y jeans con motivos Western en cuero negro y un tejido de agujetas. A su lado pos\u00f3 Paris Jackson son un vestido entallado de manga larga en color rojo carm\u00edn y espalda con cut-out pronunciado.<\/p>\n<figure id=\"attachment_157633\" aria-describedby=\"caption-attachment-157633\" style=\"width: 900px\" class=\"wp-caption alignnone\"><img loading=\"lazy\" decoding=\"async\" class=\"wp-image-157633 size-full\" src=\"https:\/\/graziamagazine.com\/mx\/wp-content\/uploads\/sites\/13\/2025\/09\/los-looks-de-los-invitados-al-desfile-de-stella-mccartney-en-paris-fashion-week-2.jpg\" alt=\"Los looks de los invitados al desfile de Stella McCartney en Paris Fashion Week\" width=\"900\" height=\"1200\" srcset=\"https:\/\/graziamagazine.com\/mx\/wp-content\/uploads\/sites\/13\/2025\/09\/los-looks-de-los-invitados-al-desfile-de-stella-mccartney-en-paris-fashion-week-2.jpg 900w, https:\/\/graziamagazine.com\/mx\/wp-content\/uploads\/sites\/13\/2025\/09\/los-looks-de-los-invitados-al-desfile-de-stella-mccartney-en-paris-fashion-week-2-338x450.jpg 338w, https:\/\/graziamagazine.com\/mx\/wp-content\/uploads\/sites\/13\/2025\/09\/los-looks-de-los-invitados-al-desfile-de-stella-mccartney-en-paris-fashion-week-2-768x1024.jpg 768w, https:\/\/graziamagazine.com\/mx\/wp-content\/uploads\/sites\/13\/2025\/09\/los-looks-de-los-invitados-al-desfile-de-stella-mccartney-en-paris-fashion-week-2-400x533.jpg 400w, https:\/\/graziamagazine.com\/mx\/wp-content\/uploads\/sites\/13\/2025\/09\/los-looks-de-los-invitados-al-desfile-de-stella-mccartney-en-paris-fashion-week-2-155x207.jpg 155w\" sizes=\"(max-width: 900px) 100vw, 900px\" \/><figcaption id=\"caption-attachment-157633\" class=\"wp-caption-text\">Celebs en el desfile de Stella McCartney en Paris Fashion Week<\/figcaption><\/figure>\n<p>La modelo y \u00e1ngel de Victoria&#8217;s Secret tambi\u00e9n apost\u00f3 por el look ejecutivo con una falda l\u00e1piz y chaqueta a juego, con una camisa azul claro, dejando su cabello suelto al natural. La actriz Jenna Coleman se decant\u00f3 por un abrigo largo color marr\u00f3n combinado con botines en rojo quemado y Chiara Ferragni llev\u00f3 un vestido azul marino con detalle anudado en el torso.<\/p>\n<figure id=\"attachment_157637\" aria-describedby=\"caption-attachment-157637\" style=\"width: 900px\" class=\"wp-caption alignnone\"><img loading=\"lazy\" decoding=\"async\" class=\"wp-image-157637 size-full\" src=\"https:\/\/graziamagazine.com\/mx\/wp-content\/uploads\/sites\/13\/2025\/09\/los-looks-de-los-invitados-al-desfile-de-stella-mccartney-en-paris-fashion-week-6.jpg\" alt=\"Los looks de los invitados al desfile de Stella McCartney en Paris Fashion Week\" width=\"900\" height=\"1200\" srcset=\"https:\/\/graziamagazine.com\/mx\/wp-content\/uploads\/sites\/13\/2025\/09\/los-looks-de-los-invitados-al-desfile-de-stella-mccartney-en-paris-fashion-week-6.jpg 900w, https:\/\/graziamagazine.com\/mx\/wp-content\/uploads\/sites\/13\/2025\/09\/los-looks-de-los-invitados-al-desfile-de-stella-mccartney-en-paris-fashion-week-6-338x450.jpg 338w, https:\/\/graziamagazine.com\/mx\/wp-content\/uploads\/sites\/13\/2025\/09\/los-looks-de-los-invitados-al-desfile-de-stella-mccartney-en-paris-fashion-week-6-768x1024.jpg 768w, https:\/\/graziamagazine.com\/mx\/wp-content\/uploads\/sites\/13\/2025\/09\/los-looks-de-los-invitados-al-desfile-de-stella-mccartney-en-paris-fashion-week-6-400x533.jpg 400w, https:\/\/graziamagazine.com\/mx\/wp-content\/uploads\/sites\/13\/2025\/09\/los-looks-de-los-invitados-al-desfile-de-stella-mccartney-en-paris-fashion-week-6-155x207.jpg 155w\" sizes=\"(max-width: 900px) 100vw, 900px\" \/><figcaption id=\"caption-attachment-157637\" class=\"wp-caption-text\">Celebs en el desfile de Stella McCartney en Paris Fashion Week<\/figcaption><\/figure>\n<figure id=\"attachment_157634\" aria-describedby=\"caption-attachment-157634\" style=\"width: 900px\" class=\"wp-caption alignnone\"><img loading=\"lazy\" decoding=\"async\" class=\"wp-image-157634 size-full\" src=\"https:\/\/graziamagazine.com\/mx\/wp-content\/uploads\/sites\/13\/2025\/09\/los-looks-de-los-invitados-al-desfile-de-stella-mccartney-en-paris-fashion-week-3.jpg\" alt=\"Los looks de los invitados al desfile de Stella McCartney en Paris Fashion Week\" width=\"900\" height=\"1200\" srcset=\"https:\/\/graziamagazine.com\/mx\/wp-content\/uploads\/sites\/13\/2025\/09\/los-looks-de-los-invitados-al-desfile-de-stella-mccartney-en-paris-fashion-week-3.jpg 900w, https:\/\/graziamagazine.com\/mx\/wp-content\/uploads\/sites\/13\/2025\/09\/los-looks-de-los-invitados-al-desfile-de-stella-mccartney-en-paris-fashion-week-3-338x450.jpg 338w, https:\/\/graziamagazine.com\/mx\/wp-content\/uploads\/sites\/13\/2025\/09\/los-looks-de-los-invitados-al-desfile-de-stella-mccartney-en-paris-fashion-week-3-768x1024.jpg 768w, https:\/\/graziamagazine.com\/mx\/wp-content\/uploads\/sites\/13\/2025\/09\/los-looks-de-los-invitados-al-desfile-de-stella-mccartney-en-paris-fashion-week-3-400x533.jpg 400w, https:\/\/graziamagazine.com\/mx\/wp-content\/uploads\/sites\/13\/2025\/09\/los-looks-de-los-invitados-al-desfile-de-stella-mccartney-en-paris-fashion-week-3-155x207.jpg 155w\" sizes=\"(max-width: 900px) 100vw, 900px\" \/><figcaption id=\"caption-attachment-157634\" class=\"wp-caption-text\">Celebs en el desfile de Stella McCartney en Paris Fashion Week<\/figcaption><\/figure>\n<figure id=\"attachment_157635\" aria-describedby=\"caption-attachment-157635\" style=\"width: 900px\" class=\"wp-caption alignnone\"><img loading=\"lazy\" decoding=\"async\" class=\"wp-image-157635 size-full\" src=\"https:\/\/graziamagazine.com\/mx\/wp-content\/uploads\/sites\/13\/2025\/09\/los-looks-de-los-invitados-al-desfile-de-stella-mccartney-en-paris-fashion-week-4.jpg\" alt=\"Los looks de los invitados al desfile de Stella McCartney en Paris Fashion Week\" width=\"900\" height=\"1200\" srcset=\"https:\/\/graziamagazine.com\/mx\/wp-content\/uploads\/sites\/13\/2025\/09\/los-looks-de-los-invitados-al-desfile-de-stella-mccartney-en-paris-fashion-week-4.jpg 900w, https:\/\/graziamagazine.com\/mx\/wp-content\/uploads\/sites\/13\/2025\/09\/los-looks-de-los-invitados-al-desfile-de-stella-mccartney-en-paris-fashion-week-4-338x450.jpg 338w, https:\/\/graziamagazine.com\/mx\/wp-content\/uploads\/sites\/13\/2025\/09\/los-looks-de-los-invitados-al-desfile-de-stella-mccartney-en-paris-fashion-week-4-768x1024.jpg 768w, https:\/\/graziamagazine.com\/mx\/wp-content\/uploads\/sites\/13\/2025\/09\/los-looks-de-los-invitados-al-desfile-de-stella-mccartney-en-paris-fashion-week-4-400x533.jpg 400w, https:\/\/graziamagazine.com\/mx\/wp-content\/uploads\/sites\/13\/2025\/09\/los-looks-de-los-invitados-al-desfile-de-stella-mccartney-en-paris-fashion-week-4-155x207.jpg 155w\" sizes=\"(max-width: 900px) 100vw, 900px\" \/><figcaption id=\"caption-attachment-157635\" class=\"wp-caption-text\">Celebs en el desfile de Stella McCartney en Paris Fashion Week<\/figcaption><\/figure>\n<p>Stella McCartney cerr\u00f3 el segundo d\u00eda de Paris Fashion Week con una propuesta de cari\u00f1o hacia los vol\u00famenes y el drapeado s\u00faper femenino. Demostrando una vez m\u00e1s que la moda llevada de forma sustentable no tiene l\u00edmites y puede llevarse en el ready-to-wear de formas muy favorecedoras.<\/p>\n<div class=\"html-div x14z9mp x1lziwak xexx8yu xyri2b x18d9i69 x1c1uobl x9f619 xjbqb8w x78zum5 x15mokao x1ga7v0g x16uus16 xbiv7yw x1xmf6yo x12nagc x1n2onr6 x1plvlek xryxfnj x1c4vz4f x2lah0s xdt5ytf xqjyukv x1qjc9v5 x1oa3qoh x1nhvcw1\"><\/div>\n","protected":false},"author":42761,"featured_media":157640,"template":"","format":"standard","categories":[4],"acf":[],"yoast_head":"<!-- This site is optimized with the Yoast SEO Premium plugin v18.5 (Yoast SEO v20.4) - https:\/\/yoast.com\/wordpress\/plugins\/seo\/ -->\n<title>Los looks de los invitados al desfile de Stella McCartney en Paris Fashion Week | Grazia M\u00e9xico y Latinoam\u00e9rica<\/title>\n<meta name=\"description\" content=\"Bajo el nombre &#039;Come Together&#039; \u2014y mostrando m\u00faltiples elementos de la naturaleza para hacer la campa\u00f1a\u2014, Stella McCartney present\u00f3 su colecci\u00f3n\" \/>\n<meta name=\"robots\" content=\"index, follow, max-snippet:-1, max-image-preview:large, max-video-preview:-1\" \/>\n<link rel=\"canonical\" href=\"https:\/\/graziamagazine.com\/mx\/articles\/los-looks-de-los-invitados-al-desfile-de-stella-mccartney-en-paris-fashion-week\/\" \/>\n<meta property=\"og:locale\" content=\"es_MX\" \/>\n<meta property=\"og:type\" content=\"article\" \/>\n<meta property=\"og:title\" content=\"Los looks de los invitados al desfile de Stella McCartney en Paris Fashion Week\" \/>\n<meta property=\"og:description\" content=\"Bajo el nombre &#039;Come Together&#039; \u2014y mostrando m\u00faltiples elementos de la naturaleza para hacer la campa\u00f1a\u2014, Stella McCartney present\u00f3 su colecci\u00f3n\" \/>\n<meta property=\"og:url\" content=\"https:\/\/graziamagazine.com\/mx\/articles\/los-looks-de-los-invitados-al-desfile-de-stella-mccartney-en-paris-fashion-week\/\" \/>\n<meta property=\"og:site_name\" content=\"Grazia M\u00e9xico y Latinoam\u00e9rica\" \/>\n<meta property=\"article:modified_time\" content=\"2025-09-30T19:31:55+00:00\" \/>\n<meta property=\"og:image\" content=\"https:\/\/graziamagazine.com\/mx\/wp-content\/uploads\/sites\/13\/2025\/09\/los-looks-de-los-invitados-al-desfile-de-stella-mccartney-en-paris-fashion-week-9.jpg\" \/>\n\t<meta property=\"og:image:width\" content=\"1280\" \/>\n\t<meta property=\"og:image:height\" content=\"720\" \/>\n\t<meta property=\"og:image:type\" content=\"image\/jpeg\" \/>\n<meta name=\"twitter:card\" content=\"summary_large_image\" \/>\n<meta name=\"twitter:label1\" content=\"Est. reading time\" \/>\n\t<meta name=\"twitter:data1\" content=\"4 minutos\" \/>\n<script type=\"application\/ld+json\" class=\"yoast-schema-graph\">{\"@context\":\"https:\/\/schema.org\",\"@graph\":[{\"@type\":\"WebPage\",\"@id\":\"https:\/\/graziamagazine.com\/mx\/articles\/los-looks-de-los-invitados-al-desfile-de-stella-mccartney-en-paris-fashion-week\/\",\"url\":\"https:\/\/graziamagazine.com\/mx\/articles\/los-looks-de-los-invitados-al-desfile-de-stella-mccartney-en-paris-fashion-week\/\",\"name\":\"Los looks de los invitados al desfile de Stella McCartney en Paris Fashion Week | Grazia M\u00e9xico y Latinoam\u00e9rica\",\"isPartOf\":{\"@id\":\"https:\/\/graziamagazine.com\/mx\/#website\"},\"datePublished\":\"2025-09-30T16:46:54+00:00\",\"dateModified\":\"2025-09-30T19:31:55+00:00\",\"description\":\"Bajo el nombre 'Come Together' \u2014y mostrando m\u00faltiples elementos de la naturaleza para hacer la campa\u00f1a\u2014, Stella McCartney present\u00f3 su colecci\u00f3n\",\"breadcrumb\":{\"@id\":\"https:\/\/graziamagazine.com\/mx\/articles\/los-looks-de-los-invitados-al-desfile-de-stella-mccartney-en-paris-fashion-week\/#breadcrumb\"},\"inLanguage\":\"es-MX\",\"potentialAction\":[{\"@type\":\"ReadAction\",\"target\":[\"https:\/\/graziamagazine.com\/mx\/articles\/los-looks-de-los-invitados-al-desfile-de-stella-mccartney-en-paris-fashion-week\/\"]}]},{\"@type\":\"BreadcrumbList\",\"@id\":\"https:\/\/graziamagazine.com\/mx\/articles\/los-looks-de-los-invitados-al-desfile-de-stella-mccartney-en-paris-fashion-week\/#breadcrumb\",\"itemListElement\":[{\"@type\":\"ListItem\",\"position\":1,\"name\":\"Home\",\"item\":\"https:\/\/graziamagazine.com\/mx\/\"},{\"@type\":\"ListItem\",\"position\":2,\"name\":\"Los looks de los invitados al desfile de Stella McCartney en Paris Fashion Week\"}]},{\"@type\":\"WebSite\",\"@id\":\"https:\/\/graziamagazine.com\/mx\/#website\",\"url\":\"https:\/\/graziamagazine.com\/mx\/\",\"name\":\"Grazia M\u00e9xico y Latinoam\u00e9rica\",\"description\":\"Grazia es moda, belleza y noticias  de actualidad \",\"potentialAction\":[{\"@type\":\"SearchAction\",\"target\":{\"@type\":\"EntryPoint\",\"urlTemplate\":\"https:\/\/graziamagazine.com\/mx\/?s={search_term_string}\"},\"query-input\":\"required name=search_term_string\"}],\"inLanguage\":\"es-MX\"}]}<\/script>\n<!-- \/ Yoast SEO Premium plugin. -->","yoast_head_json":{"title":"Los looks de los invitados al desfile de Stella McCartney en Paris Fashion Week | Grazia M\u00e9xico y Latinoam\u00e9rica","description":"Bajo el nombre 'Come Together' \u2014y mostrando m\u00faltiples elementos de la naturaleza para hacer la campa\u00f1a\u2014, Stella McCartney present\u00f3 su colecci\u00f3n","robots":{"index":"index","follow":"follow","max-snippet":"max-snippet:-1","max-image-preview":"max-image-preview:large","max-video-preview":"max-video-preview:-1"},"canonical":"https:\/\/graziamagazine.com\/mx\/articles\/los-looks-de-los-invitados-al-desfile-de-stella-mccartney-en-paris-fashion-week\/","og_locale":"es_MX","og_type":"article","og_title":"Los looks de los invitados al desfile de Stella McCartney en Paris Fashion Week","og_description":"Bajo el nombre 'Come Together' \u2014y mostrando m\u00faltiples elementos de la naturaleza para hacer la campa\u00f1a\u2014, Stella McCartney present\u00f3 su colecci\u00f3n","og_url":"https:\/\/graziamagazine.com\/mx\/articles\/los-looks-de-los-invitados-al-desfile-de-stella-mccartney-en-paris-fashion-week\/","og_site_name":"Grazia M\u00e9xico y Latinoam\u00e9rica","article_modified_time":"2025-09-30T19:31:55+00:00","og_image":[{"width":1280,"height":720,"url":"https:\/\/graziamagazine.com\/mx\/wp-content\/uploads\/sites\/13\/2025\/09\/los-looks-de-los-invitados-al-desfile-de-stella-mccartney-en-paris-fashion-week-9.jpg","type":"image\/jpeg"}],"twitter_card":"summary_large_image","twitter_misc":{"Est. reading time":"4 minutos"},"schema":{"@context":"https:\/\/schema.org","@graph":[{"@type":"WebPage","@id":"https:\/\/graziamagazine.com\/mx\/articles\/los-looks-de-los-invitados-al-desfile-de-stella-mccartney-en-paris-fashion-week\/","url":"https:\/\/graziamagazine.com\/mx\/articles\/los-looks-de-los-invitados-al-desfile-de-stella-mccartney-en-paris-fashion-week\/","name":"Los looks de los invitados al desfile de Stella McCartney en Paris Fashion Week | Grazia M\u00e9xico y Latinoam\u00e9rica","isPartOf":{"@id":"https:\/\/graziamagazine.com\/mx\/#website"},"datePublished":"2025-09-30T16:46:54+00:00","dateModified":"2025-09-30T19:31:55+00:00","description":"Bajo el nombre 'Come Together' \u2014y mostrando m\u00faltiples elementos de la naturaleza para hacer la campa\u00f1a\u2014, Stella McCartney present\u00f3 su colecci\u00f3n","breadcrumb":{"@id":"https:\/\/graziamagazine.com\/mx\/articles\/los-looks-de-los-invitados-al-desfile-de-stella-mccartney-en-paris-fashion-week\/#breadcrumb"},"inLanguage":"es-MX","potentialAction":[{"@type":"ReadAction","target":["https:\/\/graziamagazine.com\/mx\/articles\/los-looks-de-los-invitados-al-desfile-de-stella-mccartney-en-paris-fashion-week\/"]}]},{"@type":"BreadcrumbList","@id":"https:\/\/graziamagazine.com\/mx\/articles\/los-looks-de-los-invitados-al-desfile-de-stella-mccartney-en-paris-fashion-week\/#breadcrumb","itemListElement":[{"@type":"ListItem","position":1,"name":"Home","item":"https:\/\/graziamagazine.com\/mx\/"},{"@type":"ListItem","position":2,"name":"Los looks de los invitados al desfile de Stella McCartney en Paris Fashion Week"}]},{"@type":"WebSite","@id":"https:\/\/graziamagazine.com\/mx\/#website","url":"https:\/\/graziamagazine.com\/mx\/","name":"Grazia M\u00e9xico y Latinoam\u00e9rica","description":"Grazia es moda, belleza y noticias  de actualidad ","potentialAction":[{"@type":"SearchAction","target":{"@type":"EntryPoint","urlTemplate":"https:\/\/graziamagazine.com\/mx\/?s={search_term_string}"},"query-input":"required name=search_term_string"}],"inLanguage":"es-MX"}]}},"jetpack_sharing_enabled":true,"distributor_meta":false,"distributor_terms":false,"distributor_media":false,"distributor_original_site_name":"Grazia M\u00e9xico y Latinoam\u00e9rica","distributor_original_site_url":"https:\/\/graziamagazine.com\/mx","push-errors":false,"_links":{"self":[{"href":"https:\/\/graziamagazine.com\/mx\/wp-json\/wp\/v2\/articles\/157611"}],"collection":[{"href":"https:\/\/graziamagazine.com\/mx\/wp-json\/wp\/v2\/articles"}],"about":[{"href":"https:\/\/graziamagazine.com\/mx\/wp-json\/wp\/v2\/types\/articles"}],"author":[{"embeddable":true,"href":"https:\/\/graziamagazine.com\/mx\/wp-json\/wp\/v2\/users\/42761"}],"wp:featuredmedia":[{"embeddable":true,"href":"https:\/\/graziamagazine.com\/mx\/wp-json\/wp\/v2\/media\/157640"}],"wp:attachment":[{"href":"https:\/\/graziamagazine.com\/mx\/wp-json\/wp\/v2\/media?parent=157611"}],"wp:term":[{"taxonomy":"category","embeddable":true,"href":"https:\/\/graziamagazine.com\/mx\/wp-json\/wp\/v2\/categories?post=157611"}],"curies":[{"name":"wp","href":"https:\/\/api.w.org\/{rel}","templated":true}]}}