{"id":157597,"date":"2025-09-30T10:25:29","date_gmt":"2025-09-30T15:25:29","guid":{"rendered":"https:\/\/graziamagazine.com\/mx\/?post_type=articles&#038;p=157597"},"modified":"2025-09-30T13:24:04","modified_gmt":"2025-09-30T18:24:04","slug":"las-tendencias-que-nos-dio-el-desfile-de-courreges-ss26-en-paris-fashion-week","status":"publish","type":"articles","link":"https:\/\/graziamagazine.com\/mx\/articles\/las-tendencias-que-nos-dio-el-desfile-de-courreges-ss26-en-paris-fashion-week\/","title":{"rendered":"Las tendencias que nos dio el desfile de Courr\u00e8ges SS26 en Paris Fashion Week"},"content":{"rendered":"<p>Dentro del Carreau du Temple \u2014un hist\u00f3rico mercado parisino\u2014, <span class=\"x1lliihq x1plvlek xryxfnj x1n2onr6 xyejjpt x15dsfln x193iq5w xeuugli x1fj9vlw x13faqbe x1vvkbs x1s928wv xhkezso x1gmr53x x1cpjm7i x1fgarty x1943h6x x1i0vuye xvs91rp x1s688f x5n08af x10wh9bi xpm28yp x8viiok x1o7cslx\" dir=\"auto\">Nicolas Di Felice present\u00f3 la colecci\u00f3n Spring\/Summer 26 en el marco de la Semana de la Moda de Par\u00eds, la cual emocion\u00f3 a\u00fan m\u00e1s al p\u00fablico con el protagonismo que la Maison le dio al cantante coreano Wooyoung. Esta reconocida firma por sus siluetas fluidas y futuristas mostr\u00f3 un lado de primavera-verano tanto din\u00e1mico como sofisticado.<\/span><\/p>\n<figure id=\"attachment_157618\" aria-describedby=\"caption-attachment-157618\" style=\"width: 900px\" class=\"wp-caption alignnone\"><img loading=\"lazy\" decoding=\"async\" class=\"wp-image-157618 size-full\" src=\"https:\/\/graziamagazine.com\/mx\/wp-content\/uploads\/sites\/13\/2025\/09\/las-tendencias-que-nos-dio-el-desfile-de-courreges-en-paris-fashion-week-7.jpg\" alt=\"Las tendencias que nos dio el desfile de Courreges en Paris Fashion Week\" width=\"900\" height=\"1200\" srcset=\"https:\/\/graziamagazine.com\/mx\/wp-content\/uploads\/sites\/13\/2025\/09\/las-tendencias-que-nos-dio-el-desfile-de-courreges-en-paris-fashion-week-7.jpg 900w, https:\/\/graziamagazine.com\/mx\/wp-content\/uploads\/sites\/13\/2025\/09\/las-tendencias-que-nos-dio-el-desfile-de-courreges-en-paris-fashion-week-7-338x450.jpg 338w, https:\/\/graziamagazine.com\/mx\/wp-content\/uploads\/sites\/13\/2025\/09\/las-tendencias-que-nos-dio-el-desfile-de-courreges-en-paris-fashion-week-7-768x1024.jpg 768w, https:\/\/graziamagazine.com\/mx\/wp-content\/uploads\/sites\/13\/2025\/09\/las-tendencias-que-nos-dio-el-desfile-de-courreges-en-paris-fashion-week-7-400x533.jpg 400w, https:\/\/graziamagazine.com\/mx\/wp-content\/uploads\/sites\/13\/2025\/09\/las-tendencias-que-nos-dio-el-desfile-de-courreges-en-paris-fashion-week-7-155x207.jpg 155w\" sizes=\"(max-width: 900px) 100vw, 900px\" \/><figcaption id=\"caption-attachment-157618\" class=\"wp-caption-text\">Los accesorios y botas con reminiscencias de los sesenta reforzaron la visi\u00f3n retrofuturista de la colecci\u00f3n.<\/figcaption><\/figure>\n<figure id=\"attachment_157628\" aria-describedby=\"caption-attachment-157628\" style=\"width: 900px\" class=\"wp-caption alignnone\"><img loading=\"lazy\" decoding=\"async\" class=\"wp-image-157628 size-full\" src=\"https:\/\/graziamagazine.com\/mx\/wp-content\/uploads\/sites\/13\/2025\/09\/las-tendencias-que-nos-dio-el-desfile-de-courreges-en-paris-fashion-week-17.jpg\" alt=\"Las tendencias que nos dio el desfile de Courreges en Paris Fashion Week\" width=\"900\" height=\"1200\" srcset=\"https:\/\/graziamagazine.com\/mx\/wp-content\/uploads\/sites\/13\/2025\/09\/las-tendencias-que-nos-dio-el-desfile-de-courreges-en-paris-fashion-week-17.jpg 900w, https:\/\/graziamagazine.com\/mx\/wp-content\/uploads\/sites\/13\/2025\/09\/las-tendencias-que-nos-dio-el-desfile-de-courreges-en-paris-fashion-week-17-338x450.jpg 338w, https:\/\/graziamagazine.com\/mx\/wp-content\/uploads\/sites\/13\/2025\/09\/las-tendencias-que-nos-dio-el-desfile-de-courreges-en-paris-fashion-week-17-768x1024.jpg 768w, https:\/\/graziamagazine.com\/mx\/wp-content\/uploads\/sites\/13\/2025\/09\/las-tendencias-que-nos-dio-el-desfile-de-courreges-en-paris-fashion-week-17-400x533.jpg 400w, https:\/\/graziamagazine.com\/mx\/wp-content\/uploads\/sites\/13\/2025\/09\/las-tendencias-que-nos-dio-el-desfile-de-courreges-en-paris-fashion-week-17-155x207.jpg 155w\" sizes=\"(max-width: 900px) 100vw, 900px\" \/><figcaption id=\"caption-attachment-157628\" class=\"wp-caption-text\">La colecci\u00f3n mostr\u00f3 el ADN de Courr\u00e8ges con siluetas futuristas que se equilibran entre lo din\u00e1mico y lo sofisticado.<\/figcaption><\/figure>\n<figure id=\"attachment_157630\" aria-describedby=\"caption-attachment-157630\" style=\"width: 900px\" class=\"wp-caption alignnone\"><img loading=\"lazy\" decoding=\"async\" class=\"wp-image-157630 size-full\" src=\"https:\/\/graziamagazine.com\/mx\/wp-content\/uploads\/sites\/13\/2025\/09\/las-tendencias-que-nos-dio-el-desfile-de-courreges-en-paris-fashion-week-20.jpg\" alt=\"Las tendencias que nos dio el desfile de Courreges en Paris Fashion Week\" width=\"900\" height=\"1200\" srcset=\"https:\/\/graziamagazine.com\/mx\/wp-content\/uploads\/sites\/13\/2025\/09\/las-tendencias-que-nos-dio-el-desfile-de-courreges-en-paris-fashion-week-20.jpg 900w, https:\/\/graziamagazine.com\/mx\/wp-content\/uploads\/sites\/13\/2025\/09\/las-tendencias-que-nos-dio-el-desfile-de-courreges-en-paris-fashion-week-20-338x450.jpg 338w, https:\/\/graziamagazine.com\/mx\/wp-content\/uploads\/sites\/13\/2025\/09\/las-tendencias-que-nos-dio-el-desfile-de-courreges-en-paris-fashion-week-20-768x1024.jpg 768w, https:\/\/graziamagazine.com\/mx\/wp-content\/uploads\/sites\/13\/2025\/09\/las-tendencias-que-nos-dio-el-desfile-de-courreges-en-paris-fashion-week-20-400x533.jpg 400w, https:\/\/graziamagazine.com\/mx\/wp-content\/uploads\/sites\/13\/2025\/09\/las-tendencias-que-nos-dio-el-desfile-de-courreges-en-paris-fashion-week-20-155x207.jpg 155w\" sizes=\"(max-width: 900px) 100vw, 900px\" \/><figcaption id=\"caption-attachment-157630\" class=\"wp-caption-text\">El desfile se llev\u00f3 a cabo en el Carreau du Temple, un mercado hist\u00f3rico parisino que aport\u00f3 un aire cultural y aut\u00e9ntico a la presentaci\u00f3n.<\/figcaption><\/figure>\n<h2>Courreges SS26 en Paris Fashion Week<\/h2>\n<p>Las siluetas de la primavera\/verano de Di Felice presentan l\u00edneas bien marcadas, geometr\u00eda acoplada al dise\u00f1o mismo y una mezcla de ca\u00eddas r\u00edgidas y fluidas \u2014esto es posible de ver en las faldas l\u00e1piz versus los tops con ligero drapeado\u2014. El top y cuello halter son protagonistas, ya sea que se lleve de forma tradicional o con tela que cubra desde la cabeza hasta la cintura (una nueva forma de ver la cobertura total del rostro). El estilismo central es una propuesta fiel al futurismo de Courreges con toques sensuales e inesperados.<\/p>\n<figure id=\"attachment_157622\" aria-describedby=\"caption-attachment-157622\" style=\"width: 900px\" class=\"wp-caption alignnone\"><img loading=\"lazy\" decoding=\"async\" class=\"wp-image-157622 size-full\" src=\"https:\/\/graziamagazine.com\/mx\/wp-content\/uploads\/sites\/13\/2025\/09\/las-tendencias-que-nos-dio-el-desfile-de-courreges-en-paris-fashion-week-11.jpg\" alt=\"Las tendencias que nos dio el desfile de Courreges en Paris Fashion Week\" width=\"900\" height=\"1200\" srcset=\"https:\/\/graziamagazine.com\/mx\/wp-content\/uploads\/sites\/13\/2025\/09\/las-tendencias-que-nos-dio-el-desfile-de-courreges-en-paris-fashion-week-11.jpg 900w, https:\/\/graziamagazine.com\/mx\/wp-content\/uploads\/sites\/13\/2025\/09\/las-tendencias-que-nos-dio-el-desfile-de-courreges-en-paris-fashion-week-11-338x450.jpg 338w, https:\/\/graziamagazine.com\/mx\/wp-content\/uploads\/sites\/13\/2025\/09\/las-tendencias-que-nos-dio-el-desfile-de-courreges-en-paris-fashion-week-11-768x1024.jpg 768w, https:\/\/graziamagazine.com\/mx\/wp-content\/uploads\/sites\/13\/2025\/09\/las-tendencias-que-nos-dio-el-desfile-de-courreges-en-paris-fashion-week-11-400x533.jpg 400w, https:\/\/graziamagazine.com\/mx\/wp-content\/uploads\/sites\/13\/2025\/09\/las-tendencias-que-nos-dio-el-desfile-de-courreges-en-paris-fashion-week-11-155x207.jpg 155w\" sizes=\"(max-width: 900px) 100vw, 900px\" \/><figcaption id=\"caption-attachment-157622\" class=\"wp-caption-text\">Courr\u00e8ges SS26<\/figcaption><\/figure>\n<figure id=\"attachment_157616\" aria-describedby=\"caption-attachment-157616\" style=\"width: 900px\" class=\"wp-caption alignnone\"><img loading=\"lazy\" decoding=\"async\" class=\"wp-image-157616 size-full\" src=\"https:\/\/graziamagazine.com\/mx\/wp-content\/uploads\/sites\/13\/2025\/09\/las-tendencias-que-nos-dio-el-desfile-de-courreges-en-paris-fashion-week-5.jpg\" alt=\"Las tendencias que nos dio el desfile de Courreges en Paris Fashion Week\" width=\"900\" height=\"1200\" srcset=\"https:\/\/graziamagazine.com\/mx\/wp-content\/uploads\/sites\/13\/2025\/09\/las-tendencias-que-nos-dio-el-desfile-de-courreges-en-paris-fashion-week-5.jpg 900w, https:\/\/graziamagazine.com\/mx\/wp-content\/uploads\/sites\/13\/2025\/09\/las-tendencias-que-nos-dio-el-desfile-de-courreges-en-paris-fashion-week-5-338x450.jpg 338w, https:\/\/graziamagazine.com\/mx\/wp-content\/uploads\/sites\/13\/2025\/09\/las-tendencias-que-nos-dio-el-desfile-de-courreges-en-paris-fashion-week-5-768x1024.jpg 768w, https:\/\/graziamagazine.com\/mx\/wp-content\/uploads\/sites\/13\/2025\/09\/las-tendencias-que-nos-dio-el-desfile-de-courreges-en-paris-fashion-week-5-400x533.jpg 400w, https:\/\/graziamagazine.com\/mx\/wp-content\/uploads\/sites\/13\/2025\/09\/las-tendencias-que-nos-dio-el-desfile-de-courreges-en-paris-fashion-week-5-155x207.jpg 155w\" sizes=\"(max-width: 900px) 100vw, 900px\" \/><figcaption id=\"caption-attachment-157616\" class=\"wp-caption-text\">Courr\u00e8ges SS26<\/figcaption><\/figure>\n<figure id=\"attachment_157617\" aria-describedby=\"caption-attachment-157617\" style=\"width: 900px\" class=\"wp-caption alignnone\"><img loading=\"lazy\" decoding=\"async\" class=\"wp-image-157617 size-full\" src=\"https:\/\/graziamagazine.com\/mx\/wp-content\/uploads\/sites\/13\/2025\/09\/las-tendencias-que-nos-dio-el-desfile-de-courreges-en-paris-fashion-week-6.jpg\" alt=\"Las tendencias que nos dio el desfile de Courreges en Paris Fashion Week\" width=\"900\" height=\"1200\" srcset=\"https:\/\/graziamagazine.com\/mx\/wp-content\/uploads\/sites\/13\/2025\/09\/las-tendencias-que-nos-dio-el-desfile-de-courreges-en-paris-fashion-week-6.jpg 900w, https:\/\/graziamagazine.com\/mx\/wp-content\/uploads\/sites\/13\/2025\/09\/las-tendencias-que-nos-dio-el-desfile-de-courreges-en-paris-fashion-week-6-338x450.jpg 338w, https:\/\/graziamagazine.com\/mx\/wp-content\/uploads\/sites\/13\/2025\/09\/las-tendencias-que-nos-dio-el-desfile-de-courreges-en-paris-fashion-week-6-768x1024.jpg 768w, https:\/\/graziamagazine.com\/mx\/wp-content\/uploads\/sites\/13\/2025\/09\/las-tendencias-que-nos-dio-el-desfile-de-courreges-en-paris-fashion-week-6-400x533.jpg 400w, https:\/\/graziamagazine.com\/mx\/wp-content\/uploads\/sites\/13\/2025\/09\/las-tendencias-que-nos-dio-el-desfile-de-courreges-en-paris-fashion-week-6-155x207.jpg 155w\" sizes=\"(max-width: 900px) 100vw, 900px\" \/><figcaption id=\"caption-attachment-157617\" class=\"wp-caption-text\">Courr\u00e8ges SS26<\/figcaption><\/figure>\n<p>Adem\u00e1s de faldas y tops, hay chalecos tipo militar que juegan a contraste con la silueta femenina, misma que se recobra con el uso de tops triangulares tipo bikini para combinarse con faldas largas de cut-outs completos sobre los muslos. Y hablando de recortes, este detalle fue un <em>must:\u00a0<\/em>visto en los laterales de un vestido, en las mangas de una chaqueta de cuero o en el largo de una falda midi, la innovaci\u00f3n con los cut-outs de Courreges funciona muy bien a\u00fan en los d\u00edas de verano.<\/p>\n<figure id=\"attachment_157614\" aria-describedby=\"caption-attachment-157614\" style=\"width: 900px\" class=\"wp-caption alignnone\"><img loading=\"lazy\" decoding=\"async\" class=\"wp-image-157614 size-full\" src=\"https:\/\/graziamagazine.com\/mx\/wp-content\/uploads\/sites\/13\/2025\/09\/las-tendencias-que-nos-dio-el-desfile-de-courreges-en-paris-fashion-week-3.jpg\" alt=\"Las tendencias que nos dio el desfile de Courreges en Paris Fashion Week\" width=\"900\" height=\"1200\" srcset=\"https:\/\/graziamagazine.com\/mx\/wp-content\/uploads\/sites\/13\/2025\/09\/las-tendencias-que-nos-dio-el-desfile-de-courreges-en-paris-fashion-week-3.jpg 900w, https:\/\/graziamagazine.com\/mx\/wp-content\/uploads\/sites\/13\/2025\/09\/las-tendencias-que-nos-dio-el-desfile-de-courreges-en-paris-fashion-week-3-338x450.jpg 338w, https:\/\/graziamagazine.com\/mx\/wp-content\/uploads\/sites\/13\/2025\/09\/las-tendencias-que-nos-dio-el-desfile-de-courreges-en-paris-fashion-week-3-768x1024.jpg 768w, https:\/\/graziamagazine.com\/mx\/wp-content\/uploads\/sites\/13\/2025\/09\/las-tendencias-que-nos-dio-el-desfile-de-courreges-en-paris-fashion-week-3-400x533.jpg 400w, https:\/\/graziamagazine.com\/mx\/wp-content\/uploads\/sites\/13\/2025\/09\/las-tendencias-que-nos-dio-el-desfile-de-courreges-en-paris-fashion-week-3-155x207.jpg 155w\" sizes=\"(max-width: 900px) 100vw, 900px\" \/><figcaption id=\"caption-attachment-157614\" class=\"wp-caption-text\">Courr\u00e8ges SS26<\/figcaption><\/figure>\n<figure id=\"attachment_157613\" aria-describedby=\"caption-attachment-157613\" style=\"width: 900px\" class=\"wp-caption alignnone\"><img loading=\"lazy\" decoding=\"async\" class=\"wp-image-157613 size-full\" src=\"https:\/\/graziamagazine.com\/mx\/wp-content\/uploads\/sites\/13\/2025\/09\/las-tendencias-que-nos-dio-el-desfile-de-courreges-en-paris-fashion-week-2.jpg\" alt=\"Las tendencias que nos dio el desfile de Courreges en Paris Fashion Week\" width=\"900\" height=\"1200\" srcset=\"https:\/\/graziamagazine.com\/mx\/wp-content\/uploads\/sites\/13\/2025\/09\/las-tendencias-que-nos-dio-el-desfile-de-courreges-en-paris-fashion-week-2.jpg 900w, https:\/\/graziamagazine.com\/mx\/wp-content\/uploads\/sites\/13\/2025\/09\/las-tendencias-que-nos-dio-el-desfile-de-courreges-en-paris-fashion-week-2-338x450.jpg 338w, https:\/\/graziamagazine.com\/mx\/wp-content\/uploads\/sites\/13\/2025\/09\/las-tendencias-que-nos-dio-el-desfile-de-courreges-en-paris-fashion-week-2-768x1024.jpg 768w, https:\/\/graziamagazine.com\/mx\/wp-content\/uploads\/sites\/13\/2025\/09\/las-tendencias-que-nos-dio-el-desfile-de-courreges-en-paris-fashion-week-2-400x533.jpg 400w, https:\/\/graziamagazine.com\/mx\/wp-content\/uploads\/sites\/13\/2025\/09\/las-tendencias-que-nos-dio-el-desfile-de-courreges-en-paris-fashion-week-2-155x207.jpg 155w\" sizes=\"(max-width: 900px) 100vw, 900px\" \/><figcaption id=\"caption-attachment-157613\" class=\"wp-caption-text\">Courr\u00e8ges SS26<\/figcaption><\/figure>\n<figure id=\"attachment_157615\" aria-describedby=\"caption-attachment-157615\" style=\"width: 900px\" class=\"wp-caption alignnone\"><img loading=\"lazy\" decoding=\"async\" class=\"wp-image-157615 size-full\" src=\"https:\/\/graziamagazine.com\/mx\/wp-content\/uploads\/sites\/13\/2025\/09\/las-tendencias-que-nos-dio-el-desfile-de-courreges-en-paris-fashion-week-4.jpg\" alt=\"Las tendencias que nos dio el desfile de Courreges en Paris Fashion Week\" width=\"900\" height=\"1200\" srcset=\"https:\/\/graziamagazine.com\/mx\/wp-content\/uploads\/sites\/13\/2025\/09\/las-tendencias-que-nos-dio-el-desfile-de-courreges-en-paris-fashion-week-4.jpg 900w, https:\/\/graziamagazine.com\/mx\/wp-content\/uploads\/sites\/13\/2025\/09\/las-tendencias-que-nos-dio-el-desfile-de-courreges-en-paris-fashion-week-4-338x450.jpg 338w, https:\/\/graziamagazine.com\/mx\/wp-content\/uploads\/sites\/13\/2025\/09\/las-tendencias-que-nos-dio-el-desfile-de-courreges-en-paris-fashion-week-4-768x1024.jpg 768w, https:\/\/graziamagazine.com\/mx\/wp-content\/uploads\/sites\/13\/2025\/09\/las-tendencias-que-nos-dio-el-desfile-de-courreges-en-paris-fashion-week-4-400x533.jpg 400w, https:\/\/graziamagazine.com\/mx\/wp-content\/uploads\/sites\/13\/2025\/09\/las-tendencias-que-nos-dio-el-desfile-de-courreges-en-paris-fashion-week-4-155x207.jpg 155w\" sizes=\"(max-width: 900px) 100vw, 900px\" \/><figcaption id=\"caption-attachment-157615\" class=\"wp-caption-text\">Courr\u00e8ges SS26<\/figcaption><\/figure>\n<p>El color base para pr\u00e1cticamente toda la colecci\u00f3n fue negro, y de ah\u00ed parten con tonos a juego con la primavera: durazno, aquamarina, camello y tonos crudo suavizan el\u00a0<em>total black mood<\/em> o el azul marino (segundo tono m\u00e1s usado). Estos colores, adem\u00e1s de estar presentes en las prendas, los vemos en accesorios (como calzado y calcetines) o en las botas que tienen un aire de los sesenta.<\/p>\n<figure id=\"attachment_157623\" aria-describedby=\"caption-attachment-157623\" style=\"width: 900px\" class=\"wp-caption alignnone\"><img loading=\"lazy\" decoding=\"async\" class=\"wp-image-157623 size-full\" src=\"https:\/\/graziamagazine.com\/mx\/wp-content\/uploads\/sites\/13\/2025\/09\/las-tendencias-que-nos-dio-el-desfile-de-courreges-en-paris-fashion-week-12.jpg\" alt=\"Las tendencias que nos dio el desfile de Courreges en Paris Fashion Week\" width=\"900\" height=\"1200\" srcset=\"https:\/\/graziamagazine.com\/mx\/wp-content\/uploads\/sites\/13\/2025\/09\/las-tendencias-que-nos-dio-el-desfile-de-courreges-en-paris-fashion-week-12.jpg 900w, https:\/\/graziamagazine.com\/mx\/wp-content\/uploads\/sites\/13\/2025\/09\/las-tendencias-que-nos-dio-el-desfile-de-courreges-en-paris-fashion-week-12-338x450.jpg 338w, https:\/\/graziamagazine.com\/mx\/wp-content\/uploads\/sites\/13\/2025\/09\/las-tendencias-que-nos-dio-el-desfile-de-courreges-en-paris-fashion-week-12-768x1024.jpg 768w, https:\/\/graziamagazine.com\/mx\/wp-content\/uploads\/sites\/13\/2025\/09\/las-tendencias-que-nos-dio-el-desfile-de-courreges-en-paris-fashion-week-12-400x533.jpg 400w, https:\/\/graziamagazine.com\/mx\/wp-content\/uploads\/sites\/13\/2025\/09\/las-tendencias-que-nos-dio-el-desfile-de-courreges-en-paris-fashion-week-12-155x207.jpg 155w\" sizes=\"(max-width: 900px) 100vw, 900px\" \/><figcaption id=\"caption-attachment-157623\" class=\"wp-caption-text\">La paleta se bas\u00f3 en el negro y el azul marino, suavizados con tonos primaverales como durazno, aquamarina, camello y crudo.<\/figcaption><\/figure>\n<figure id=\"attachment_157621\" aria-describedby=\"caption-attachment-157621\" style=\"width: 900px\" class=\"wp-caption alignnone\"><img loading=\"lazy\" decoding=\"async\" class=\"wp-image-157621 size-full\" src=\"https:\/\/graziamagazine.com\/mx\/wp-content\/uploads\/sites\/13\/2025\/09\/las-tendencias-que-nos-dio-el-desfile-de-courreges-en-paris-fashion-week-10.jpg\" alt=\"Las tendencias que nos dio el desfile de Courreges en Paris Fashion Week\" width=\"900\" height=\"1200\" srcset=\"https:\/\/graziamagazine.com\/mx\/wp-content\/uploads\/sites\/13\/2025\/09\/las-tendencias-que-nos-dio-el-desfile-de-courreges-en-paris-fashion-week-10.jpg 900w, https:\/\/graziamagazine.com\/mx\/wp-content\/uploads\/sites\/13\/2025\/09\/las-tendencias-que-nos-dio-el-desfile-de-courreges-en-paris-fashion-week-10-338x450.jpg 338w, https:\/\/graziamagazine.com\/mx\/wp-content\/uploads\/sites\/13\/2025\/09\/las-tendencias-que-nos-dio-el-desfile-de-courreges-en-paris-fashion-week-10-768x1024.jpg 768w, https:\/\/graziamagazine.com\/mx\/wp-content\/uploads\/sites\/13\/2025\/09\/las-tendencias-que-nos-dio-el-desfile-de-courreges-en-paris-fashion-week-10-400x533.jpg 400w, https:\/\/graziamagazine.com\/mx\/wp-content\/uploads\/sites\/13\/2025\/09\/las-tendencias-que-nos-dio-el-desfile-de-courreges-en-paris-fashion-week-10-155x207.jpg 155w\" sizes=\"(max-width: 900px) 100vw, 900px\" \/><figcaption id=\"caption-attachment-157621\" class=\"wp-caption-text\">Los cut-outs funcionaron como recurso central, aplicados de forma innovadora en vestidos, chaquetas de cuero y faldas midi.<\/figcaption><\/figure>\n<figure id=\"attachment_157625\" aria-describedby=\"caption-attachment-157625\" style=\"width: 900px\" class=\"wp-caption alignnone\"><img loading=\"lazy\" decoding=\"async\" class=\"wp-image-157625 size-full\" src=\"https:\/\/graziamagazine.com\/mx\/wp-content\/uploads\/sites\/13\/2025\/09\/las-tendencias-que-nos-dio-el-desfile-de-courreges-en-paris-fashion-week-14.jpg\" alt=\"Las tendencias que nos dio el desfile de Courreges en Paris Fashion Week\" width=\"900\" height=\"1200\" srcset=\"https:\/\/graziamagazine.com\/mx\/wp-content\/uploads\/sites\/13\/2025\/09\/las-tendencias-que-nos-dio-el-desfile-de-courreges-en-paris-fashion-week-14.jpg 900w, https:\/\/graziamagazine.com\/mx\/wp-content\/uploads\/sites\/13\/2025\/09\/las-tendencias-que-nos-dio-el-desfile-de-courreges-en-paris-fashion-week-14-338x450.jpg 338w, https:\/\/graziamagazine.com\/mx\/wp-content\/uploads\/sites\/13\/2025\/09\/las-tendencias-que-nos-dio-el-desfile-de-courreges-en-paris-fashion-week-14-768x1024.jpg 768w, https:\/\/graziamagazine.com\/mx\/wp-content\/uploads\/sites\/13\/2025\/09\/las-tendencias-que-nos-dio-el-desfile-de-courreges-en-paris-fashion-week-14-400x533.jpg 400w, https:\/\/graziamagazine.com\/mx\/wp-content\/uploads\/sites\/13\/2025\/09\/las-tendencias-que-nos-dio-el-desfile-de-courreges-en-paris-fashion-week-14-155x207.jpg 155w\" sizes=\"(max-width: 900px) 100vw, 900px\" \/><figcaption id=\"caption-attachment-157625\" class=\"wp-caption-text\">Courr\u00e8ges SS26<\/figcaption><\/figure>\n<p>La pasarela trasgresora de Di Felipe gener\u00f3 conversaci\u00f3n, y tambi\u00e9n un deseo por retomar las siluetas simples que resultan m\u00e1s favorecedoras para cualquier contexto de la pr\u00f3xima temporada.<\/p>\n<figure id=\"attachment_157626\" aria-describedby=\"caption-attachment-157626\" style=\"width: 900px\" class=\"wp-caption alignnone\"><img loading=\"lazy\" decoding=\"async\" class=\"wp-image-157626 size-full\" src=\"https:\/\/graziamagazine.com\/mx\/wp-content\/uploads\/sites\/13\/2025\/09\/las-tendencias-que-nos-dio-el-desfile-de-courreges-en-paris-fashion-week-15.jpg\" alt=\"Las tendencias que nos dio el desfile de Courreges en Paris Fashion Week\" width=\"900\" height=\"1200\" srcset=\"https:\/\/graziamagazine.com\/mx\/wp-content\/uploads\/sites\/13\/2025\/09\/las-tendencias-que-nos-dio-el-desfile-de-courreges-en-paris-fashion-week-15.jpg 900w, https:\/\/graziamagazine.com\/mx\/wp-content\/uploads\/sites\/13\/2025\/09\/las-tendencias-que-nos-dio-el-desfile-de-courreges-en-paris-fashion-week-15-338x450.jpg 338w, https:\/\/graziamagazine.com\/mx\/wp-content\/uploads\/sites\/13\/2025\/09\/las-tendencias-que-nos-dio-el-desfile-de-courreges-en-paris-fashion-week-15-768x1024.jpg 768w, https:\/\/graziamagazine.com\/mx\/wp-content\/uploads\/sites\/13\/2025\/09\/las-tendencias-que-nos-dio-el-desfile-de-courreges-en-paris-fashion-week-15-400x533.jpg 400w, https:\/\/graziamagazine.com\/mx\/wp-content\/uploads\/sites\/13\/2025\/09\/las-tendencias-que-nos-dio-el-desfile-de-courreges-en-paris-fashion-week-15-155x207.jpg 155w\" sizes=\"(max-width: 900px) 100vw, 900px\" \/><figcaption id=\"caption-attachment-157626\" class=\"wp-caption-text\">Se destac\u00f3 el contraste entre estructuras r\u00edgidas \u2014como las faldas l\u00e1piz\u2014 y ca\u00eddas suaves en tops con drapeado, aportando movimiento.<\/figcaption><\/figure>\n","protected":false},"author":42761,"featured_media":157631,"template":"","format":"standard","categories":[4],"acf":[],"yoast_head":"<!-- This site is optimized with the Yoast SEO Premium plugin v18.5 (Yoast SEO v20.4) - https:\/\/yoast.com\/wordpress\/plugins\/seo\/ -->\n<title>Las tendencias que nos dio el desfile de Courr\u00e8ges SS26 en Paris Fashion Week | Grazia M\u00e9xico y Latinoam\u00e9rica<\/title>\n<meta name=\"description\" content=\"Dentro del Carreau du Temple \u2014un hist\u00f3rico mercado parisino\u2014, Nicolas Di Felice present\u00f3 la colecci\u00f3n Spring\/Summer 26 en el marco de la Semana de la Moda\" \/>\n<meta name=\"robots\" content=\"index, follow, max-snippet:-1, max-image-preview:large, max-video-preview:-1\" \/>\n<link rel=\"canonical\" href=\"https:\/\/graziamagazine.com\/mx\/articles\/las-tendencias-que-nos-dio-el-desfile-de-courreges-ss26-en-paris-fashion-week\/\" \/>\n<meta property=\"og:locale\" content=\"es_MX\" \/>\n<meta property=\"og:type\" content=\"article\" \/>\n<meta property=\"og:title\" content=\"Las tendencias que nos dio el desfile de Courr\u00e8ges SS26 en Paris Fashion Week\" \/>\n<meta property=\"og:description\" content=\"Dentro del Carreau du Temple \u2014un hist\u00f3rico mercado parisino\u2014, Nicolas Di Felice present\u00f3 la colecci\u00f3n Spring\/Summer 26 en el marco de la Semana de la Moda\" \/>\n<meta property=\"og:url\" content=\"https:\/\/graziamagazine.com\/mx\/articles\/las-tendencias-que-nos-dio-el-desfile-de-courreges-ss26-en-paris-fashion-week\/\" \/>\n<meta property=\"og:site_name\" content=\"Grazia M\u00e9xico y Latinoam\u00e9rica\" \/>\n<meta property=\"article:modified_time\" content=\"2025-09-30T18:24:04+00:00\" \/>\n<meta property=\"og:image\" content=\"https:\/\/graziamagazine.com\/mx\/wp-content\/uploads\/sites\/13\/2025\/09\/las-tendencias-que-nos-dio-el-desfile-de-courreges-en-paris-fashion-week-21.jpg\" \/>\n\t<meta property=\"og:image:width\" content=\"1280\" \/>\n\t<meta property=\"og:image:height\" content=\"720\" \/>\n\t<meta property=\"og:image:type\" content=\"image\/jpeg\" \/>\n<meta name=\"twitter:card\" content=\"summary_large_image\" \/>\n<meta name=\"twitter:label1\" content=\"Est. reading time\" \/>\n\t<meta name=\"twitter:data1\" content=\"6 minutos\" \/>\n<script type=\"application\/ld+json\" class=\"yoast-schema-graph\">{\"@context\":\"https:\/\/schema.org\",\"@graph\":[{\"@type\":\"WebPage\",\"@id\":\"https:\/\/graziamagazine.com\/mx\/articles\/las-tendencias-que-nos-dio-el-desfile-de-courreges-ss26-en-paris-fashion-week\/\",\"url\":\"https:\/\/graziamagazine.com\/mx\/articles\/las-tendencias-que-nos-dio-el-desfile-de-courreges-ss26-en-paris-fashion-week\/\",\"name\":\"Las tendencias que nos dio el desfile de Courr\u00e8ges SS26 en Paris Fashion Week | Grazia M\u00e9xico y Latinoam\u00e9rica\",\"isPartOf\":{\"@id\":\"https:\/\/graziamagazine.com\/mx\/#website\"},\"datePublished\":\"2025-09-30T15:25:29+00:00\",\"dateModified\":\"2025-09-30T18:24:04+00:00\",\"description\":\"Dentro del Carreau du Temple \u2014un hist\u00f3rico mercado parisino\u2014, Nicolas Di Felice present\u00f3 la colecci\u00f3n Spring\/Summer 26 en el marco de la Semana de la Moda\",\"breadcrumb\":{\"@id\":\"https:\/\/graziamagazine.com\/mx\/articles\/las-tendencias-que-nos-dio-el-desfile-de-courreges-ss26-en-paris-fashion-week\/#breadcrumb\"},\"inLanguage\":\"es-MX\",\"potentialAction\":[{\"@type\":\"ReadAction\",\"target\":[\"https:\/\/graziamagazine.com\/mx\/articles\/las-tendencias-que-nos-dio-el-desfile-de-courreges-ss26-en-paris-fashion-week\/\"]}]},{\"@type\":\"BreadcrumbList\",\"@id\":\"https:\/\/graziamagazine.com\/mx\/articles\/las-tendencias-que-nos-dio-el-desfile-de-courreges-ss26-en-paris-fashion-week\/#breadcrumb\",\"itemListElement\":[{\"@type\":\"ListItem\",\"position\":1,\"name\":\"Home\",\"item\":\"https:\/\/graziamagazine.com\/mx\/\"},{\"@type\":\"ListItem\",\"position\":2,\"name\":\"Las tendencias que nos dio el desfile de Courr\u00e8ges SS26 en Paris Fashion Week\"}]},{\"@type\":\"WebSite\",\"@id\":\"https:\/\/graziamagazine.com\/mx\/#website\",\"url\":\"https:\/\/graziamagazine.com\/mx\/\",\"name\":\"Grazia M\u00e9xico y Latinoam\u00e9rica\",\"description\":\"Grazia es moda, belleza y noticias  de actualidad \",\"potentialAction\":[{\"@type\":\"SearchAction\",\"target\":{\"@type\":\"EntryPoint\",\"urlTemplate\":\"https:\/\/graziamagazine.com\/mx\/?s={search_term_string}\"},\"query-input\":\"required name=search_term_string\"}],\"inLanguage\":\"es-MX\"}]}<\/script>\n<!-- \/ Yoast SEO Premium plugin. -->","yoast_head_json":{"title":"Las tendencias que nos dio el desfile de Courr\u00e8ges SS26 en Paris Fashion Week | Grazia M\u00e9xico y Latinoam\u00e9rica","description":"Dentro del Carreau du Temple \u2014un hist\u00f3rico mercado parisino\u2014, Nicolas Di Felice present\u00f3 la colecci\u00f3n Spring\/Summer 26 en el marco de la Semana de la Moda","robots":{"index":"index","follow":"follow","max-snippet":"max-snippet:-1","max-image-preview":"max-image-preview:large","max-video-preview":"max-video-preview:-1"},"canonical":"https:\/\/graziamagazine.com\/mx\/articles\/las-tendencias-que-nos-dio-el-desfile-de-courreges-ss26-en-paris-fashion-week\/","og_locale":"es_MX","og_type":"article","og_title":"Las tendencias que nos dio el desfile de Courr\u00e8ges SS26 en Paris Fashion Week","og_description":"Dentro del Carreau du Temple \u2014un hist\u00f3rico mercado parisino\u2014, Nicolas Di Felice present\u00f3 la colecci\u00f3n Spring\/Summer 26 en el marco de la Semana de la Moda","og_url":"https:\/\/graziamagazine.com\/mx\/articles\/las-tendencias-que-nos-dio-el-desfile-de-courreges-ss26-en-paris-fashion-week\/","og_site_name":"Grazia M\u00e9xico y Latinoam\u00e9rica","article_modified_time":"2025-09-30T18:24:04+00:00","og_image":[{"width":1280,"height":720,"url":"https:\/\/graziamagazine.com\/mx\/wp-content\/uploads\/sites\/13\/2025\/09\/las-tendencias-que-nos-dio-el-desfile-de-courreges-en-paris-fashion-week-21.jpg","type":"image\/jpeg"}],"twitter_card":"summary_large_image","twitter_misc":{"Est. reading time":"6 minutos"},"schema":{"@context":"https:\/\/schema.org","@graph":[{"@type":"WebPage","@id":"https:\/\/graziamagazine.com\/mx\/articles\/las-tendencias-que-nos-dio-el-desfile-de-courreges-ss26-en-paris-fashion-week\/","url":"https:\/\/graziamagazine.com\/mx\/articles\/las-tendencias-que-nos-dio-el-desfile-de-courreges-ss26-en-paris-fashion-week\/","name":"Las tendencias que nos dio el desfile de Courr\u00e8ges SS26 en Paris Fashion Week | Grazia M\u00e9xico y Latinoam\u00e9rica","isPartOf":{"@id":"https:\/\/graziamagazine.com\/mx\/#website"},"datePublished":"2025-09-30T15:25:29+00:00","dateModified":"2025-09-30T18:24:04+00:00","description":"Dentro del Carreau du Temple \u2014un hist\u00f3rico mercado parisino\u2014, Nicolas Di Felice present\u00f3 la colecci\u00f3n Spring\/Summer 26 en el marco de la Semana de la Moda","breadcrumb":{"@id":"https:\/\/graziamagazine.com\/mx\/articles\/las-tendencias-que-nos-dio-el-desfile-de-courreges-ss26-en-paris-fashion-week\/#breadcrumb"},"inLanguage":"es-MX","potentialAction":[{"@type":"ReadAction","target":["https:\/\/graziamagazine.com\/mx\/articles\/las-tendencias-que-nos-dio-el-desfile-de-courreges-ss26-en-paris-fashion-week\/"]}]},{"@type":"BreadcrumbList","@id":"https:\/\/graziamagazine.com\/mx\/articles\/las-tendencias-que-nos-dio-el-desfile-de-courreges-ss26-en-paris-fashion-week\/#breadcrumb","itemListElement":[{"@type":"ListItem","position":1,"name":"Home","item":"https:\/\/graziamagazine.com\/mx\/"},{"@type":"ListItem","position":2,"name":"Las tendencias que nos dio el desfile de Courr\u00e8ges SS26 en Paris Fashion Week"}]},{"@type":"WebSite","@id":"https:\/\/graziamagazine.com\/mx\/#website","url":"https:\/\/graziamagazine.com\/mx\/","name":"Grazia M\u00e9xico y Latinoam\u00e9rica","description":"Grazia es moda, belleza y noticias  de actualidad ","potentialAction":[{"@type":"SearchAction","target":{"@type":"EntryPoint","urlTemplate":"https:\/\/graziamagazine.com\/mx\/?s={search_term_string}"},"query-input":"required name=search_term_string"}],"inLanguage":"es-MX"}]}},"jetpack_sharing_enabled":true,"distributor_meta":false,"distributor_terms":false,"distributor_media":false,"distributor_original_site_name":"Grazia M\u00e9xico y Latinoam\u00e9rica","distributor_original_site_url":"https:\/\/graziamagazine.com\/mx","push-errors":false,"_links":{"self":[{"href":"https:\/\/graziamagazine.com\/mx\/wp-json\/wp\/v2\/articles\/157597"}],"collection":[{"href":"https:\/\/graziamagazine.com\/mx\/wp-json\/wp\/v2\/articles"}],"about":[{"href":"https:\/\/graziamagazine.com\/mx\/wp-json\/wp\/v2\/types\/articles"}],"author":[{"embeddable":true,"href":"https:\/\/graziamagazine.com\/mx\/wp-json\/wp\/v2\/users\/42761"}],"wp:featuredmedia":[{"embeddable":true,"href":"https:\/\/graziamagazine.com\/mx\/wp-json\/wp\/v2\/media\/157631"}],"wp:attachment":[{"href":"https:\/\/graziamagazine.com\/mx\/wp-json\/wp\/v2\/media?parent=157597"}],"wp:term":[{"taxonomy":"category","embeddable":true,"href":"https:\/\/graziamagazine.com\/mx\/wp-json\/wp\/v2\/categories?post=157597"}],"curies":[{"name":"wp","href":"https:\/\/api.w.org\/{rel}","templated":true}]}}